{"id":121148,"date":"2025-07-20T13:51:50","date_gmt":"2025-07-20T18:51:50","guid":{"rendered":"https:\/\/futbolhoy.co\/?p=121148"},"modified":"2025-07-21T21:25:31","modified_gmt":"2025-07-22T02:25:31","slug":"luis-diaz-incluido-en-gira-de-pretemporada-del-liverpool","status":"publish","type":"post","link":"https:\/\/futbolhoy.co\/index.php\/2025\/07\/20\/luis-diaz-incluido-en-gira-de-pretemporada-del-liverpool\/","title":{"rendered":"Luis D\u00edaz, incluido en gira de pretemporada del Liverpool"},"content":{"rendered":"<p style=\"text-align: justify;\"><span style=\"font-family: helvetica, arial, sans-serif;\"><b>Luis D\u00edaz no hizo parte del segundo amistoso del Liverpool, <\/b>en el que se impusieron 5-0 ante Stoke City. El colombiano seguir\u00eda con la intenci\u00f3n de dejar el club y sus ausencias siembran m\u00e1s dudas.<\/span><\/p>\n<p style=\"text-align: justify;\"><span style=\"font-family: helvetica, arial, sans-serif;\">Sin embargo, <b>Lucho s\u00ed fue incluido en la lista de viajeros del plantel a la gira asi\u00e1tica.<\/b> Primero se medir\u00e1n ante Milan en Hong Kong el s\u00e1bado 26 de julio; luego contra Yokohama Marinos en Jap\u00f3n el mi\u00e9rcoles 30 de julio.<\/span><\/p>\n<p style=\"text-align: justify;\"><span style=\"font-family: helvetica, arial, sans-serif;\">De momento, el futuro del colombiano es incierto. <b>Prensa en Europa asegura que el Bayern M\u00fanich <\/b>ya habr\u00eda llegado a un acuerdo con el jugador en cuanto al salario, y se prepara para presentar una oferta alrededor de los 80 millones de euros.<\/span><\/p>\n<p style=\"text-align: justify;\"><span style=\"font-family: helvetica, arial, sans-serif;\">Liverpool, por su parte, <b>est\u00e1 muy cerca de cerrar a Hugo Ekitike<\/b>, mientras que se especula con que, en caso de salir D\u00edaz, ir\u00e1n en b\u00fasqueda de Rodrygo Goes, del Real Madrid.<\/span><\/p>\n","protected":false},"excerpt":{"rendered":"<p>Luis D\u00edaz no hizo parte del segundo amistoso del Liverpool, en el que se impusieron 5-0 ante Stoke City. El colombiano seguir\u00eda con la intenci\u00f3n de dejar el club y sus ausencias siembran m\u00e1s dudas. Sin embargo, Lucho s\u00ed fue incluido en la lista de viajeros del plantel a la gira asi\u00e1tica. Primero se medir\u00e1n [&hellip;]<\/p>\n","protected":false},"author":4,"featured_media":121149,"comment_status":"open","ping_status":"closed","sticky":false,"template":"","format":"standard","meta":{"_acf_changed":false,"footnotes":""},"categories":[418],"tags":[],"class_list":{"0":"post-121148","1":"post","2":"type-post","3":"status-publish","4":"format-standard","5":"has-post-thumbnail","7":"category-colombia"},"acf":[],"_links":{"self":[{"href":"https:\/\/futbolhoy.co\/index.php\/wp-json\/wp\/v2\/posts\/121148","targetHints":{"allow":["GET"]}}],"collection":[{"href":"https:\/\/futbolhoy.co\/index.php\/wp-json\/wp\/v2\/posts"}],"about":[{"href":"https:\/\/futbolhoy.co\/index.php\/wp-json\/wp\/v2\/types\/post"}],"author":[{"embeddable":true,"href":"https:\/\/futbolhoy.co\/index.php\/wp-json\/wp\/v2\/users\/4"}],"replies":[{"embeddable":true,"href":"https:\/\/futbolhoy.co\/index.php\/wp-json\/wp\/v2\/comments?post=121148"}],"version-history":[{"count":1,"href":"https:\/\/futbolhoy.co\/index.php\/wp-json\/wp\/v2\/posts\/121148\/revisions"}],"predecessor-version":[{"id":121150,"href":"https:\/\/futbolhoy.co\/index.php\/wp-json\/wp\/v2\/posts\/121148\/revisions\/121150"}],"wp:featuredmedia":[{"embeddable":true,"href":"https:\/\/futbolhoy.co\/index.php\/wp-json\/wp\/v2\/media\/121149"}],"wp:attachment":[{"href":"https:\/\/futbolhoy.co\/index.php\/wp-json\/wp\/v2\/media?parent=121148"}],"wp:term":[{"taxonomy":"category","embeddable":true,"href":"https:\/\/futbolhoy.co\/index.php\/wp-json\/wp\/v2\/categories?post=121148"},{"taxonomy":"post_tag","embeddable":true,"href":"https:\/\/futbolhoy.co\/index.php\/wp-json\/wp\/v2\/tags?post=121148"}],"curies":[{"name":"wp","href":"https:\/\/api.w.org\/{rel}","templated":true}]}}