{"id":121157,"date":"2025-07-20T19:00:13","date_gmt":"2025-07-21T00:00:13","guid":{"rendered":"https:\/\/futbolhoy.co\/?p=121157"},"modified":"2025-07-22T08:23:11","modified_gmt":"2025-07-22T13:23:11","slug":"duvan-y-angulo-goles-en-argentina-y-mexico","status":"publish","type":"post","link":"https:\/\/futbolhoy.co\/index.php\/2025\/07\/20\/duvan-y-angulo-goles-en-argentina-y-mexico\/","title":{"rendered":"Duv\u00e1n y Angulo, goles en Argentina y M\u00e9xico"},"content":{"rendered":"<p style=\"text-align: justify;\"><span style=\"font-family: helvetica, arial, sans-serif;\">Los colombianos <strong>Duv\u00e1n Vergara y \u00c1lvaro Angulo<\/strong> marcaron sus primeros goles en sus nuevos equipos en las ligas de <strong>Argentina y M\u00e9xico.<\/strong><\/span><\/p>\n<p style=\"text-align: justify;\"><span style=\"font-family: helvetica, arial, sans-serif;\">Duv\u00e1n le dio la victoria a <strong>Racing Club 0-1 sobre Belgrano de C\u00f3rdoba<\/strong> en condici\u00f3n de visitante, en su segundo partido con la \u201cAcademia\u201d.<\/span><\/p>\n<p style=\"text-align: justify;\"><span style=\"font-family: helvetica, arial, sans-serif;\">Por su parte, Angulo solo tard\u00f3 seis minutos en convertir su primer gol con <strong>Pumas de la UNAM en la Liga MX,<\/strong> aunque el partido termin\u00f3 en derrota en su campo 2-3 ante el <strong>Pachuca.<\/strong><\/span><\/p>\n<p style=\"text-align: justify;\"><span style=\"font-family: helvetica, arial, sans-serif;\">El t\u00e9cnico del equipo felino <strong>Efra\u00edn Ju\u00e1rez,<\/strong> quien llev\u00f3 a Angulo a territorio mexicano, ya que lo conoc\u00eda desde su etapa en <strong>Atl\u00e9tico Nacional<\/strong>, calific\u00f3 al colombiano como el mejor lateral del continente.<\/span><\/p>\n<blockquote class=\"twitter-tweet\" data-media-max-width=\"560\">\n<p dir=\"ltr\" lang=\"es\">\u26bd\ufe0f\ud83c\udde8\ud83c\uddf4 Duv\u00e1n Vergara marc\u00f3 su primer gol con Racing, en el triunfo parcial 0-1 ante Belgrano.<\/p>\n<p><a href=\"https:\/\/t.co\/VKwW1jHETD\">pic.twitter.com\/VKwW1jHETD<\/a><\/p>\n<p>\u2014 FutbolHoy (@FutbolHoyCol) <a href=\"https:\/\/twitter.com\/FutbolHoyCol\/status\/1947074352605798672?ref_src=twsrc%5Etfw\">July 20, 2025<\/a><\/p><\/blockquote>\n<p><script async src=\"https:\/\/platform.twitter.com\/widgets.js\" charset=\"utf-8\"><\/script><\/p>\n<blockquote class=\"twitter-tweet\" data-media-max-width=\"560\">\n<p dir=\"ltr\" lang=\"es\">\u26bd\ufe0f\ud83c\udde8\ud83c\uddf4 Duv\u00e1n Vergara marc\u00f3 su primer gol con Racing, en el triunfo parcial 0-1 ante Belgrano.<\/p>\n<p><a href=\"https:\/\/t.co\/VKwW1jHETD\">pic.twitter.com\/VKwW1jHETD<\/a><\/p>\n<p>\u2014 FutbolHoy (@FutbolHoyCol) <a href=\"https:\/\/twitter.com\/FutbolHoyCol\/status\/1947074352605798672?ref_src=twsrc%5Etfw\">July 20, 2025<\/a><\/p><\/blockquote>\n<p><script async src=\"https:\/\/platform.twitter.com\/widgets.js\" charset=\"utf-8\"><\/script><\/p>\n","protected":false},"excerpt":{"rendered":"<p>Los colombianos Duv\u00e1n Vergara y \u00c1lvaro Angulo marcaron sus primeros goles en sus nuevos equipos en las ligas de Argentina y M\u00e9xico. Duv\u00e1n le dio la victoria a Racing Club 0-1 sobre Belgrano de C\u00f3rdoba en condici\u00f3n de visitante, en su segundo partido con la \u201cAcademia\u201d. Por su parte, Angulo solo tard\u00f3 seis minutos en [&hellip;]<\/p>\n","protected":false},"author":4,"featured_media":121158,"comment_status":"open","ping_status":"closed","sticky":false,"template":"","format":"standard","meta":{"_acf_changed":false,"footnotes":""},"categories":[418],"tags":[],"class_list":{"0":"post-121157","1":"post","2":"type-post","3":"status-publish","4":"format-standard","5":"has-post-thumbnail","7":"category-colombia"},"acf":[],"_links":{"self":[{"href":"https:\/\/futbolhoy.co\/index.php\/wp-json\/wp\/v2\/posts\/121157","targetHints":{"allow":["GET"]}}],"collection":[{"href":"https:\/\/futbolhoy.co\/index.php\/wp-json\/wp\/v2\/posts"}],"about":[{"href":"https:\/\/futbolhoy.co\/index.php\/wp-json\/wp\/v2\/types\/post"}],"author":[{"embeddable":true,"href":"https:\/\/futbolhoy.co\/index.php\/wp-json\/wp\/v2\/users\/4"}],"replies":[{"embeddable":true,"href":"https:\/\/futbolhoy.co\/index.php\/wp-json\/wp\/v2\/comments?post=121157"}],"version-history":[{"count":4,"href":"https:\/\/futbolhoy.co\/index.php\/wp-json\/wp\/v2\/posts\/121157\/revisions"}],"predecessor-version":[{"id":121209,"href":"https:\/\/futbolhoy.co\/index.php\/wp-json\/wp\/v2\/posts\/121157\/revisions\/121209"}],"wp:featuredmedia":[{"embeddable":true,"href":"https:\/\/futbolhoy.co\/index.php\/wp-json\/wp\/v2\/media\/121158"}],"wp:attachment":[{"href":"https:\/\/futbolhoy.co\/index.php\/wp-json\/wp\/v2\/media?parent=121157"}],"wp:term":[{"taxonomy":"category","embeddable":true,"href":"https:\/\/futbolhoy.co\/index.php\/wp-json\/wp\/v2\/categories?post=121157"},{"taxonomy":"post_tag","embeddable":true,"href":"https:\/\/futbolhoy.co\/index.php\/wp-json\/wp\/v2\/tags?post=121157"}],"curies":[{"name":"wp","href":"https:\/\/api.w.org\/{rel}","templated":true}]}}