{"id":121393,"date":"2025-07-28T11:48:10","date_gmt":"2025-07-28T16:48:10","guid":{"rendered":"https:\/\/futbolhoy.co\/?p=121393"},"modified":"2025-07-28T22:16:15","modified_gmt":"2025-07-29T03:16:15","slug":"juan-david-cabal-regresa-a-trabajos-en-juventus","status":"publish","type":"post","link":"https:\/\/futbolhoy.co\/index.php\/2025\/07\/28\/juan-david-cabal-regresa-a-trabajos-en-juventus\/","title":{"rendered":"Juan David Cabal regresa a trabajos en Juventus"},"content":{"rendered":"<p style=\"text-align: justify;\"><span style=\"font-family: helvetica, arial, sans-serif;\">Luego de 8 meses de la dura lesi\u00f3n de ligamento cruzado, en medio de un entrenamiento con la <strong>Selecci\u00f3n Colombia, Juan David Cabal<\/strong> ha regresado a entrenamientos de campo.<\/span><\/p>\n<p style=\"text-align: justify;\"><span style=\"font-family: helvetica, arial, sans-serif;\">\u201cBuenas noticias desde la enfermer\u00eda de la <strong>Juventus. Bremer<\/strong> ha sido entregado al cuerpo t\u00e9cnico, que supervisar\u00e1 su plena integraci\u00f3n en la plantilla, <strong>y Cabal ha vuelto al campo<\/strong>, aunque parcialmente. En resumen, los dos jugadores que m\u00e1s tiempo han estado fuera van por buen camino para volver y ambos aspiran a que comience la temporada\u201d, inform\u00f3<em><strong> La Gazzetta dello Sport.<\/strong><\/em><\/span><\/p>\n<p style=\"text-align: justify;\"><span style=\"font-family: helvetica, arial, sans-serif;\">No obstante, se descarta que Cabal est\u00e9 al 100% para el estreno de Juventus en las competencias oficiales<strong>. El debut ser\u00e1 contra Parma el domingo 24 de agosto.<\/strong><\/span><\/p>\n<p style=\"text-align: justify;\"><span style=\"font-family: helvetica, arial, sans-serif;\">As\u00ed las cosas, se prev\u00e9 que Cabal, de 24 a\u00f1os<strong>, est\u00e9 disponible con Juventus luego de la fecha FIFA de septiembre,<\/strong> cuando el s\u00e1bado 13 de septiembre se midan ante <strong>Inter.<\/strong><\/span><\/p>\n","protected":false},"excerpt":{"rendered":"<p>Luego de 8 meses de la dura lesi\u00f3n de ligamento cruzado, en medio de un entrenamiento con la Selecci\u00f3n Colombia, Juan David Cabal ha regresado a entrenamientos de campo. \u201cBuenas noticias desde la enfermer\u00eda de la Juventus. Bremer ha sido entregado al cuerpo t\u00e9cnico, que supervisar\u00e1 su plena integraci\u00f3n en la plantilla, y Cabal ha [&hellip;]<\/p>\n","protected":false},"author":4,"featured_media":121394,"comment_status":"open","ping_status":"closed","sticky":false,"template":"","format":"standard","meta":{"_acf_changed":false,"footnotes":""},"categories":[418],"tags":[],"class_list":{"0":"post-121393","1":"post","2":"type-post","3":"status-publish","4":"format-standard","5":"has-post-thumbnail","7":"category-colombia"},"acf":[],"_links":{"self":[{"href":"https:\/\/futbolhoy.co\/index.php\/wp-json\/wp\/v2\/posts\/121393","targetHints":{"allow":["GET"]}}],"collection":[{"href":"https:\/\/futbolhoy.co\/index.php\/wp-json\/wp\/v2\/posts"}],"about":[{"href":"https:\/\/futbolhoy.co\/index.php\/wp-json\/wp\/v2\/types\/post"}],"author":[{"embeddable":true,"href":"https:\/\/futbolhoy.co\/index.php\/wp-json\/wp\/v2\/users\/4"}],"replies":[{"embeddable":true,"href":"https:\/\/futbolhoy.co\/index.php\/wp-json\/wp\/v2\/comments?post=121393"}],"version-history":[{"count":1,"href":"https:\/\/futbolhoy.co\/index.php\/wp-json\/wp\/v2\/posts\/121393\/revisions"}],"predecessor-version":[{"id":121395,"href":"https:\/\/futbolhoy.co\/index.php\/wp-json\/wp\/v2\/posts\/121393\/revisions\/121395"}],"wp:featuredmedia":[{"embeddable":true,"href":"https:\/\/futbolhoy.co\/index.php\/wp-json\/wp\/v2\/media\/121394"}],"wp:attachment":[{"href":"https:\/\/futbolhoy.co\/index.php\/wp-json\/wp\/v2\/media?parent=121393"}],"wp:term":[{"taxonomy":"category","embeddable":true,"href":"https:\/\/futbolhoy.co\/index.php\/wp-json\/wp\/v2\/categories?post=121393"},{"taxonomy":"post_tag","embeddable":true,"href":"https:\/\/futbolhoy.co\/index.php\/wp-json\/wp\/v2\/tags?post=121393"}],"curies":[{"name":"wp","href":"https:\/\/api.w.org\/{rel}","templated":true}]}}