{"id":121575,"date":"2025-08-03T10:07:19","date_gmt":"2025-08-03T15:07:19","guid":{"rendered":"https:\/\/futbolhoy.co\/?p=121575"},"modified":"2025-08-04T08:33:36","modified_gmt":"2025-08-04T13:33:36","slug":"harry-kane-sobre-luis-diaz-lo-necesitaremos-esta-temporada","status":"publish","type":"post","link":"https:\/\/futbolhoy.co\/index.php\/2025\/08\/03\/harry-kane-sobre-luis-diaz-lo-necesitaremos-esta-temporada\/","title":{"rendered":"Harry Kane sobre Luis D\u00edaz: \u00abLo necesitaremos esta temporada\u00bb"},"content":{"rendered":"<p><span style=\"font-family: helvetica, arial, sans-serif;\"><strong>Luis D\u00edaz<\/strong> sum\u00f3 sus primeros con <strong>Bayern M\u00fanich<\/strong> en el amistoso de pretemporada que jug\u00f3 contra <strong>Olympique de Lyon<\/strong>. El colombiano jug\u00f3 todo el segundo tiempo del encuentro que termin\u00f3<strong> 2-1<\/strong> en favor de los alemanes.<\/span><\/p>\n<p><span style=\"font-family: helvetica, arial, sans-serif;\">Durante su actuaci\u00f3n, el colombiano demostr\u00f3 sus capacidades y atributos con la pelota,<strong> proyect\u00e1ndose por el sector izquierdo y atacando en velocidad.<\/strong> Luego del partido, tanto la hinchada como su equipo se sintieron a gusto con su primera presentaci\u00f3n.<\/span><\/p>\n<p><span style=\"font-family: helvetica, arial, sans-serif;\">En la zona mixta del encuentro, el delantero <strong>Harry Kane<\/strong> se refiri\u00f3 sobre el debut del atacanta guajiro. En sus palabras expres\u00f3 que vio bien a su compa\u00f1ero, y que<strong> puede ser pieza clave para la temporada<\/strong> que esta por comenzar.<\/span><\/p>\n<p><span style=\"font-family: helvetica, arial, sans-serif;\">\u00ab<strong>Luis D\u00edaz hizo un gran trabajo hoy<\/strong>, solamente tuvimos algunas sesiones de entrenamiento juntos, pero se lo ve con hambre. Te puedes dar cuenta que est\u00e1 feliz de estar aqu\u00ed,<strong> est\u00e1 jugando con una sonrisa en su rostro<\/strong>. Hoy vimos que puede ser muy efectivo en el \u00faltimo tercio y<strong> lo necesitaremos esta temporada.<\/strong> Estoy encantado de que est\u00e9 aqu\u00ed\u00bb, expres\u00f3 a Sky Sports<\/span><\/p>\n<blockquote class=\"twitter-tweet\">\n<p dir=\"ltr\" lang=\"de\">Der erste Eindruck von Luis D\u00edaz? \u201eEr ist gl\u00fccklich, hier zu sein. Er spielt mit einem L\u00e4cheln\u201c, sagt Harry Kane zufrieden \u00fcber seinen neuen Sturmpartner und verr\u00e4t: \u201eSein Englisch ist gar nicht so schlecht. Er kommuniziert gut mit dem Team. Das ist kein Problem.\u201c <a href=\"https:\/\/twitter.com\/SkySportDE?ref_src=twsrc%5Etfw\">@SkySportDE<\/a> <a href=\"https:\/\/t.co\/1xGz2WyZTh\">pic.twitter.com\/1xGz2WyZTh<\/a><\/p>\n<p>\u2014 Kerry Hau (@kerry_hau) <a href=\"https:\/\/twitter.com\/kerry_hau\/status\/1951687597643673825?ref_src=twsrc%5Etfw\">August 2, 2025<\/a><\/p><\/blockquote>\n<p><script async src=\"https:\/\/platform.twitter.com\/widgets.js\" charset=\"utf-8\"><\/script><\/p>\n<p><span style=\"font-family: helvetica, arial, sans-serif;\">Sobre la comunicaci\u00f3n de D\u00edaz, coment\u00f3 que el guajiro <strong>habla bien en ingl\u00e9s y espera que aprenda a hablar alem\u00e1n<\/strong>. Por lo pronto, logra entenderse tanto con el entrenador Vincent Kompany como con sus compa\u00f1eros.<\/span><\/p>\n<p><span style=\"font-family: helvetica, arial, sans-serif;\">\u201cSu ingl\u00e9s est\u00e1 bien. Obviamente, no hay muchos jugadores en el equipo que hablen espa\u00f1ol y yo no. Pero, <strong>sinceramente, su ingl\u00e9s no es tan malo.<\/strong> As\u00ed que, ya sabes, creo que puede comunicarse bien con el equipo. <strong>Ojal\u00e1 mejore su ingl\u00e9s y quiz\u00e1s tambi\u00e9n aprenda alem\u00e1n<\/strong>, para que algunos de los otros jugadores puedan hablar con \u00e9l. Pero, ya sabes, como el entrenador (Kompany) habla ingl\u00e9s, <strong>no creo que tenga problema<\/strong>\u201d, agreg\u00f3.<\/span><\/p>\n<p><span style=\"font-family: helvetica, arial, sans-serif;\">El pr\u00f3ximo prartido del conjunto alem\u00e1n ser\u00e1 el<strong> jueves 7 de agosto<\/strong> contra<strong> Tottenham Hotspur<\/strong> a las <strong>11:30 a.m.<\/strong> (Hora Colombia). Este podr\u00eda ser el primer partido que cuente con la titularidad del colombiano <strong>en las filas del conjunto b\u00e1varo.<\/strong><\/span><\/p>\n","protected":false},"excerpt":{"rendered":"<p>Luis D\u00edaz sum\u00f3 sus primeros con Bayern M\u00fanich en el amistoso de pretemporada que jug\u00f3 contra Olympique de Lyon. El colombiano jug\u00f3 todo el segundo tiempo del encuentro que termin\u00f3 2-1 en favor de los alemanes. Durante su actuaci\u00f3n, el colombiano demostr\u00f3 sus capacidades y atributos con la pelota, proyect\u00e1ndose por el sector izquierdo y [&hellip;]<\/p>\n","protected":false},"author":4,"featured_media":121576,"comment_status":"open","ping_status":"closed","sticky":false,"template":"","format":"standard","meta":{"_acf_changed":false,"footnotes":""},"categories":[418],"tags":[],"class_list":{"0":"post-121575","1":"post","2":"type-post","3":"status-publish","4":"format-standard","5":"has-post-thumbnail","7":"category-colombia"},"acf":[],"_links":{"self":[{"href":"https:\/\/futbolhoy.co\/index.php\/wp-json\/wp\/v2\/posts\/121575","targetHints":{"allow":["GET"]}}],"collection":[{"href":"https:\/\/futbolhoy.co\/index.php\/wp-json\/wp\/v2\/posts"}],"about":[{"href":"https:\/\/futbolhoy.co\/index.php\/wp-json\/wp\/v2\/types\/post"}],"author":[{"embeddable":true,"href":"https:\/\/futbolhoy.co\/index.php\/wp-json\/wp\/v2\/users\/4"}],"replies":[{"embeddable":true,"href":"https:\/\/futbolhoy.co\/index.php\/wp-json\/wp\/v2\/comments?post=121575"}],"version-history":[{"count":1,"href":"https:\/\/futbolhoy.co\/index.php\/wp-json\/wp\/v2\/posts\/121575\/revisions"}],"predecessor-version":[{"id":121577,"href":"https:\/\/futbolhoy.co\/index.php\/wp-json\/wp\/v2\/posts\/121575\/revisions\/121577"}],"wp:featuredmedia":[{"embeddable":true,"href":"https:\/\/futbolhoy.co\/index.php\/wp-json\/wp\/v2\/media\/121576"}],"wp:attachment":[{"href":"https:\/\/futbolhoy.co\/index.php\/wp-json\/wp\/v2\/media?parent=121575"}],"wp:term":[{"taxonomy":"category","embeddable":true,"href":"https:\/\/futbolhoy.co\/index.php\/wp-json\/wp\/v2\/categories?post=121575"},{"taxonomy":"post_tag","embeddable":true,"href":"https:\/\/futbolhoy.co\/index.php\/wp-json\/wp\/v2\/tags?post=121575"}],"curies":[{"name":"wp","href":"https:\/\/api.w.org\/{rel}","templated":true}]}}