{"id":121579,"date":"2025-08-03T11:30:12","date_gmt":"2025-08-03T16:30:12","guid":{"rendered":"https:\/\/futbolhoy.co\/?p=121579"},"modified":"2025-08-04T09:47:48","modified_gmt":"2025-08-04T14:47:48","slug":"marcelo-gallardo-respaldo-a-miguel-angel-borja-ante-su-falta-de-gol-en-river-plate","status":"publish","type":"post","link":"https:\/\/futbolhoy.co\/index.php\/2025\/08\/03\/marcelo-gallardo-respaldo-a-miguel-angel-borja-ante-su-falta-de-gol-en-river-plate\/","title":{"rendered":"Marcelo Gallardo respald\u00f3 a Miguel \u00c1ngel Borja ante su falta de gol en River Plate"},"content":{"rendered":"<p><span style=\"font-family: helvetica, arial, sans-serif;\"><strong>River Plate<\/strong> viene de superar <strong>0-3 <\/strong>a<strong> San Mart\u00edn de Tucum\u00e1n<\/strong> por la Copa Argentina. El duelo cont\u00f3 con la participaci\u00f3n de los colombianos<strong> Kevin Casta\u00f1o, Juan Fernando Quintero y Miguel \u00c1ngel Borja<\/strong>, quien fall\u00f3 oportunidades de gol.<\/span><\/p>\n<p><span style=\"font-family: helvetica, arial, sans-serif;\">En la rueda de prensa posterior al encuentro, el t\u00e9cnico<strong> Marcelo Gallardo<\/strong> habl\u00f3 sobre el delantero cordob\u00e9s. En sus declaraciones<strong> respald\u00f3 al atacante de 32 a\u00f1os<\/strong> que no ha tenido buen rendimiento en el pasado reciente.\u00a0<\/span><span style=\"font-family: helvetica, arial, sans-serif;\">\u201cYo no lo vi inc\u00f3modo, tuvo las situaciones, se movi\u00f3 bien, gener\u00f3 para el equipo. <strong>Le falt\u00f3 el gol, nada m\u00e1s\u201d<\/strong>, expres\u00f3.<\/span><\/p>\n<p><span style=\"font-family: helvetica, arial, sans-serif;\">El estratega argentino manifest\u00f3 su respaldo al delantero titular del conjunto bonaerense. Sobre su presente deportivo se refiri\u00f3 que<strong> est\u00e1 pasando por una mala racha<\/strong>, de la cua lespera que salga pronto para aportar goles a su equipo.<\/span><\/p>\n<p><span style=\"font-family: helvetica, arial, sans-serif;\"><strong>\u201cBorja est\u00e1 pasando una racha negativa, pero me gust\u00f3 como se movi\u00f3<\/strong>, se movi\u00f3 bien, tuvo situaciones. Le falt\u00f3 definir, pero es un jugador que siempre ha hecho goles&#8230;\u201d, agreg\u00f3.<\/span><\/p>\n<blockquote class=\"twitter-tweet\">\n<p dir=\"ltr\" lang=\"es\">\ud83d\udde3 \u00abEST\u00c1 PASANDO UNA RACHA NEGATIVA PERO&#8230;\u00bb Marcelo Gallardo opin\u00f3 del presente de Miguel Borja tras la clasificaci\u00f3n de River en la Copa Argentina. <a href=\"https:\/\/t.co\/5abqRPFvrE\">pic.twitter.com\/5abqRPFvrE<\/a><\/p>\n<p>\u2014 ESPN Argentina (@ESPNArgentina) <a href=\"https:\/\/twitter.com\/ESPNArgentina\/status\/1951838679787512006?ref_src=twsrc%5Etfw\">August 3, 2025<\/a><\/p><\/blockquote>\n<p><script async src=\"https:\/\/platform.twitter.com\/widgets.js\" charset=\"utf-8\"><\/script><\/p>\n<p><span style=\"font-family: helvetica, arial, sans-serif;\">Por \u00faltimo, Gallardo envi\u00f3 un mensaje de paciencia y \u00e1nimo a Borja, dici\u00e9ndole que <strong>debe tranquilizarse para que sus anotaciones lleguen pronto.<\/strong> Declar\u00f3 que desde el plantel y el cuerpo t\u00e9cnico siguen<strong> manteni\u00e9ndole la confianza<\/strong> para que pueda sumar dianas con el club argentino.<\/span><\/p>\n<p><span style=\"font-family: helvetica, arial, sans-serif;\">\u201cTiene que tranquilizarse, no encerrarse en esa condici\u00f3n de frustraci\u00f3n que<strong> es normal de un nuevo que tiene posibilidad de gol y no las hace.<\/strong> Tiene que seguir confiando en \u00e9l y <strong>lo seguiremos apoyando<\/strong> mientras tenga las oportunidades\u201d, puntualiz\u00f3.<\/span><\/p>\n<p><span style=\"font-family: helvetica, arial, sans-serif;\"><strong>River Plate<\/strong> volver\u00e1 a jugar e<strong>l s\u00e1bado 9 de agosto a las 4:30 p.m<\/strong>. (hora Colombia) ante <strong>Independiente<\/strong> como visitante. Este juego corresponder\u00e1 a la cuarta fecha del <strong>Torneo Clausura<\/strong> del f\u00fatbol argentino. <\/span><\/p>\n","protected":false},"excerpt":{"rendered":"<p>River Plate viene de superar 0-3 a San Mart\u00edn de Tucum\u00e1n por la Copa Argentina. El duelo cont\u00f3 con la participaci\u00f3n de los colombianos Kevin Casta\u00f1o, Juan Fernando Quintero y Miguel \u00c1ngel Borja, quien fall\u00f3 oportunidades de gol. En la rueda de prensa posterior al encuentro, el t\u00e9cnico Marcelo Gallardo habl\u00f3 sobre el delantero cordob\u00e9s. [&hellip;]<\/p>\n","protected":false},"author":4,"featured_media":121580,"comment_status":"open","ping_status":"closed","sticky":false,"template":"","format":"standard","meta":{"_acf_changed":false,"footnotes":""},"categories":[152],"tags":[],"class_list":{"0":"post-121579","1":"post","2":"type-post","3":"status-publish","4":"format-standard","5":"has-post-thumbnail","7":"category-mundo-futbol"},"acf":[],"_links":{"self":[{"href":"https:\/\/futbolhoy.co\/index.php\/wp-json\/wp\/v2\/posts\/121579","targetHints":{"allow":["GET"]}}],"collection":[{"href":"https:\/\/futbolhoy.co\/index.php\/wp-json\/wp\/v2\/posts"}],"about":[{"href":"https:\/\/futbolhoy.co\/index.php\/wp-json\/wp\/v2\/types\/post"}],"author":[{"embeddable":true,"href":"https:\/\/futbolhoy.co\/index.php\/wp-json\/wp\/v2\/users\/4"}],"replies":[{"embeddable":true,"href":"https:\/\/futbolhoy.co\/index.php\/wp-json\/wp\/v2\/comments?post=121579"}],"version-history":[{"count":1,"href":"https:\/\/futbolhoy.co\/index.php\/wp-json\/wp\/v2\/posts\/121579\/revisions"}],"predecessor-version":[{"id":121581,"href":"https:\/\/futbolhoy.co\/index.php\/wp-json\/wp\/v2\/posts\/121579\/revisions\/121581"}],"wp:featuredmedia":[{"embeddable":true,"href":"https:\/\/futbolhoy.co\/index.php\/wp-json\/wp\/v2\/media\/121580"}],"wp:attachment":[{"href":"https:\/\/futbolhoy.co\/index.php\/wp-json\/wp\/v2\/media?parent=121579"}],"wp:term":[{"taxonomy":"category","embeddable":true,"href":"https:\/\/futbolhoy.co\/index.php\/wp-json\/wp\/v2\/categories?post=121579"},{"taxonomy":"post_tag","embeddable":true,"href":"https:\/\/futbolhoy.co\/index.php\/wp-json\/wp\/v2\/tags?post=121579"}],"curies":[{"name":"wp","href":"https:\/\/api.w.org\/{rel}","templated":true}]}}