{"id":121586,"date":"2025-08-03T17:29:29","date_gmt":"2025-08-03T22:29:29","guid":{"rendered":"https:\/\/futbolhoy.co\/?p=121586"},"modified":"2025-08-04T18:56:39","modified_gmt":"2025-08-04T23:56:39","slug":"john-arias-se-estreno-con-gol-en-europa","status":"publish","type":"post","link":"https:\/\/futbolhoy.co\/index.php\/2025\/08\/03\/john-arias-se-estreno-con-gol-en-europa\/","title":{"rendered":"John Arias se estren\u00f3 con gol en Europa"},"content":{"rendered":"<p class=\"x_ydpf2d9bd45MsoNormal\" style=\"text-align: justify;\"><span style=\"font-family: helvetica, arial, sans-serif;\" data-olk-copy-source=\"MessageBody\">Al volante colombiano\u00a0<b>Jhon Arias le bastaron 24 minutos<\/b>\u00a0para dejar ver su talento y marcar su primer gol en\u00a0<b>Europa<\/b>\u00a0con su nuevo equipo, el\u00a0<b>Wolverhampton de Inglaterra,<\/b>\u00a0en la\u00a0<b>derrota 2-1 sufrida ante el Girona<\/b>\u00a0espa\u00f1ol en partido amistoso de pretemporada.<\/span><\/p>\n<p class=\"x_ydpf2d9bd45MsoNormal\" style=\"text-align: justify;\"><span style=\"font-family: helvetica, arial, sans-serif;\">Arias ingres\u00f3 a los 66 minutos y defini\u00f3 en jugada individual a los 78 para el descuento de los brit\u00e1nicos, que adem\u00e1s contaron con el regreso del defensa\u00a0<b>Yerson Mosquera<\/b>\u00a0despu\u00e9s de 10 meses de ausencia por una delicada lesi\u00f3n de rodilla.<\/span><\/p>\n<p class=\"x_ydpf2d9bd45MsoNormal\" style=\"text-align: justify;\"><span style=\"font-family: helvetica, arial, sans-serif;\">En Girona\u00a0<b>Jhon Sol\u00eds<\/b>\u00a0estuvo todo el partido y\u00a0<b>Yaser Asprilla<\/b>\u00a0actu\u00f3 durante 63 minutos. Los espa\u00f1oles volver\u00e1n a jugar amistoso el s\u00e1bado ante el\u00a0<b>Napoli<\/b>\u00a0y los\u00a0<b>&#8216;Wolves&#8217;\u00a0<\/b>frente al\u00a0<b>Celta<\/b>\u00a0el mismo d\u00eda.<\/span><\/p>\n<blockquote class=\"twitter-tweet\" data-media-max-width=\"560\">\n<p dir=\"ltr\" lang=\"en\">Jhon Arias on target for the first time \ud83c\udde8\ud83c\uddf4\ud83c\udfaf <a href=\"https:\/\/t.co\/YCTzB0mw4S\">pic.twitter.com\/YCTzB0mw4S<\/a><\/p>\n<p>\u2014 Wolves (@Wolves) <a href=\"https:\/\/twitter.com\/Wolves\/status\/1952116539039088745?ref_src=twsrc%5Etfw\">August 3, 2025<\/a><\/p><\/blockquote>\n<p><script async src=\"https:\/\/platform.twitter.com\/widgets.js\" charset=\"utf-8\"><\/script><\/p>\n","protected":false},"excerpt":{"rendered":"<p>Al volante colombiano\u00a0Jhon Arias le bastaron 24 minutos\u00a0para dejar ver su talento y marcar su primer gol en\u00a0Europa\u00a0con su nuevo equipo, el\u00a0Wolverhampton de Inglaterra,\u00a0en la\u00a0derrota 2-1 sufrida ante el Girona\u00a0espa\u00f1ol en partido amistoso de pretemporada. Arias ingres\u00f3 a los 66 minutos y defini\u00f3 en jugada individual a los 78 para el descuento de los brit\u00e1nicos, [&hellip;]<\/p>\n","protected":false},"author":4,"featured_media":121587,"comment_status":"open","ping_status":"closed","sticky":false,"template":"","format":"standard","meta":{"_acf_changed":false,"footnotes":""},"categories":[418],"tags":[],"class_list":{"0":"post-121586","1":"post","2":"type-post","3":"status-publish","4":"format-standard","5":"has-post-thumbnail","7":"category-colombia"},"acf":[],"_links":{"self":[{"href":"https:\/\/futbolhoy.co\/index.php\/wp-json\/wp\/v2\/posts\/121586","targetHints":{"allow":["GET"]}}],"collection":[{"href":"https:\/\/futbolhoy.co\/index.php\/wp-json\/wp\/v2\/posts"}],"about":[{"href":"https:\/\/futbolhoy.co\/index.php\/wp-json\/wp\/v2\/types\/post"}],"author":[{"embeddable":true,"href":"https:\/\/futbolhoy.co\/index.php\/wp-json\/wp\/v2\/users\/4"}],"replies":[{"embeddable":true,"href":"https:\/\/futbolhoy.co\/index.php\/wp-json\/wp\/v2\/comments?post=121586"}],"version-history":[{"count":1,"href":"https:\/\/futbolhoy.co\/index.php\/wp-json\/wp\/v2\/posts\/121586\/revisions"}],"predecessor-version":[{"id":121588,"href":"https:\/\/futbolhoy.co\/index.php\/wp-json\/wp\/v2\/posts\/121586\/revisions\/121588"}],"wp:featuredmedia":[{"embeddable":true,"href":"https:\/\/futbolhoy.co\/index.php\/wp-json\/wp\/v2\/media\/121587"}],"wp:attachment":[{"href":"https:\/\/futbolhoy.co\/index.php\/wp-json\/wp\/v2\/media?parent=121586"}],"wp:term":[{"taxonomy":"category","embeddable":true,"href":"https:\/\/futbolhoy.co\/index.php\/wp-json\/wp\/v2\/categories?post=121586"},{"taxonomy":"post_tag","embeddable":true,"href":"https:\/\/futbolhoy.co\/index.php\/wp-json\/wp\/v2\/tags?post=121586"}],"curies":[{"name":"wp","href":"https:\/\/api.w.org\/{rel}","templated":true}]}}