{"id":121597,"date":"2025-08-04T08:33:03","date_gmt":"2025-08-04T13:33:03","guid":{"rendered":"https:\/\/futbolhoy.co\/?p=121597"},"modified":"2025-08-05T10:38:47","modified_gmt":"2025-08-05T15:38:47","slug":"goles-colombianos-en-las-ligas-del-exterior","status":"publish","type":"post","link":"https:\/\/futbolhoy.co\/index.php\/2025\/08\/04\/goles-colombianos-en-las-ligas-del-exterior\/","title":{"rendered":"Goles colombianos en las ligas del exterior"},"content":{"rendered":"<p><span style=\"font-family: helvetica, arial, sans-serif;\">El primer fin de semana de agosto vino con varias anotaciones de futbolistas colombianos en las diferentes ligas del mundo. Europa, Norteam\u00e9rica y Argentina los destinos en los que deportistas nacionales se reportaron con importantes anotaciones.<\/span><\/p>\n<h3><span style=\"font-family: helvetica, arial, sans-serif;\">Rusia<\/span><\/h3>\n<p><span style=\"font-family: helvetica, arial, sans-serif;\"><strong>John C\u00f3rdoba<\/strong> no para de marcar en Rusia con el <strong>Krasnodar<\/strong>, decretando el gol de la victoria sobre el <strong>Dynamo Mosc\u00fa<\/strong>, que concluy\u00f3<strong> 1-0<\/strong>. Con un potente disparo por fuera del \u00e1rea, el delantero chocoano gener\u00f3 su <strong>primer gol de la temporada<\/strong>.<\/span><\/p>\n<blockquote class=\"twitter-tweet\">\n<p dir=\"ltr\" lang=\"pl\">1-0 Cordoba <a href=\"https:\/\/t.co\/h6vDvqTnFg\">pic.twitter.com\/h6vDvqTnFg<\/a><\/p>\n<p>\u2014 RPL Sky (@RPLNews_eng) <a href=\"https:\/\/twitter.com\/RPLNews_eng\/status\/1951725927370559571?ref_src=twsrc%5Etfw\">August 2, 2025<\/a><\/p><\/blockquote>\n<p><script async src=\"https:\/\/platform.twitter.com\/widgets.js\" charset=\"utf-8\"><\/script><\/p>\n<h3><span style=\"font-family: helvetica, arial, sans-serif;\">Leagues Cup<\/span><\/h3>\n<p><span style=\"font-family: helvetica, arial, sans-serif;\">En la Leagues Cup, <strong>Iv\u00e1n Angulo<\/strong> hizo el primer gol de la victoria del <strong>Orlando City 3-1 sobre Atlas.<\/strong> El atacante <strong>aprovech\u00f3 un error en salida<\/strong> del equipo mexicano para vencer la red del conjunto mexicano.<\/span><\/p>\n<blockquote class=\"twitter-tweet\">\n<p dir=\"ltr\" lang=\"en\">Iv\u00e1n Angulo with the confident finish to put <a href=\"https:\/\/twitter.com\/OrlandoCitySC?ref_src=twsrc%5Etfw\">@OrlandoCitySC<\/a> ahead over Atlas!<\/p>\n<p>\ud83d\udcfa <a href=\"https:\/\/twitter.com\/hashtag\/MLSSeasonPass?src=hash&amp;ref_src=twsrc%5Etfw\">#MLSSeasonPass<\/a>, Apple TV+ Univision or TUDN: <a href=\"https:\/\/t.co\/6tteNuglLx\">https:\/\/t.co\/6tteNuglLx<\/a> <a href=\"https:\/\/t.co\/gJvBh1qj9I\">pic.twitter.com\/gJvBh1qj9I<\/a><\/p>\n<p>\u2014 Major League Soccer (@MLS) <a href=\"https:\/\/twitter.com\/MLS\/status\/1951771461753946404?ref_src=twsrc%5Etfw\">August 2, 2025<\/a><\/p><\/blockquote>\n<p><script async src=\"https:\/\/platform.twitter.com\/widgets.js\" charset=\"utf-8\"><\/script><\/p>\n<p><span style=\"font-family: helvetica, arial, sans-serif;\">M\u00e1s adelante, el lateral derecho<strong> \u00c1lvaro Angulo<\/strong> se report\u00f3 con anotaci\u00f3n desde el punto penal en el duelo<strong> Pumas Vs. Atlanta United<\/strong> que termin\u00f3 <strong>3-2<\/strong> a favor. Adem\u00e1s de marcar, <strong>tuvo que ponerse los guantes<\/strong> ante la expulsi\u00f3n del portero <strong>Keylor Navas.<\/strong><\/span><\/p>\n<blockquote class=\"twitter-tweet\">\n<p dir=\"ltr\" lang=\"en\">La Pantera Angulo convierte desde los 11 pasos and <a href=\"https:\/\/twitter.com\/PumasMX?ref_src=twsrc%5Etfw\">@PumasMX<\/a> takes the lead! \ud83d\udcaa<\/p>\n<p>Watch el encuentro between los Universitarios and Atlanta United FC with MLS Season Pass on Apple TV<br \/>\n\ud83d\udcfa <a href=\"https:\/\/t.co\/zKu5lm0171\">https:\/\/t.co\/zKu5lm0171<\/a> <a href=\"https:\/\/t.co\/5riMdkbZaV\">pic.twitter.com\/5riMdkbZaV<\/a><\/p>\n<p>\u2014 Leagues Cup (@LeaguesCup) <a href=\"https:\/\/twitter.com\/LeaguesCup\/status\/1951822412560965922?ref_src=twsrc%5Etfw\">August 3, 2025<\/a><\/p><\/blockquote>\n<p><script async src=\"https:\/\/platform.twitter.com\/widgets.js\" charset=\"utf-8\"><\/script><span style=\"font-family: helvetica, arial, sans-serif;\">Vistiendo la camiseta del <strong>Am\u00e9rica<\/strong> de M\u00e9xico, <strong>Jos\u00e9 Ra\u00fal Z\u00fa\u00f1iga<\/strong> hizo el segundo gol del juego que termin\u00f3<strong> 3-3 contra Minnesotta United<\/strong> en la <strong>Leagues Cup<\/strong>. Tras un centro del costado izquierdo, apareci\u00f3 dentro del \u00e1rea para marcar <strong>el segundo gol para el equipo mexicano.<\/strong><\/span><\/p>\n<blockquote class=\"twitter-tweet\">\n<p dir=\"ltr\" lang=\"es\">\u26bd\ufe0f \u00a1Gol para las \u00c1guilas! Como un \u00e1guila, Jos\u00e9 Z\u00fa\u00f1iga vuela para empatar el marcador. It\u2019s all tied now at <a href=\"https:\/\/twitter.com\/ShellEnergyStdm?ref_src=twsrc%5Etfw\">@ShellEnergyStdm<\/a> in 52 minutes \ud83d\ude4c<\/p>\n<p>\ud83e\udd85 <a href=\"https:\/\/twitter.com\/ClubAmerica?ref_src=twsrc%5Etfw\">@ClubAmerica<\/a> 2\u20e3-2\u20e3 <a href=\"https:\/\/twitter.com\/MNUFC?ref_src=twsrc%5Etfw\">@MNUFC<\/a> \ud83e\ude75<\/p>\n<p>\ud83d\udcfa <a href=\"https:\/\/t.co\/ias3FsdUS9\">https:\/\/t.co\/ias3FsdUS9<\/a> <a href=\"https:\/\/t.co\/dq8lo2AUeP\">pic.twitter.com\/dq8lo2AUeP<\/a><\/p>\n<p>\u2014 Leagues Cup (@LeaguesCup) <a href=\"https:\/\/twitter.com\/LeaguesCup\/status\/1951834233795739800?ref_src=twsrc%5Etfw\">August 3, 2025<\/a><\/p><\/blockquote>\n<p><script async src=\"https:\/\/platform.twitter.com\/widgets.js\" charset=\"utf-8\"><\/script><\/p>\n<p><span style=\"font-family: helvetica, arial, sans-serif;\">Por \u00faltimo, <strong>Cristian D\u00e1jome<\/strong> marc\u00f3 el descuento de <strong>Santos Laguna<\/strong> en la derrota <strong>1-2 frente a Seattle Sounders<\/strong> en la Leagues Cup. Recibi\u00f3 un centro y con su pierna derecha decret\u00f3 <strong>la anotaci\u00f3n para su equipo.<\/strong><\/span><\/p>\n<blockquote class=\"twitter-tweet\">\n<p dir=\"ltr\" lang=\"es\">\u26bd\ufe0f El colombiano Cristian D\u00e1jome descuenta in the scoreboard para los Guerreros<\/p>\n<p>\ud83d\udc9a <a href=\"https:\/\/twitter.com\/SoundersFC?ref_src=twsrc%5Etfw\">@SoundersFC<\/a> 2\u20e3-1\u20e3 <a href=\"https:\/\/twitter.com\/ClubSantos?ref_src=twsrc%5Etfw\">@ClubSantos<\/a> \u26aa\ufe0f\ud83d\udfe2<\/p>\n<p>\ud83c\udfc6 <a href=\"https:\/\/twitter.com\/hashtag\/LeaguesCup2025?src=hash&amp;ref_src=twsrc%5Etfw\">#LeaguesCup2025<\/a> \ud83d\udcfa <a href=\"https:\/\/t.co\/CYk5F50GIU\">https:\/\/t.co\/CYk5F50GIU<\/a> <a href=\"https:\/\/t.co\/taQvkXbVjC\">pic.twitter.com\/taQvkXbVjC<\/a><\/p>\n<p>\u2014 Leagues Cup (@LeaguesCup) <a href=\"https:\/\/twitter.com\/LeaguesCup\/status\/1952229863277953492?ref_src=twsrc%5Etfw\">August 4, 2025<\/a><\/p><\/blockquote>\n<p><script async src=\"https:\/\/platform.twitter.com\/widgets.js\" charset=\"utf-8\"><\/script><\/p>\n<h3><span style=\"font-family: helvetica, arial, sans-serif;\">Argentina<\/span><\/h3>\n<p><span style=\"font-family: helvetica, arial, sans-serif;\">En el sur del continente, <strong>Duvan Vergara<\/strong> marc\u00f3 desde el punto penal en la victoria de <strong>Racing 3-0 sobre Deportivo Riestra<\/strong> por la <strong>Copa Argentina<\/strong>. Este es su <strong>segundo gol<\/strong> con la camiseta del equipo de Avellaneda.<\/span><\/p>\n<blockquote class=\"twitter-tweet\">\n<p dir=\"ltr\" lang=\"es\">\ud83c\udf93\u26bd\u00a1RACING ABRI\u00d3 EL MARCADOR!<\/p>\n<p>A los 9&#8242;, Vergara marc\u00f3 el 1-0 ante Deportivo Riestra. <a href=\"https:\/\/twitter.com\/hashtag\/CopaArgentinaEnTyCSports?src=hash&amp;ref_src=twsrc%5Etfw\">#CopaArgentinaEnTyCSports<\/a> <a href=\"https:\/\/t.co\/dQzYVoiI4K\">pic.twitter.com\/dQzYVoiI4K<\/a><\/p>\n<p>\u2014 TyC Sports (@TyCSports) <a href=\"https:\/\/twitter.com\/TyCSports\/status\/1952085470361633100?ref_src=twsrc%5Etfw\">August 3, 2025<\/a><\/p><\/blockquote>\n<p><script async src=\"https:\/\/platform.twitter.com\/widgets.js\" charset=\"utf-8\"><\/script><\/p>\n<h3><span style=\"font-family: helvetica, arial, sans-serif;\">Europa<\/span><\/h3>\n<p><span style=\"font-family: helvetica, arial, sans-serif;\">Finalmente, <strong>Jhon Arias<\/strong> anot\u00f3 en su debut con <strong>Wolverhampton<\/strong>. El partido amistoso contra <strong>Girona<\/strong> finaliz\u00f3<strong> 2-1 en favor del cuadro espa\u00f1ol<\/strong> que tuvo a los colombianos <strong>Jhon Sol\u00eds y Yaser Asprilla<\/strong>. Tomando el bal\u00f3n cerca del \u00e1rea, eludi\u00f3 defensas para quedar mano a mano con el portero rival y hacer el descuento para los &#8216;lobos&#8217;.<\/span><\/p>\n<blockquote class=\"twitter-tweet\">\n<p dir=\"ltr\" lang=\"en\">Jhon Arias on target for the first time \ud83c\udde8\ud83c\uddf4\ud83c\udfaf <a href=\"https:\/\/t.co\/YCTzB0mw4S\">pic.twitter.com\/YCTzB0mw4S<\/a><\/p>\n<p>\u2014 Wolves (@Wolves) <a href=\"https:\/\/twitter.com\/Wolves\/status\/1952116539039088745?ref_src=twsrc%5Etfw\">August 3, 2025<\/a><\/p><\/blockquote>\n<p><script async src=\"https:\/\/platform.twitter.com\/widgets.js\" charset=\"utf-8\"><\/script><\/p>\n","protected":false},"excerpt":{"rendered":"<p>El primer fin de semana de agosto vino con varias anotaciones de futbolistas colombianos en las diferentes ligas del mundo. Europa, Norteam\u00e9rica y Argentina los destinos en los que deportistas nacionales se reportaron con importantes anotaciones. Rusia John C\u00f3rdoba no para de marcar en Rusia con el Krasnodar, decretando el gol de la victoria sobre [&hellip;]<\/p>\n","protected":false},"author":4,"featured_media":121599,"comment_status":"open","ping_status":"closed","sticky":false,"template":"","format":"standard","meta":{"_acf_changed":false,"footnotes":""},"categories":[152],"tags":[],"class_list":{"0":"post-121597","1":"post","2":"type-post","3":"status-publish","4":"format-standard","5":"has-post-thumbnail","7":"category-mundo-futbol"},"acf":[],"_links":{"self":[{"href":"https:\/\/futbolhoy.co\/index.php\/wp-json\/wp\/v2\/posts\/121597","targetHints":{"allow":["GET"]}}],"collection":[{"href":"https:\/\/futbolhoy.co\/index.php\/wp-json\/wp\/v2\/posts"}],"about":[{"href":"https:\/\/futbolhoy.co\/index.php\/wp-json\/wp\/v2\/types\/post"}],"author":[{"embeddable":true,"href":"https:\/\/futbolhoy.co\/index.php\/wp-json\/wp\/v2\/users\/4"}],"replies":[{"embeddable":true,"href":"https:\/\/futbolhoy.co\/index.php\/wp-json\/wp\/v2\/comments?post=121597"}],"version-history":[{"count":1,"href":"https:\/\/futbolhoy.co\/index.php\/wp-json\/wp\/v2\/posts\/121597\/revisions"}],"predecessor-version":[{"id":121600,"href":"https:\/\/futbolhoy.co\/index.php\/wp-json\/wp\/v2\/posts\/121597\/revisions\/121600"}],"wp:featuredmedia":[{"embeddable":true,"href":"https:\/\/futbolhoy.co\/index.php\/wp-json\/wp\/v2\/media\/121599"}],"wp:attachment":[{"href":"https:\/\/futbolhoy.co\/index.php\/wp-json\/wp\/v2\/media?parent=121597"}],"wp:term":[{"taxonomy":"category","embeddable":true,"href":"https:\/\/futbolhoy.co\/index.php\/wp-json\/wp\/v2\/categories?post=121597"},{"taxonomy":"post_tag","embeddable":true,"href":"https:\/\/futbolhoy.co\/index.php\/wp-json\/wp\/v2\/tags?post=121597"}],"curies":[{"name":"wp","href":"https:\/\/api.w.org\/{rel}","templated":true}]}}