{"id":121601,"date":"2025-08-04T09:47:16","date_gmt":"2025-08-04T14:47:16","guid":{"rendered":"https:\/\/futbolhoy.co\/?p=121601"},"modified":"2025-08-05T10:58:00","modified_gmt":"2025-08-05T15:58:00","slug":"jhon-arias-y-sus-sensaciones-tras-debutar-con-wolverhampton-estoy-muy-contento","status":"publish","type":"post","link":"https:\/\/futbolhoy.co\/index.php\/2025\/08\/04\/jhon-arias-y-sus-sensaciones-tras-debutar-con-wolverhampton-estoy-muy-contento\/","title":{"rendered":"Jhon Arias y sus sensaciones tras debutar con Wolverhampton: \u00abEstoy muy contento\u00bb"},"content":{"rendered":"<p><span style=\"font-family: helvetica, arial, sans-serif;\">El jugador colombiano <strong>Jhon Arias<\/strong> debut\u00f3 con <strong>Wolverhampton<\/strong> en la derrota <strong>1-2<\/strong> contra el <strong>Girona <\/strong>como visitantes. Vistiendo la camiseta n\u00famero 10 e ingresando en el segundo tiempo, el deportista de 28 a\u00f1os <strong>marc\u00f3 el descuento para su equipo.<\/strong><\/span><\/p>\n<p><span style=\"font-family: helvetica, arial, sans-serif;\">Con buenos movimientos y participando en jugadas ofensivas,<strong> Arias tuvo un buen rendimiento en su primer partido con el club ingl\u00e9s<\/strong>. Al finalizar el encuentro, el chocoano entreg\u00f3 sus primeras declaraciones como jugador de los &#8216;lobos&#8217;, y <strong>sus primeras sensaciones con el equipo.<\/strong><\/span><\/p>\n<blockquote class=\"twitter-tweet\">\n<p dir=\"ltr\" lang=\"en\">Jhon Arias on target for the first time \ud83c\udde8\ud83c\uddf4\ud83c\udfaf <a href=\"https:\/\/t.co\/YCTzB0mw4S\">pic.twitter.com\/YCTzB0mw4S<\/a><\/p>\n<p>\u2014 Wolves (@Wolves) <a href=\"https:\/\/twitter.com\/Wolves\/status\/1952116539039088745?ref_src=twsrc%5Etfw\">August 3, 2025<\/a><\/p><\/blockquote>\n<p><script async src=\"https:\/\/platform.twitter.com\/widgets.js\" charset=\"utf-8\"><\/script><\/p>\n<p><span style=\"font-family: helvetica, arial, sans-serif;\">\u00abEs una buena experiencia para mi.<strong> Me siento bien despu\u00e9s de mi tercer d\u00eda en espa\u00f1a con Wolves.<\/strong> Es increible, el grupo y el entrenador me recibieron bien. <strong>Estoy muy contento de estar aqu\u00ed.<\/strong> Ese momento fue una sensaci\u00f3n increible, mi primer gol con la camiseta de los &#8216;lobos&#8217;. <strong>Espero que tengamos una gran temporada\u00bb<\/strong>, expres\u00f3.<\/span><\/p>\n<p><span style=\"font-family: helvetica, arial, sans-serif;\">Con la compa\u00f1\u00eda de su compatriota<strong> Yerson Mosquera<\/strong>, y su compa\u00f1ero brasile\u00f1o, <strong>Andr\u00e9<\/strong>, se siente cobijado y con inspiraci\u00f3n para tener una buena temporada. En sus palabras cont\u00f3 que<strong> le ha sido f\u00e1cil su adaptaci\u00f3n<\/strong> al nuevo club que representar\u00e1.<\/span><\/p>\n<p><span style=\"font-family: helvetica, arial, sans-serif;\">\u00ab<strong>Me siento bien con mis primeros minutos.<\/strong> Me puedo adaptar mejor con el grupo y la recepci\u00f3n fue buena para mi y la adaptaci\u00f3n con Yerson, Con Andr\u00e9,que es un rostro habitual y familiar, <strong>me resulta m\u00e1s f\u00e1cil<\/strong>. As\u00ed que estoy muy contento\u00bb, a\u00f1adi\u00f3.<\/span><\/p>\n<p><span style=\"font-family: helvetica, arial, sans-serif;\">Por \u00faltimo, se sinti\u00f3 agradecido por<strong> el apoyo de Mosquera como traductor<\/strong> en Inglaterra. Manifest\u00f3 que va a trabajar en su ingl\u00e9s, pues aunque entiende bien el idioma, si cont\u00f3 que <strong>debe mejorar la pronunciaci\u00f3n y el habla<\/strong> para su cotidianidad.<\/span><\/p>\n<p><span style=\"font-family: helvetica, arial, sans-serif;\">\u00abYerson me dio la bienvenida. Lleva m\u00e1s tiempo en Wolverhampton que yo y me ha servido de traductor. Es claro que<strong> voy a empezar a tomar lecciones de ingl\u00e9s<\/strong> para mejorar la manera de pronunciar y habla. Entiendo ingl\u00e9s bien, <strong>pero mi habla no es perfecta, me falta practicar<\/strong> (&#8230;) A pesar del resultado de hoy,<strong> pude jugar mis primeros minutos.<\/strong> Me sent\u00ed bien y estoy esperando una buena temporada para mi y el equipo\u00bb, puntualiz\u00f3.<\/span><\/p>\n","protected":false},"excerpt":{"rendered":"<p>El jugador colombiano Jhon Arias debut\u00f3 con Wolverhampton en la derrota 1-2 contra el Girona como visitantes. Vistiendo la camiseta n\u00famero 10 e ingresando en el segundo tiempo, el deportista de 28 a\u00f1os marc\u00f3 el descuento para su equipo. Con buenos movimientos y participando en jugadas ofensivas, Arias tuvo un buen rendimiento en su primer [&hellip;]<\/p>\n","protected":false},"author":4,"featured_media":121602,"comment_status":"open","ping_status":"closed","sticky":false,"template":"","format":"standard","meta":{"_acf_changed":false,"footnotes":""},"categories":[418],"tags":[],"class_list":{"0":"post-121601","1":"post","2":"type-post","3":"status-publish","4":"format-standard","5":"has-post-thumbnail","7":"category-colombia"},"acf":[],"_links":{"self":[{"href":"https:\/\/futbolhoy.co\/index.php\/wp-json\/wp\/v2\/posts\/121601","targetHints":{"allow":["GET"]}}],"collection":[{"href":"https:\/\/futbolhoy.co\/index.php\/wp-json\/wp\/v2\/posts"}],"about":[{"href":"https:\/\/futbolhoy.co\/index.php\/wp-json\/wp\/v2\/types\/post"}],"author":[{"embeddable":true,"href":"https:\/\/futbolhoy.co\/index.php\/wp-json\/wp\/v2\/users\/4"}],"replies":[{"embeddable":true,"href":"https:\/\/futbolhoy.co\/index.php\/wp-json\/wp\/v2\/comments?post=121601"}],"version-history":[{"count":1,"href":"https:\/\/futbolhoy.co\/index.php\/wp-json\/wp\/v2\/posts\/121601\/revisions"}],"predecessor-version":[{"id":121603,"href":"https:\/\/futbolhoy.co\/index.php\/wp-json\/wp\/v2\/posts\/121601\/revisions\/121603"}],"wp:featuredmedia":[{"embeddable":true,"href":"https:\/\/futbolhoy.co\/index.php\/wp-json\/wp\/v2\/media\/121602"}],"wp:attachment":[{"href":"https:\/\/futbolhoy.co\/index.php\/wp-json\/wp\/v2\/media?parent=121601"}],"wp:term":[{"taxonomy":"category","embeddable":true,"href":"https:\/\/futbolhoy.co\/index.php\/wp-json\/wp\/v2\/categories?post=121601"},{"taxonomy":"post_tag","embeddable":true,"href":"https:\/\/futbolhoy.co\/index.php\/wp-json\/wp\/v2\/tags?post=121601"}],"curies":[{"name":"wp","href":"https:\/\/api.w.org\/{rel}","templated":true}]}}