{"id":121604,"date":"2025-08-04T11:44:41","date_gmt":"2025-08-04T16:44:41","guid":{"rendered":"https:\/\/futbolhoy.co\/?p=121604"},"modified":"2025-08-05T19:34:03","modified_gmt":"2025-08-06T00:34:03","slug":"oficial-nelson-deossa-es-nuevo-jugador-de-real-betis","status":"publish","type":"post","link":"https:\/\/futbolhoy.co\/index.php\/2025\/08\/04\/oficial-nelson-deossa-es-nuevo-jugador-de-real-betis\/","title":{"rendered":"Oficial: Nelson Deossa es nuevo jugador de Real Betis"},"content":{"rendered":"<p><span style=\"font-family: helvetica, arial, sans-serif;\"><strong>Nelson Deossa<\/strong> firm\u00f3 en Espa\u00f1a y se convierte en nuevo jugador de<strong> Real Betis<\/strong>. El volante de 25 a\u00f1os estar\u00e1 bajo las ordenes del t\u00e9cnico<strong> Manuel Pellegrini hasta 2030<\/strong>, cuando finalice su contrato con el conjunto de Sevilla.<\/span><\/p>\n<p><span style=\"font-family: helvetica, arial, sans-serif;\">Vistiendo la camiseta del equipo verde y blanco, compartir\u00e1 plantel junto a su compatriot<strong>a Juan Camilo &#8216;Cucho&#8217; Hern\u00e1ndez.<\/strong> El nacido en Marmato, Caldas, llega proveniente de Monterrey de M\u00e9xico, equipo que recibi\u00f3 una cifra de 1<strong>4 millones de d\u00f3lares, m\u00e1s 2 millones en bonificaciones.<\/strong><\/span><\/p>\n<blockquote class=\"twitter-tweet\">\n<p dir=\"ltr\" lang=\"es\">\ud83e\udd29\ud83d\udc9a\ud83c\udde8\ud83c\uddf4<\/p>\n<p>Nelson Deossa ya est\u00e1 aqu\u00ed. <a href=\"https:\/\/t.co\/EvRAeCfxGk\">pic.twitter.com\/EvRAeCfxGk<\/a><\/p>\n<p>\u2014 Real Betis Balompi\u00e9 \ud83c\udf34\ud83d\udc9a (@RealBetis) <a href=\"https:\/\/twitter.com\/RealBetis\/status\/1952407936199725087?ref_src=twsrc%5Etfw\">August 4, 2025<\/a><\/p><\/blockquote>\n<p><script async src=\"https:\/\/platform.twitter.com\/widgets.js\" charset=\"utf-8\"><\/script><\/p>\n<p><span style=\"font-family: helvetica, arial, sans-serif;\">Deossa lleg\u00f3 a territorio espa\u00f1ol el domingo 3 de agosto, y luego de pasar ex\u00e1menes m\u00e9dicos concluy\u00f3 su incorporaci\u00f3n al club de Sevilla.<strong>\u00a0<\/strong><\/span><span style=\"font-family: helvetica, arial, sans-serif;\"><strong>Real Betis<\/strong> se convierte en el <strong>s\u00e9ptimo club<\/strong> en su carrera. Anteriormente pas\u00f3 por <strong>Atl\u00e9tico Huila, Estudiantes de la Plata de Argentina, Junior de Barranquilla, Atl\u00e9tico Nacional, Pachuca y Monterrey de M\u00e9xico<\/strong>.<\/span><\/p>\n<p><span style=\"font-family: helvetica, arial, sans-serif;\">El pr\u00f3ximo encuentro del conjunto sevillano ser\u00e1 el <strong>mi\u00e9rcoles 6 de agosto<\/strong> ante el <strong>Como<\/strong> de Italia a la <strong>1:30 p.m. (hora Colombia).<\/strong> Se espera que el jugador caldense integre la convocatoria y pueda sumar sus primeros minutos en territorio europeo.<\/span><\/p>\n","protected":false},"excerpt":{"rendered":"<p>Nelson Deossa firm\u00f3 en Espa\u00f1a y se convierte en nuevo jugador de Real Betis. El volante de 25 a\u00f1os estar\u00e1 bajo las ordenes del t\u00e9cnico Manuel Pellegrini hasta 2030, cuando finalice su contrato con el conjunto de Sevilla. Vistiendo la camiseta del equipo verde y blanco, compartir\u00e1 plantel junto a su compatriota Juan Camilo &#8216;Cucho&#8217; [&hellip;]<\/p>\n","protected":false},"author":4,"featured_media":121605,"comment_status":"open","ping_status":"closed","sticky":false,"template":"","format":"standard","meta":{"_acf_changed":false,"footnotes":""},"categories":[418],"tags":[],"class_list":{"0":"post-121604","1":"post","2":"type-post","3":"status-publish","4":"format-standard","5":"has-post-thumbnail","7":"category-colombia"},"acf":[],"_links":{"self":[{"href":"https:\/\/futbolhoy.co\/index.php\/wp-json\/wp\/v2\/posts\/121604","targetHints":{"allow":["GET"]}}],"collection":[{"href":"https:\/\/futbolhoy.co\/index.php\/wp-json\/wp\/v2\/posts"}],"about":[{"href":"https:\/\/futbolhoy.co\/index.php\/wp-json\/wp\/v2\/types\/post"}],"author":[{"embeddable":true,"href":"https:\/\/futbolhoy.co\/index.php\/wp-json\/wp\/v2\/users\/4"}],"replies":[{"embeddable":true,"href":"https:\/\/futbolhoy.co\/index.php\/wp-json\/wp\/v2\/comments?post=121604"}],"version-history":[{"count":2,"href":"https:\/\/futbolhoy.co\/index.php\/wp-json\/wp\/v2\/posts\/121604\/revisions"}],"predecessor-version":[{"id":121632,"href":"https:\/\/futbolhoy.co\/index.php\/wp-json\/wp\/v2\/posts\/121604\/revisions\/121632"}],"wp:featuredmedia":[{"embeddable":true,"href":"https:\/\/futbolhoy.co\/index.php\/wp-json\/wp\/v2\/media\/121605"}],"wp:attachment":[{"href":"https:\/\/futbolhoy.co\/index.php\/wp-json\/wp\/v2\/media?parent=121604"}],"wp:term":[{"taxonomy":"category","embeddable":true,"href":"https:\/\/futbolhoy.co\/index.php\/wp-json\/wp\/v2\/categories?post=121604"},{"taxonomy":"post_tag","embeddable":true,"href":"https:\/\/futbolhoy.co\/index.php\/wp-json\/wp\/v2\/tags?post=121604"}],"curies":[{"name":"wp","href":"https:\/\/api.w.org\/{rel}","templated":true}]}}