{"id":121607,"date":"2025-08-04T19:02:38","date_gmt":"2025-08-05T00:02:38","guid":{"rendered":"https:\/\/futbolhoy.co\/?p=121607"},"modified":"2025-08-05T22:34:38","modified_gmt":"2025-08-06T03:34:38","slug":"carrascal-tras-su-llegada-a-flamengo-dije-que-si-sin-pensarlo","status":"publish","type":"post","link":"https:\/\/futbolhoy.co\/index.php\/2025\/08\/04\/carrascal-tras-su-llegada-a-flamengo-dije-que-si-sin-pensarlo\/","title":{"rendered":"Carrascal tras su llegada a Flamengo: \u201cDije que s\u00ed sin pensarlo\u201d"},"content":{"rendered":"<div class=\"x_elementToProof\" style=\"text-align: justify;\" data-olk-copy-source=\"MessageBody\"><span style=\"font-family: helvetica, arial, sans-serif;\"><strong>Jorge Carrascal<\/strong> fue anunciado este lunes 4 de agosto como nuevo futbolista de <strong>Flamengo,<\/strong> tras haber llegado al equipo el domingo. El cartagenero lleg\u00f3 procedente de <strong>Dinamo<\/strong> de <strong>Mosc\u00fa,<\/strong> club que no puso para nada f\u00e1cil la negociaci\u00f3n.<\/span><\/div>\n<div><\/div>\n<div class=\"x_elementToProof\" style=\"text-align: justify;\"><span style=\"font-family: helvetica, arial, sans-serif;\">\u201cHab\u00eda otros clubes interesados, pero en mi cabeza, y a mi familia y amigos, siempre les dec\u00eda que quer\u00eda venir al Flamengo <strong>porque quer\u00eda vivir esta maravillosa experiencia.<\/strong> Dije que s\u00ed sin pensarlo, diciendo que estaba disponible para venir a Flamengo, y fue algo que me emocion\u00f3\u201d, dijo al respecto.<\/span><\/div>\n<div><\/div>\n<div>\n<blockquote class=\"twitter-tweet\">\n<p dir=\"ltr\" lang=\"pt\">Com Carrascal em campo, o Meng\u00e3o trabalhou nesta segunda, no Ninho do Urubu! <a href=\"https:\/\/twitter.com\/hashtag\/Treino?src=hash&amp;ref_src=twsrc%5Etfw\">#Treino<\/a> <a href=\"https:\/\/t.co\/FRec2a2URR\">pic.twitter.com\/FRec2a2URR<\/a><\/p>\n<p>\u2014 Flamengo (@Flamengo) <a href=\"https:\/\/twitter.com\/Flamengo\/status\/1952467397203632308?ref_src=twsrc%5Etfw\">August 4, 2025<\/a><\/p><\/blockquote>\n<\/div>\n<div class=\"x_elementToProof\" style=\"text-align: justify;\"><span style=\"font-family: helvetica, arial, sans-serif;\">Sobre la competencia que va a tener con<strong> De Arrascaeta,<\/strong> mencion\u00f3: \u00abArrascaeta es un jugador diferente. Tambi\u00e9n es un gran jugador. Sabemos qui\u00e9n es y de lo que es capaz desde hace muchos a\u00f1os. Estoy aqu\u00ed para aportar mi granito de arena\u201d.<\/span><\/div>\n<div><\/div>\n<div class=\"x_elementToProof\" style=\"text-align: justify;\"><span style=\"font-family: helvetica, arial, sans-serif;\">Carrascal no est\u00e1 habilitado para medirse a <strong>Atl\u00e9tico MG<\/strong> por los octavos de final de la<strong> Copa de Brasil,<\/strong> por no haber sido inscrito a tiempo. S\u00ed estar\u00e1 disponible para el juego por el <strong>Brasileirao<\/strong> ante <strong>Mirassol.<\/strong><\/span><\/div>\n<div><\/div>\n<div><\/div>\n","protected":false},"excerpt":{"rendered":"<p>Jorge Carrascal fue anunciado este lunes 4 de agosto como nuevo futbolista de Flamengo, tras haber llegado al equipo el domingo. El cartagenero lleg\u00f3 procedente de Dinamo de Mosc\u00fa, club que no puso para nada f\u00e1cil la negociaci\u00f3n. \u201cHab\u00eda otros clubes interesados, pero en mi cabeza, y a mi familia y amigos, siempre les dec\u00eda [&hellip;]<\/p>\n","protected":false},"author":4,"featured_media":121608,"comment_status":"open","ping_status":"closed","sticky":false,"template":"","format":"standard","meta":{"_acf_changed":false,"footnotes":""},"categories":[152],"tags":[],"class_list":{"0":"post-121607","1":"post","2":"type-post","3":"status-publish","4":"format-standard","5":"has-post-thumbnail","7":"category-mundo-futbol"},"acf":[],"_links":{"self":[{"href":"https:\/\/futbolhoy.co\/index.php\/wp-json\/wp\/v2\/posts\/121607","targetHints":{"allow":["GET"]}}],"collection":[{"href":"https:\/\/futbolhoy.co\/index.php\/wp-json\/wp\/v2\/posts"}],"about":[{"href":"https:\/\/futbolhoy.co\/index.php\/wp-json\/wp\/v2\/types\/post"}],"author":[{"embeddable":true,"href":"https:\/\/futbolhoy.co\/index.php\/wp-json\/wp\/v2\/users\/4"}],"replies":[{"embeddable":true,"href":"https:\/\/futbolhoy.co\/index.php\/wp-json\/wp\/v2\/comments?post=121607"}],"version-history":[{"count":3,"href":"https:\/\/futbolhoy.co\/index.php\/wp-json\/wp\/v2\/posts\/121607\/revisions"}],"predecessor-version":[{"id":121611,"href":"https:\/\/futbolhoy.co\/index.php\/wp-json\/wp\/v2\/posts\/121607\/revisions\/121611"}],"wp:featuredmedia":[{"embeddable":true,"href":"https:\/\/futbolhoy.co\/index.php\/wp-json\/wp\/v2\/media\/121608"}],"wp:attachment":[{"href":"https:\/\/futbolhoy.co\/index.php\/wp-json\/wp\/v2\/media?parent=121607"}],"wp:term":[{"taxonomy":"category","embeddable":true,"href":"https:\/\/futbolhoy.co\/index.php\/wp-json\/wp\/v2\/categories?post=121607"},{"taxonomy":"post_tag","embeddable":true,"href":"https:\/\/futbolhoy.co\/index.php\/wp-json\/wp\/v2\/tags?post=121607"}],"curies":[{"name":"wp","href":"https:\/\/api.w.org\/{rel}","templated":true}]}}