{"id":121623,"date":"2025-08-05T09:02:31","date_gmt":"2025-08-05T14:02:31","guid":{"rendered":"https:\/\/futbolhoy.co\/?p=121623"},"modified":"2025-08-06T09:52:20","modified_gmt":"2025-08-06T14:52:20","slug":"daniel-arcila-da-el-salto-al-exterior-y-es-nuevo-jugador-de-leon-de-mexico","status":"publish","type":"post","link":"https:\/\/futbolhoy.co\/index.php\/2025\/08\/05\/daniel-arcila-da-el-salto-al-exterior-y-es-nuevo-jugador-de-leon-de-mexico\/","title":{"rendered":"Daniel Arcila da el salto al exterior y es nuevo jugador de Le\u00f3n de M\u00e9xico"},"content":{"rendered":"<p><span style=\"font-family: helvetica, arial, sans-serif;\">En el inicio del segundo semestre de la liga colombiana se produce una nueva transferencia al f\u00fatbol del exterior. <strong>Envigado<\/strong> se despidi\u00f3 de<strong> Daniel Felipe Arcila<\/strong>, volante creativo del equipo antioque\u00f1o que ser\u00e1 nuevo jugador de<strong> Le\u00f3n de M\u00e9xico<\/strong>.<\/span><\/p>\n<p><span style=\"font-family: helvetica, arial, sans-serif;\">Ante un anuncio sorpresivo del equipo del norte del continente se conoci\u00f3 que el centrocampista seguir\u00e1 su carrera en la <strong>Liga MX<\/strong>. En sus canales oficiales, el conjunto del estado de Le\u00f3n revel\u00f3<strong> el fichaje del jugador de 23 a\u00f1os.<\/strong><\/span><\/p>\n<blockquote class=\"instagram-media\" style=\"background: #FFF; border: 0; border-radius: 3px; box-shadow: 0 0 1px 0 rgba(0,0,0,0.5),0 1px 10px 0 rgba(0,0,0,0.15); margin: 1px; max-width: 540px; min-width: 326px; padding: 0; width: calc(100% - 2px);\" data-instgrm-captioned=\"\" data-instgrm-permalink=\"https:\/\/www.instagram.com\/reel\/DM88ULvM02m\/?utm_source=ig_embed&amp;utm_campaign=loading\" data-instgrm-version=\"14\">\n<div style=\"padding: 16px;\">\n<p>&nbsp;<\/p>\n<div style=\"display: flex; flex-direction: row; align-items: center;\">\n<div style=\"background-color: #f4f4f4; border-radius: 50%; flex-grow: 0; height: 40px; margin-right: 14px; width: 40px;\"><\/div>\n<div style=\"display: flex; flex-direction: column; flex-grow: 1; justify-content: center;\">\n<div style=\"background-color: #f4f4f4; border-radius: 4px; flex-grow: 0; height: 14px; margin-bottom: 6px; width: 100px;\"><\/div>\n<div style=\"background-color: #f4f4f4; border-radius: 4px; flex-grow: 0; height: 14px; width: 60px;\"><\/div>\n<\/div>\n<\/div>\n<div style=\"padding: 19% 0;\"><\/div>\n<div style=\"display: block; height: 50px; margin: 0 auto 12px; width: 50px;\"><\/div>\n<div style=\"padding-top: 8px;\">\n<div style=\"color: #3897f0; font-family: Arial,sans-serif; font-size: 14px; font-style: normal; font-weight: 550; line-height: 18px;\">Ver esta publicaci\u00f3n en Instagram<\/div>\n<\/div>\n<div style=\"padding: 12.5% 0;\"><\/div>\n<div style=\"display: flex; flex-direction: row; margin-bottom: 14px; align-items: center;\">\n<div>\n<div style=\"background-color: #f4f4f4; border-radius: 50%; height: 12.5px; width: 12.5px; transform: translateX(0px) translateY(7px);\"><\/div>\n<div style=\"background-color: #f4f4f4; height: 12.5px; transform: rotate(-45deg) translateX(3px) translateY(1px); width: 12.5px; flex-grow: 0; margin-right: 14px; margin-left: 2px;\"><\/div>\n<div style=\"background-color: #f4f4f4; border-radius: 50%; height: 12.5px; width: 12.5px; transform: translateX(9px) translateY(-18px);\"><\/div>\n<\/div>\n<div style=\"margin-left: 8px;\">\n<div style=\"background-color: #f4f4f4; border-radius: 50%; flex-grow: 0; height: 20px; width: 20px;\"><\/div>\n<div style=\"width: 0; height: 0; border-top: 2px solid transparent; border-left: 6px solid #f4f4f4; border-bottom: 2px solid transparent; transform: translateX(16px) translateY(-4px) rotate(30deg);\"><\/div>\n<\/div>\n<div style=\"margin-left: auto;\">\n<div style=\"width: 0px; border-top: 8px solid #F4F4F4; border-right: 8px solid transparent; transform: translateY(16px);\"><\/div>\n<div style=\"background-color: #f4f4f4; flex-grow: 0; height: 12px; width: 16px; transform: translateY(-4px);\"><\/div>\n<div style=\"width: 0; height: 0; border-top: 8px solid #F4F4F4; border-left: 8px solid transparent; transform: translateY(-4px) translateX(8px);\"><\/div>\n<\/div>\n<\/div>\n<div style=\"display: flex; flex-direction: column; flex-grow: 1; justify-content: center; margin-bottom: 24px;\">\n<div style=\"background-color: #f4f4f4; border-radius: 4px; flex-grow: 0; height: 14px; margin-bottom: 6px; width: 224px;\"><\/div>\n<div style=\"background-color: #f4f4f4; border-radius: 4px; flex-grow: 0; height: 14px; width: 144px;\"><\/div>\n<\/div>\n<p>&nbsp;<\/p>\n<p style=\"color: #c9c8cd; font-family: Arial,sans-serif; font-size: 14px; line-height: 17px; margin-bottom: 0; margin-top: 8px; overflow: hidden; padding: 8px 0 7px; text-align: center; text-overflow: ellipsis; white-space: nowrap;\"><a style=\"color: #c9c8cd; font-family: Arial,sans-serif; font-size: 14px; font-style: normal; font-weight: normal; line-height: 17px; text-decoration: none;\" href=\"https:\/\/www.instagram.com\/reel\/DM88ULvM02m\/?utm_source=ig_embed&amp;utm_campaign=loading\" target=\"_blank\" rel=\"noopener\">Una publicaci\u00f3n compartida por Club Leo\u0301n (@clubleon_oficial)<\/a><\/p>\n<\/div>\n<\/blockquote>\n<p><script async src=\"\/\/www.instagram.com\/embed.js\"><\/script><\/p>\n<p><span style=\"font-family: helvetica, arial, sans-serif;\">El buen rendimiento en el rentado locla funcion\u00f3 para que el club del grupo Pachuca se fijara en Arcila. De acuerdo con <em>ESPN<\/em>, Le\u00f3n cerr\u00f3 el traspaso del jugador tolimense al adquirir<strong> el 70% de sus derechos deportivos<\/strong>, mientras que Envigado conserv\u00f3 el <strong>30% restante.<\/strong><\/span><\/p>\n<p><span style=\"font-family: helvetica, arial, sans-serif;\">Esta ser\u00e1 la primera experiencia internacional de Arcila que<strong> debut\u00f3 en Envigado en 2022<\/strong>. Tras su paso por el equipo antioque\u00f1o dej\u00f3 un saldo de<strong> 97 partidos jugados, 11 anotaciones y 5 asistencias.<\/strong><\/span><\/p>\n<p><span style=\"font-family: helvetica, arial, sans-serif;\">En el conjunto mexicano compartir\u00e1 plantel con el jugador de selecci\u00f3n Colombia, <strong>James Rodr\u00edguez, y Steven Barreiro.<\/strong> Si bien llega como una promesa, tendr\u00e1 que competir por buscar minutos y ser de los jugadores selectos por el t\u00e9cnico<strong> Eduardo Berizo<\/strong>.<\/span><\/p>\n","protected":false},"excerpt":{"rendered":"<p>En el inicio del segundo semestre de la liga colombiana se produce una nueva transferencia al f\u00fatbol del exterior. Envigado se despidi\u00f3 de Daniel Felipe Arcila, volante creativo del equipo antioque\u00f1o que ser\u00e1 nuevo jugador de Le\u00f3n de M\u00e9xico. Ante un anuncio sorpresivo del equipo del norte del continente se conoci\u00f3 que el centrocampista seguir\u00e1 [&hellip;]<\/p>\n","protected":false},"author":4,"featured_media":121624,"comment_status":"open","ping_status":"closed","sticky":false,"template":"","format":"standard","meta":{"_acf_changed":false,"footnotes":""},"categories":[152],"tags":[],"class_list":{"0":"post-121623","1":"post","2":"type-post","3":"status-publish","4":"format-standard","5":"has-post-thumbnail","7":"category-mundo-futbol"},"acf":[],"_links":{"self":[{"href":"https:\/\/futbolhoy.co\/index.php\/wp-json\/wp\/v2\/posts\/121623","targetHints":{"allow":["GET"]}}],"collection":[{"href":"https:\/\/futbolhoy.co\/index.php\/wp-json\/wp\/v2\/posts"}],"about":[{"href":"https:\/\/futbolhoy.co\/index.php\/wp-json\/wp\/v2\/types\/post"}],"author":[{"embeddable":true,"href":"https:\/\/futbolhoy.co\/index.php\/wp-json\/wp\/v2\/users\/4"}],"replies":[{"embeddable":true,"href":"https:\/\/futbolhoy.co\/index.php\/wp-json\/wp\/v2\/comments?post=121623"}],"version-history":[{"count":2,"href":"https:\/\/futbolhoy.co\/index.php\/wp-json\/wp\/v2\/posts\/121623\/revisions"}],"predecessor-version":[{"id":121661,"href":"https:\/\/futbolhoy.co\/index.php\/wp-json\/wp\/v2\/posts\/121623\/revisions\/121661"}],"wp:featuredmedia":[{"embeddable":true,"href":"https:\/\/futbolhoy.co\/index.php\/wp-json\/wp\/v2\/media\/121624"}],"wp:attachment":[{"href":"https:\/\/futbolhoy.co\/index.php\/wp-json\/wp\/v2\/media?parent=121623"}],"wp:term":[{"taxonomy":"category","embeddable":true,"href":"https:\/\/futbolhoy.co\/index.php\/wp-json\/wp\/v2\/categories?post=121623"},{"taxonomy":"post_tag","embeddable":true,"href":"https:\/\/futbolhoy.co\/index.php\/wp-json\/wp\/v2\/tags?post=121623"}],"curies":[{"name":"wp","href":"https:\/\/api.w.org\/{rel}","templated":true}]}}