{"id":121639,"date":"2025-08-05T22:38:55","date_gmt":"2025-08-06T03:38:55","guid":{"rendered":"https:\/\/futbolhoy.co\/?p=121639"},"modified":"2025-08-06T21:31:13","modified_gmt":"2025-08-07T02:31:13","slug":"santa-fe-se-mete-en-octavos-de-copa-betplay","status":"publish","type":"post","link":"https:\/\/futbolhoy.co\/index.php\/2025\/08\/05\/santa-fe-se-mete-en-octavos-de-copa-betplay\/","title":{"rendered":"Santa Fe se mete en octavos de Copa BetPlay"},"content":{"rendered":"<p class=\"p1\" style=\"text-align: justify;\"><span class=\"s1\" style=\"font-family: helvetica, arial, sans-serif;\">El campe\u00f3n de la Liga BetPlay no tuvo muchos problemas para avanzar a los octavos de final de la <strong>Copa BetPlay<\/strong>. El 2-0 de la ida en El Camp\u00edn le bast\u00f3 para clasificar.<\/span><\/p>\n<p class=\"p1\" style=\"text-align: justify;\"><span class=\"s1\" style=\"font-family: helvetica, arial, sans-serif;\">Ha sido claro el t\u00e9cnico <strong>Jorge Bava<\/strong> en optar por el bicampeonato y tambi\u00e9n pelear la Copa, por lo que no quiso dejar que sucediera una sorpresa ante Internacional de Palmira y aline\u00f3 a la mayor\u00eda de habituales.<\/span><\/p>\n<p class=\"p1\" style=\"text-align: justify;\"><span class=\"s1\" style=\"font-family: helvetica, arial, sans-serif;\">Eso s\u00ed, hubo espacio para que el argentino <strong>Marcelo Meli<\/strong> iniciara el compromiso, pero la rotaci\u00f3n no pas\u00f3 de ver a los de siempre.<\/span><\/p>\n<p class=\"p1\" style=\"text-align: justify;\"><span class=\"s1\" style=\"font-family: helvetica, arial, sans-serif;\">Al final fue un 0-0 en calidad de visitante con el que dan un paso en el camino al t\u00edtulo. Esperar\u00e1 rival, que saldr\u00e1 de Bucaramanga, Quind\u00edo, Envigado, Alianza, Atl\u00e9tico, Pasto, Pereira y Fortaleza.<\/span><\/p>\n","protected":false},"excerpt":{"rendered":"<p>El campe\u00f3n de la Liga BetPlay no tuvo muchos problemas para avanzar a los octavos de final de la Copa BetPlay. El 2-0 de la ida en El Camp\u00edn le bast\u00f3 para clasificar. Ha sido claro el t\u00e9cnico Jorge Bava en optar por el bicampeonato y tambi\u00e9n pelear la Copa, por lo que no quiso [&hellip;]<\/p>\n","protected":false},"author":4,"featured_media":121640,"comment_status":"open","ping_status":"closed","sticky":false,"template":"","format":"standard","meta":{"_acf_changed":false,"footnotes":""},"categories":[1162],"tags":[],"class_list":{"0":"post-121639","1":"post","2":"type-post","3":"status-publish","4":"format-standard","5":"has-post-thumbnail","7":"category-copa-betplay"},"acf":[],"_links":{"self":[{"href":"https:\/\/futbolhoy.co\/index.php\/wp-json\/wp\/v2\/posts\/121639","targetHints":{"allow":["GET"]}}],"collection":[{"href":"https:\/\/futbolhoy.co\/index.php\/wp-json\/wp\/v2\/posts"}],"about":[{"href":"https:\/\/futbolhoy.co\/index.php\/wp-json\/wp\/v2\/types\/post"}],"author":[{"embeddable":true,"href":"https:\/\/futbolhoy.co\/index.php\/wp-json\/wp\/v2\/users\/4"}],"replies":[{"embeddable":true,"href":"https:\/\/futbolhoy.co\/index.php\/wp-json\/wp\/v2\/comments?post=121639"}],"version-history":[{"count":1,"href":"https:\/\/futbolhoy.co\/index.php\/wp-json\/wp\/v2\/posts\/121639\/revisions"}],"predecessor-version":[{"id":121641,"href":"https:\/\/futbolhoy.co\/index.php\/wp-json\/wp\/v2\/posts\/121639\/revisions\/121641"}],"wp:featuredmedia":[{"embeddable":true,"href":"https:\/\/futbolhoy.co\/index.php\/wp-json\/wp\/v2\/media\/121640"}],"wp:attachment":[{"href":"https:\/\/futbolhoy.co\/index.php\/wp-json\/wp\/v2\/media?parent=121639"}],"wp:term":[{"taxonomy":"category","embeddable":true,"href":"https:\/\/futbolhoy.co\/index.php\/wp-json\/wp\/v2\/categories?post=121639"},{"taxonomy":"post_tag","embeddable":true,"href":"https:\/\/futbolhoy.co\/index.php\/wp-json\/wp\/v2\/tags?post=121639"}],"curies":[{"name":"wp","href":"https:\/\/api.w.org\/{rel}","templated":true}]}}