{"id":121687,"date":"2025-08-07T09:55:41","date_gmt":"2025-08-07T14:55:41","guid":{"rendered":"https:\/\/futbolhoy.co\/?p=121687"},"modified":"2025-08-08T15:46:23","modified_gmt":"2025-08-08T20:46:23","slug":"lista-de-nominados-al-balon-de-oro-linda-caicedo-en-la-pelea-por-el-trofeo-kopa","status":"publish","type":"post","link":"https:\/\/futbolhoy.co\/index.php\/2025\/08\/07\/lista-de-nominados-al-balon-de-oro-linda-caicedo-en-la-pelea-por-el-trofeo-kopa\/","title":{"rendered":"Lista de nominados al Bal\u00f3n de Oro: Linda Caicedo en la pelea por el Trofeo Kopa"},"content":{"rendered":"<p><span style=\"font-family: helvetica, arial, sans-serif;\">La revista<em> France Football<\/em> public\u00f3 la lista de <strong>30 futbolistas nominados al Bal\u00f3n de Oro 2025.<\/strong> A trav\u00e9s de sus canales oficiales, el organizador de los galardones anunci\u00f3 que el evento se realizar\u00e1 el<strong> lunes 22 de septiembre<\/strong> en el Teatro del Chatelet en Par\u00eds.<\/span><\/p>\n<p><span style=\"font-family: helvetica, arial, sans-serif;\">En el listado figuran nombres<strong> protagonistas de la temporada 2024-2025<\/strong> con figuras como <strong>Ousmane Dembel\u00e9 y Lamine Yamal.<\/strong> Adem\u00e1s de premiar al mejor jugador, tambi\u00e9n se entregar\u00e1 premios a los mejores<strong> t\u00e9cnicos, porteros y jugadores j\u00f3venes<\/strong> en la rama masculina y femenina.<\/span><\/p>\n<p><span style=\"font-family: helvetica, arial, sans-serif;\">El ranking de los mejores deportistas que esperan recibir el importante premio son:<\/span><\/p>\n<ul>\n<li><span style=\"font-family: helvetica, arial, sans-serif;\">Jude Bellingham - Real Madrid<\/span><\/li>\n<li><span style=\"font-family: helvetica, arial, sans-serif;\">Ousmane Demb\u00e9l\u00e9 - PSG<\/span><\/li>\n<li><span style=\"font-family: helvetica, arial, sans-serif;\">Gianluigi Donnarumma - PSG<\/span><\/li>\n<li><span style=\"font-family: helvetica, arial, sans-serif;\">D\u00e9sir\u00e9 Dou\u00e9 - PSG<\/span><\/li>\n<li><span style=\"font-family: helvetica, arial, sans-serif;\">Denzel Dumfries - Inter de Mil\u00e1n<\/span><\/li>\n<li><span style=\"font-family: helvetica, arial, sans-serif;\">Serhou Guirassy - Boruss\u00eda Dortmund<\/span><\/li>\n<li><span style=\"font-family: helvetica, arial, sans-serif;\">Viktor Gy\u00f6keres - Sporting de Lisboa \/ Arsenal<\/span><\/li>\n<li><span style=\"font-family: helvetica, arial, sans-serif;\">Erling Haaland - Manchester City<\/span><\/li>\n<li><span style=\"font-family: helvetica, arial, sans-serif;\">Achraf Hakimi - PSG<\/span><\/li>\n<li><span style=\"font-family: helvetica, arial, sans-serif;\">Harry Kane - Bayern M\u00fanich<\/span><\/li>\n<li><span style=\"font-family: helvetica, arial, sans-serif;\">Kvicha Kvaratskhelia - PSG<\/span><\/li>\n<li><span style=\"font-family: helvetica, arial, sans-serif;\">Robert Lewandowski - Barcelona<\/span><\/li>\n<li><span style=\"font-family: helvetica, arial, sans-serif;\">Alexis Mac Allister - Liverpool<\/span><\/li>\n<li><span style=\"font-family: helvetica, arial, sans-serif;\">Lautaro Mart\u00ednez - Inter de Mil\u00e1n <\/span><\/li>\n<li><span style=\"font-family: helvetica, arial, sans-serif;\">Scott McTominay - N\u00e1poli<\/span><\/li>\n<li><span style=\"font-family: helvetica, arial, sans-serif;\">Kylian Mbapp\u00e9 - Real Madrid<\/span><\/li>\n<li><span style=\"font-family: helvetica, arial, sans-serif;\">Nuno Mendes - PSG<\/span><\/li>\n<li><span style=\"font-family: helvetica, arial, sans-serif;\">Joao Neves - PSG<\/span><\/li>\n<li><span style=\"font-family: helvetica, arial, sans-serif;\">Pedri - Barcelona<\/span><\/li>\n<li><span style=\"font-family: helvetica, arial, sans-serif;\">Cole Palmer - Chelsea<\/span><\/li>\n<li><span style=\"font-family: helvetica, arial, sans-serif;\">Michael Olise - Bayern M\u00fanich<\/span><\/li>\n<li><span style=\"font-family: helvetica, arial, sans-serif;\">Raphinha - Barcelona<\/span><\/li>\n<li><span style=\"font-family: helvetica, arial, sans-serif;\">Declan Rice - Arsenal<\/span><\/li>\n<li><span style=\"font-family: helvetica, arial, sans-serif;\">Fabi\u00e1n Ruiz - PSG<\/span><\/li>\n<li><span style=\"font-family: helvetica, arial, sans-serif;\">Virgil Van Dijk - Liverpool<\/span><\/li>\n<li><span style=\"font-family: helvetica, arial, sans-serif;\">Vinicius Jr. - Real Madrid<\/span><\/li>\n<li><span style=\"font-family: helvetica, arial, sans-serif;\">Mohamed Salah - Liverpool<\/span><\/li>\n<li><span style=\"font-family: helvetica, arial, sans-serif;\">Florian Wirtz - Bayer Leverkusen \/ Liverpool<\/span><\/li>\n<li><span style=\"font-family: helvetica, arial, sans-serif;\">Vitinha - PSG<\/span><\/li>\n<li><span style=\"font-family: helvetica, arial, sans-serif;\">Lamine Yamal - Barcelona<\/span><\/li>\n<\/ul>\n<blockquote class=\"twitter-tweet\">\n<p dir=\"ltr\" lang=\"en\">Here are the 2025 Ballon d'Or nominees!<a href=\"https:\/\/twitter.com\/hashtag\/ballondor?src=hash&amp;ref_src=twsrc%5Etfw\">#ballondor<\/a> <a href=\"https:\/\/t.co\/tehmbU4R0j\">pic.twitter.com\/tehmbU4R0j<\/a><\/p>\n<p>\u2014 Ballon d'Or (@ballondor) <a href=\"https:\/\/twitter.com\/ballondor\/status\/1953448057237872779?ref_src=twsrc%5Etfw\">August 7, 2025<\/a><\/p><\/blockquote>\n<p><script async src=\"https:\/\/platform.twitter.com\/widgets.js\" charset=\"utf-8\"><\/script><\/p>\n<p><span style=\"font-family: helvetica, arial, sans-serif;\">Colombia dice presente en estos reconocimientos con <strong>Linda Caicedo<\/strong>, quien fue nominada en el <strong>premio<\/strong> <strong>Kopa<\/strong>. Se trata del premio que se le entrega a<strong> la mejor futbolista sub-21 del mundo.<\/strong><\/span><\/p>\n<p><span style=\"font-family: helvetica, arial, sans-serif;\">La deportista de Real Madrid comparte nominaci\u00f3n con <strong>Michelle Agyemang<\/strong> (Inglaterra) de Arsenal, <strong>Wieke Kaptein<\/strong> (Pa\u00edses Bajos) de Chelsea,<strong> Vicky L\u00f3pez<\/strong> (Espa\u00f1a) de Barcelona y <strong>Claudia Mart\u00ednez<\/strong> (Paraguay) de Olimpia.<\/span><\/p>\n<blockquote class=\"twitter-tweet\">\n<p dir=\"ltr\" lang=\"en\">Here are our 2025 Kopa Trophy nominees! <a href=\"https:\/\/twitter.com\/hashtag\/ballondor?src=hash&amp;ref_src=twsrc%5Etfw\">#ballondor<\/a> <a href=\"https:\/\/t.co\/N9SqGPrhmH\">pic.twitter.com\/N9SqGPrhmH<\/a><\/p>\n<p>\u2014 Ballon d'Or (@ballondor) <a href=\"https:\/\/twitter.com\/ballondor\/status\/1953410577092554843?ref_src=twsrc%5Etfw\">August 7, 2025<\/a><\/p><\/blockquote>\n<p><script async src=\"https:\/\/platform.twitter.com\/widgets.js\" charset=\"utf-8\"><\/script><\/p>\n","protected":false},"excerpt":{"rendered":"<p>La revista France Football public\u00f3 la lista de 30 futbolistas nominados al Bal\u00f3n de Oro 2025. A trav\u00e9s de sus canales oficiales, el organizador de los galardones anunci\u00f3 que el evento se realizar\u00e1 el lunes 22 de septiembre en el Teatro del Chatelet en Par\u00eds. En el listado figuran nombres protagonistas de la temporada 2024-2025 [&hellip;]<\/p>\n","protected":false},"author":4,"featured_media":121688,"comment_status":"open","ping_status":"open","sticky":false,"template":"","format":"standard","meta":{"_acf_changed":false,"footnotes":""},"categories":[152],"tags":[],"class_list":{"0":"post-121687","1":"post","2":"type-post","3":"status-publish","4":"format-standard","5":"has-post-thumbnail","7":"category-mundo-futbol"},"acf":[],"yoast_head":"<!-- This site is optimized with the Yoast SEO plugin v26.8 - https:\/\/yoast.com\/product\/yoast-seo-wordpress\/ -->\n<title>Lista de nominados al Bal\u00f3n de Oro: Linda Caicedo en la pelea por el Trofeo Kopa -<\/title>\n<meta name=\"robots\" content=\"index, follow, max-snippet:-1, max-image-preview:large, max-video-preview:-1\" \/>\n<link rel=\"canonical\" href=\"https:\/\/futbolhoy.co\/index.php\/2025\/08\/07\/lista-de-nominados-al-balon-de-oro-linda-caicedo-en-la-pelea-por-el-trofeo-kopa\/\" \/>\n<meta property=\"og:locale\" content=\"es_ES\" \/>\n<meta property=\"og:type\" content=\"article\" \/>\n<meta property=\"og:title\" content=\"Lista de nominados al Bal\u00f3n de Oro: Linda Caicedo en la pelea por el Trofeo Kopa -\" \/>\n<meta property=\"og:description\" content=\"La revista France Football public\u00f3 la lista de 30 futbolistas nominados al Bal\u00f3n de Oro 2025. A trav\u00e9s de sus canales oficiales, el organizador de los galardones anunci\u00f3 que el evento se realizar\u00e1 el lunes 22 de septiembre en el Teatro del Chatelet en Par\u00eds. En el listado figuran nombres protagonistas de la temporada 2024-2025 [&hellip;]\" \/>\n<meta property=\"og:url\" content=\"https:\/\/futbolhoy.co\/index.php\/2025\/08\/07\/lista-de-nominados-al-balon-de-oro-linda-caicedo-en-la-pelea-por-el-trofeo-kopa\/\" \/>\n<meta property=\"article:publisher\" content=\"https:\/\/www.facebook.com\/FutbolHoyCol\/\" \/>\n<meta property=\"article:published_time\" content=\"2025-08-07T14:55:41+00:00\" \/>\n<meta property=\"article:modified_time\" content=\"2025-08-08T20:46:23+00:00\" \/>\n<meta property=\"og:image\" content=\"https:\/\/futbolhoy.co\/wp-content\/uploads\/2025\/08\/GxwETtDXUAAff1q.jpg\" \/>\n\t<meta property=\"og:image:width\" content=\"1200\" \/>\n\t<meta property=\"og:image:height\" content=\"775\" \/>\n\t<meta property=\"og:image:type\" content=\"image\/jpeg\" \/>\n<meta name=\"author\" content=\"contenido\" \/>\n<meta name=\"twitter:card\" content=\"summary_large_image\" \/>\n<meta name=\"twitter:creator\" content=\"@FutbolHoyCol\" \/>\n<meta name=\"twitter:site\" content=\"@FutbolHoyCol\" \/>\n<meta name=\"twitter:label1\" content=\"Escrito por\" \/>\n\t<meta name=\"twitter:data1\" content=\"contenido\" \/>\n\t<meta name=\"twitter:label2\" content=\"Tiempo de lectura\" \/>\n\t<meta name=\"twitter:data2\" content=\"2 minutos\" \/>\n<script type=\"application\/ld+json\" class=\"yoast-schema-graph\">{\"@context\":\"https:\/\/schema.org\",\"@graph\":[{\"@type\":\"Article\",\"@id\":\"https:\/\/futbolhoy.co\/index.php\/2025\/08\/07\/lista-de-nominados-al-balon-de-oro-linda-caicedo-en-la-pelea-por-el-trofeo-kopa\/#article\",\"isPartOf\":{\"@id\":\"https:\/\/futbolhoy.co\/index.php\/2025\/08\/07\/lista-de-nominados-al-balon-de-oro-linda-caicedo-en-la-pelea-por-el-trofeo-kopa\/\"},\"author\":{\"name\":\"contenido\",\"@id\":\"https:\/\/futbolhoy.co\/#\/schema\/person\/1721b69355b6623eaff15ac7b92d4cc3\"},\"headline\":\"Lista de nominados al Bal\u00f3n de Oro: Linda Caicedo en la pelea por el Trofeo Kopa\",\"datePublished\":\"2025-08-07T14:55:41+00:00\",\"dateModified\":\"2025-08-08T20:46:23+00:00\",\"mainEntityOfPage\":{\"@id\":\"https:\/\/futbolhoy.co\/index.php\/2025\/08\/07\/lista-de-nominados-al-balon-de-oro-linda-caicedo-en-la-pelea-por-el-trofeo-kopa\/\"},\"wordCount\":366,\"commentCount\":0,\"publisher\":{\"@id\":\"https:\/\/futbolhoy.co\/#organization\"},\"image\":{\"@id\":\"https:\/\/futbolhoy.co\/index.php\/2025\/08\/07\/lista-de-nominados-al-balon-de-oro-linda-caicedo-en-la-pelea-por-el-trofeo-kopa\/#primaryimage\"},\"thumbnailUrl\":\"https:\/\/futbolhoy.co\/wp-content\/uploads\/2025\/08\/GxwETtDXUAAff1q.jpg\",\"articleSection\":[\"Mundo Futbol\"],\"inLanguage\":\"es\",\"potentialAction\":[{\"@type\":\"CommentAction\",\"name\":\"Comment\",\"target\":[\"https:\/\/futbolhoy.co\/index.php\/2025\/08\/07\/lista-de-nominados-al-balon-de-oro-linda-caicedo-en-la-pelea-por-el-trofeo-kopa\/#respond\"]}]},{\"@type\":\"WebPage\",\"@id\":\"https:\/\/futbolhoy.co\/index.php\/2025\/08\/07\/lista-de-nominados-al-balon-de-oro-linda-caicedo-en-la-pelea-por-el-trofeo-kopa\/\",\"url\":\"https:\/\/futbolhoy.co\/index.php\/2025\/08\/07\/lista-de-nominados-al-balon-de-oro-linda-caicedo-en-la-pelea-por-el-trofeo-kopa\/\",\"name\":\"Lista de nominados al Bal\u00f3n de Oro: Linda Caicedo en la pelea por el Trofeo Kopa -\",\"isPartOf\":{\"@id\":\"https:\/\/futbolhoy.co\/#website\"},\"primaryImageOfPage\":{\"@id\":\"https:\/\/futbolhoy.co\/index.php\/2025\/08\/07\/lista-de-nominados-al-balon-de-oro-linda-caicedo-en-la-pelea-por-el-trofeo-kopa\/#primaryimage\"},\"image\":{\"@id\":\"https:\/\/futbolhoy.co\/index.php\/2025\/08\/07\/lista-de-nominados-al-balon-de-oro-linda-caicedo-en-la-pelea-por-el-trofeo-kopa\/#primaryimage\"},\"thumbnailUrl\":\"https:\/\/futbolhoy.co\/wp-content\/uploads\/2025\/08\/GxwETtDXUAAff1q.jpg\",\"datePublished\":\"2025-08-07T14:55:41+00:00\",\"dateModified\":\"2025-08-08T20:46:23+00:00\",\"breadcrumb\":{\"@id\":\"https:\/\/futbolhoy.co\/index.php\/2025\/08\/07\/lista-de-nominados-al-balon-de-oro-linda-caicedo-en-la-pelea-por-el-trofeo-kopa\/#breadcrumb\"},\"inLanguage\":\"es\",\"potentialAction\":[{\"@type\":\"ReadAction\",\"target\":[\"https:\/\/futbolhoy.co\/index.php\/2025\/08\/07\/lista-de-nominados-al-balon-de-oro-linda-caicedo-en-la-pelea-por-el-trofeo-kopa\/\"]}]},{\"@type\":\"ImageObject\",\"inLanguage\":\"es\",\"@id\":\"https:\/\/futbolhoy.co\/index.php\/2025\/08\/07\/lista-de-nominados-al-balon-de-oro-linda-caicedo-en-la-pelea-por-el-trofeo-kopa\/#primaryimage\",\"url\":\"https:\/\/futbolhoy.co\/wp-content\/uploads\/2025\/08\/GxwETtDXUAAff1q.jpg\",\"contentUrl\":\"https:\/\/futbolhoy.co\/wp-content\/uploads\/2025\/08\/GxwETtDXUAAff1q.jpg\",\"width\":1200,\"height\":775,\"caption\":\"Imagen: @ballondor\"},{\"@type\":\"BreadcrumbList\",\"@id\":\"https:\/\/futbolhoy.co\/index.php\/2025\/08\/07\/lista-de-nominados-al-balon-de-oro-linda-caicedo-en-la-pelea-por-el-trofeo-kopa\/#breadcrumb\",\"itemListElement\":[{\"@type\":\"ListItem\",\"position\":1,\"name\":\"Portada\",\"item\":\"https:\/\/futbolhoy.co\/\"},{\"@type\":\"ListItem\",\"position\":2,\"name\":\"Lista de nominados al Bal\u00f3n de Oro: Linda Caicedo en la pelea por el Trofeo Kopa\"}]},{\"@type\":\"WebSite\",\"@id\":\"https:\/\/futbolhoy.co\/#website\",\"url\":\"https:\/\/futbolhoy.co\/\",\"name\":\"FutbolHoy\",\"description\":\"\",\"publisher\":{\"@id\":\"https:\/\/futbolhoy.co\/#organization\"},\"potentialAction\":[{\"@type\":\"SearchAction\",\"target\":{\"@type\":\"EntryPoint\",\"urlTemplate\":\"https:\/\/futbolhoy.co\/?s={search_term_string}\"},\"query-input\":{\"@type\":\"PropertyValueSpecification\",\"valueRequired\":true,\"valueName\":\"search_term_string\"}}],\"inLanguage\":\"es\"},{\"@type\":\"Organization\",\"@id\":\"https:\/\/futbolhoy.co\/#organization\",\"name\":\"Futbolhoy.co\",\"url\":\"https:\/\/futbolhoy.co\/\",\"logo\":{\"@type\":\"ImageObject\",\"inLanguage\":\"es\",\"@id\":\"https:\/\/futbolhoy.co\/#\/schema\/logo\/image\/\",\"url\":\"https:\/\/futbolhoy.co\/wp-content\/uploads\/2018\/08\/17426380_1906371736249227_6326180412931521141_n.jpg\",\"contentUrl\":\"https:\/\/futbolhoy.co\/wp-content\/uploads\/2018\/08\/17426380_1906371736249227_6326180412931521141_n.jpg\",\"width\":960,\"height\":960,\"caption\":\"Futbolhoy.co\"},\"image\":{\"@id\":\"https:\/\/futbolhoy.co\/#\/schema\/logo\/image\/\"},\"sameAs\":[\"https:\/\/www.facebook.com\/FutbolHoyCol\/\",\"https:\/\/x.com\/FutbolHoyCol\",\"https:\/\/www.instagram.com\/futbolhoycol\/\"]},{\"@type\":\"Person\",\"@id\":\"https:\/\/futbolhoy.co\/#\/schema\/person\/1721b69355b6623eaff15ac7b92d4cc3\",\"name\":\"contenido\",\"image\":{\"@type\":\"ImageObject\",\"inLanguage\":\"es\",\"@id\":\"https:\/\/futbolhoy.co\/#\/schema\/person\/image\/\",\"url\":\"https:\/\/secure.gravatar.com\/avatar\/4f656d3256f5134f466206e7c3941518?s=96&d=mm&r=g\",\"contentUrl\":\"https:\/\/secure.gravatar.com\/avatar\/4f656d3256f5134f466206e7c3941518?s=96&d=mm&r=g\",\"caption\":\"contenido\"}}]}<\/script>\n<!-- \/ Yoast SEO plugin. -->","yoast_head_json":{"title":"Lista de nominados al Bal\u00f3n de Oro: Linda Caicedo en la pelea por el Trofeo Kopa -","robots":{"index":"index","follow":"follow","max-snippet":"max-snippet:-1","max-image-preview":"max-image-preview:large","max-video-preview":"max-video-preview:-1"},"canonical":"https:\/\/futbolhoy.co\/index.php\/2025\/08\/07\/lista-de-nominados-al-balon-de-oro-linda-caicedo-en-la-pelea-por-el-trofeo-kopa\/","og_locale":"es_ES","og_type":"article","og_title":"Lista de nominados al Bal\u00f3n de Oro: Linda Caicedo en la pelea por el Trofeo Kopa -","og_description":"La revista France Football public\u00f3 la lista de 30 futbolistas nominados al Bal\u00f3n de Oro 2025. A trav\u00e9s de sus canales oficiales, el organizador de los galardones anunci\u00f3 que el evento se realizar\u00e1 el lunes 22 de septiembre en el Teatro del Chatelet en Par\u00eds. En el listado figuran nombres protagonistas de la temporada 2024-2025 [&hellip;]","og_url":"https:\/\/futbolhoy.co\/index.php\/2025\/08\/07\/lista-de-nominados-al-balon-de-oro-linda-caicedo-en-la-pelea-por-el-trofeo-kopa\/","article_publisher":"https:\/\/www.facebook.com\/FutbolHoyCol\/","article_published_time":"2025-08-07T14:55:41+00:00","article_modified_time":"2025-08-08T20:46:23+00:00","og_image":[{"width":1200,"height":775,"url":"https:\/\/futbolhoy.co\/wp-content\/uploads\/2025\/08\/GxwETtDXUAAff1q.jpg","type":"image\/jpeg"}],"author":"contenido","twitter_card":"summary_large_image","twitter_creator":"@FutbolHoyCol","twitter_site":"@FutbolHoyCol","twitter_misc":{"Escrito por":"contenido","Tiempo de lectura":"2 minutos"},"schema":{"@context":"https:\/\/schema.org","@graph":[{"@type":"Article","@id":"https:\/\/futbolhoy.co\/index.php\/2025\/08\/07\/lista-de-nominados-al-balon-de-oro-linda-caicedo-en-la-pelea-por-el-trofeo-kopa\/#article","isPartOf":{"@id":"https:\/\/futbolhoy.co\/index.php\/2025\/08\/07\/lista-de-nominados-al-balon-de-oro-linda-caicedo-en-la-pelea-por-el-trofeo-kopa\/"},"author":{"name":"contenido","@id":"https:\/\/futbolhoy.co\/#\/schema\/person\/1721b69355b6623eaff15ac7b92d4cc3"},"headline":"Lista de nominados al Bal\u00f3n de Oro: Linda Caicedo en la pelea por el Trofeo Kopa","datePublished":"2025-08-07T14:55:41+00:00","dateModified":"2025-08-08T20:46:23+00:00","mainEntityOfPage":{"@id":"https:\/\/futbolhoy.co\/index.php\/2025\/08\/07\/lista-de-nominados-al-balon-de-oro-linda-caicedo-en-la-pelea-por-el-trofeo-kopa\/"},"wordCount":366,"commentCount":0,"publisher":{"@id":"https:\/\/futbolhoy.co\/#organization"},"image":{"@id":"https:\/\/futbolhoy.co\/index.php\/2025\/08\/07\/lista-de-nominados-al-balon-de-oro-linda-caicedo-en-la-pelea-por-el-trofeo-kopa\/#primaryimage"},"thumbnailUrl":"https:\/\/futbolhoy.co\/wp-content\/uploads\/2025\/08\/GxwETtDXUAAff1q.jpg","articleSection":["Mundo Futbol"],"inLanguage":"es","potentialAction":[{"@type":"CommentAction","name":"Comment","target":["https:\/\/futbolhoy.co\/index.php\/2025\/08\/07\/lista-de-nominados-al-balon-de-oro-linda-caicedo-en-la-pelea-por-el-trofeo-kopa\/#respond"]}]},{"@type":"WebPage","@id":"https:\/\/futbolhoy.co\/index.php\/2025\/08\/07\/lista-de-nominados-al-balon-de-oro-linda-caicedo-en-la-pelea-por-el-trofeo-kopa\/","url":"https:\/\/futbolhoy.co\/index.php\/2025\/08\/07\/lista-de-nominados-al-balon-de-oro-linda-caicedo-en-la-pelea-por-el-trofeo-kopa\/","name":"Lista de nominados al Bal\u00f3n de Oro: Linda Caicedo en la pelea por el Trofeo Kopa -","isPartOf":{"@id":"https:\/\/futbolhoy.co\/#website"},"primaryImageOfPage":{"@id":"https:\/\/futbolhoy.co\/index.php\/2025\/08\/07\/lista-de-nominados-al-balon-de-oro-linda-caicedo-en-la-pelea-por-el-trofeo-kopa\/#primaryimage"},"image":{"@id":"https:\/\/futbolhoy.co\/index.php\/2025\/08\/07\/lista-de-nominados-al-balon-de-oro-linda-caicedo-en-la-pelea-por-el-trofeo-kopa\/#primaryimage"},"thumbnailUrl":"https:\/\/futbolhoy.co\/wp-content\/uploads\/2025\/08\/GxwETtDXUAAff1q.jpg","datePublished":"2025-08-07T14:55:41+00:00","dateModified":"2025-08-08T20:46:23+00:00","breadcrumb":{"@id":"https:\/\/futbolhoy.co\/index.php\/2025\/08\/07\/lista-de-nominados-al-balon-de-oro-linda-caicedo-en-la-pelea-por-el-trofeo-kopa\/#breadcrumb"},"inLanguage":"es","potentialAction":[{"@type":"ReadAction","target":["https:\/\/futbolhoy.co\/index.php\/2025\/08\/07\/lista-de-nominados-al-balon-de-oro-linda-caicedo-en-la-pelea-por-el-trofeo-kopa\/"]}]},{"@type":"ImageObject","inLanguage":"es","@id":"https:\/\/futbolhoy.co\/index.php\/2025\/08\/07\/lista-de-nominados-al-balon-de-oro-linda-caicedo-en-la-pelea-por-el-trofeo-kopa\/#primaryimage","url":"https:\/\/futbolhoy.co\/wp-content\/uploads\/2025\/08\/GxwETtDXUAAff1q.jpg","contentUrl":"https:\/\/futbolhoy.co\/wp-content\/uploads\/2025\/08\/GxwETtDXUAAff1q.jpg","width":1200,"height":775,"caption":"Imagen: @ballondor"},{"@type":"BreadcrumbList","@id":"https:\/\/futbolhoy.co\/index.php\/2025\/08\/07\/lista-de-nominados-al-balon-de-oro-linda-caicedo-en-la-pelea-por-el-trofeo-kopa\/#breadcrumb","itemListElement":[{"@type":"ListItem","position":1,"name":"Portada","item":"https:\/\/futbolhoy.co\/"},{"@type":"ListItem","position":2,"name":"Lista de nominados al Bal\u00f3n de Oro: Linda Caicedo en la pelea por el Trofeo Kopa"}]},{"@type":"WebSite","@id":"https:\/\/futbolhoy.co\/#website","url":"https:\/\/futbolhoy.co\/","name":"FutbolHoy","description":"","publisher":{"@id":"https:\/\/futbolhoy.co\/#organization"},"potentialAction":[{"@type":"SearchAction","target":{"@type":"EntryPoint","urlTemplate":"https:\/\/futbolhoy.co\/?s={search_term_string}"},"query-input":{"@type":"PropertyValueSpecification","valueRequired":true,"valueName":"search_term_string"}}],"inLanguage":"es"},{"@type":"Organization","@id":"https:\/\/futbolhoy.co\/#organization","name":"Futbolhoy.co","url":"https:\/\/futbolhoy.co\/","logo":{"@type":"ImageObject","inLanguage":"es","@id":"https:\/\/futbolhoy.co\/#\/schema\/logo\/image\/","url":"https:\/\/futbolhoy.co\/wp-content\/uploads\/2018\/08\/17426380_1906371736249227_6326180412931521141_n.jpg","contentUrl":"https:\/\/futbolhoy.co\/wp-content\/uploads\/2018\/08\/17426380_1906371736249227_6326180412931521141_n.jpg","width":960,"height":960,"caption":"Futbolhoy.co"},"image":{"@id":"https:\/\/futbolhoy.co\/#\/schema\/logo\/image\/"},"sameAs":["https:\/\/www.facebook.com\/FutbolHoyCol\/","https:\/\/x.com\/FutbolHoyCol","https:\/\/www.instagram.com\/futbolhoycol\/"]},{"@type":"Person","@id":"https:\/\/futbolhoy.co\/#\/schema\/person\/1721b69355b6623eaff15ac7b92d4cc3","name":"contenido","image":{"@type":"ImageObject","inLanguage":"es","@id":"https:\/\/futbolhoy.co\/#\/schema\/person\/image\/","url":"https:\/\/secure.gravatar.com\/avatar\/4f656d3256f5134f466206e7c3941518?s=96&d=mm&r=g","contentUrl":"https:\/\/secure.gravatar.com\/avatar\/4f656d3256f5134f466206e7c3941518?s=96&d=mm&r=g","caption":"contenido"}}]}},"publishpress_future_action":{"enabled":false,"date":"2026-05-03 04:38:24","action":"change-status","newStatus":"draft","terms":[],"taxonomy":"category","extraData":[]},"publishpress_future_workflow_manual_trigger":{"enabledWorkflows":[]},"_links":{"self":[{"href":"https:\/\/futbolhoy.co\/index.php\/wp-json\/wp\/v2\/posts\/121687","targetHints":{"allow":["GET"]}}],"collection":[{"href":"https:\/\/futbolhoy.co\/index.php\/wp-json\/wp\/v2\/posts"}],"about":[{"href":"https:\/\/futbolhoy.co\/index.php\/wp-json\/wp\/v2\/types\/post"}],"author":[{"embeddable":true,"href":"https:\/\/futbolhoy.co\/index.php\/wp-json\/wp\/v2\/users\/4"}],"replies":[{"embeddable":true,"href":"https:\/\/futbolhoy.co\/index.php\/wp-json\/wp\/v2\/comments?post=121687"}],"version-history":[{"count":1,"href":"https:\/\/futbolhoy.co\/index.php\/wp-json\/wp\/v2\/posts\/121687\/revisions"}],"predecessor-version":[{"id":121689,"href":"https:\/\/futbolhoy.co\/index.php\/wp-json\/wp\/v2\/posts\/121687\/revisions\/121689"}],"wp:featuredmedia":[{"embeddable":true,"href":"https:\/\/futbolhoy.co\/index.php\/wp-json\/wp\/v2\/media\/121688"}],"wp:attachment":[{"href":"https:\/\/futbolhoy.co\/index.php\/wp-json\/wp\/v2\/media?parent=121687"}],"wp:term":[{"taxonomy":"category","embeddable":true,"href":"https:\/\/futbolhoy.co\/index.php\/wp-json\/wp\/v2\/categories?post=121687"},{"taxonomy":"post_tag","embeddable":true,"href":"https:\/\/futbolhoy.co\/index.php\/wp-json\/wp\/v2\/tags?post=121687"}],"curies":[{"name":"wp","href":"https:\/\/api.w.org\/{rel}","templated":true}]}}