{"id":121690,"date":"2025-08-07T10:45:05","date_gmt":"2025-08-07T15:45:05","guid":{"rendered":"https:\/\/futbolhoy.co\/?p=121690"},"modified":"2025-08-08T18:08:28","modified_gmt":"2025-08-08T23:08:28","slug":"fifa-actualizo-ranking-del-futbol-femenino-colombia-quedo-dentro-del-top-20","status":"publish","type":"post","link":"https:\/\/futbolhoy.co\/index.php\/2025\/08\/07\/fifa-actualizo-ranking-del-futbol-femenino-colombia-quedo-dentro-del-top-20\/","title":{"rendered":"FIFA actualiz\u00f3 ranking del f\u00fatbol femenino: Colombia qued\u00f3 dentro del top 20"},"content":{"rendered":"<p><span style=\"font-family: helvetica, arial, sans-serif;\">LA FIFA actualiz\u00f3 el listado de <strong>las mejores selecciones del f\u00fatbol femenino<\/strong> el jueves 7 de agosto. En el verano de 2025 se disputaron dos competencias importantes en t\u00e9rminos continentales: <strong>la Eurocopa en Suiza y la Copa Am\u00e9rica en Ecuador.<\/strong><\/span><\/p>\n<p><span style=\"font-family: helvetica, arial, sans-serif;\"><strong>Inglaterra<\/strong> <strong>super\u00f3 a Espa\u00f1a 3-1<\/strong> en los cobros desde el punto penal, luego de empatar 1-1 en el tiempo regular. Por su parte,<strong> Brasil venci\u00f3 a Colombia 5-4<\/strong> en la misma v\u00eda del punto blanco y levant\u00f3 su noveno t\u00edtulo del campeonato.<\/span><\/p>\n<p><span style=\"font-family: helvetica, arial, sans-serif;\">Quien lidera el actual ranking es la<strong> selecci\u00f3n espa\u00f1ola <\/strong>con <strong>2066.79<\/strong> puntos<strong>.<\/strong> <strong>Estados Unidos<\/strong> est\u00e1 en el segundo lugar con 2065.06 unidades, y <strong>Suecia<\/strong> cierra el podio con <strong>2025.26<\/strong>.<\/span><\/p>\n<p><span style=\"font-family: helvetica, arial, sans-serif;\">Al levantar el trofeo en Europa,<strong> el conjunto ingl\u00e9s qued\u00f3 en la cuarta casilla<\/strong> con un puntaje de 2022.64. <strong>Brasil<\/strong> baj\u00f3 tres lugares en el listado pese a ganar la Copa Am\u00e9rica, quedando as\u00ed en el <strong>s\u00e9ptimo lugar<\/strong> con <strong>1976.3 puntos.<\/strong><\/span><\/p>\n<p><span style=\"font-family: helvetica, arial, sans-serif;\">Desde que empez\u00f3 el torneo continental hasta su llegada a la final, Colombia registr\u00f3 un saldo de <strong>2 victorias y 4 empates.<\/strong> Estos resultados le dieron un puntaje total de<strong> 1796.71 unidades<\/strong> para quedar en la <strong>posici\u00f3n 18<\/strong>.<\/span><\/p>\n<p><strong><span style=\"font-family: helvetica, arial, sans-serif;\">Ranking FIFA de selecciones femeninas:<\/span><\/strong><\/p>\n<table style=\"border-collapse: collapse; width: 100%; height: 341px;\">\n<tbody>\n<tr style=\"height: 26px;\">\n<td style=\"width: 29.885%; height: 26px;\"><strong><span style=\"font-family: helvetica, arial, sans-serif;\">Posici\u00f3n<\/span><\/strong><\/td>\n<td style=\"width: 37.6437%; height: 26px;\"><strong><span style=\"font-family: helvetica, arial, sans-serif;\">Equipo<\/span><\/strong><\/td>\n<td style=\"width: 32.4712%; height: 26px;\"><strong><span style=\"font-family: helvetica, arial, sans-serif;\">Puntaje<\/span><\/strong><\/td>\n<\/tr>\n<tr style=\"height: 26px;\">\n<td style=\"width: 29.885%; height: 26px;\"><span style=\"font-family: helvetica, arial, sans-serif;\">1.<\/span><\/td>\n<td style=\"width: 37.6437%; height: 26px;\"><span style=\"font-family: helvetica, arial, sans-serif;\">Espa\u00f1a<\/span><\/td>\n<td style=\"width: 32.4712%; height: 26px;\"><span style=\"font-family: helvetica, arial, sans-serif;\">2066.79<\/span><\/td>\n<\/tr>\n<tr style=\"height: 26px;\">\n<td style=\"width: 29.885%; height: 26px;\"><span style=\"font-family: helvetica, arial, sans-serif;\">2.<\/span><\/td>\n<td style=\"width: 37.6437%; height: 26px;\"><span style=\"font-family: helvetica, arial, sans-serif;\">Estados Unidos<\/span><\/td>\n<td style=\"width: 32.4712%; height: 26px;\"><span style=\"font-family: helvetica, arial, sans-serif;\">2065.06 <\/span><\/td>\n<\/tr>\n<tr style=\"height: 26px;\">\n<td style=\"width: 29.885%; height: 26px;\"><span style=\"font-family: helvetica, arial, sans-serif;\">3.<\/span><\/td>\n<td style=\"width: 37.6437%; height: 26px;\"><span style=\"font-family: helvetica, arial, sans-serif;\">Suecia<\/span><\/td>\n<td style=\"width: 32.4712%; height: 26px;\"><span style=\"font-family: helvetica, arial, sans-serif;\">2025.26<\/span><\/td>\n<\/tr>\n<tr style=\"height: 26px;\">\n<td style=\"width: 29.885%; height: 26px;\"><span style=\"font-family: helvetica, arial, sans-serif;\">7.<\/span><\/td>\n<td style=\"width: 37.6437%; height: 26px;\"><span style=\"font-family: helvetica, arial, sans-serif;\">Brasil<\/span><\/td>\n<td style=\"width: 32.4712%; height: 26px;\"><span style=\"font-family: helvetica, arial, sans-serif;\">1976.3<\/span><\/td>\n<\/tr>\n<tr style=\"height: 26px;\">\n<td style=\"width: 29.885%; height: 26px;\"><strong><span style=\"font-family: helvetica, arial, sans-serif;\">18.<\/span><\/strong><\/td>\n<td style=\"width: 37.6437%; height: 26px;\"><strong><span style=\"font-family: helvetica, arial, sans-serif;\">Colombia<\/span><\/strong><\/td>\n<td style=\"width: 32.4712%; height: 26px;\"><strong><span style=\"font-family: helvetica, arial, sans-serif;\">1796.71<\/span><\/strong><\/td>\n<\/tr>\n<tr style=\"height: 26px;\">\n<td style=\"width: 29.885%; height: 26px;\"><span style=\"font-family: helvetica, arial, sans-serif;\">30.<\/span><\/td>\n<td style=\"width: 37.6437%; height: 26px;\"><span style=\"font-family: helvetica, arial, sans-serif;\">Argentina<\/span><\/td>\n<td style=\"width: 32.4712%; height: 26px;\"><span style=\"font-family: helvetica, arial, sans-serif;\">1675.43<\/span><\/td>\n<\/tr>\n<tr style=\"height: 26px;\">\n<td style=\"width: 29.885%; height: 26px;\"><span style=\"font-family: helvetica, arial, sans-serif;\">41.<\/span><\/td>\n<td style=\"width: 37.6437%; height: 26px;\"><span style=\"font-family: helvetica, arial, sans-serif;\">Paraguay<\/span><\/td>\n<td style=\"width: 32.4712%; height: 26px;\"><span style=\"font-family: helvetica, arial, sans-serif;\">1540.7<\/span><\/td>\n<\/tr>\n<tr style=\"height: 26px;\">\n<td style=\"width: 29.885%; height: 26px;\"><span style=\"font-family: helvetica, arial, sans-serif;\">45.<\/span><\/td>\n<td style=\"width: 37.6437%; height: 26px;\"><span style=\"font-family: helvetica, arial, sans-serif;\">Chile<\/span><\/td>\n<td style=\"width: 32.4712%; height: 26px;\"><span style=\"font-family: helvetica, arial, sans-serif;\">1516.53<\/span><\/td>\n<\/tr>\n<tr style=\"height: 27px;\">\n<td style=\"width: 29.885%; height: 27px;\"><span style=\"font-family: helvetica, arial, sans-serif;\">46.<\/span><\/td>\n<td style=\"width: 37.6437%; height: 27px;\"><span style=\"font-family: helvetica, arial, sans-serif;\">Venezuela<\/span><\/td>\n<td style=\"width: 32.4712%; height: 27px;\"><span style=\"font-family: helvetica, arial, sans-serif;\">1504.65<\/span><\/td>\n<\/tr>\n<tr style=\"height: 27px;\">\n<td style=\"width: 29.885%; height: 27px;\"><span style=\"font-family: helvetica, arial, sans-serif;\">55.<\/span><\/td>\n<td style=\"width: 37.6437%; height: 27px;\"><span style=\"font-family: helvetica, arial, sans-serif;\">Uruguay<\/span><\/td>\n<td style=\"width: 32.4712%; height: 27px;\"><span style=\"font-family: helvetica, arial, sans-serif;\">1459.36<\/span><\/td>\n<\/tr>\n<tr style=\"height: 27px;\">\n<td style=\"width: 29.885%; height: 27px;\"><span style=\"font-family: helvetica, arial, sans-serif;\">69.<\/span><\/td>\n<td style=\"width: 37.6437%; height: 27px;\"><span style=\"font-family: helvetica, arial, sans-serif;\">Ecuador<\/span><\/td>\n<td style=\"width: 32.4712%; height: 27px;\"><span style=\"font-family: helvetica, arial, sans-serif;\">1374.53<\/span><\/td>\n<\/tr>\n<\/tbody>\n<\/table>\n","protected":false},"excerpt":{"rendered":"<p>LA FIFA actualiz\u00f3 el listado de las mejores selecciones del f\u00fatbol femenino el jueves 7 de agosto. En el verano de 2025 se disputaron dos competencias importantes en t\u00e9rminos continentales: la Eurocopa en Suiza y la Copa Am\u00e9rica en Ecuador. Inglaterra super\u00f3 a Espa\u00f1a 3-1 en los cobros desde el punto penal, luego de empatar [&hellip;]<\/p>\n","protected":false},"author":4,"featured_media":121691,"comment_status":"open","ping_status":"open","sticky":false,"template":"","format":"standard","meta":{"_acf_changed":false,"footnotes":""},"categories":[418],"tags":[],"class_list":{"0":"post-121690","1":"post","2":"type-post","3":"status-publish","4":"format-standard","5":"has-post-thumbnail","7":"category-colombia"},"acf":[],"yoast_head":"<!-- This site is optimized with the Yoast SEO plugin v26.8 - https:\/\/yoast.com\/product\/yoast-seo-wordpress\/ -->\n<title>FIFA actualiz\u00f3 ranking del f\u00fatbol femenino: Colombia qued\u00f3 dentro del top 20 -<\/title>\n<meta name=\"robots\" content=\"index, follow, max-snippet:-1, max-image-preview:large, max-video-preview:-1\" \/>\n<link rel=\"canonical\" href=\"https:\/\/futbolhoy.co\/index.php\/2025\/08\/07\/fifa-actualizo-ranking-del-futbol-femenino-colombia-quedo-dentro-del-top-20\/\" \/>\n<meta property=\"og:locale\" content=\"es_ES\" \/>\n<meta property=\"og:type\" content=\"article\" \/>\n<meta property=\"og:title\" content=\"FIFA actualiz\u00f3 ranking del f\u00fatbol femenino: Colombia qued\u00f3 dentro del top 20 -\" \/>\n<meta property=\"og:description\" content=\"LA FIFA actualiz\u00f3 el listado de las mejores selecciones del f\u00fatbol femenino el jueves 7 de agosto. En el verano de 2025 se disputaron dos competencias importantes en t\u00e9rminos continentales: la Eurocopa en Suiza y la Copa Am\u00e9rica en Ecuador. Inglaterra super\u00f3 a Espa\u00f1a 3-1 en los cobros desde el punto penal, luego de empatar [&hellip;]\" \/>\n<meta property=\"og:url\" content=\"https:\/\/futbolhoy.co\/index.php\/2025\/08\/07\/fifa-actualizo-ranking-del-futbol-femenino-colombia-quedo-dentro-del-top-20\/\" \/>\n<meta property=\"article:publisher\" content=\"https:\/\/www.facebook.com\/FutbolHoyCol\/\" \/>\n<meta property=\"article:published_time\" content=\"2025-08-07T15:45:05+00:00\" \/>\n<meta property=\"article:modified_time\" content=\"2025-08-08T23:08:28+00:00\" \/>\n<meta property=\"og:image\" content=\"https:\/\/futbolhoy.co\/wp-content\/uploads\/2025\/08\/Gsb8tDXXMAAs_4W.jpg\" \/>\n\t<meta property=\"og:image:width\" content=\"1022\" \/>\n\t<meta property=\"og:image:height\" content=\"813\" \/>\n\t<meta property=\"og:image:type\" content=\"image\/jpeg\" \/>\n<meta name=\"author\" content=\"contenido\" \/>\n<meta name=\"twitter:card\" content=\"summary_large_image\" \/>\n<meta name=\"twitter:creator\" content=\"@FutbolHoyCol\" \/>\n<meta name=\"twitter:site\" content=\"@FutbolHoyCol\" \/>\n<meta name=\"twitter:label1\" content=\"Escrito por\" \/>\n\t<meta name=\"twitter:data1\" content=\"contenido\" \/>\n\t<meta name=\"twitter:label2\" content=\"Tiempo de lectura\" \/>\n\t<meta name=\"twitter:data2\" content=\"1 minuto\" \/>\n<script type=\"application\/ld+json\" class=\"yoast-schema-graph\">{\"@context\":\"https:\/\/schema.org\",\"@graph\":[{\"@type\":\"Article\",\"@id\":\"https:\/\/futbolhoy.co\/index.php\/2025\/08\/07\/fifa-actualizo-ranking-del-futbol-femenino-colombia-quedo-dentro-del-top-20\/#article\",\"isPartOf\":{\"@id\":\"https:\/\/futbolhoy.co\/index.php\/2025\/08\/07\/fifa-actualizo-ranking-del-futbol-femenino-colombia-quedo-dentro-del-top-20\/\"},\"author\":{\"name\":\"contenido\",\"@id\":\"https:\/\/futbolhoy.co\/#\/schema\/person\/1721b69355b6623eaff15ac7b92d4cc3\"},\"headline\":\"FIFA actualiz\u00f3 ranking del f\u00fatbol femenino: Colombia qued\u00f3 dentro del top 20\",\"datePublished\":\"2025-08-07T15:45:05+00:00\",\"dateModified\":\"2025-08-08T23:08:28+00:00\",\"mainEntityOfPage\":{\"@id\":\"https:\/\/futbolhoy.co\/index.php\/2025\/08\/07\/fifa-actualizo-ranking-del-futbol-femenino-colombia-quedo-dentro-del-top-20\/\"},\"wordCount\":225,\"commentCount\":0,\"publisher\":{\"@id\":\"https:\/\/futbolhoy.co\/#organization\"},\"image\":{\"@id\":\"https:\/\/futbolhoy.co\/index.php\/2025\/08\/07\/fifa-actualizo-ranking-del-futbol-femenino-colombia-quedo-dentro-del-top-20\/#primaryimage\"},\"thumbnailUrl\":\"https:\/\/futbolhoy.co\/wp-content\/uploads\/2025\/08\/Gsb8tDXXMAAs_4W.jpg\",\"articleSection\":[\"Colombia\"],\"inLanguage\":\"es\",\"potentialAction\":[{\"@type\":\"CommentAction\",\"name\":\"Comment\",\"target\":[\"https:\/\/futbolhoy.co\/index.php\/2025\/08\/07\/fifa-actualizo-ranking-del-futbol-femenino-colombia-quedo-dentro-del-top-20\/#respond\"]}]},{\"@type\":\"WebPage\",\"@id\":\"https:\/\/futbolhoy.co\/index.php\/2025\/08\/07\/fifa-actualizo-ranking-del-futbol-femenino-colombia-quedo-dentro-del-top-20\/\",\"url\":\"https:\/\/futbolhoy.co\/index.php\/2025\/08\/07\/fifa-actualizo-ranking-del-futbol-femenino-colombia-quedo-dentro-del-top-20\/\",\"name\":\"FIFA actualiz\u00f3 ranking del f\u00fatbol femenino: Colombia qued\u00f3 dentro del top 20 -\",\"isPartOf\":{\"@id\":\"https:\/\/futbolhoy.co\/#website\"},\"primaryImageOfPage\":{\"@id\":\"https:\/\/futbolhoy.co\/index.php\/2025\/08\/07\/fifa-actualizo-ranking-del-futbol-femenino-colombia-quedo-dentro-del-top-20\/#primaryimage\"},\"image\":{\"@id\":\"https:\/\/futbolhoy.co\/index.php\/2025\/08\/07\/fifa-actualizo-ranking-del-futbol-femenino-colombia-quedo-dentro-del-top-20\/#primaryimage\"},\"thumbnailUrl\":\"https:\/\/futbolhoy.co\/wp-content\/uploads\/2025\/08\/Gsb8tDXXMAAs_4W.jpg\",\"datePublished\":\"2025-08-07T15:45:05+00:00\",\"dateModified\":\"2025-08-08T23:08:28+00:00\",\"breadcrumb\":{\"@id\":\"https:\/\/futbolhoy.co\/index.php\/2025\/08\/07\/fifa-actualizo-ranking-del-futbol-femenino-colombia-quedo-dentro-del-top-20\/#breadcrumb\"},\"inLanguage\":\"es\",\"potentialAction\":[{\"@type\":\"ReadAction\",\"target\":[\"https:\/\/futbolhoy.co\/index.php\/2025\/08\/07\/fifa-actualizo-ranking-del-futbol-femenino-colombia-quedo-dentro-del-top-20\/\"]}]},{\"@type\":\"ImageObject\",\"inLanguage\":\"es\",\"@id\":\"https:\/\/futbolhoy.co\/index.php\/2025\/08\/07\/fifa-actualizo-ranking-del-futbol-femenino-colombia-quedo-dentro-del-top-20\/#primaryimage\",\"url\":\"https:\/\/futbolhoy.co\/wp-content\/uploads\/2025\/08\/Gsb8tDXXMAAs_4W.jpg\",\"contentUrl\":\"https:\/\/futbolhoy.co\/wp-content\/uploads\/2025\/08\/Gsb8tDXXMAAs_4W.jpg\",\"width\":1022,\"height\":813,\"caption\":\"Imagen: @FCFSeleccionCol\"},{\"@type\":\"BreadcrumbList\",\"@id\":\"https:\/\/futbolhoy.co\/index.php\/2025\/08\/07\/fifa-actualizo-ranking-del-futbol-femenino-colombia-quedo-dentro-del-top-20\/#breadcrumb\",\"itemListElement\":[{\"@type\":\"ListItem\",\"position\":1,\"name\":\"Portada\",\"item\":\"https:\/\/futbolhoy.co\/\"},{\"@type\":\"ListItem\",\"position\":2,\"name\":\"FIFA actualiz\u00f3 ranking del f\u00fatbol femenino: Colombia qued\u00f3 dentro del top 20\"}]},{\"@type\":\"WebSite\",\"@id\":\"https:\/\/futbolhoy.co\/#website\",\"url\":\"https:\/\/futbolhoy.co\/\",\"name\":\"FutbolHoy\",\"description\":\"\",\"publisher\":{\"@id\":\"https:\/\/futbolhoy.co\/#organization\"},\"potentialAction\":[{\"@type\":\"SearchAction\",\"target\":{\"@type\":\"EntryPoint\",\"urlTemplate\":\"https:\/\/futbolhoy.co\/?s={search_term_string}\"},\"query-input\":{\"@type\":\"PropertyValueSpecification\",\"valueRequired\":true,\"valueName\":\"search_term_string\"}}],\"inLanguage\":\"es\"},{\"@type\":\"Organization\",\"@id\":\"https:\/\/futbolhoy.co\/#organization\",\"name\":\"Futbolhoy.co\",\"url\":\"https:\/\/futbolhoy.co\/\",\"logo\":{\"@type\":\"ImageObject\",\"inLanguage\":\"es\",\"@id\":\"https:\/\/futbolhoy.co\/#\/schema\/logo\/image\/\",\"url\":\"https:\/\/futbolhoy.co\/wp-content\/uploads\/2018\/08\/17426380_1906371736249227_6326180412931521141_n.jpg\",\"contentUrl\":\"https:\/\/futbolhoy.co\/wp-content\/uploads\/2018\/08\/17426380_1906371736249227_6326180412931521141_n.jpg\",\"width\":960,\"height\":960,\"caption\":\"Futbolhoy.co\"},\"image\":{\"@id\":\"https:\/\/futbolhoy.co\/#\/schema\/logo\/image\/\"},\"sameAs\":[\"https:\/\/www.facebook.com\/FutbolHoyCol\/\",\"https:\/\/x.com\/FutbolHoyCol\",\"https:\/\/www.instagram.com\/futbolhoycol\/\"]},{\"@type\":\"Person\",\"@id\":\"https:\/\/futbolhoy.co\/#\/schema\/person\/1721b69355b6623eaff15ac7b92d4cc3\",\"name\":\"contenido\",\"image\":{\"@type\":\"ImageObject\",\"inLanguage\":\"es\",\"@id\":\"https:\/\/futbolhoy.co\/#\/schema\/person\/image\/\",\"url\":\"https:\/\/secure.gravatar.com\/avatar\/4f656d3256f5134f466206e7c3941518?s=96&d=mm&r=g\",\"contentUrl\":\"https:\/\/secure.gravatar.com\/avatar\/4f656d3256f5134f466206e7c3941518?s=96&d=mm&r=g\",\"caption\":\"contenido\"}}]}<\/script>\n<!-- \/ Yoast SEO plugin. -->","yoast_head_json":{"title":"FIFA actualiz\u00f3 ranking del f\u00fatbol femenino: Colombia qued\u00f3 dentro del top 20 -","robots":{"index":"index","follow":"follow","max-snippet":"max-snippet:-1","max-image-preview":"max-image-preview:large","max-video-preview":"max-video-preview:-1"},"canonical":"https:\/\/futbolhoy.co\/index.php\/2025\/08\/07\/fifa-actualizo-ranking-del-futbol-femenino-colombia-quedo-dentro-del-top-20\/","og_locale":"es_ES","og_type":"article","og_title":"FIFA actualiz\u00f3 ranking del f\u00fatbol femenino: Colombia qued\u00f3 dentro del top 20 -","og_description":"LA FIFA actualiz\u00f3 el listado de las mejores selecciones del f\u00fatbol femenino el jueves 7 de agosto. En el verano de 2025 se disputaron dos competencias importantes en t\u00e9rminos continentales: la Eurocopa en Suiza y la Copa Am\u00e9rica en Ecuador. Inglaterra super\u00f3 a Espa\u00f1a 3-1 en los cobros desde el punto penal, luego de empatar [&hellip;]","og_url":"https:\/\/futbolhoy.co\/index.php\/2025\/08\/07\/fifa-actualizo-ranking-del-futbol-femenino-colombia-quedo-dentro-del-top-20\/","article_publisher":"https:\/\/www.facebook.com\/FutbolHoyCol\/","article_published_time":"2025-08-07T15:45:05+00:00","article_modified_time":"2025-08-08T23:08:28+00:00","og_image":[{"width":1022,"height":813,"url":"https:\/\/futbolhoy.co\/wp-content\/uploads\/2025\/08\/Gsb8tDXXMAAs_4W.jpg","type":"image\/jpeg"}],"author":"contenido","twitter_card":"summary_large_image","twitter_creator":"@FutbolHoyCol","twitter_site":"@FutbolHoyCol","twitter_misc":{"Escrito por":"contenido","Tiempo de lectura":"1 minuto"},"schema":{"@context":"https:\/\/schema.org","@graph":[{"@type":"Article","@id":"https:\/\/futbolhoy.co\/index.php\/2025\/08\/07\/fifa-actualizo-ranking-del-futbol-femenino-colombia-quedo-dentro-del-top-20\/#article","isPartOf":{"@id":"https:\/\/futbolhoy.co\/index.php\/2025\/08\/07\/fifa-actualizo-ranking-del-futbol-femenino-colombia-quedo-dentro-del-top-20\/"},"author":{"name":"contenido","@id":"https:\/\/futbolhoy.co\/#\/schema\/person\/1721b69355b6623eaff15ac7b92d4cc3"},"headline":"FIFA actualiz\u00f3 ranking del f\u00fatbol femenino: Colombia qued\u00f3 dentro del top 20","datePublished":"2025-08-07T15:45:05+00:00","dateModified":"2025-08-08T23:08:28+00:00","mainEntityOfPage":{"@id":"https:\/\/futbolhoy.co\/index.php\/2025\/08\/07\/fifa-actualizo-ranking-del-futbol-femenino-colombia-quedo-dentro-del-top-20\/"},"wordCount":225,"commentCount":0,"publisher":{"@id":"https:\/\/futbolhoy.co\/#organization"},"image":{"@id":"https:\/\/futbolhoy.co\/index.php\/2025\/08\/07\/fifa-actualizo-ranking-del-futbol-femenino-colombia-quedo-dentro-del-top-20\/#primaryimage"},"thumbnailUrl":"https:\/\/futbolhoy.co\/wp-content\/uploads\/2025\/08\/Gsb8tDXXMAAs_4W.jpg","articleSection":["Colombia"],"inLanguage":"es","potentialAction":[{"@type":"CommentAction","name":"Comment","target":["https:\/\/futbolhoy.co\/index.php\/2025\/08\/07\/fifa-actualizo-ranking-del-futbol-femenino-colombia-quedo-dentro-del-top-20\/#respond"]}]},{"@type":"WebPage","@id":"https:\/\/futbolhoy.co\/index.php\/2025\/08\/07\/fifa-actualizo-ranking-del-futbol-femenino-colombia-quedo-dentro-del-top-20\/","url":"https:\/\/futbolhoy.co\/index.php\/2025\/08\/07\/fifa-actualizo-ranking-del-futbol-femenino-colombia-quedo-dentro-del-top-20\/","name":"FIFA actualiz\u00f3 ranking del f\u00fatbol femenino: Colombia qued\u00f3 dentro del top 20 -","isPartOf":{"@id":"https:\/\/futbolhoy.co\/#website"},"primaryImageOfPage":{"@id":"https:\/\/futbolhoy.co\/index.php\/2025\/08\/07\/fifa-actualizo-ranking-del-futbol-femenino-colombia-quedo-dentro-del-top-20\/#primaryimage"},"image":{"@id":"https:\/\/futbolhoy.co\/index.php\/2025\/08\/07\/fifa-actualizo-ranking-del-futbol-femenino-colombia-quedo-dentro-del-top-20\/#primaryimage"},"thumbnailUrl":"https:\/\/futbolhoy.co\/wp-content\/uploads\/2025\/08\/Gsb8tDXXMAAs_4W.jpg","datePublished":"2025-08-07T15:45:05+00:00","dateModified":"2025-08-08T23:08:28+00:00","breadcrumb":{"@id":"https:\/\/futbolhoy.co\/index.php\/2025\/08\/07\/fifa-actualizo-ranking-del-futbol-femenino-colombia-quedo-dentro-del-top-20\/#breadcrumb"},"inLanguage":"es","potentialAction":[{"@type":"ReadAction","target":["https:\/\/futbolhoy.co\/index.php\/2025\/08\/07\/fifa-actualizo-ranking-del-futbol-femenino-colombia-quedo-dentro-del-top-20\/"]}]},{"@type":"ImageObject","inLanguage":"es","@id":"https:\/\/futbolhoy.co\/index.php\/2025\/08\/07\/fifa-actualizo-ranking-del-futbol-femenino-colombia-quedo-dentro-del-top-20\/#primaryimage","url":"https:\/\/futbolhoy.co\/wp-content\/uploads\/2025\/08\/Gsb8tDXXMAAs_4W.jpg","contentUrl":"https:\/\/futbolhoy.co\/wp-content\/uploads\/2025\/08\/Gsb8tDXXMAAs_4W.jpg","width":1022,"height":813,"caption":"Imagen: @FCFSeleccionCol"},{"@type":"BreadcrumbList","@id":"https:\/\/futbolhoy.co\/index.php\/2025\/08\/07\/fifa-actualizo-ranking-del-futbol-femenino-colombia-quedo-dentro-del-top-20\/#breadcrumb","itemListElement":[{"@type":"ListItem","position":1,"name":"Portada","item":"https:\/\/futbolhoy.co\/"},{"@type":"ListItem","position":2,"name":"FIFA actualiz\u00f3 ranking del f\u00fatbol femenino: Colombia qued\u00f3 dentro del top 20"}]},{"@type":"WebSite","@id":"https:\/\/futbolhoy.co\/#website","url":"https:\/\/futbolhoy.co\/","name":"FutbolHoy","description":"","publisher":{"@id":"https:\/\/futbolhoy.co\/#organization"},"potentialAction":[{"@type":"SearchAction","target":{"@type":"EntryPoint","urlTemplate":"https:\/\/futbolhoy.co\/?s={search_term_string}"},"query-input":{"@type":"PropertyValueSpecification","valueRequired":true,"valueName":"search_term_string"}}],"inLanguage":"es"},{"@type":"Organization","@id":"https:\/\/futbolhoy.co\/#organization","name":"Futbolhoy.co","url":"https:\/\/futbolhoy.co\/","logo":{"@type":"ImageObject","inLanguage":"es","@id":"https:\/\/futbolhoy.co\/#\/schema\/logo\/image\/","url":"https:\/\/futbolhoy.co\/wp-content\/uploads\/2018\/08\/17426380_1906371736249227_6326180412931521141_n.jpg","contentUrl":"https:\/\/futbolhoy.co\/wp-content\/uploads\/2018\/08\/17426380_1906371736249227_6326180412931521141_n.jpg","width":960,"height":960,"caption":"Futbolhoy.co"},"image":{"@id":"https:\/\/futbolhoy.co\/#\/schema\/logo\/image\/"},"sameAs":["https:\/\/www.facebook.com\/FutbolHoyCol\/","https:\/\/x.com\/FutbolHoyCol","https:\/\/www.instagram.com\/futbolhoycol\/"]},{"@type":"Person","@id":"https:\/\/futbolhoy.co\/#\/schema\/person\/1721b69355b6623eaff15ac7b92d4cc3","name":"contenido","image":{"@type":"ImageObject","inLanguage":"es","@id":"https:\/\/futbolhoy.co\/#\/schema\/person\/image\/","url":"https:\/\/secure.gravatar.com\/avatar\/4f656d3256f5134f466206e7c3941518?s=96&d=mm&r=g","contentUrl":"https:\/\/secure.gravatar.com\/avatar\/4f656d3256f5134f466206e7c3941518?s=96&d=mm&r=g","caption":"contenido"}}]}},"publishpress_future_action":{"enabled":false,"date":"2026-05-03 04:38:13","action":"change-status","newStatus":"draft","terms":[],"taxonomy":"category","extraData":[]},"publishpress_future_workflow_manual_trigger":{"enabledWorkflows":[]},"_links":{"self":[{"href":"https:\/\/futbolhoy.co\/index.php\/wp-json\/wp\/v2\/posts\/121690","targetHints":{"allow":["GET"]}}],"collection":[{"href":"https:\/\/futbolhoy.co\/index.php\/wp-json\/wp\/v2\/posts"}],"about":[{"href":"https:\/\/futbolhoy.co\/index.php\/wp-json\/wp\/v2\/types\/post"}],"author":[{"embeddable":true,"href":"https:\/\/futbolhoy.co\/index.php\/wp-json\/wp\/v2\/users\/4"}],"replies":[{"embeddable":true,"href":"https:\/\/futbolhoy.co\/index.php\/wp-json\/wp\/v2\/comments?post=121690"}],"version-history":[{"count":1,"href":"https:\/\/futbolhoy.co\/index.php\/wp-json\/wp\/v2\/posts\/121690\/revisions"}],"predecessor-version":[{"id":121692,"href":"https:\/\/futbolhoy.co\/index.php\/wp-json\/wp\/v2\/posts\/121690\/revisions\/121692"}],"wp:featuredmedia":[{"embeddable":true,"href":"https:\/\/futbolhoy.co\/index.php\/wp-json\/wp\/v2\/media\/121691"}],"wp:attachment":[{"href":"https:\/\/futbolhoy.co\/index.php\/wp-json\/wp\/v2\/media?parent=121690"}],"wp:term":[{"taxonomy":"category","embeddable":true,"href":"https:\/\/futbolhoy.co\/index.php\/wp-json\/wp\/v2\/categories?post=121690"},{"taxonomy":"post_tag","embeddable":true,"href":"https:\/\/futbolhoy.co\/index.php\/wp-json\/wp\/v2\/tags?post=121690"}],"curies":[{"name":"wp","href":"https:\/\/api.w.org\/{rel}","templated":true}]}}