{"id":121699,"date":"2025-08-08T09:27:26","date_gmt":"2025-08-08T14:27:26","guid":{"rendered":"https:\/\/futbolhoy.co\/?p=121699"},"modified":"2025-08-09T17:39:13","modified_gmt":"2025-08-09T22:39:13","slug":"vincent-kompany-elogio-a-luis-diaz-tras-su-primera-titularidad-con-bayern","status":"publish","type":"post","link":"https:\/\/futbolhoy.co\/index.php\/2025\/08\/08\/vincent-kompany-elogio-a-luis-diaz-tras-su-primera-titularidad-con-bayern\/","title":{"rendered":"Vincent Kompany elogi\u00f3 a Luis D\u00edaz tras su primera titularidad con Bayern"},"content":{"rendered":"<p><span style=\"font-family: helvetica, arial, sans-serif;\"><strong>Luis D\u00edaz<\/strong> sum\u00f3 su segundo partido con Bayern M\u00fanich en un partido m\u00e1s por la pretemporada en el f\u00fatbol europeo. El club alem\u00e1n <strong>gole\u00f3 4-0 a Tottenham Hotspur<\/strong> con la participaci\u00f3n del colombiano en 76 minutos de juego, sellando as\u00ed su primera titularidad.<\/span><\/p>\n<p><span style=\"font-family: helvetica, arial, sans-serif;\">Para el segundo tiempo, D\u00edaz sali\u00f3 en lugar del canterano de 16 a\u00f1os, <strong>Wisdom Mike<\/strong>. Al finalizar el partido, su entrenador,<strong> Vincent Kompany<\/strong>, se refiri\u00f3 sobre la presentaci\u00f3n del guajiro en el Allianz Arena al disputar su primer partido como inicialista.<\/span><\/p>\n<p><span style=\"font-family: helvetica, arial, sans-serif;\">\u201cS\u00ed, es un jugador de equipo, para el Bayern, eso es importante y<strong> definitivamente tenemos esa sensaci\u00f3n.<\/strong> Es muy parad\u00f3jico, porque en realidad<strong> es el m\u00e1s avanzado f\u00edsica y mentalmente<\/strong> (en los duelos). Tuvo una muy buena pretemporada en Liverpool, estuvo all\u00ed tres semanas. Pero, claro, es el que menos informaci\u00f3n ha recibido de todos.<strong> Solo queremos que se divierta en el partido, para que demostrara lo que puede hacer esta temporada<\/strong>\u201d, expres\u00f3 al medio local <em>Magenta TV<\/em>.<\/span><\/p>\n<p><span style=\"font-family: helvetica, arial, sans-serif;\">Si bien D\u00edaz no tuvo opciones claras frente al arco rival,<strong> particip\u00f3 en algunas jugadas de gol<\/strong>. Asimismo, baj\u00f3 hasta campo propi\u00f3 para colaborar en defensa y<strong> ayudar a recuperar la pelota.<\/strong><\/span><\/p>\n<p><span style=\"font-family: helvetica, arial, sans-serif;\">El pr\u00f3ximo encuentro de <strong>Bayern M\u00fanich<\/strong> ser\u00e1 el <strong>martes 12 de agosto a las 11:00 a.m.<\/strong> (hora Colombia) contra el <strong>Grasshopper de Suiza<\/strong>. Los alemanes se preparan para el inicio formal de la temporada 2025-2026 al enfrentar al <strong>Stuttgart<\/strong> por la <strong>Supercopa de Alemania<\/strong> el s\u00e1bado 16 de agosto.<\/span><\/p>\n","protected":false},"excerpt":{"rendered":"<p>Luis D\u00edaz sum\u00f3 su segundo partido con Bayern M\u00fanich en un partido m\u00e1s por la pretemporada en el f\u00fatbol europeo. El club alem\u00e1n gole\u00f3 4-0 a Tottenham Hotspur con la participaci\u00f3n del colombiano en 76 minutos de juego, sellando as\u00ed su primera titularidad. Para el segundo tiempo, D\u00edaz sali\u00f3 en lugar del canterano de 16 [&hellip;]<\/p>\n","protected":false},"author":4,"featured_media":121700,"comment_status":"open","ping_status":"closed","sticky":false,"template":"","format":"standard","meta":{"_acf_changed":false,"footnotes":""},"categories":[418],"tags":[],"class_list":{"0":"post-121699","1":"post","2":"type-post","3":"status-publish","4":"format-standard","5":"has-post-thumbnail","7":"category-colombia"},"acf":[],"_links":{"self":[{"href":"https:\/\/futbolhoy.co\/index.php\/wp-json\/wp\/v2\/posts\/121699","targetHints":{"allow":["GET"]}}],"collection":[{"href":"https:\/\/futbolhoy.co\/index.php\/wp-json\/wp\/v2\/posts"}],"about":[{"href":"https:\/\/futbolhoy.co\/index.php\/wp-json\/wp\/v2\/types\/post"}],"author":[{"embeddable":true,"href":"https:\/\/futbolhoy.co\/index.php\/wp-json\/wp\/v2\/users\/4"}],"replies":[{"embeddable":true,"href":"https:\/\/futbolhoy.co\/index.php\/wp-json\/wp\/v2\/comments?post=121699"}],"version-history":[{"count":1,"href":"https:\/\/futbolhoy.co\/index.php\/wp-json\/wp\/v2\/posts\/121699\/revisions"}],"predecessor-version":[{"id":121702,"href":"https:\/\/futbolhoy.co\/index.php\/wp-json\/wp\/v2\/posts\/121699\/revisions\/121702"}],"wp:featuredmedia":[{"embeddable":true,"href":"https:\/\/futbolhoy.co\/index.php\/wp-json\/wp\/v2\/media\/121700"}],"wp:attachment":[{"href":"https:\/\/futbolhoy.co\/index.php\/wp-json\/wp\/v2\/media?parent=121699"}],"wp:term":[{"taxonomy":"category","embeddable":true,"href":"https:\/\/futbolhoy.co\/index.php\/wp-json\/wp\/v2\/categories?post=121699"},{"taxonomy":"post_tag","embeddable":true,"href":"https:\/\/futbolhoy.co\/index.php\/wp-json\/wp\/v2\/tags?post=121699"}],"curies":[{"name":"wp","href":"https:\/\/api.w.org\/{rel}","templated":true}]}}