{"id":121959,"date":"2025-08-16T10:22:56","date_gmt":"2025-08-16T15:22:56","guid":{"rendered":"https:\/\/futbolhoy.co\/?p=121959"},"modified":"2025-08-17T17:19:11","modified_gmt":"2025-08-17T22:19:11","slug":"medellin-sera-la-sede-del-debut-de-colombia-en-la-liga-de-naciones-femenina","status":"publish","type":"post","link":"https:\/\/futbolhoy.co\/index.php\/2025\/08\/16\/medellin-sera-la-sede-del-debut-de-colombia-en-la-liga-de-naciones-femenina\/","title":{"rendered":"Medell\u00edn ser\u00e1 sede del debut de Colombia en la Liga de Naciones Femenina"},"content":{"rendered":"<p><span style=\"font-family: helvetica, arial, sans-serif;\">A partir de 2025 la Conmebol anunci\u00f3 el cambio de formato que regir\u00e1 para otorgar los<strong> cupos al Mundial femenino de la FIFA.<\/strong> Desde finales de octubre se comenzar\u00e1 a jugar la<strong> Liga de Naciones Femenina de Sudam\u00e9rica<\/strong>, tambi\u00e9n entendido como la eliminatoria para la cita orbital del f\u00fatbol de mujeres.<\/span><\/p>\n<p><span style=\"font-family: helvetica, arial, sans-serif;\">Este formato habilita dos cupos directos y dos cupos de repechaje al torneo que se realizar\u00e1 en <strong>Brasil en 2027.<\/strong> Entre octubre de 2025 y junio de 2026 se realizar\u00e1 este torneo para<strong> conocer los pa\u00edses clasificados al pr\u00f3ximo certamen.<\/strong><\/span><\/p>\n<p><span style=\"font-family: helvetica, arial, sans-serif;\">\"En el torneo participar\u00e1n nueve (de las 10) asociaciones miembro de la Conmebol, <strong>sumando un total de 36 partidos que reunir\u00e1n a las mejores selecciones femeninas de la regi\u00f3n<\/strong>, puesto que Brasil ya est\u00e1 clasificada por ser sede del campeonato\", indic\u00f3 la Federaci\u00f3n Colombiana de F\u00fatbol (FCF) en un comunicado.<\/span><\/p>\n<p><span style=\"font-family: helvetica, arial, sans-serif;\"><strong>El primer partido de Colombia en este torneo ser\u00e1 ante Per\u00fa el viernes 24 de octubre en<\/strong> la ciudad de <strong>Medell\u00edn<\/strong>. En esta ocasi\u00f3n, se escogi\u00f3 la capital antioque\u00f1a para albergar el debut del conjunto nacional que tener pr\u00f3ximos encuentros de este torneo en dem\u00e1s ciudades como<strong> Cali, Bogot\u00e1 o Bucaramanga<\/strong>, donde el p\u00fablico ha respondido con buenas asistencias.<\/span><\/p>\n","protected":false},"excerpt":{"rendered":"<p>A partir de 2025 la Conmebol anunci\u00f3 el cambio de formato que regir\u00e1 para otorgar los cupos al Mundial femenino de la FIFA. Desde finales de octubre se comenzar\u00e1 a jugar la Liga de Naciones Femenina de Sudam\u00e9rica, tambi\u00e9n entendido como la eliminatoria para la cita orbital del f\u00fatbol de mujeres. Este formato habilita dos [&hellip;]<\/p>\n","protected":false},"author":4,"featured_media":121960,"comment_status":"open","ping_status":"open","sticky":false,"template":"","format":"standard","meta":{"_acf_changed":false,"footnotes":""},"categories":[153],"tags":[],"class_list":{"0":"post-121959","1":"post","2":"type-post","3":"status-publish","4":"format-standard","5":"has-post-thumbnail","7":"category-selecion-colombia"},"acf":[],"yoast_head":"<!-- This site is optimized with the Yoast SEO plugin v26.8 - https:\/\/yoast.com\/product\/yoast-seo-wordpress\/ -->\n<title>Medell\u00edn ser\u00e1 sede del debut de Colombia en la Liga de Naciones Femenina -<\/title>\n<meta name=\"robots\" content=\"index, follow, max-snippet:-1, max-image-preview:large, max-video-preview:-1\" \/>\n<link rel=\"canonical\" href=\"https:\/\/futbolhoy.co\/index.php\/2025\/08\/16\/medellin-sera-la-sede-del-debut-de-colombia-en-la-liga-de-naciones-femenina\/\" \/>\n<meta property=\"og:locale\" content=\"es_ES\" \/>\n<meta property=\"og:type\" content=\"article\" \/>\n<meta property=\"og:title\" content=\"Medell\u00edn ser\u00e1 sede del debut de Colombia en la Liga de Naciones Femenina -\" \/>\n<meta property=\"og:description\" content=\"A partir de 2025 la Conmebol anunci\u00f3 el cambio de formato que regir\u00e1 para otorgar los cupos al Mundial femenino de la FIFA. Desde finales de octubre se comenzar\u00e1 a jugar la Liga de Naciones Femenina de Sudam\u00e9rica, tambi\u00e9n entendido como la eliminatoria para la cita orbital del f\u00fatbol de mujeres. Este formato habilita dos [&hellip;]\" \/>\n<meta property=\"og:url\" content=\"https:\/\/futbolhoy.co\/index.php\/2025\/08\/16\/medellin-sera-la-sede-del-debut-de-colombia-en-la-liga-de-naciones-femenina\/\" \/>\n<meta property=\"article:publisher\" content=\"https:\/\/www.facebook.com\/FutbolHoyCol\/\" \/>\n<meta property=\"article:published_time\" content=\"2025-08-16T15:22:56+00:00\" \/>\n<meta property=\"article:modified_time\" content=\"2025-08-17T22:19:11+00:00\" \/>\n<meta property=\"og:image\" content=\"https:\/\/futbolhoy.co\/wp-content\/uploads\/2025\/08\/509631640_17904514326195452_7845466919835445332_n.jpg\" \/>\n\t<meta property=\"og:image:width\" content=\"1080\" \/>\n\t<meta property=\"og:image:height\" content=\"804\" \/>\n\t<meta property=\"og:image:type\" content=\"image\/jpeg\" \/>\n<meta name=\"author\" content=\"contenido\" \/>\n<meta name=\"twitter:card\" content=\"summary_large_image\" \/>\n<meta name=\"twitter:creator\" content=\"@FutbolHoyCol\" \/>\n<meta name=\"twitter:site\" content=\"@FutbolHoyCol\" \/>\n<meta name=\"twitter:label1\" content=\"Escrito por\" \/>\n\t<meta name=\"twitter:data1\" content=\"contenido\" \/>\n\t<meta name=\"twitter:label2\" content=\"Tiempo de lectura\" \/>\n\t<meta name=\"twitter:data2\" content=\"1 minuto\" \/>\n<script type=\"application\/ld+json\" class=\"yoast-schema-graph\">{\"@context\":\"https:\/\/schema.org\",\"@graph\":[{\"@type\":\"Article\",\"@id\":\"https:\/\/futbolhoy.co\/index.php\/2025\/08\/16\/medellin-sera-la-sede-del-debut-de-colombia-en-la-liga-de-naciones-femenina\/#article\",\"isPartOf\":{\"@id\":\"https:\/\/futbolhoy.co\/index.php\/2025\/08\/16\/medellin-sera-la-sede-del-debut-de-colombia-en-la-liga-de-naciones-femenina\/\"},\"author\":{\"name\":\"contenido\",\"@id\":\"https:\/\/futbolhoy.co\/#\/schema\/person\/1721b69355b6623eaff15ac7b92d4cc3\"},\"headline\":\"Medell\u00edn ser\u00e1 sede del debut de Colombia en la Liga de Naciones Femenina\",\"datePublished\":\"2025-08-16T15:22:56+00:00\",\"dateModified\":\"2025-08-17T22:19:11+00:00\",\"mainEntityOfPage\":{\"@id\":\"https:\/\/futbolhoy.co\/index.php\/2025\/08\/16\/medellin-sera-la-sede-del-debut-de-colombia-en-la-liga-de-naciones-femenina\/\"},\"wordCount\":223,\"commentCount\":0,\"publisher\":{\"@id\":\"https:\/\/futbolhoy.co\/#organization\"},\"image\":{\"@id\":\"https:\/\/futbolhoy.co\/index.php\/2025\/08\/16\/medellin-sera-la-sede-del-debut-de-colombia-en-la-liga-de-naciones-femenina\/#primaryimage\"},\"thumbnailUrl\":\"https:\/\/futbolhoy.co\/wp-content\/uploads\/2025\/08\/509631640_17904514326195452_7845466919835445332_n.jpg\",\"articleSection\":[\"Selecci\u00f3n Colombia\"],\"inLanguage\":\"es\",\"potentialAction\":[{\"@type\":\"CommentAction\",\"name\":\"Comment\",\"target\":[\"https:\/\/futbolhoy.co\/index.php\/2025\/08\/16\/medellin-sera-la-sede-del-debut-de-colombia-en-la-liga-de-naciones-femenina\/#respond\"]}]},{\"@type\":\"WebPage\",\"@id\":\"https:\/\/futbolhoy.co\/index.php\/2025\/08\/16\/medellin-sera-la-sede-del-debut-de-colombia-en-la-liga-de-naciones-femenina\/\",\"url\":\"https:\/\/futbolhoy.co\/index.php\/2025\/08\/16\/medellin-sera-la-sede-del-debut-de-colombia-en-la-liga-de-naciones-femenina\/\",\"name\":\"Medell\u00edn ser\u00e1 sede del debut de Colombia en la Liga de Naciones Femenina -\",\"isPartOf\":{\"@id\":\"https:\/\/futbolhoy.co\/#website\"},\"primaryImageOfPage\":{\"@id\":\"https:\/\/futbolhoy.co\/index.php\/2025\/08\/16\/medellin-sera-la-sede-del-debut-de-colombia-en-la-liga-de-naciones-femenina\/#primaryimage\"},\"image\":{\"@id\":\"https:\/\/futbolhoy.co\/index.php\/2025\/08\/16\/medellin-sera-la-sede-del-debut-de-colombia-en-la-liga-de-naciones-femenina\/#primaryimage\"},\"thumbnailUrl\":\"https:\/\/futbolhoy.co\/wp-content\/uploads\/2025\/08\/509631640_17904514326195452_7845466919835445332_n.jpg\",\"datePublished\":\"2025-08-16T15:22:56+00:00\",\"dateModified\":\"2025-08-17T22:19:11+00:00\",\"breadcrumb\":{\"@id\":\"https:\/\/futbolhoy.co\/index.php\/2025\/08\/16\/medellin-sera-la-sede-del-debut-de-colombia-en-la-liga-de-naciones-femenina\/#breadcrumb\"},\"inLanguage\":\"es\",\"potentialAction\":[{\"@type\":\"ReadAction\",\"target\":[\"https:\/\/futbolhoy.co\/index.php\/2025\/08\/16\/medellin-sera-la-sede-del-debut-de-colombia-en-la-liga-de-naciones-femenina\/\"]}]},{\"@type\":\"ImageObject\",\"inLanguage\":\"es\",\"@id\":\"https:\/\/futbolhoy.co\/index.php\/2025\/08\/16\/medellin-sera-la-sede-del-debut-de-colombia-en-la-liga-de-naciones-femenina\/#primaryimage\",\"url\":\"https:\/\/futbolhoy.co\/wp-content\/uploads\/2025\/08\/509631640_17904514326195452_7845466919835445332_n.jpg\",\"contentUrl\":\"https:\/\/futbolhoy.co\/wp-content\/uploads\/2025\/08\/509631640_17904514326195452_7845466919835445332_n.jpg\",\"width\":1080,\"height\":804,\"caption\":\"Imagen: @fcfseleccioncol\"},{\"@type\":\"BreadcrumbList\",\"@id\":\"https:\/\/futbolhoy.co\/index.php\/2025\/08\/16\/medellin-sera-la-sede-del-debut-de-colombia-en-la-liga-de-naciones-femenina\/#breadcrumb\",\"itemListElement\":[{\"@type\":\"ListItem\",\"position\":1,\"name\":\"Portada\",\"item\":\"https:\/\/futbolhoy.co\/\"},{\"@type\":\"ListItem\",\"position\":2,\"name\":\"Medell\u00edn ser\u00e1 sede del debut de Colombia en la Liga de Naciones Femenina\"}]},{\"@type\":\"WebSite\",\"@id\":\"https:\/\/futbolhoy.co\/#website\",\"url\":\"https:\/\/futbolhoy.co\/\",\"name\":\"FutbolHoy\",\"description\":\"\",\"publisher\":{\"@id\":\"https:\/\/futbolhoy.co\/#organization\"},\"potentialAction\":[{\"@type\":\"SearchAction\",\"target\":{\"@type\":\"EntryPoint\",\"urlTemplate\":\"https:\/\/futbolhoy.co\/?s={search_term_string}\"},\"query-input\":{\"@type\":\"PropertyValueSpecification\",\"valueRequired\":true,\"valueName\":\"search_term_string\"}}],\"inLanguage\":\"es\"},{\"@type\":\"Organization\",\"@id\":\"https:\/\/futbolhoy.co\/#organization\",\"name\":\"Futbolhoy.co\",\"url\":\"https:\/\/futbolhoy.co\/\",\"logo\":{\"@type\":\"ImageObject\",\"inLanguage\":\"es\",\"@id\":\"https:\/\/futbolhoy.co\/#\/schema\/logo\/image\/\",\"url\":\"https:\/\/futbolhoy.co\/wp-content\/uploads\/2018\/08\/17426380_1906371736249227_6326180412931521141_n.jpg\",\"contentUrl\":\"https:\/\/futbolhoy.co\/wp-content\/uploads\/2018\/08\/17426380_1906371736249227_6326180412931521141_n.jpg\",\"width\":960,\"height\":960,\"caption\":\"Futbolhoy.co\"},\"image\":{\"@id\":\"https:\/\/futbolhoy.co\/#\/schema\/logo\/image\/\"},\"sameAs\":[\"https:\/\/www.facebook.com\/FutbolHoyCol\/\",\"https:\/\/x.com\/FutbolHoyCol\",\"https:\/\/www.instagram.com\/futbolhoycol\/\"]},{\"@type\":\"Person\",\"@id\":\"https:\/\/futbolhoy.co\/#\/schema\/person\/1721b69355b6623eaff15ac7b92d4cc3\",\"name\":\"contenido\",\"image\":{\"@type\":\"ImageObject\",\"inLanguage\":\"es\",\"@id\":\"https:\/\/futbolhoy.co\/#\/schema\/person\/image\/\",\"url\":\"https:\/\/secure.gravatar.com\/avatar\/4f656d3256f5134f466206e7c3941518?s=96&d=mm&r=g\",\"contentUrl\":\"https:\/\/secure.gravatar.com\/avatar\/4f656d3256f5134f466206e7c3941518?s=96&d=mm&r=g\",\"caption\":\"contenido\"}}]}<\/script>\n<!-- \/ Yoast SEO plugin. -->","yoast_head_json":{"title":"Medell\u00edn ser\u00e1 sede del debut de Colombia en la Liga de Naciones Femenina -","robots":{"index":"index","follow":"follow","max-snippet":"max-snippet:-1","max-image-preview":"max-image-preview:large","max-video-preview":"max-video-preview:-1"},"canonical":"https:\/\/futbolhoy.co\/index.php\/2025\/08\/16\/medellin-sera-la-sede-del-debut-de-colombia-en-la-liga-de-naciones-femenina\/","og_locale":"es_ES","og_type":"article","og_title":"Medell\u00edn ser\u00e1 sede del debut de Colombia en la Liga de Naciones Femenina -","og_description":"A partir de 2025 la Conmebol anunci\u00f3 el cambio de formato que regir\u00e1 para otorgar los cupos al Mundial femenino de la FIFA. Desde finales de octubre se comenzar\u00e1 a jugar la Liga de Naciones Femenina de Sudam\u00e9rica, tambi\u00e9n entendido como la eliminatoria para la cita orbital del f\u00fatbol de mujeres. Este formato habilita dos [&hellip;]","og_url":"https:\/\/futbolhoy.co\/index.php\/2025\/08\/16\/medellin-sera-la-sede-del-debut-de-colombia-en-la-liga-de-naciones-femenina\/","article_publisher":"https:\/\/www.facebook.com\/FutbolHoyCol\/","article_published_time":"2025-08-16T15:22:56+00:00","article_modified_time":"2025-08-17T22:19:11+00:00","og_image":[{"width":1080,"height":804,"url":"https:\/\/futbolhoy.co\/wp-content\/uploads\/2025\/08\/509631640_17904514326195452_7845466919835445332_n.jpg","type":"image\/jpeg"}],"author":"contenido","twitter_card":"summary_large_image","twitter_creator":"@FutbolHoyCol","twitter_site":"@FutbolHoyCol","twitter_misc":{"Escrito por":"contenido","Tiempo de lectura":"1 minuto"},"schema":{"@context":"https:\/\/schema.org","@graph":[{"@type":"Article","@id":"https:\/\/futbolhoy.co\/index.php\/2025\/08\/16\/medellin-sera-la-sede-del-debut-de-colombia-en-la-liga-de-naciones-femenina\/#article","isPartOf":{"@id":"https:\/\/futbolhoy.co\/index.php\/2025\/08\/16\/medellin-sera-la-sede-del-debut-de-colombia-en-la-liga-de-naciones-femenina\/"},"author":{"name":"contenido","@id":"https:\/\/futbolhoy.co\/#\/schema\/person\/1721b69355b6623eaff15ac7b92d4cc3"},"headline":"Medell\u00edn ser\u00e1 sede del debut de Colombia en la Liga de Naciones Femenina","datePublished":"2025-08-16T15:22:56+00:00","dateModified":"2025-08-17T22:19:11+00:00","mainEntityOfPage":{"@id":"https:\/\/futbolhoy.co\/index.php\/2025\/08\/16\/medellin-sera-la-sede-del-debut-de-colombia-en-la-liga-de-naciones-femenina\/"},"wordCount":223,"commentCount":0,"publisher":{"@id":"https:\/\/futbolhoy.co\/#organization"},"image":{"@id":"https:\/\/futbolhoy.co\/index.php\/2025\/08\/16\/medellin-sera-la-sede-del-debut-de-colombia-en-la-liga-de-naciones-femenina\/#primaryimage"},"thumbnailUrl":"https:\/\/futbolhoy.co\/wp-content\/uploads\/2025\/08\/509631640_17904514326195452_7845466919835445332_n.jpg","articleSection":["Selecci\u00f3n Colombia"],"inLanguage":"es","potentialAction":[{"@type":"CommentAction","name":"Comment","target":["https:\/\/futbolhoy.co\/index.php\/2025\/08\/16\/medellin-sera-la-sede-del-debut-de-colombia-en-la-liga-de-naciones-femenina\/#respond"]}]},{"@type":"WebPage","@id":"https:\/\/futbolhoy.co\/index.php\/2025\/08\/16\/medellin-sera-la-sede-del-debut-de-colombia-en-la-liga-de-naciones-femenina\/","url":"https:\/\/futbolhoy.co\/index.php\/2025\/08\/16\/medellin-sera-la-sede-del-debut-de-colombia-en-la-liga-de-naciones-femenina\/","name":"Medell\u00edn ser\u00e1 sede del debut de Colombia en la Liga de Naciones Femenina -","isPartOf":{"@id":"https:\/\/futbolhoy.co\/#website"},"primaryImageOfPage":{"@id":"https:\/\/futbolhoy.co\/index.php\/2025\/08\/16\/medellin-sera-la-sede-del-debut-de-colombia-en-la-liga-de-naciones-femenina\/#primaryimage"},"image":{"@id":"https:\/\/futbolhoy.co\/index.php\/2025\/08\/16\/medellin-sera-la-sede-del-debut-de-colombia-en-la-liga-de-naciones-femenina\/#primaryimage"},"thumbnailUrl":"https:\/\/futbolhoy.co\/wp-content\/uploads\/2025\/08\/509631640_17904514326195452_7845466919835445332_n.jpg","datePublished":"2025-08-16T15:22:56+00:00","dateModified":"2025-08-17T22:19:11+00:00","breadcrumb":{"@id":"https:\/\/futbolhoy.co\/index.php\/2025\/08\/16\/medellin-sera-la-sede-del-debut-de-colombia-en-la-liga-de-naciones-femenina\/#breadcrumb"},"inLanguage":"es","potentialAction":[{"@type":"ReadAction","target":["https:\/\/futbolhoy.co\/index.php\/2025\/08\/16\/medellin-sera-la-sede-del-debut-de-colombia-en-la-liga-de-naciones-femenina\/"]}]},{"@type":"ImageObject","inLanguage":"es","@id":"https:\/\/futbolhoy.co\/index.php\/2025\/08\/16\/medellin-sera-la-sede-del-debut-de-colombia-en-la-liga-de-naciones-femenina\/#primaryimage","url":"https:\/\/futbolhoy.co\/wp-content\/uploads\/2025\/08\/509631640_17904514326195452_7845466919835445332_n.jpg","contentUrl":"https:\/\/futbolhoy.co\/wp-content\/uploads\/2025\/08\/509631640_17904514326195452_7845466919835445332_n.jpg","width":1080,"height":804,"caption":"Imagen: @fcfseleccioncol"},{"@type":"BreadcrumbList","@id":"https:\/\/futbolhoy.co\/index.php\/2025\/08\/16\/medellin-sera-la-sede-del-debut-de-colombia-en-la-liga-de-naciones-femenina\/#breadcrumb","itemListElement":[{"@type":"ListItem","position":1,"name":"Portada","item":"https:\/\/futbolhoy.co\/"},{"@type":"ListItem","position":2,"name":"Medell\u00edn ser\u00e1 sede del debut de Colombia en la Liga de Naciones Femenina"}]},{"@type":"WebSite","@id":"https:\/\/futbolhoy.co\/#website","url":"https:\/\/futbolhoy.co\/","name":"FutbolHoy","description":"","publisher":{"@id":"https:\/\/futbolhoy.co\/#organization"},"potentialAction":[{"@type":"SearchAction","target":{"@type":"EntryPoint","urlTemplate":"https:\/\/futbolhoy.co\/?s={search_term_string}"},"query-input":{"@type":"PropertyValueSpecification","valueRequired":true,"valueName":"search_term_string"}}],"inLanguage":"es"},{"@type":"Organization","@id":"https:\/\/futbolhoy.co\/#organization","name":"Futbolhoy.co","url":"https:\/\/futbolhoy.co\/","logo":{"@type":"ImageObject","inLanguage":"es","@id":"https:\/\/futbolhoy.co\/#\/schema\/logo\/image\/","url":"https:\/\/futbolhoy.co\/wp-content\/uploads\/2018\/08\/17426380_1906371736249227_6326180412931521141_n.jpg","contentUrl":"https:\/\/futbolhoy.co\/wp-content\/uploads\/2018\/08\/17426380_1906371736249227_6326180412931521141_n.jpg","width":960,"height":960,"caption":"Futbolhoy.co"},"image":{"@id":"https:\/\/futbolhoy.co\/#\/schema\/logo\/image\/"},"sameAs":["https:\/\/www.facebook.com\/FutbolHoyCol\/","https:\/\/x.com\/FutbolHoyCol","https:\/\/www.instagram.com\/futbolhoycol\/"]},{"@type":"Person","@id":"https:\/\/futbolhoy.co\/#\/schema\/person\/1721b69355b6623eaff15ac7b92d4cc3","name":"contenido","image":{"@type":"ImageObject","inLanguage":"es","@id":"https:\/\/futbolhoy.co\/#\/schema\/person\/image\/","url":"https:\/\/secure.gravatar.com\/avatar\/4f656d3256f5134f466206e7c3941518?s=96&d=mm&r=g","contentUrl":"https:\/\/secure.gravatar.com\/avatar\/4f656d3256f5134f466206e7c3941518?s=96&d=mm&r=g","caption":"contenido"}}]}},"publishpress_future_action":{"enabled":false,"date":"2026-05-05 08:59:33","action":"change-status","newStatus":"draft","terms":[],"taxonomy":"category","extraData":[]},"publishpress_future_workflow_manual_trigger":{"enabledWorkflows":[]},"_links":{"self":[{"href":"https:\/\/futbolhoy.co\/index.php\/wp-json\/wp\/v2\/posts\/121959","targetHints":{"allow":["GET"]}}],"collection":[{"href":"https:\/\/futbolhoy.co\/index.php\/wp-json\/wp\/v2\/posts"}],"about":[{"href":"https:\/\/futbolhoy.co\/index.php\/wp-json\/wp\/v2\/types\/post"}],"author":[{"embeddable":true,"href":"https:\/\/futbolhoy.co\/index.php\/wp-json\/wp\/v2\/users\/4"}],"replies":[{"embeddable":true,"href":"https:\/\/futbolhoy.co\/index.php\/wp-json\/wp\/v2\/comments?post=121959"}],"version-history":[{"count":3,"href":"https:\/\/futbolhoy.co\/index.php\/wp-json\/wp\/v2\/posts\/121959\/revisions"}],"predecessor-version":[{"id":121963,"href":"https:\/\/futbolhoy.co\/index.php\/wp-json\/wp\/v2\/posts\/121959\/revisions\/121963"}],"wp:featuredmedia":[{"embeddable":true,"href":"https:\/\/futbolhoy.co\/index.php\/wp-json\/wp\/v2\/media\/121960"}],"wp:attachment":[{"href":"https:\/\/futbolhoy.co\/index.php\/wp-json\/wp\/v2\/media?parent=121959"}],"wp:term":[{"taxonomy":"category","embeddable":true,"href":"https:\/\/futbolhoy.co\/index.php\/wp-json\/wp\/v2\/categories?post=121959"},{"taxonomy":"post_tag","embeddable":true,"href":"https:\/\/futbolhoy.co\/index.php\/wp-json\/wp\/v2\/tags?post=121959"}],"curies":[{"name":"wp","href":"https:\/\/api.w.org\/{rel}","templated":true}]}}