{"id":121964,"date":"2025-08-16T15:59:15","date_gmt":"2025-08-16T20:59:15","guid":{"rendered":"https:\/\/futbolhoy.co\/?p=121964"},"modified":"2025-08-17T20:19:49","modified_gmt":"2025-08-18T01:19:49","slug":"luis-diaz-anoto-y-levanto-su-primer-trofeo-con-bayern-munich-vea-su-gol","status":"publish","type":"post","link":"https:\/\/futbolhoy.co\/index.php\/2025\/08\/16\/luis-diaz-anoto-y-levanto-su-primer-trofeo-con-bayern-munich-vea-su-gol\/","title":{"rendered":"Luis D\u00edaz anot\u00f3 y levant\u00f3 su primer trofeo con Bayern M\u00fanich: vea su gol"},"content":{"rendered":"<p><span style=\"font-family: helvetica, arial, sans-serif;\">Comienza la temporada deportiva con buenas noticias para Colombia tras el t\u00edtulo que celebra <strong>Luis D\u00edaz.<\/strong> El atacante guajiro gan\u00f3 su primer trofeo con la camiseta de <strong>Bayern M\u00fanich<\/strong> al vencer<strong> 2-1<\/strong> al <strong>Stuttgart<\/strong> en la <strong>Supercopa de Alemania<\/strong>.<\/span><\/p>\n<p><span style=\"font-family: helvetica, arial, sans-serif;\">Sobre los primeros minutos del encuentro, el delantero<strong> Harry Kane anot\u00f3 al 18<\/strong> en una jugada de ataque. Iniciando como titular, el extremo izquierdo trat\u00f3 de <strong>aprovechar las oportunidades<\/strong> para atacar en su habitual posici\u00f3n y <strong>realiz\u00f3 labores defensivas<\/strong> para ayudar en la marca del rival.<\/span><\/p>\n<p><span style=\"font-family: helvetica, arial, sans-serif;\">La primera anotaci\u00f3n de D\u00edaz con el club alem\u00e1n lleg\u00f3 en el segundo tiempo al minuto 77, <strong>tras un centro desde la derecha de Serge Gnabry.<\/strong> Cabece\u00f3 dentro del \u00e1rea sin marca y con comodidad para registrar el segundo gol para los b\u00e1varos <strong>y extender la diferencia en el marcador.<\/strong><\/span><\/p>\n<blockquote class=\"twitter-tweet\">\n<p dir=\"ltr\" lang=\"es\">\u00a1\u00a1DEBUT GOLEADOR DE LUCHO D\u00cdAZ EN BAYERN MUNICH!! \u00a1\u00a1EL GOL QUE PUEDE VALER LA SUPERCOPA DE ALEMANIA PARA BAYERN MUNICH!!<\/p>\n<p>\ud83d\udcfa La <a href=\"https:\/\/twitter.com\/hashtag\/Supercup?src=hash&amp;ref_src=twsrc%5Etfw\">#Supercup<\/a>, por <a href=\"https:\/\/twitter.com\/hashtag\/DisneyPlus?src=hash&amp;ref_src=twsrc%5Etfw\">#DisneyPlus<\/a> Plan Premium <a href=\"https:\/\/t.co\/ifGWhrP6cG\">pic.twitter.com\/ifGWhrP6cG<\/a><\/p>\n<p>\u2014 SportsCenter (@SC_ESPN) <a href=\"https:\/\/twitter.com\/SC_ESPN\/status\/1956810385538814349?ref_src=twsrc%5Etfw\">August 16, 2025<\/a><\/p><\/blockquote>\n<p><script async src=\"https:\/\/platform.twitter.com\/widgets.js\" charset=\"utf-8\"><\/script><\/p>\n<p><span style=\"font-family: helvetica, arial, sans-serif;\"><strong>Stuttgart<\/strong> descont\u00f3 al 90+3 con el gol de cabeza del volante <strong>Jamie Leweling,<\/strong>\u00a0en una jugada de tiro de esquina. El equipo que oficiaba como local trat\u00f3 de vencer la porter\u00eda de Manuel Neuer para forzar el alargue,<strong> aunque el guardameta estuvo firme en sus actuaciones y respondi\u00f3.<\/strong><\/span><\/p>\n<p><span style=\"font-family: helvetica, arial, sans-serif;\">Con este resultado, D\u00edaz inicia de buena manera su participaci\u00f3n con<strong> Bayern al sumar el t\u00edtulo 15 en su carrera personal como futbolista<\/strong>. Al jugar la totalidad del partido es muy probable que se quede con la titularidad del costado izquierdo ofensivo del plantel dirigido por <strong>Vincent Kompany<\/strong>.<\/span><\/p>\n","protected":false},"excerpt":{"rendered":"<p>Comienza la temporada deportiva con buenas noticias para Colombia tras el t\u00edtulo que celebra Luis D\u00edaz. El atacante guajiro gan\u00f3 su primer trofeo con la camiseta de Bayern M\u00fanich al vencer 2-1 al Stuttgart en la Supercopa de Alemania. Sobre los primeros minutos del encuentro, el delantero Harry Kane anot\u00f3 al 18 en una jugada [&hellip;]<\/p>\n","protected":false},"author":4,"featured_media":121965,"comment_status":"open","ping_status":"open","sticky":false,"template":"","format":"standard","meta":{"_acf_changed":false,"footnotes":""},"categories":[152],"tags":[],"class_list":{"0":"post-121964","1":"post","2":"type-post","3":"status-publish","4":"format-standard","5":"has-post-thumbnail","7":"category-mundo-futbol"},"acf":[],"yoast_head":"<!-- This site is optimized with the Yoast SEO plugin v26.8 - https:\/\/yoast.com\/product\/yoast-seo-wordpress\/ -->\n<title>Luis D\u00edaz anot\u00f3 y levant\u00f3 su primer trofeo con Bayern M\u00fanich: vea su gol -<\/title>\n<meta name=\"robots\" content=\"index, follow, max-snippet:-1, max-image-preview:large, max-video-preview:-1\" \/>\n<link rel=\"canonical\" href=\"https:\/\/futbolhoy.co\/index.php\/2025\/08\/16\/luis-diaz-anoto-y-levanto-su-primer-trofeo-con-bayern-munich-vea-su-gol\/\" \/>\n<meta property=\"og:locale\" content=\"es_ES\" \/>\n<meta property=\"og:type\" content=\"article\" \/>\n<meta property=\"og:title\" content=\"Luis D\u00edaz anot\u00f3 y levant\u00f3 su primer trofeo con Bayern M\u00fanich: vea su gol -\" \/>\n<meta property=\"og:description\" content=\"Comienza la temporada deportiva con buenas noticias para Colombia tras el t\u00edtulo que celebra Luis D\u00edaz. El atacante guajiro gan\u00f3 su primer trofeo con la camiseta de Bayern M\u00fanich al vencer 2-1 al Stuttgart en la Supercopa de Alemania. Sobre los primeros minutos del encuentro, el delantero Harry Kane anot\u00f3 al 18 en una jugada [&hellip;]\" \/>\n<meta property=\"og:url\" content=\"https:\/\/futbolhoy.co\/index.php\/2025\/08\/16\/luis-diaz-anoto-y-levanto-su-primer-trofeo-con-bayern-munich-vea-su-gol\/\" \/>\n<meta property=\"article:publisher\" content=\"https:\/\/www.facebook.com\/FutbolHoyCol\/\" \/>\n<meta property=\"article:published_time\" content=\"2025-08-16T20:59:15+00:00\" \/>\n<meta property=\"article:modified_time\" content=\"2025-08-18T01:19:49+00:00\" \/>\n<meta property=\"og:image\" content=\"https:\/\/futbolhoy.co\/wp-content\/uploads\/2025\/08\/Gyf9vxgWIAM4mN3-scaled.jpeg\" \/>\n\t<meta property=\"og:image:width\" content=\"2560\" \/>\n\t<meta property=\"og:image:height\" content=\"1648\" \/>\n\t<meta property=\"og:image:type\" content=\"image\/jpeg\" \/>\n<meta name=\"author\" content=\"contenido\" \/>\n<meta name=\"twitter:card\" content=\"summary_large_image\" \/>\n<meta name=\"twitter:creator\" content=\"@FutbolHoyCol\" \/>\n<meta name=\"twitter:site\" content=\"@FutbolHoyCol\" \/>\n<meta name=\"twitter:label1\" content=\"Escrito por\" \/>\n\t<meta name=\"twitter:data1\" content=\"contenido\" \/>\n\t<meta name=\"twitter:label2\" content=\"Tiempo de lectura\" \/>\n\t<meta name=\"twitter:data2\" content=\"1 minuto\" \/>\n<script type=\"application\/ld+json\" class=\"yoast-schema-graph\">{\"@context\":\"https:\/\/schema.org\",\"@graph\":[{\"@type\":\"Article\",\"@id\":\"https:\/\/futbolhoy.co\/index.php\/2025\/08\/16\/luis-diaz-anoto-y-levanto-su-primer-trofeo-con-bayern-munich-vea-su-gol\/#article\",\"isPartOf\":{\"@id\":\"https:\/\/futbolhoy.co\/index.php\/2025\/08\/16\/luis-diaz-anoto-y-levanto-su-primer-trofeo-con-bayern-munich-vea-su-gol\/\"},\"author\":{\"name\":\"contenido\",\"@id\":\"https:\/\/futbolhoy.co\/#\/schema\/person\/1721b69355b6623eaff15ac7b92d4cc3\"},\"headline\":\"Luis D\u00edaz anot\u00f3 y levant\u00f3 su primer trofeo con Bayern M\u00fanich: vea su gol\",\"datePublished\":\"2025-08-16T20:59:15+00:00\",\"dateModified\":\"2025-08-18T01:19:49+00:00\",\"mainEntityOfPage\":{\"@id\":\"https:\/\/futbolhoy.co\/index.php\/2025\/08\/16\/luis-diaz-anoto-y-levanto-su-primer-trofeo-con-bayern-munich-vea-su-gol\/\"},\"wordCount\":291,\"commentCount\":0,\"publisher\":{\"@id\":\"https:\/\/futbolhoy.co\/#organization\"},\"image\":{\"@id\":\"https:\/\/futbolhoy.co\/index.php\/2025\/08\/16\/luis-diaz-anoto-y-levanto-su-primer-trofeo-con-bayern-munich-vea-su-gol\/#primaryimage\"},\"thumbnailUrl\":\"https:\/\/futbolhoy.co\/wp-content\/uploads\/2025\/08\/Gyf9vxgWIAM4mN3-scaled.jpeg\",\"articleSection\":[\"Mundo Futbol\"],\"inLanguage\":\"es\",\"potentialAction\":[{\"@type\":\"CommentAction\",\"name\":\"Comment\",\"target\":[\"https:\/\/futbolhoy.co\/index.php\/2025\/08\/16\/luis-diaz-anoto-y-levanto-su-primer-trofeo-con-bayern-munich-vea-su-gol\/#respond\"]}]},{\"@type\":\"WebPage\",\"@id\":\"https:\/\/futbolhoy.co\/index.php\/2025\/08\/16\/luis-diaz-anoto-y-levanto-su-primer-trofeo-con-bayern-munich-vea-su-gol\/\",\"url\":\"https:\/\/futbolhoy.co\/index.php\/2025\/08\/16\/luis-diaz-anoto-y-levanto-su-primer-trofeo-con-bayern-munich-vea-su-gol\/\",\"name\":\"Luis D\u00edaz anot\u00f3 y levant\u00f3 su primer trofeo con Bayern M\u00fanich: vea su gol -\",\"isPartOf\":{\"@id\":\"https:\/\/futbolhoy.co\/#website\"},\"primaryImageOfPage\":{\"@id\":\"https:\/\/futbolhoy.co\/index.php\/2025\/08\/16\/luis-diaz-anoto-y-levanto-su-primer-trofeo-con-bayern-munich-vea-su-gol\/#primaryimage\"},\"image\":{\"@id\":\"https:\/\/futbolhoy.co\/index.php\/2025\/08\/16\/luis-diaz-anoto-y-levanto-su-primer-trofeo-con-bayern-munich-vea-su-gol\/#primaryimage\"},\"thumbnailUrl\":\"https:\/\/futbolhoy.co\/wp-content\/uploads\/2025\/08\/Gyf9vxgWIAM4mN3-scaled.jpeg\",\"datePublished\":\"2025-08-16T20:59:15+00:00\",\"dateModified\":\"2025-08-18T01:19:49+00:00\",\"breadcrumb\":{\"@id\":\"https:\/\/futbolhoy.co\/index.php\/2025\/08\/16\/luis-diaz-anoto-y-levanto-su-primer-trofeo-con-bayern-munich-vea-su-gol\/#breadcrumb\"},\"inLanguage\":\"es\",\"potentialAction\":[{\"@type\":\"ReadAction\",\"target\":[\"https:\/\/futbolhoy.co\/index.php\/2025\/08\/16\/luis-diaz-anoto-y-levanto-su-primer-trofeo-con-bayern-munich-vea-su-gol\/\"]}]},{\"@type\":\"ImageObject\",\"inLanguage\":\"es\",\"@id\":\"https:\/\/futbolhoy.co\/index.php\/2025\/08\/16\/luis-diaz-anoto-y-levanto-su-primer-trofeo-con-bayern-munich-vea-su-gol\/#primaryimage\",\"url\":\"https:\/\/futbolhoy.co\/wp-content\/uploads\/2025\/08\/Gyf9vxgWIAM4mN3-scaled.jpeg\",\"contentUrl\":\"https:\/\/futbolhoy.co\/wp-content\/uploads\/2025\/08\/Gyf9vxgWIAM4mN3-scaled.jpeg\",\"width\":2560,\"height\":1648,\"caption\":\"Imagen: @FCBayernES\"},{\"@type\":\"BreadcrumbList\",\"@id\":\"https:\/\/futbolhoy.co\/index.php\/2025\/08\/16\/luis-diaz-anoto-y-levanto-su-primer-trofeo-con-bayern-munich-vea-su-gol\/#breadcrumb\",\"itemListElement\":[{\"@type\":\"ListItem\",\"position\":1,\"name\":\"Portada\",\"item\":\"https:\/\/futbolhoy.co\/\"},{\"@type\":\"ListItem\",\"position\":2,\"name\":\"Luis D\u00edaz anot\u00f3 y levant\u00f3 su primer trofeo con Bayern M\u00fanich: vea su gol\"}]},{\"@type\":\"WebSite\",\"@id\":\"https:\/\/futbolhoy.co\/#website\",\"url\":\"https:\/\/futbolhoy.co\/\",\"name\":\"FutbolHoy\",\"description\":\"\",\"publisher\":{\"@id\":\"https:\/\/futbolhoy.co\/#organization\"},\"potentialAction\":[{\"@type\":\"SearchAction\",\"target\":{\"@type\":\"EntryPoint\",\"urlTemplate\":\"https:\/\/futbolhoy.co\/?s={search_term_string}\"},\"query-input\":{\"@type\":\"PropertyValueSpecification\",\"valueRequired\":true,\"valueName\":\"search_term_string\"}}],\"inLanguage\":\"es\"},{\"@type\":\"Organization\",\"@id\":\"https:\/\/futbolhoy.co\/#organization\",\"name\":\"Futbolhoy.co\",\"url\":\"https:\/\/futbolhoy.co\/\",\"logo\":{\"@type\":\"ImageObject\",\"inLanguage\":\"es\",\"@id\":\"https:\/\/futbolhoy.co\/#\/schema\/logo\/image\/\",\"url\":\"https:\/\/futbolhoy.co\/wp-content\/uploads\/2018\/08\/17426380_1906371736249227_6326180412931521141_n.jpg\",\"contentUrl\":\"https:\/\/futbolhoy.co\/wp-content\/uploads\/2018\/08\/17426380_1906371736249227_6326180412931521141_n.jpg\",\"width\":960,\"height\":960,\"caption\":\"Futbolhoy.co\"},\"image\":{\"@id\":\"https:\/\/futbolhoy.co\/#\/schema\/logo\/image\/\"},\"sameAs\":[\"https:\/\/www.facebook.com\/FutbolHoyCol\/\",\"https:\/\/x.com\/FutbolHoyCol\",\"https:\/\/www.instagram.com\/futbolhoycol\/\"]},{\"@type\":\"Person\",\"@id\":\"https:\/\/futbolhoy.co\/#\/schema\/person\/1721b69355b6623eaff15ac7b92d4cc3\",\"name\":\"contenido\",\"image\":{\"@type\":\"ImageObject\",\"inLanguage\":\"es\",\"@id\":\"https:\/\/futbolhoy.co\/#\/schema\/person\/image\/\",\"url\":\"https:\/\/secure.gravatar.com\/avatar\/4f656d3256f5134f466206e7c3941518?s=96&d=mm&r=g\",\"contentUrl\":\"https:\/\/secure.gravatar.com\/avatar\/4f656d3256f5134f466206e7c3941518?s=96&d=mm&r=g\",\"caption\":\"contenido\"}}]}<\/script>\n<!-- \/ Yoast SEO plugin. -->","yoast_head_json":{"title":"Luis D\u00edaz anot\u00f3 y levant\u00f3 su primer trofeo con Bayern M\u00fanich: vea su gol -","robots":{"index":"index","follow":"follow","max-snippet":"max-snippet:-1","max-image-preview":"max-image-preview:large","max-video-preview":"max-video-preview:-1"},"canonical":"https:\/\/futbolhoy.co\/index.php\/2025\/08\/16\/luis-diaz-anoto-y-levanto-su-primer-trofeo-con-bayern-munich-vea-su-gol\/","og_locale":"es_ES","og_type":"article","og_title":"Luis D\u00edaz anot\u00f3 y levant\u00f3 su primer trofeo con Bayern M\u00fanich: vea su gol -","og_description":"Comienza la temporada deportiva con buenas noticias para Colombia tras el t\u00edtulo que celebra Luis D\u00edaz. El atacante guajiro gan\u00f3 su primer trofeo con la camiseta de Bayern M\u00fanich al vencer 2-1 al Stuttgart en la Supercopa de Alemania. Sobre los primeros minutos del encuentro, el delantero Harry Kane anot\u00f3 al 18 en una jugada [&hellip;]","og_url":"https:\/\/futbolhoy.co\/index.php\/2025\/08\/16\/luis-diaz-anoto-y-levanto-su-primer-trofeo-con-bayern-munich-vea-su-gol\/","article_publisher":"https:\/\/www.facebook.com\/FutbolHoyCol\/","article_published_time":"2025-08-16T20:59:15+00:00","article_modified_time":"2025-08-18T01:19:49+00:00","og_image":[{"width":2560,"height":1648,"url":"https:\/\/futbolhoy.co\/wp-content\/uploads\/2025\/08\/Gyf9vxgWIAM4mN3-scaled.jpeg","type":"image\/jpeg"}],"author":"contenido","twitter_card":"summary_large_image","twitter_creator":"@FutbolHoyCol","twitter_site":"@FutbolHoyCol","twitter_misc":{"Escrito por":"contenido","Tiempo de lectura":"1 minuto"},"schema":{"@context":"https:\/\/schema.org","@graph":[{"@type":"Article","@id":"https:\/\/futbolhoy.co\/index.php\/2025\/08\/16\/luis-diaz-anoto-y-levanto-su-primer-trofeo-con-bayern-munich-vea-su-gol\/#article","isPartOf":{"@id":"https:\/\/futbolhoy.co\/index.php\/2025\/08\/16\/luis-diaz-anoto-y-levanto-su-primer-trofeo-con-bayern-munich-vea-su-gol\/"},"author":{"name":"contenido","@id":"https:\/\/futbolhoy.co\/#\/schema\/person\/1721b69355b6623eaff15ac7b92d4cc3"},"headline":"Luis D\u00edaz anot\u00f3 y levant\u00f3 su primer trofeo con Bayern M\u00fanich: vea su gol","datePublished":"2025-08-16T20:59:15+00:00","dateModified":"2025-08-18T01:19:49+00:00","mainEntityOfPage":{"@id":"https:\/\/futbolhoy.co\/index.php\/2025\/08\/16\/luis-diaz-anoto-y-levanto-su-primer-trofeo-con-bayern-munich-vea-su-gol\/"},"wordCount":291,"commentCount":0,"publisher":{"@id":"https:\/\/futbolhoy.co\/#organization"},"image":{"@id":"https:\/\/futbolhoy.co\/index.php\/2025\/08\/16\/luis-diaz-anoto-y-levanto-su-primer-trofeo-con-bayern-munich-vea-su-gol\/#primaryimage"},"thumbnailUrl":"https:\/\/futbolhoy.co\/wp-content\/uploads\/2025\/08\/Gyf9vxgWIAM4mN3-scaled.jpeg","articleSection":["Mundo Futbol"],"inLanguage":"es","potentialAction":[{"@type":"CommentAction","name":"Comment","target":["https:\/\/futbolhoy.co\/index.php\/2025\/08\/16\/luis-diaz-anoto-y-levanto-su-primer-trofeo-con-bayern-munich-vea-su-gol\/#respond"]}]},{"@type":"WebPage","@id":"https:\/\/futbolhoy.co\/index.php\/2025\/08\/16\/luis-diaz-anoto-y-levanto-su-primer-trofeo-con-bayern-munich-vea-su-gol\/","url":"https:\/\/futbolhoy.co\/index.php\/2025\/08\/16\/luis-diaz-anoto-y-levanto-su-primer-trofeo-con-bayern-munich-vea-su-gol\/","name":"Luis D\u00edaz anot\u00f3 y levant\u00f3 su primer trofeo con Bayern M\u00fanich: vea su gol -","isPartOf":{"@id":"https:\/\/futbolhoy.co\/#website"},"primaryImageOfPage":{"@id":"https:\/\/futbolhoy.co\/index.php\/2025\/08\/16\/luis-diaz-anoto-y-levanto-su-primer-trofeo-con-bayern-munich-vea-su-gol\/#primaryimage"},"image":{"@id":"https:\/\/futbolhoy.co\/index.php\/2025\/08\/16\/luis-diaz-anoto-y-levanto-su-primer-trofeo-con-bayern-munich-vea-su-gol\/#primaryimage"},"thumbnailUrl":"https:\/\/futbolhoy.co\/wp-content\/uploads\/2025\/08\/Gyf9vxgWIAM4mN3-scaled.jpeg","datePublished":"2025-08-16T20:59:15+00:00","dateModified":"2025-08-18T01:19:49+00:00","breadcrumb":{"@id":"https:\/\/futbolhoy.co\/index.php\/2025\/08\/16\/luis-diaz-anoto-y-levanto-su-primer-trofeo-con-bayern-munich-vea-su-gol\/#breadcrumb"},"inLanguage":"es","potentialAction":[{"@type":"ReadAction","target":["https:\/\/futbolhoy.co\/index.php\/2025\/08\/16\/luis-diaz-anoto-y-levanto-su-primer-trofeo-con-bayern-munich-vea-su-gol\/"]}]},{"@type":"ImageObject","inLanguage":"es","@id":"https:\/\/futbolhoy.co\/index.php\/2025\/08\/16\/luis-diaz-anoto-y-levanto-su-primer-trofeo-con-bayern-munich-vea-su-gol\/#primaryimage","url":"https:\/\/futbolhoy.co\/wp-content\/uploads\/2025\/08\/Gyf9vxgWIAM4mN3-scaled.jpeg","contentUrl":"https:\/\/futbolhoy.co\/wp-content\/uploads\/2025\/08\/Gyf9vxgWIAM4mN3-scaled.jpeg","width":2560,"height":1648,"caption":"Imagen: @FCBayernES"},{"@type":"BreadcrumbList","@id":"https:\/\/futbolhoy.co\/index.php\/2025\/08\/16\/luis-diaz-anoto-y-levanto-su-primer-trofeo-con-bayern-munich-vea-su-gol\/#breadcrumb","itemListElement":[{"@type":"ListItem","position":1,"name":"Portada","item":"https:\/\/futbolhoy.co\/"},{"@type":"ListItem","position":2,"name":"Luis D\u00edaz anot\u00f3 y levant\u00f3 su primer trofeo con Bayern M\u00fanich: vea su gol"}]},{"@type":"WebSite","@id":"https:\/\/futbolhoy.co\/#website","url":"https:\/\/futbolhoy.co\/","name":"FutbolHoy","description":"","publisher":{"@id":"https:\/\/futbolhoy.co\/#organization"},"potentialAction":[{"@type":"SearchAction","target":{"@type":"EntryPoint","urlTemplate":"https:\/\/futbolhoy.co\/?s={search_term_string}"},"query-input":{"@type":"PropertyValueSpecification","valueRequired":true,"valueName":"search_term_string"}}],"inLanguage":"es"},{"@type":"Organization","@id":"https:\/\/futbolhoy.co\/#organization","name":"Futbolhoy.co","url":"https:\/\/futbolhoy.co\/","logo":{"@type":"ImageObject","inLanguage":"es","@id":"https:\/\/futbolhoy.co\/#\/schema\/logo\/image\/","url":"https:\/\/futbolhoy.co\/wp-content\/uploads\/2018\/08\/17426380_1906371736249227_6326180412931521141_n.jpg","contentUrl":"https:\/\/futbolhoy.co\/wp-content\/uploads\/2018\/08\/17426380_1906371736249227_6326180412931521141_n.jpg","width":960,"height":960,"caption":"Futbolhoy.co"},"image":{"@id":"https:\/\/futbolhoy.co\/#\/schema\/logo\/image\/"},"sameAs":["https:\/\/www.facebook.com\/FutbolHoyCol\/","https:\/\/x.com\/FutbolHoyCol","https:\/\/www.instagram.com\/futbolhoycol\/"]},{"@type":"Person","@id":"https:\/\/futbolhoy.co\/#\/schema\/person\/1721b69355b6623eaff15ac7b92d4cc3","name":"contenido","image":{"@type":"ImageObject","inLanguage":"es","@id":"https:\/\/futbolhoy.co\/#\/schema\/person\/image\/","url":"https:\/\/secure.gravatar.com\/avatar\/4f656d3256f5134f466206e7c3941518?s=96&d=mm&r=g","contentUrl":"https:\/\/secure.gravatar.com\/avatar\/4f656d3256f5134f466206e7c3941518?s=96&d=mm&r=g","caption":"contenido"}}]}},"publishpress_future_action":{"enabled":false,"date":"2026-05-05 06:05:28","action":"change-status","newStatus":"draft","terms":[],"taxonomy":"category","extraData":[]},"publishpress_future_workflow_manual_trigger":{"enabledWorkflows":[]},"_links":{"self":[{"href":"https:\/\/futbolhoy.co\/index.php\/wp-json\/wp\/v2\/posts\/121964","targetHints":{"allow":["GET"]}}],"collection":[{"href":"https:\/\/futbolhoy.co\/index.php\/wp-json\/wp\/v2\/posts"}],"about":[{"href":"https:\/\/futbolhoy.co\/index.php\/wp-json\/wp\/v2\/types\/post"}],"author":[{"embeddable":true,"href":"https:\/\/futbolhoy.co\/index.php\/wp-json\/wp\/v2\/users\/4"}],"replies":[{"embeddable":true,"href":"https:\/\/futbolhoy.co\/index.php\/wp-json\/wp\/v2\/comments?post=121964"}],"version-history":[{"count":2,"href":"https:\/\/futbolhoy.co\/index.php\/wp-json\/wp\/v2\/posts\/121964\/revisions"}],"predecessor-version":[{"id":121993,"href":"https:\/\/futbolhoy.co\/index.php\/wp-json\/wp\/v2\/posts\/121964\/revisions\/121993"}],"wp:featuredmedia":[{"embeddable":true,"href":"https:\/\/futbolhoy.co\/index.php\/wp-json\/wp\/v2\/media\/121965"}],"wp:attachment":[{"href":"https:\/\/futbolhoy.co\/index.php\/wp-json\/wp\/v2\/media?parent=121964"}],"wp:term":[{"taxonomy":"category","embeddable":true,"href":"https:\/\/futbolhoy.co\/index.php\/wp-json\/wp\/v2\/categories?post=121964"},{"taxonomy":"post_tag","embeddable":true,"href":"https:\/\/futbolhoy.co\/index.php\/wp-json\/wp\/v2\/tags?post=121964"}],"curies":[{"name":"wp","href":"https:\/\/api.w.org\/{rel}","templated":true}]}}