{"id":121982,"date":"2025-08-17T10:00:01","date_gmt":"2025-08-17T15:00:01","guid":{"rendered":"https:\/\/futbolhoy.co\/?p=121982"},"modified":"2025-08-18T10:51:31","modified_gmt":"2025-08-18T15:51:31","slug":"luis-diaz-tras-su-primer-titulo-con-bayern-munich-era-especial-este-partido","status":"publish","type":"post","link":"https:\/\/futbolhoy.co\/index.php\/2025\/08\/17\/luis-diaz-tras-su-primer-titulo-con-bayern-munich-era-especial-este-partido\/","title":{"rendered":"Luis D\u00edaz tras su primer t\u00edtulo con Bayern M\u00fanich: \"Era especial este partido\""},"content":{"rendered":"<p><span style=\"font-family: helvetica, arial, sans-serif;\">En Stuttgart se registr\u00f3 el primer t\u00edtulo de la temporada en <strong>Alemania<\/strong> que levant\u00f3<strong> Bayern M\u00fanich<\/strong> al declararse <strong>campe\u00f3n de la Supercopa<\/strong>. Con anotaciones de <strong>Harry Kane<\/strong> y <strong>Luis D\u00edaz<\/strong>, los b\u00e1varos quedaron campeones de esta final.<\/span><\/p>\n<p><span style=\"font-family: helvetica, arial, sans-serif;\">Al finalizar el partido, el extremo colombiano entreg\u00f3 sus sensaciones de lo que fue este encuentro. En di\u00e1logo con <em>ESPN<\/em>, demostr\u00f3 su efusividad y <strong>alegr\u00eda por el t\u00edtulo 15 que acumul\u00f3 en su carrera personal.<\/strong><\/span><\/p>\n<p><span style=\"font-family: helvetica, arial, sans-serif;\">\"So\u00f1arlo imposible. Mejor no podr\u00eda haber sido<strong>, feliz por haber anotado mi primer gol con Bayern, por ayudar a conseguir un t\u00edtulo.<\/strong> Era especial este partido y se tornar\u00e1 s\u00faper importante para m\u00ed y para mi vida. Muy contento por el equipo, se trabaj\u00f3 de buena manera\", expres\u00f3.<\/span><\/p>\n<p><span style=\"font-family: helvetica, arial, sans-serif;\">En este partido, el guajiro cumpli\u00f3 con<strong> funciones defensivas<\/strong> que le solicit\u00f3 el entrenador,<strong> Vincent Kompany.<\/strong> Durante su presentaci\u00f3n en el partido se destac\u00f3 por<strong> el compromiso en defensa<\/strong> y recuperaci\u00f3n de la pelota tras p\u00e9rdida.<\/span><\/p>\n<p><span style=\"font-family: helvetica, arial, sans-serif;\">\"<strong>Es un poco lo que me ped\u00eda el entrenador.<\/strong> Defender siempre, estar dispuesto para ayudar al equipo y facilitar el contraataque. Si defiendes bien, atacas mejor. <strong>Lo pude hacer y era un partido intenso<\/strong>, se jugaba mucho por mi banda en la primera mitad y supimos solucionarlo.<strong> Se corri\u00f3, se meti\u00f3 y logramos dos goles\"<\/strong>, agreg\u00f3.<\/span><\/p>\n","protected":false},"excerpt":{"rendered":"<p>En Stuttgart se registr\u00f3 el primer t\u00edtulo de la temporada en Alemania que levant\u00f3 Bayern M\u00fanich al declararse campe\u00f3n de la Supercopa. Con anotaciones de Harry Kane y Luis D\u00edaz, los b\u00e1varos quedaron campeones de esta final. Al finalizar el partido, el extremo colombiano entreg\u00f3 sus sensaciones de lo que fue este encuentro. En di\u00e1logo [&hellip;]<\/p>\n","protected":false},"author":4,"featured_media":121983,"comment_status":"open","ping_status":"open","sticky":false,"template":"","format":"standard","meta":{"_acf_changed":false,"footnotes":""},"categories":[418],"tags":[],"class_list":{"0":"post-121982","1":"post","2":"type-post","3":"status-publish","4":"format-standard","5":"has-post-thumbnail","7":"category-colombia"},"acf":[],"yoast_head":"<!-- This site is optimized with the Yoast SEO plugin v26.8 - https:\/\/yoast.com\/product\/yoast-seo-wordpress\/ -->\n<title>Luis D\u00edaz tras su primer t\u00edtulo con Bayern M\u00fanich: &quot;Era especial este partido&quot; -<\/title>\n<meta name=\"robots\" content=\"index, follow, max-snippet:-1, max-image-preview:large, max-video-preview:-1\" \/>\n<link rel=\"canonical\" href=\"https:\/\/futbolhoy.co\/index.php\/2025\/08\/17\/luis-diaz-tras-su-primer-titulo-con-bayern-munich-era-especial-este-partido\/\" \/>\n<meta property=\"og:locale\" content=\"es_ES\" \/>\n<meta property=\"og:type\" content=\"article\" \/>\n<meta property=\"og:title\" content=\"Luis D\u00edaz tras su primer t\u00edtulo con Bayern M\u00fanich: &quot;Era especial este partido&quot; -\" \/>\n<meta property=\"og:description\" content=\"En Stuttgart se registr\u00f3 el primer t\u00edtulo de la temporada en Alemania que levant\u00f3 Bayern M\u00fanich al declararse campe\u00f3n de la Supercopa. Con anotaciones de Harry Kane y Luis D\u00edaz, los b\u00e1varos quedaron campeones de esta final. Al finalizar el partido, el extremo colombiano entreg\u00f3 sus sensaciones de lo que fue este encuentro. En di\u00e1logo [&hellip;]\" \/>\n<meta property=\"og:url\" content=\"https:\/\/futbolhoy.co\/index.php\/2025\/08\/17\/luis-diaz-tras-su-primer-titulo-con-bayern-munich-era-especial-este-partido\/\" \/>\n<meta property=\"article:publisher\" content=\"https:\/\/www.facebook.com\/FutbolHoyCol\/\" \/>\n<meta property=\"article:published_time\" content=\"2025-08-17T15:00:01+00:00\" \/>\n<meta property=\"article:modified_time\" content=\"2025-08-18T15:51:31+00:00\" \/>\n<meta property=\"og:image\" content=\"https:\/\/futbolhoy.co\/wp-content\/uploads\/2025\/08\/GygEelEWQAAJwo0-scaled.jpeg\" \/>\n\t<meta property=\"og:image:width\" content=\"2560\" \/>\n\t<meta property=\"og:image:height\" content=\"1780\" \/>\n\t<meta property=\"og:image:type\" content=\"image\/jpeg\" \/>\n<meta name=\"author\" content=\"contenido\" \/>\n<meta name=\"twitter:card\" content=\"summary_large_image\" \/>\n<meta name=\"twitter:creator\" content=\"@FutbolHoyCol\" \/>\n<meta name=\"twitter:site\" content=\"@FutbolHoyCol\" \/>\n<meta name=\"twitter:label1\" content=\"Escrito por\" \/>\n\t<meta name=\"twitter:data1\" content=\"contenido\" \/>\n\t<meta name=\"twitter:label2\" content=\"Tiempo de lectura\" \/>\n\t<meta name=\"twitter:data2\" content=\"1 minuto\" \/>\n<script type=\"application\/ld+json\" class=\"yoast-schema-graph\">{\"@context\":\"https:\/\/schema.org\",\"@graph\":[{\"@type\":\"Article\",\"@id\":\"https:\/\/futbolhoy.co\/index.php\/2025\/08\/17\/luis-diaz-tras-su-primer-titulo-con-bayern-munich-era-especial-este-partido\/#article\",\"isPartOf\":{\"@id\":\"https:\/\/futbolhoy.co\/index.php\/2025\/08\/17\/luis-diaz-tras-su-primer-titulo-con-bayern-munich-era-especial-este-partido\/\"},\"author\":{\"name\":\"contenido\",\"@id\":\"https:\/\/futbolhoy.co\/#\/schema\/person\/1721b69355b6623eaff15ac7b92d4cc3\"},\"headline\":\"Luis D\u00edaz tras su primer t\u00edtulo con Bayern M\u00fanich: \\\"Era especial este partido\\\"\",\"datePublished\":\"2025-08-17T15:00:01+00:00\",\"dateModified\":\"2025-08-18T15:51:31+00:00\",\"mainEntityOfPage\":{\"@id\":\"https:\/\/futbolhoy.co\/index.php\/2025\/08\/17\/luis-diaz-tras-su-primer-titulo-con-bayern-munich-era-especial-este-partido\/\"},\"wordCount\":243,\"commentCount\":0,\"publisher\":{\"@id\":\"https:\/\/futbolhoy.co\/#organization\"},\"image\":{\"@id\":\"https:\/\/futbolhoy.co\/index.php\/2025\/08\/17\/luis-diaz-tras-su-primer-titulo-con-bayern-munich-era-especial-este-partido\/#primaryimage\"},\"thumbnailUrl\":\"https:\/\/futbolhoy.co\/wp-content\/uploads\/2025\/08\/GygEelEWQAAJwo0-scaled.jpeg\",\"articleSection\":[\"Colombia\"],\"inLanguage\":\"es\",\"potentialAction\":[{\"@type\":\"CommentAction\",\"name\":\"Comment\",\"target\":[\"https:\/\/futbolhoy.co\/index.php\/2025\/08\/17\/luis-diaz-tras-su-primer-titulo-con-bayern-munich-era-especial-este-partido\/#respond\"]}]},{\"@type\":\"WebPage\",\"@id\":\"https:\/\/futbolhoy.co\/index.php\/2025\/08\/17\/luis-diaz-tras-su-primer-titulo-con-bayern-munich-era-especial-este-partido\/\",\"url\":\"https:\/\/futbolhoy.co\/index.php\/2025\/08\/17\/luis-diaz-tras-su-primer-titulo-con-bayern-munich-era-especial-este-partido\/\",\"name\":\"Luis D\u00edaz tras su primer t\u00edtulo con Bayern M\u00fanich: \\\"Era especial este partido\\\" -\",\"isPartOf\":{\"@id\":\"https:\/\/futbolhoy.co\/#website\"},\"primaryImageOfPage\":{\"@id\":\"https:\/\/futbolhoy.co\/index.php\/2025\/08\/17\/luis-diaz-tras-su-primer-titulo-con-bayern-munich-era-especial-este-partido\/#primaryimage\"},\"image\":{\"@id\":\"https:\/\/futbolhoy.co\/index.php\/2025\/08\/17\/luis-diaz-tras-su-primer-titulo-con-bayern-munich-era-especial-este-partido\/#primaryimage\"},\"thumbnailUrl\":\"https:\/\/futbolhoy.co\/wp-content\/uploads\/2025\/08\/GygEelEWQAAJwo0-scaled.jpeg\",\"datePublished\":\"2025-08-17T15:00:01+00:00\",\"dateModified\":\"2025-08-18T15:51:31+00:00\",\"breadcrumb\":{\"@id\":\"https:\/\/futbolhoy.co\/index.php\/2025\/08\/17\/luis-diaz-tras-su-primer-titulo-con-bayern-munich-era-especial-este-partido\/#breadcrumb\"},\"inLanguage\":\"es\",\"potentialAction\":[{\"@type\":\"ReadAction\",\"target\":[\"https:\/\/futbolhoy.co\/index.php\/2025\/08\/17\/luis-diaz-tras-su-primer-titulo-con-bayern-munich-era-especial-este-partido\/\"]}]},{\"@type\":\"ImageObject\",\"inLanguage\":\"es\",\"@id\":\"https:\/\/futbolhoy.co\/index.php\/2025\/08\/17\/luis-diaz-tras-su-primer-titulo-con-bayern-munich-era-especial-este-partido\/#primaryimage\",\"url\":\"https:\/\/futbolhoy.co\/wp-content\/uploads\/2025\/08\/GygEelEWQAAJwo0-scaled.jpeg\",\"contentUrl\":\"https:\/\/futbolhoy.co\/wp-content\/uploads\/2025\/08\/GygEelEWQAAJwo0-scaled.jpeg\",\"width\":2560,\"height\":1780,\"caption\":\"Imagen: @FCBayernES\"},{\"@type\":\"BreadcrumbList\",\"@id\":\"https:\/\/futbolhoy.co\/index.php\/2025\/08\/17\/luis-diaz-tras-su-primer-titulo-con-bayern-munich-era-especial-este-partido\/#breadcrumb\",\"itemListElement\":[{\"@type\":\"ListItem\",\"position\":1,\"name\":\"Portada\",\"item\":\"https:\/\/futbolhoy.co\/\"},{\"@type\":\"ListItem\",\"position\":2,\"name\":\"Luis D\u00edaz tras su primer t\u00edtulo con Bayern M\u00fanich: \\\"Era especial este partido\\\"\"}]},{\"@type\":\"WebSite\",\"@id\":\"https:\/\/futbolhoy.co\/#website\",\"url\":\"https:\/\/futbolhoy.co\/\",\"name\":\"FutbolHoy\",\"description\":\"\",\"publisher\":{\"@id\":\"https:\/\/futbolhoy.co\/#organization\"},\"potentialAction\":[{\"@type\":\"SearchAction\",\"target\":{\"@type\":\"EntryPoint\",\"urlTemplate\":\"https:\/\/futbolhoy.co\/?s={search_term_string}\"},\"query-input\":{\"@type\":\"PropertyValueSpecification\",\"valueRequired\":true,\"valueName\":\"search_term_string\"}}],\"inLanguage\":\"es\"},{\"@type\":\"Organization\",\"@id\":\"https:\/\/futbolhoy.co\/#organization\",\"name\":\"Futbolhoy.co\",\"url\":\"https:\/\/futbolhoy.co\/\",\"logo\":{\"@type\":\"ImageObject\",\"inLanguage\":\"es\",\"@id\":\"https:\/\/futbolhoy.co\/#\/schema\/logo\/image\/\",\"url\":\"https:\/\/futbolhoy.co\/wp-content\/uploads\/2018\/08\/17426380_1906371736249227_6326180412931521141_n.jpg\",\"contentUrl\":\"https:\/\/futbolhoy.co\/wp-content\/uploads\/2018\/08\/17426380_1906371736249227_6326180412931521141_n.jpg\",\"width\":960,\"height\":960,\"caption\":\"Futbolhoy.co\"},\"image\":{\"@id\":\"https:\/\/futbolhoy.co\/#\/schema\/logo\/image\/\"},\"sameAs\":[\"https:\/\/www.facebook.com\/FutbolHoyCol\/\",\"https:\/\/x.com\/FutbolHoyCol\",\"https:\/\/www.instagram.com\/futbolhoycol\/\"]},{\"@type\":\"Person\",\"@id\":\"https:\/\/futbolhoy.co\/#\/schema\/person\/1721b69355b6623eaff15ac7b92d4cc3\",\"name\":\"contenido\",\"image\":{\"@type\":\"ImageObject\",\"inLanguage\":\"es\",\"@id\":\"https:\/\/futbolhoy.co\/#\/schema\/person\/image\/\",\"url\":\"https:\/\/secure.gravatar.com\/avatar\/4f656d3256f5134f466206e7c3941518?s=96&d=mm&r=g\",\"contentUrl\":\"https:\/\/secure.gravatar.com\/avatar\/4f656d3256f5134f466206e7c3941518?s=96&d=mm&r=g\",\"caption\":\"contenido\"}}]}<\/script>\n<!-- \/ Yoast SEO plugin. -->","yoast_head_json":{"title":"Luis D\u00edaz tras su primer t\u00edtulo con Bayern M\u00fanich: \"Era especial este partido\" -","robots":{"index":"index","follow":"follow","max-snippet":"max-snippet:-1","max-image-preview":"max-image-preview:large","max-video-preview":"max-video-preview:-1"},"canonical":"https:\/\/futbolhoy.co\/index.php\/2025\/08\/17\/luis-diaz-tras-su-primer-titulo-con-bayern-munich-era-especial-este-partido\/","og_locale":"es_ES","og_type":"article","og_title":"Luis D\u00edaz tras su primer t\u00edtulo con Bayern M\u00fanich: \"Era especial este partido\" -","og_description":"En Stuttgart se registr\u00f3 el primer t\u00edtulo de la temporada en Alemania que levant\u00f3 Bayern M\u00fanich al declararse campe\u00f3n de la Supercopa. Con anotaciones de Harry Kane y Luis D\u00edaz, los b\u00e1varos quedaron campeones de esta final. Al finalizar el partido, el extremo colombiano entreg\u00f3 sus sensaciones de lo que fue este encuentro. En di\u00e1logo [&hellip;]","og_url":"https:\/\/futbolhoy.co\/index.php\/2025\/08\/17\/luis-diaz-tras-su-primer-titulo-con-bayern-munich-era-especial-este-partido\/","article_publisher":"https:\/\/www.facebook.com\/FutbolHoyCol\/","article_published_time":"2025-08-17T15:00:01+00:00","article_modified_time":"2025-08-18T15:51:31+00:00","og_image":[{"width":2560,"height":1780,"url":"https:\/\/futbolhoy.co\/wp-content\/uploads\/2025\/08\/GygEelEWQAAJwo0-scaled.jpeg","type":"image\/jpeg"}],"author":"contenido","twitter_card":"summary_large_image","twitter_creator":"@FutbolHoyCol","twitter_site":"@FutbolHoyCol","twitter_misc":{"Escrito por":"contenido","Tiempo de lectura":"1 minuto"},"schema":{"@context":"https:\/\/schema.org","@graph":[{"@type":"Article","@id":"https:\/\/futbolhoy.co\/index.php\/2025\/08\/17\/luis-diaz-tras-su-primer-titulo-con-bayern-munich-era-especial-este-partido\/#article","isPartOf":{"@id":"https:\/\/futbolhoy.co\/index.php\/2025\/08\/17\/luis-diaz-tras-su-primer-titulo-con-bayern-munich-era-especial-este-partido\/"},"author":{"name":"contenido","@id":"https:\/\/futbolhoy.co\/#\/schema\/person\/1721b69355b6623eaff15ac7b92d4cc3"},"headline":"Luis D\u00edaz tras su primer t\u00edtulo con Bayern M\u00fanich: \"Era especial este partido\"","datePublished":"2025-08-17T15:00:01+00:00","dateModified":"2025-08-18T15:51:31+00:00","mainEntityOfPage":{"@id":"https:\/\/futbolhoy.co\/index.php\/2025\/08\/17\/luis-diaz-tras-su-primer-titulo-con-bayern-munich-era-especial-este-partido\/"},"wordCount":243,"commentCount":0,"publisher":{"@id":"https:\/\/futbolhoy.co\/#organization"},"image":{"@id":"https:\/\/futbolhoy.co\/index.php\/2025\/08\/17\/luis-diaz-tras-su-primer-titulo-con-bayern-munich-era-especial-este-partido\/#primaryimage"},"thumbnailUrl":"https:\/\/futbolhoy.co\/wp-content\/uploads\/2025\/08\/GygEelEWQAAJwo0-scaled.jpeg","articleSection":["Colombia"],"inLanguage":"es","potentialAction":[{"@type":"CommentAction","name":"Comment","target":["https:\/\/futbolhoy.co\/index.php\/2025\/08\/17\/luis-diaz-tras-su-primer-titulo-con-bayern-munich-era-especial-este-partido\/#respond"]}]},{"@type":"WebPage","@id":"https:\/\/futbolhoy.co\/index.php\/2025\/08\/17\/luis-diaz-tras-su-primer-titulo-con-bayern-munich-era-especial-este-partido\/","url":"https:\/\/futbolhoy.co\/index.php\/2025\/08\/17\/luis-diaz-tras-su-primer-titulo-con-bayern-munich-era-especial-este-partido\/","name":"Luis D\u00edaz tras su primer t\u00edtulo con Bayern M\u00fanich: \"Era especial este partido\" -","isPartOf":{"@id":"https:\/\/futbolhoy.co\/#website"},"primaryImageOfPage":{"@id":"https:\/\/futbolhoy.co\/index.php\/2025\/08\/17\/luis-diaz-tras-su-primer-titulo-con-bayern-munich-era-especial-este-partido\/#primaryimage"},"image":{"@id":"https:\/\/futbolhoy.co\/index.php\/2025\/08\/17\/luis-diaz-tras-su-primer-titulo-con-bayern-munich-era-especial-este-partido\/#primaryimage"},"thumbnailUrl":"https:\/\/futbolhoy.co\/wp-content\/uploads\/2025\/08\/GygEelEWQAAJwo0-scaled.jpeg","datePublished":"2025-08-17T15:00:01+00:00","dateModified":"2025-08-18T15:51:31+00:00","breadcrumb":{"@id":"https:\/\/futbolhoy.co\/index.php\/2025\/08\/17\/luis-diaz-tras-su-primer-titulo-con-bayern-munich-era-especial-este-partido\/#breadcrumb"},"inLanguage":"es","potentialAction":[{"@type":"ReadAction","target":["https:\/\/futbolhoy.co\/index.php\/2025\/08\/17\/luis-diaz-tras-su-primer-titulo-con-bayern-munich-era-especial-este-partido\/"]}]},{"@type":"ImageObject","inLanguage":"es","@id":"https:\/\/futbolhoy.co\/index.php\/2025\/08\/17\/luis-diaz-tras-su-primer-titulo-con-bayern-munich-era-especial-este-partido\/#primaryimage","url":"https:\/\/futbolhoy.co\/wp-content\/uploads\/2025\/08\/GygEelEWQAAJwo0-scaled.jpeg","contentUrl":"https:\/\/futbolhoy.co\/wp-content\/uploads\/2025\/08\/GygEelEWQAAJwo0-scaled.jpeg","width":2560,"height":1780,"caption":"Imagen: @FCBayernES"},{"@type":"BreadcrumbList","@id":"https:\/\/futbolhoy.co\/index.php\/2025\/08\/17\/luis-diaz-tras-su-primer-titulo-con-bayern-munich-era-especial-este-partido\/#breadcrumb","itemListElement":[{"@type":"ListItem","position":1,"name":"Portada","item":"https:\/\/futbolhoy.co\/"},{"@type":"ListItem","position":2,"name":"Luis D\u00edaz tras su primer t\u00edtulo con Bayern M\u00fanich: \"Era especial este partido\""}]},{"@type":"WebSite","@id":"https:\/\/futbolhoy.co\/#website","url":"https:\/\/futbolhoy.co\/","name":"FutbolHoy","description":"","publisher":{"@id":"https:\/\/futbolhoy.co\/#organization"},"potentialAction":[{"@type":"SearchAction","target":{"@type":"EntryPoint","urlTemplate":"https:\/\/futbolhoy.co\/?s={search_term_string}"},"query-input":{"@type":"PropertyValueSpecification","valueRequired":true,"valueName":"search_term_string"}}],"inLanguage":"es"},{"@type":"Organization","@id":"https:\/\/futbolhoy.co\/#organization","name":"Futbolhoy.co","url":"https:\/\/futbolhoy.co\/","logo":{"@type":"ImageObject","inLanguage":"es","@id":"https:\/\/futbolhoy.co\/#\/schema\/logo\/image\/","url":"https:\/\/futbolhoy.co\/wp-content\/uploads\/2018\/08\/17426380_1906371736249227_6326180412931521141_n.jpg","contentUrl":"https:\/\/futbolhoy.co\/wp-content\/uploads\/2018\/08\/17426380_1906371736249227_6326180412931521141_n.jpg","width":960,"height":960,"caption":"Futbolhoy.co"},"image":{"@id":"https:\/\/futbolhoy.co\/#\/schema\/logo\/image\/"},"sameAs":["https:\/\/www.facebook.com\/FutbolHoyCol\/","https:\/\/x.com\/FutbolHoyCol","https:\/\/www.instagram.com\/futbolhoycol\/"]},{"@type":"Person","@id":"https:\/\/futbolhoy.co\/#\/schema\/person\/1721b69355b6623eaff15ac7b92d4cc3","name":"contenido","image":{"@type":"ImageObject","inLanguage":"es","@id":"https:\/\/futbolhoy.co\/#\/schema\/person\/image\/","url":"https:\/\/secure.gravatar.com\/avatar\/4f656d3256f5134f466206e7c3941518?s=96&d=mm&r=g","contentUrl":"https:\/\/secure.gravatar.com\/avatar\/4f656d3256f5134f466206e7c3941518?s=96&d=mm&r=g","caption":"contenido"}}]}},"publishpress_future_action":{"enabled":false,"date":"2026-05-05 03:06:25","action":"change-status","newStatus":"draft","terms":[],"taxonomy":"category","extraData":[]},"publishpress_future_workflow_manual_trigger":{"enabledWorkflows":[]},"_links":{"self":[{"href":"https:\/\/futbolhoy.co\/index.php\/wp-json\/wp\/v2\/posts\/121982","targetHints":{"allow":["GET"]}}],"collection":[{"href":"https:\/\/futbolhoy.co\/index.php\/wp-json\/wp\/v2\/posts"}],"about":[{"href":"https:\/\/futbolhoy.co\/index.php\/wp-json\/wp\/v2\/types\/post"}],"author":[{"embeddable":true,"href":"https:\/\/futbolhoy.co\/index.php\/wp-json\/wp\/v2\/users\/4"}],"replies":[{"embeddable":true,"href":"https:\/\/futbolhoy.co\/index.php\/wp-json\/wp\/v2\/comments?post=121982"}],"version-history":[{"count":1,"href":"https:\/\/futbolhoy.co\/index.php\/wp-json\/wp\/v2\/posts\/121982\/revisions"}],"predecessor-version":[{"id":121984,"href":"https:\/\/futbolhoy.co\/index.php\/wp-json\/wp\/v2\/posts\/121982\/revisions\/121984"}],"wp:featuredmedia":[{"embeddable":true,"href":"https:\/\/futbolhoy.co\/index.php\/wp-json\/wp\/v2\/media\/121983"}],"wp:attachment":[{"href":"https:\/\/futbolhoy.co\/index.php\/wp-json\/wp\/v2\/media?parent=121982"}],"wp:term":[{"taxonomy":"category","embeddable":true,"href":"https:\/\/futbolhoy.co\/index.php\/wp-json\/wp\/v2\/categories?post=121982"},{"taxonomy":"post_tag","embeddable":true,"href":"https:\/\/futbolhoy.co\/index.php\/wp-json\/wp\/v2\/tags?post=121982"}],"curies":[{"name":"wp","href":"https:\/\/api.w.org\/{rel}","templated":true}]}}