{"id":121985,"date":"2025-08-17T11:13:16","date_gmt":"2025-08-17T16:13:16","guid":{"rendered":"https:\/\/futbolhoy.co\/?p=121985"},"modified":"2025-08-18T12:03:14","modified_gmt":"2025-08-18T17:03:14","slug":"nicolas-rodriguez-marco-su-primera-anotacion-con-orlando-city-asi-fue-su-gol","status":"publish","type":"post","link":"https:\/\/futbolhoy.co\/index.php\/2025\/08\/17\/nicolas-rodriguez-marco-su-primera-anotacion-con-orlando-city-asi-fue-su-gol\/","title":{"rendered":"Nicol\u00e1s Rodr\u00edguez marc\u00f3 su primera anotaci\u00f3n con Orlando City: as\u00ed fue su gol"},"content":{"rendered":"<p><span style=\"font-family: helvetica, arial, sans-serif;\">Diferentes futbolistas colombianos vienen sumando minutos en las diferentes ligas del mundo que inician o continuan en su programaci\u00f3n habitual. En la MLS de Estados Unidos hay presencia de varios futbolistas que<strong> se reportan con presentaciones destacadas.<\/strong><\/span><\/p>\n<p><span style=\"font-family: helvetica, arial, sans-serif;\">Uno de ellos es <strong>Nicol\u00e1s Rodr\u00edguez<\/strong>, extremo derecho que pas\u00f3 <strong>de Fortaleza al Orlando City<\/strong> a inicios de 2025. El jugador oriundo de San Jos\u00e9 del Guaviare marc\u00f3 en la victoria de su club<strong> 3-1 contra el Sporting Kansas City.<\/strong><\/span><\/p>\n<p><span style=\"font-family: helvetica, arial, sans-serif;\">Ingresando al minuto 77 en reemplazo de su compa\u00f1ero <strong>Tyrese Spicer<\/strong>, el colombiano cerr\u00f3 el marcador con su anotaci\u00f3n. Aprovech<strong>\u00f3 un rebote dentro del \u00e1rea y marc\u00f3 de pierna izquierda<\/strong> para sentenciar el triunfo para el equipo morado.<\/span><\/p>\n<blockquote class=\"twitter-tweet\">\n<p dir=\"ltr\" lang=\"cs\">THE DAGGER!<\/p>\n<p>Nicol\u00e1s Rodr\u00edguez scores his first goal for <a href=\"https:\/\/twitter.com\/OrlandoCitySC?ref_src=twsrc%5Etfw\">@OrlandoCitySC<\/a> to make it 3-1. <a href=\"https:\/\/t.co\/OD5KqGMsDz\">pic.twitter.com\/OD5KqGMsDz<\/a><\/p>\n<p>\u2014 Major League Soccer (@MLS) <a href=\"https:\/\/twitter.com\/MLS\/status\/1956936399598260674?ref_src=twsrc%5Etfw\">August 17, 2025<\/a><\/p><\/blockquote>\n<p><script async src=\"https:\/\/platform.twitter.com\/widgets.js\" charset=\"utf-8\"><\/script><span style=\"font-family: helvetica, arial, sans-serif;\">Esta es la primera anotaci\u00f3n del joven jugador que<strong> acumula 12 partidos desde que lleg\u00f3 al club estadounidense.<\/strong> En este plantel comparte grupo junto a sus compatriotas <strong>Luis Fernando Muriel, Eduard Atuesta e Iv\u00e1n Angulo.<\/strong><\/span><\/p>\n","protected":false},"excerpt":{"rendered":"<p>Diferentes futbolistas colombianos vienen sumando minutos en las diferentes ligas del mundo que inician o continuan en su programaci\u00f3n habitual. En la MLS de Estados Unidos hay presencia de varios futbolistas que se reportan con presentaciones destacadas. Uno de ellos es Nicol\u00e1s Rodr\u00edguez, extremo derecho que pas\u00f3 de Fortaleza al Orlando City a inicios de [&hellip;]<\/p>\n","protected":false},"author":4,"featured_media":121986,"comment_status":"open","ping_status":"open","sticky":false,"template":"","format":"standard","meta":{"_acf_changed":false,"footnotes":""},"categories":[152],"tags":[],"class_list":{"0":"post-121985","1":"post","2":"type-post","3":"status-publish","4":"format-standard","5":"has-post-thumbnail","7":"category-mundo-futbol"},"acf":[],"yoast_head":"<!-- This site is optimized with the Yoast SEO plugin v26.8 - https:\/\/yoast.com\/product\/yoast-seo-wordpress\/ -->\n<title>Nicol\u00e1s Rodr\u00edguez marc\u00f3 su primera anotaci\u00f3n con Orlando City: as\u00ed fue su gol -<\/title>\n<meta name=\"robots\" content=\"index, follow, max-snippet:-1, max-image-preview:large, max-video-preview:-1\" \/>\n<link rel=\"canonical\" href=\"https:\/\/futbolhoy.co\/index.php\/2025\/08\/17\/nicolas-rodriguez-marco-su-primera-anotacion-con-orlando-city-asi-fue-su-gol\/\" \/>\n<meta property=\"og:locale\" content=\"es_ES\" \/>\n<meta property=\"og:type\" content=\"article\" \/>\n<meta property=\"og:title\" content=\"Nicol\u00e1s Rodr\u00edguez marc\u00f3 su primera anotaci\u00f3n con Orlando City: as\u00ed fue su gol -\" \/>\n<meta property=\"og:description\" content=\"Diferentes futbolistas colombianos vienen sumando minutos en las diferentes ligas del mundo que inician o continuan en su programaci\u00f3n habitual. En la MLS de Estados Unidos hay presencia de varios futbolistas que se reportan con presentaciones destacadas. Uno de ellos es Nicol\u00e1s Rodr\u00edguez, extremo derecho que pas\u00f3 de Fortaleza al Orlando City a inicios de [&hellip;]\" \/>\n<meta property=\"og:url\" content=\"https:\/\/futbolhoy.co\/index.php\/2025\/08\/17\/nicolas-rodriguez-marco-su-primera-anotacion-con-orlando-city-asi-fue-su-gol\/\" \/>\n<meta property=\"article:publisher\" content=\"https:\/\/www.facebook.com\/FutbolHoyCol\/\" \/>\n<meta property=\"article:published_time\" content=\"2025-08-17T16:13:16+00:00\" \/>\n<meta property=\"article:modified_time\" content=\"2025-08-18T17:03:14+00:00\" \/>\n<meta property=\"og:image\" content=\"https:\/\/futbolhoy.co\/wp-content\/uploads\/2025\/08\/533895026_18399721327136972_3499452467427962666_n.jpg\" \/>\n\t<meta property=\"og:image:width\" content=\"1080\" \/>\n\t<meta property=\"og:image:height\" content=\"720\" \/>\n\t<meta property=\"og:image:type\" content=\"image\/jpeg\" \/>\n<meta name=\"author\" content=\"contenido\" \/>\n<meta name=\"twitter:card\" content=\"summary_large_image\" \/>\n<meta name=\"twitter:creator\" content=\"@FutbolHoyCol\" \/>\n<meta name=\"twitter:site\" content=\"@FutbolHoyCol\" \/>\n<meta name=\"twitter:label1\" content=\"Escrito por\" \/>\n\t<meta name=\"twitter:data1\" content=\"contenido\" \/>\n\t<meta name=\"twitter:label2\" content=\"Tiempo de lectura\" \/>\n\t<meta name=\"twitter:data2\" content=\"1 minuto\" \/>\n<script type=\"application\/ld+json\" class=\"yoast-schema-graph\">{\"@context\":\"https:\/\/schema.org\",\"@graph\":[{\"@type\":\"Article\",\"@id\":\"https:\/\/futbolhoy.co\/index.php\/2025\/08\/17\/nicolas-rodriguez-marco-su-primera-anotacion-con-orlando-city-asi-fue-su-gol\/#article\",\"isPartOf\":{\"@id\":\"https:\/\/futbolhoy.co\/index.php\/2025\/08\/17\/nicolas-rodriguez-marco-su-primera-anotacion-con-orlando-city-asi-fue-su-gol\/\"},\"author\":{\"name\":\"contenido\",\"@id\":\"https:\/\/futbolhoy.co\/#\/schema\/person\/1721b69355b6623eaff15ac7b92d4cc3\"},\"headline\":\"Nicol\u00e1s Rodr\u00edguez marc\u00f3 su primera anotaci\u00f3n con Orlando City: as\u00ed fue su gol\",\"datePublished\":\"2025-08-17T16:13:16+00:00\",\"dateModified\":\"2025-08-18T17:03:14+00:00\",\"mainEntityOfPage\":{\"@id\":\"https:\/\/futbolhoy.co\/index.php\/2025\/08\/17\/nicolas-rodriguez-marco-su-primera-anotacion-con-orlando-city-asi-fue-su-gol\/\"},\"wordCount\":196,\"commentCount\":0,\"publisher\":{\"@id\":\"https:\/\/futbolhoy.co\/#organization\"},\"image\":{\"@id\":\"https:\/\/futbolhoy.co\/index.php\/2025\/08\/17\/nicolas-rodriguez-marco-su-primera-anotacion-con-orlando-city-asi-fue-su-gol\/#primaryimage\"},\"thumbnailUrl\":\"https:\/\/futbolhoy.co\/wp-content\/uploads\/2025\/08\/533895026_18399721327136972_3499452467427962666_n.jpg\",\"articleSection\":[\"Mundo Futbol\"],\"inLanguage\":\"es\",\"potentialAction\":[{\"@type\":\"CommentAction\",\"name\":\"Comment\",\"target\":[\"https:\/\/futbolhoy.co\/index.php\/2025\/08\/17\/nicolas-rodriguez-marco-su-primera-anotacion-con-orlando-city-asi-fue-su-gol\/#respond\"]}]},{\"@type\":\"WebPage\",\"@id\":\"https:\/\/futbolhoy.co\/index.php\/2025\/08\/17\/nicolas-rodriguez-marco-su-primera-anotacion-con-orlando-city-asi-fue-su-gol\/\",\"url\":\"https:\/\/futbolhoy.co\/index.php\/2025\/08\/17\/nicolas-rodriguez-marco-su-primera-anotacion-con-orlando-city-asi-fue-su-gol\/\",\"name\":\"Nicol\u00e1s Rodr\u00edguez marc\u00f3 su primera anotaci\u00f3n con Orlando City: as\u00ed fue su gol -\",\"isPartOf\":{\"@id\":\"https:\/\/futbolhoy.co\/#website\"},\"primaryImageOfPage\":{\"@id\":\"https:\/\/futbolhoy.co\/index.php\/2025\/08\/17\/nicolas-rodriguez-marco-su-primera-anotacion-con-orlando-city-asi-fue-su-gol\/#primaryimage\"},\"image\":{\"@id\":\"https:\/\/futbolhoy.co\/index.php\/2025\/08\/17\/nicolas-rodriguez-marco-su-primera-anotacion-con-orlando-city-asi-fue-su-gol\/#primaryimage\"},\"thumbnailUrl\":\"https:\/\/futbolhoy.co\/wp-content\/uploads\/2025\/08\/533895026_18399721327136972_3499452467427962666_n.jpg\",\"datePublished\":\"2025-08-17T16:13:16+00:00\",\"dateModified\":\"2025-08-18T17:03:14+00:00\",\"breadcrumb\":{\"@id\":\"https:\/\/futbolhoy.co\/index.php\/2025\/08\/17\/nicolas-rodriguez-marco-su-primera-anotacion-con-orlando-city-asi-fue-su-gol\/#breadcrumb\"},\"inLanguage\":\"es\",\"potentialAction\":[{\"@type\":\"ReadAction\",\"target\":[\"https:\/\/futbolhoy.co\/index.php\/2025\/08\/17\/nicolas-rodriguez-marco-su-primera-anotacion-con-orlando-city-asi-fue-su-gol\/\"]}]},{\"@type\":\"ImageObject\",\"inLanguage\":\"es\",\"@id\":\"https:\/\/futbolhoy.co\/index.php\/2025\/08\/17\/nicolas-rodriguez-marco-su-primera-anotacion-con-orlando-city-asi-fue-su-gol\/#primaryimage\",\"url\":\"https:\/\/futbolhoy.co\/wp-content\/uploads\/2025\/08\/533895026_18399721327136972_3499452467427962666_n.jpg\",\"contentUrl\":\"https:\/\/futbolhoy.co\/wp-content\/uploads\/2025\/08\/533895026_18399721327136972_3499452467427962666_n.jpg\",\"width\":1080,\"height\":720,\"caption\":\"Imagen: @nicolas_rodriguez_8\"},{\"@type\":\"BreadcrumbList\",\"@id\":\"https:\/\/futbolhoy.co\/index.php\/2025\/08\/17\/nicolas-rodriguez-marco-su-primera-anotacion-con-orlando-city-asi-fue-su-gol\/#breadcrumb\",\"itemListElement\":[{\"@type\":\"ListItem\",\"position\":1,\"name\":\"Portada\",\"item\":\"https:\/\/futbolhoy.co\/\"},{\"@type\":\"ListItem\",\"position\":2,\"name\":\"Nicol\u00e1s Rodr\u00edguez marc\u00f3 su primera anotaci\u00f3n con Orlando City: as\u00ed fue su gol\"}]},{\"@type\":\"WebSite\",\"@id\":\"https:\/\/futbolhoy.co\/#website\",\"url\":\"https:\/\/futbolhoy.co\/\",\"name\":\"FutbolHoy\",\"description\":\"\",\"publisher\":{\"@id\":\"https:\/\/futbolhoy.co\/#organization\"},\"potentialAction\":[{\"@type\":\"SearchAction\",\"target\":{\"@type\":\"EntryPoint\",\"urlTemplate\":\"https:\/\/futbolhoy.co\/?s={search_term_string}\"},\"query-input\":{\"@type\":\"PropertyValueSpecification\",\"valueRequired\":true,\"valueName\":\"search_term_string\"}}],\"inLanguage\":\"es\"},{\"@type\":\"Organization\",\"@id\":\"https:\/\/futbolhoy.co\/#organization\",\"name\":\"Futbolhoy.co\",\"url\":\"https:\/\/futbolhoy.co\/\",\"logo\":{\"@type\":\"ImageObject\",\"inLanguage\":\"es\",\"@id\":\"https:\/\/futbolhoy.co\/#\/schema\/logo\/image\/\",\"url\":\"https:\/\/futbolhoy.co\/wp-content\/uploads\/2018\/08\/17426380_1906371736249227_6326180412931521141_n.jpg\",\"contentUrl\":\"https:\/\/futbolhoy.co\/wp-content\/uploads\/2018\/08\/17426380_1906371736249227_6326180412931521141_n.jpg\",\"width\":960,\"height\":960,\"caption\":\"Futbolhoy.co\"},\"image\":{\"@id\":\"https:\/\/futbolhoy.co\/#\/schema\/logo\/image\/\"},\"sameAs\":[\"https:\/\/www.facebook.com\/FutbolHoyCol\/\",\"https:\/\/x.com\/FutbolHoyCol\",\"https:\/\/www.instagram.com\/futbolhoycol\/\"]},{\"@type\":\"Person\",\"@id\":\"https:\/\/futbolhoy.co\/#\/schema\/person\/1721b69355b6623eaff15ac7b92d4cc3\",\"name\":\"contenido\",\"image\":{\"@type\":\"ImageObject\",\"inLanguage\":\"es\",\"@id\":\"https:\/\/futbolhoy.co\/#\/schema\/person\/image\/\",\"url\":\"https:\/\/secure.gravatar.com\/avatar\/4f656d3256f5134f466206e7c3941518?s=96&d=mm&r=g\",\"contentUrl\":\"https:\/\/secure.gravatar.com\/avatar\/4f656d3256f5134f466206e7c3941518?s=96&d=mm&r=g\",\"caption\":\"contenido\"}}]}<\/script>\n<!-- \/ Yoast SEO plugin. -->","yoast_head_json":{"title":"Nicol\u00e1s Rodr\u00edguez marc\u00f3 su primera anotaci\u00f3n con Orlando City: as\u00ed fue su gol -","robots":{"index":"index","follow":"follow","max-snippet":"max-snippet:-1","max-image-preview":"max-image-preview:large","max-video-preview":"max-video-preview:-1"},"canonical":"https:\/\/futbolhoy.co\/index.php\/2025\/08\/17\/nicolas-rodriguez-marco-su-primera-anotacion-con-orlando-city-asi-fue-su-gol\/","og_locale":"es_ES","og_type":"article","og_title":"Nicol\u00e1s Rodr\u00edguez marc\u00f3 su primera anotaci\u00f3n con Orlando City: as\u00ed fue su gol -","og_description":"Diferentes futbolistas colombianos vienen sumando minutos en las diferentes ligas del mundo que inician o continuan en su programaci\u00f3n habitual. En la MLS de Estados Unidos hay presencia de varios futbolistas que se reportan con presentaciones destacadas. Uno de ellos es Nicol\u00e1s Rodr\u00edguez, extremo derecho que pas\u00f3 de Fortaleza al Orlando City a inicios de [&hellip;]","og_url":"https:\/\/futbolhoy.co\/index.php\/2025\/08\/17\/nicolas-rodriguez-marco-su-primera-anotacion-con-orlando-city-asi-fue-su-gol\/","article_publisher":"https:\/\/www.facebook.com\/FutbolHoyCol\/","article_published_time":"2025-08-17T16:13:16+00:00","article_modified_time":"2025-08-18T17:03:14+00:00","og_image":[{"width":1080,"height":720,"url":"https:\/\/futbolhoy.co\/wp-content\/uploads\/2025\/08\/533895026_18399721327136972_3499452467427962666_n.jpg","type":"image\/jpeg"}],"author":"contenido","twitter_card":"summary_large_image","twitter_creator":"@FutbolHoyCol","twitter_site":"@FutbolHoyCol","twitter_misc":{"Escrito por":"contenido","Tiempo de lectura":"1 minuto"},"schema":{"@context":"https:\/\/schema.org","@graph":[{"@type":"Article","@id":"https:\/\/futbolhoy.co\/index.php\/2025\/08\/17\/nicolas-rodriguez-marco-su-primera-anotacion-con-orlando-city-asi-fue-su-gol\/#article","isPartOf":{"@id":"https:\/\/futbolhoy.co\/index.php\/2025\/08\/17\/nicolas-rodriguez-marco-su-primera-anotacion-con-orlando-city-asi-fue-su-gol\/"},"author":{"name":"contenido","@id":"https:\/\/futbolhoy.co\/#\/schema\/person\/1721b69355b6623eaff15ac7b92d4cc3"},"headline":"Nicol\u00e1s Rodr\u00edguez marc\u00f3 su primera anotaci\u00f3n con Orlando City: as\u00ed fue su gol","datePublished":"2025-08-17T16:13:16+00:00","dateModified":"2025-08-18T17:03:14+00:00","mainEntityOfPage":{"@id":"https:\/\/futbolhoy.co\/index.php\/2025\/08\/17\/nicolas-rodriguez-marco-su-primera-anotacion-con-orlando-city-asi-fue-su-gol\/"},"wordCount":196,"commentCount":0,"publisher":{"@id":"https:\/\/futbolhoy.co\/#organization"},"image":{"@id":"https:\/\/futbolhoy.co\/index.php\/2025\/08\/17\/nicolas-rodriguez-marco-su-primera-anotacion-con-orlando-city-asi-fue-su-gol\/#primaryimage"},"thumbnailUrl":"https:\/\/futbolhoy.co\/wp-content\/uploads\/2025\/08\/533895026_18399721327136972_3499452467427962666_n.jpg","articleSection":["Mundo Futbol"],"inLanguage":"es","potentialAction":[{"@type":"CommentAction","name":"Comment","target":["https:\/\/futbolhoy.co\/index.php\/2025\/08\/17\/nicolas-rodriguez-marco-su-primera-anotacion-con-orlando-city-asi-fue-su-gol\/#respond"]}]},{"@type":"WebPage","@id":"https:\/\/futbolhoy.co\/index.php\/2025\/08\/17\/nicolas-rodriguez-marco-su-primera-anotacion-con-orlando-city-asi-fue-su-gol\/","url":"https:\/\/futbolhoy.co\/index.php\/2025\/08\/17\/nicolas-rodriguez-marco-su-primera-anotacion-con-orlando-city-asi-fue-su-gol\/","name":"Nicol\u00e1s Rodr\u00edguez marc\u00f3 su primera anotaci\u00f3n con Orlando City: as\u00ed fue su gol -","isPartOf":{"@id":"https:\/\/futbolhoy.co\/#website"},"primaryImageOfPage":{"@id":"https:\/\/futbolhoy.co\/index.php\/2025\/08\/17\/nicolas-rodriguez-marco-su-primera-anotacion-con-orlando-city-asi-fue-su-gol\/#primaryimage"},"image":{"@id":"https:\/\/futbolhoy.co\/index.php\/2025\/08\/17\/nicolas-rodriguez-marco-su-primera-anotacion-con-orlando-city-asi-fue-su-gol\/#primaryimage"},"thumbnailUrl":"https:\/\/futbolhoy.co\/wp-content\/uploads\/2025\/08\/533895026_18399721327136972_3499452467427962666_n.jpg","datePublished":"2025-08-17T16:13:16+00:00","dateModified":"2025-08-18T17:03:14+00:00","breadcrumb":{"@id":"https:\/\/futbolhoy.co\/index.php\/2025\/08\/17\/nicolas-rodriguez-marco-su-primera-anotacion-con-orlando-city-asi-fue-su-gol\/#breadcrumb"},"inLanguage":"es","potentialAction":[{"@type":"ReadAction","target":["https:\/\/futbolhoy.co\/index.php\/2025\/08\/17\/nicolas-rodriguez-marco-su-primera-anotacion-con-orlando-city-asi-fue-su-gol\/"]}]},{"@type":"ImageObject","inLanguage":"es","@id":"https:\/\/futbolhoy.co\/index.php\/2025\/08\/17\/nicolas-rodriguez-marco-su-primera-anotacion-con-orlando-city-asi-fue-su-gol\/#primaryimage","url":"https:\/\/futbolhoy.co\/wp-content\/uploads\/2025\/08\/533895026_18399721327136972_3499452467427962666_n.jpg","contentUrl":"https:\/\/futbolhoy.co\/wp-content\/uploads\/2025\/08\/533895026_18399721327136972_3499452467427962666_n.jpg","width":1080,"height":720,"caption":"Imagen: @nicolas_rodriguez_8"},{"@type":"BreadcrumbList","@id":"https:\/\/futbolhoy.co\/index.php\/2025\/08\/17\/nicolas-rodriguez-marco-su-primera-anotacion-con-orlando-city-asi-fue-su-gol\/#breadcrumb","itemListElement":[{"@type":"ListItem","position":1,"name":"Portada","item":"https:\/\/futbolhoy.co\/"},{"@type":"ListItem","position":2,"name":"Nicol\u00e1s Rodr\u00edguez marc\u00f3 su primera anotaci\u00f3n con Orlando City: as\u00ed fue su gol"}]},{"@type":"WebSite","@id":"https:\/\/futbolhoy.co\/#website","url":"https:\/\/futbolhoy.co\/","name":"FutbolHoy","description":"","publisher":{"@id":"https:\/\/futbolhoy.co\/#organization"},"potentialAction":[{"@type":"SearchAction","target":{"@type":"EntryPoint","urlTemplate":"https:\/\/futbolhoy.co\/?s={search_term_string}"},"query-input":{"@type":"PropertyValueSpecification","valueRequired":true,"valueName":"search_term_string"}}],"inLanguage":"es"},{"@type":"Organization","@id":"https:\/\/futbolhoy.co\/#organization","name":"Futbolhoy.co","url":"https:\/\/futbolhoy.co\/","logo":{"@type":"ImageObject","inLanguage":"es","@id":"https:\/\/futbolhoy.co\/#\/schema\/logo\/image\/","url":"https:\/\/futbolhoy.co\/wp-content\/uploads\/2018\/08\/17426380_1906371736249227_6326180412931521141_n.jpg","contentUrl":"https:\/\/futbolhoy.co\/wp-content\/uploads\/2018\/08\/17426380_1906371736249227_6326180412931521141_n.jpg","width":960,"height":960,"caption":"Futbolhoy.co"},"image":{"@id":"https:\/\/futbolhoy.co\/#\/schema\/logo\/image\/"},"sameAs":["https:\/\/www.facebook.com\/FutbolHoyCol\/","https:\/\/x.com\/FutbolHoyCol","https:\/\/www.instagram.com\/futbolhoycol\/"]},{"@type":"Person","@id":"https:\/\/futbolhoy.co\/#\/schema\/person\/1721b69355b6623eaff15ac7b92d4cc3","name":"contenido","image":{"@type":"ImageObject","inLanguage":"es","@id":"https:\/\/futbolhoy.co\/#\/schema\/person\/image\/","url":"https:\/\/secure.gravatar.com\/avatar\/4f656d3256f5134f466206e7c3941518?s=96&d=mm&r=g","contentUrl":"https:\/\/secure.gravatar.com\/avatar\/4f656d3256f5134f466206e7c3941518?s=96&d=mm&r=g","caption":"contenido"}}]}},"publishpress_future_action":{"enabled":false,"date":"2026-05-04 22:11:59","action":"change-status","newStatus":"draft","terms":[],"taxonomy":"category","extraData":[]},"publishpress_future_workflow_manual_trigger":{"enabledWorkflows":[]},"_links":{"self":[{"href":"https:\/\/futbolhoy.co\/index.php\/wp-json\/wp\/v2\/posts\/121985","targetHints":{"allow":["GET"]}}],"collection":[{"href":"https:\/\/futbolhoy.co\/index.php\/wp-json\/wp\/v2\/posts"}],"about":[{"href":"https:\/\/futbolhoy.co\/index.php\/wp-json\/wp\/v2\/types\/post"}],"author":[{"embeddable":true,"href":"https:\/\/futbolhoy.co\/index.php\/wp-json\/wp\/v2\/users\/4"}],"replies":[{"embeddable":true,"href":"https:\/\/futbolhoy.co\/index.php\/wp-json\/wp\/v2\/comments?post=121985"}],"version-history":[{"count":2,"href":"https:\/\/futbolhoy.co\/index.php\/wp-json\/wp\/v2\/posts\/121985\/revisions"}],"predecessor-version":[{"id":122010,"href":"https:\/\/futbolhoy.co\/index.php\/wp-json\/wp\/v2\/posts\/121985\/revisions\/122010"}],"wp:featuredmedia":[{"embeddable":true,"href":"https:\/\/futbolhoy.co\/index.php\/wp-json\/wp\/v2\/media\/121986"}],"wp:attachment":[{"href":"https:\/\/futbolhoy.co\/index.php\/wp-json\/wp\/v2\/media?parent=121985"}],"wp:term":[{"taxonomy":"category","embeddable":true,"href":"https:\/\/futbolhoy.co\/index.php\/wp-json\/wp\/v2\/categories?post=121985"},{"taxonomy":"post_tag","embeddable":true,"href":"https:\/\/futbolhoy.co\/index.php\/wp-json\/wp\/v2\/tags?post=121985"}],"curies":[{"name":"wp","href":"https:\/\/api.w.org\/{rel}","templated":true}]}}