{"id":121990,"date":"2025-08-17T17:23:33","date_gmt":"2025-08-17T22:23:33","guid":{"rendered":"https:\/\/futbolhoy.co\/?p=121990"},"modified":"2025-08-18T19:40:39","modified_gmt":"2025-08-19T00:40:39","slug":"luis-suarez-marco-sus-primeras-anotaciones-con-sporting-de-lisboa","status":"publish","type":"post","link":"https:\/\/futbolhoy.co\/index.php\/2025\/08\/17\/luis-suarez-marco-sus-primeras-anotaciones-con-sporting-de-lisboa\/","title":{"rendered":"Luis Su\u00e1rez marc\u00f3 sus primeras anotaciones con Sporting de Lisboa"},"content":{"rendered":"<p style=\"text-align: justify;\"><span style=\"font-family: helvetica, arial, sans-serif;\">Comenz\u00f3 de buena manera la temporada deportiva para <strong>Luis Javier Su\u00e1rez,<\/strong> quien anot\u00f3 sus primeros goles con la camiseta de<strong> Sporting de Lisboa.<\/strong> El delantero samario marc\u00f3 en la goleada del equipo portugu\u00e9s 6-0 contra Arouca por la segunda fecha de la liga.<\/span><\/p>\n<p style=\"text-align: justify;\"><span style=\"font-family: helvetica, arial, sans-serif;\">Oficiando como titular, el atacante de 27 a\u00f1os tuvo buenos movimientos, se acerc\u00f3 al arco rival y marc\u00f3 sus primeras anotaciones con la camiseta verde y roja. Su primera anotaci\u00f3n <strong>lleg\u00f3 al minuto 31 desde el punto penal.<\/strong><\/span><\/p>\n<p style=\"text-align: justify;\"><span style=\"font-family: helvetica, arial, sans-serif;\">Tom\u00f3 carrera dentro del \u00e1rea y dispar\u00f3 de pierna derecha para enviar la pelota al costado izquierdo del arco. Pese a que el portero Jo\u00e3o Valido adivin\u00f3 el tiro y se estir\u00f3, no logr\u00f3 atajarlo.<\/span><\/p>\n<blockquote class=\"twitter-tweet\" data-media-max-width=\"560\">\n<p dir=\"ltr\" lang=\"zxx\"><a href=\"https:\/\/t.co\/xZd8jEQOa2\">pic.twitter.com\/xZd8jEQOa2<\/a><\/p>\n<p>\u2014 \ud83c\uddee\ud83c\uddf9 Follow @CenterOfGoals \ud83c\uddee\ud83c\uddf9 (@killen45322) <a href=\"https:\/\/twitter.com\/killen45322\/status\/1957171775415939259?ref_src=twsrc%5Etfw\">August 17, 2025<\/a><\/p><\/blockquote>\n<p><script async src=\"https:\/\/platform.twitter.com\/widgets.js\" charset=\"utf-8\"><\/script>\u00a0<span style=\"font-family: helvetica, arial, sans-serif;\">Para el segundo tiempo, Su\u00e1rez anot\u00f3 su doblete personal al 62 tras la asistencia de su compa\u00f1ero Geovany Quenda. Media vuelta y remate de pierna izquierda para anotar el quinto gol de la cuenta.<\/span><\/p>\n<p style=\"text-align: justify;\"><span style=\"font-family: helvetica, arial, sans-serif;\">Con esta destacada presentaci\u00f3n, Su\u00e1rez se va afianzando en la titular del equipo portugu\u00e9s y suma argumentos para ser posible convocado en la pr\u00f3xima fecha de eliminatorias con Colombia.<\/span><\/p>\n<blockquote class=\"twitter-tweet\" data-media-max-width=\"560\">\n<p dir=\"ltr\" lang=\"zxx\"><a href=\"https:\/\/t.co\/rZSXEXhtPt\">pic.twitter.com\/rZSXEXhtPt<\/a><\/p>\n<p>\u2014 \ud83c\uddee\ud83c\uddf9 Follow @CenterOfGoals \ud83c\uddee\ud83c\uddf9 (@killen45322) <a href=\"https:\/\/twitter.com\/killen45322\/status\/1957184812160311389?ref_src=twsrc%5Etfw\">August 17, 2025<\/a><\/p><\/blockquote>\n<p><script async src=\"https:\/\/platform.twitter.com\/widgets.js\" charset=\"utf-8\"><\/script><\/p>\n","protected":false},"excerpt":{"rendered":"<p>Comenz\u00f3 de buena manera la temporada deportiva para Luis Javier Su\u00e1rez, quien anot\u00f3 sus primeros goles con la camiseta de Sporting de Lisboa. El delantero samario marc\u00f3 en la goleada del equipo portugu\u00e9s 6-0 contra Arouca por la segunda fecha de la liga. Oficiando como titular, el atacante de 27 a\u00f1os tuvo buenos movimientos, se [&hellip;]<\/p>\n","protected":false},"author":4,"featured_media":121991,"comment_status":"open","ping_status":"open","sticky":false,"template":"","format":"standard","meta":{"_acf_changed":false,"footnotes":""},"categories":[152],"tags":[],"class_list":{"0":"post-121990","1":"post","2":"type-post","3":"status-publish","4":"format-standard","5":"has-post-thumbnail","7":"category-mundo-futbol"},"acf":[],"yoast_head":"<!-- This site is optimized with the Yoast SEO plugin v26.8 - https:\/\/yoast.com\/product\/yoast-seo-wordpress\/ -->\n<title>Luis Su\u00e1rez marc\u00f3 sus primeras anotaciones con Sporting de Lisboa -<\/title>\n<meta name=\"robots\" content=\"index, follow, max-snippet:-1, max-image-preview:large, max-video-preview:-1\" \/>\n<link rel=\"canonical\" href=\"https:\/\/futbolhoy.co\/index.php\/2025\/08\/17\/luis-suarez-marco-sus-primeras-anotaciones-con-sporting-de-lisboa\/\" \/>\n<meta property=\"og:locale\" content=\"es_ES\" \/>\n<meta property=\"og:type\" content=\"article\" \/>\n<meta property=\"og:title\" content=\"Luis Su\u00e1rez marc\u00f3 sus primeras anotaciones con Sporting de Lisboa -\" \/>\n<meta property=\"og:description\" content=\"Comenz\u00f3 de buena manera la temporada deportiva para Luis Javier Su\u00e1rez, quien anot\u00f3 sus primeros goles con la camiseta de Sporting de Lisboa. El delantero samario marc\u00f3 en la goleada del equipo portugu\u00e9s 6-0 contra Arouca por la segunda fecha de la liga. Oficiando como titular, el atacante de 27 a\u00f1os tuvo buenos movimientos, se [&hellip;]\" \/>\n<meta property=\"og:url\" content=\"https:\/\/futbolhoy.co\/index.php\/2025\/08\/17\/luis-suarez-marco-sus-primeras-anotaciones-con-sporting-de-lisboa\/\" \/>\n<meta property=\"article:publisher\" content=\"https:\/\/www.facebook.com\/FutbolHoyCol\/\" \/>\n<meta property=\"article:published_time\" content=\"2025-08-17T22:23:33+00:00\" \/>\n<meta property=\"article:modified_time\" content=\"2025-08-19T00:40:39+00:00\" \/>\n<meta property=\"og:image\" content=\"https:\/\/futbolhoy.co\/wp-content\/uploads\/2025\/08\/GylfeEgXEAAghat.jpg\" \/>\n\t<meta property=\"og:image:width\" content=\"1825\" \/>\n\t<meta property=\"og:image:height\" content=\"1233\" \/>\n\t<meta property=\"og:image:type\" content=\"image\/jpeg\" \/>\n<meta name=\"author\" content=\"contenido\" \/>\n<meta name=\"twitter:card\" content=\"summary_large_image\" \/>\n<meta name=\"twitter:creator\" content=\"@FutbolHoyCol\" \/>\n<meta name=\"twitter:site\" content=\"@FutbolHoyCol\" \/>\n<meta name=\"twitter:label1\" content=\"Escrito por\" \/>\n\t<meta name=\"twitter:data1\" content=\"contenido\" \/>\n\t<meta name=\"twitter:label2\" content=\"Tiempo de lectura\" \/>\n\t<meta name=\"twitter:data2\" content=\"1 minuto\" \/>\n<script type=\"application\/ld+json\" class=\"yoast-schema-graph\">{\"@context\":\"https:\/\/schema.org\",\"@graph\":[{\"@type\":\"Article\",\"@id\":\"https:\/\/futbolhoy.co\/index.php\/2025\/08\/17\/luis-suarez-marco-sus-primeras-anotaciones-con-sporting-de-lisboa\/#article\",\"isPartOf\":{\"@id\":\"https:\/\/futbolhoy.co\/index.php\/2025\/08\/17\/luis-suarez-marco-sus-primeras-anotaciones-con-sporting-de-lisboa\/\"},\"author\":{\"name\":\"contenido\",\"@id\":\"https:\/\/futbolhoy.co\/#\/schema\/person\/1721b69355b6623eaff15ac7b92d4cc3\"},\"headline\":\"Luis Su\u00e1rez marc\u00f3 sus primeras anotaciones con Sporting de Lisboa\",\"datePublished\":\"2025-08-17T22:23:33+00:00\",\"dateModified\":\"2025-08-19T00:40:39+00:00\",\"mainEntityOfPage\":{\"@id\":\"https:\/\/futbolhoy.co\/index.php\/2025\/08\/17\/luis-suarez-marco-sus-primeras-anotaciones-con-sporting-de-lisboa\/\"},\"wordCount\":215,\"commentCount\":0,\"publisher\":{\"@id\":\"https:\/\/futbolhoy.co\/#organization\"},\"image\":{\"@id\":\"https:\/\/futbolhoy.co\/index.php\/2025\/08\/17\/luis-suarez-marco-sus-primeras-anotaciones-con-sporting-de-lisboa\/#primaryimage\"},\"thumbnailUrl\":\"https:\/\/futbolhoy.co\/wp-content\/uploads\/2025\/08\/GylfeEgXEAAghat.jpg\",\"articleSection\":[\"Mundo Futbol\"],\"inLanguage\":\"es\",\"potentialAction\":[{\"@type\":\"CommentAction\",\"name\":\"Comment\",\"target\":[\"https:\/\/futbolhoy.co\/index.php\/2025\/08\/17\/luis-suarez-marco-sus-primeras-anotaciones-con-sporting-de-lisboa\/#respond\"]}]},{\"@type\":\"WebPage\",\"@id\":\"https:\/\/futbolhoy.co\/index.php\/2025\/08\/17\/luis-suarez-marco-sus-primeras-anotaciones-con-sporting-de-lisboa\/\",\"url\":\"https:\/\/futbolhoy.co\/index.php\/2025\/08\/17\/luis-suarez-marco-sus-primeras-anotaciones-con-sporting-de-lisboa\/\",\"name\":\"Luis Su\u00e1rez marc\u00f3 sus primeras anotaciones con Sporting de Lisboa -\",\"isPartOf\":{\"@id\":\"https:\/\/futbolhoy.co\/#website\"},\"primaryImageOfPage\":{\"@id\":\"https:\/\/futbolhoy.co\/index.php\/2025\/08\/17\/luis-suarez-marco-sus-primeras-anotaciones-con-sporting-de-lisboa\/#primaryimage\"},\"image\":{\"@id\":\"https:\/\/futbolhoy.co\/index.php\/2025\/08\/17\/luis-suarez-marco-sus-primeras-anotaciones-con-sporting-de-lisboa\/#primaryimage\"},\"thumbnailUrl\":\"https:\/\/futbolhoy.co\/wp-content\/uploads\/2025\/08\/GylfeEgXEAAghat.jpg\",\"datePublished\":\"2025-08-17T22:23:33+00:00\",\"dateModified\":\"2025-08-19T00:40:39+00:00\",\"breadcrumb\":{\"@id\":\"https:\/\/futbolhoy.co\/index.php\/2025\/08\/17\/luis-suarez-marco-sus-primeras-anotaciones-con-sporting-de-lisboa\/#breadcrumb\"},\"inLanguage\":\"es\",\"potentialAction\":[{\"@type\":\"ReadAction\",\"target\":[\"https:\/\/futbolhoy.co\/index.php\/2025\/08\/17\/luis-suarez-marco-sus-primeras-anotaciones-con-sporting-de-lisboa\/\"]}]},{\"@type\":\"ImageObject\",\"inLanguage\":\"es\",\"@id\":\"https:\/\/futbolhoy.co\/index.php\/2025\/08\/17\/luis-suarez-marco-sus-primeras-anotaciones-con-sporting-de-lisboa\/#primaryimage\",\"url\":\"https:\/\/futbolhoy.co\/wp-content\/uploads\/2025\/08\/GylfeEgXEAAghat.jpg\",\"contentUrl\":\"https:\/\/futbolhoy.co\/wp-content\/uploads\/2025\/08\/GylfeEgXEAAghat.jpg\",\"width\":1825,\"height\":1233},{\"@type\":\"BreadcrumbList\",\"@id\":\"https:\/\/futbolhoy.co\/index.php\/2025\/08\/17\/luis-suarez-marco-sus-primeras-anotaciones-con-sporting-de-lisboa\/#breadcrumb\",\"itemListElement\":[{\"@type\":\"ListItem\",\"position\":1,\"name\":\"Portada\",\"item\":\"https:\/\/futbolhoy.co\/\"},{\"@type\":\"ListItem\",\"position\":2,\"name\":\"Luis Su\u00e1rez marc\u00f3 sus primeras anotaciones con Sporting de Lisboa\"}]},{\"@type\":\"WebSite\",\"@id\":\"https:\/\/futbolhoy.co\/#website\",\"url\":\"https:\/\/futbolhoy.co\/\",\"name\":\"FutbolHoy\",\"description\":\"\",\"publisher\":{\"@id\":\"https:\/\/futbolhoy.co\/#organization\"},\"potentialAction\":[{\"@type\":\"SearchAction\",\"target\":{\"@type\":\"EntryPoint\",\"urlTemplate\":\"https:\/\/futbolhoy.co\/?s={search_term_string}\"},\"query-input\":{\"@type\":\"PropertyValueSpecification\",\"valueRequired\":true,\"valueName\":\"search_term_string\"}}],\"inLanguage\":\"es\"},{\"@type\":\"Organization\",\"@id\":\"https:\/\/futbolhoy.co\/#organization\",\"name\":\"Futbolhoy.co\",\"url\":\"https:\/\/futbolhoy.co\/\",\"logo\":{\"@type\":\"ImageObject\",\"inLanguage\":\"es\",\"@id\":\"https:\/\/futbolhoy.co\/#\/schema\/logo\/image\/\",\"url\":\"https:\/\/futbolhoy.co\/wp-content\/uploads\/2018\/08\/17426380_1906371736249227_6326180412931521141_n.jpg\",\"contentUrl\":\"https:\/\/futbolhoy.co\/wp-content\/uploads\/2018\/08\/17426380_1906371736249227_6326180412931521141_n.jpg\",\"width\":960,\"height\":960,\"caption\":\"Futbolhoy.co\"},\"image\":{\"@id\":\"https:\/\/futbolhoy.co\/#\/schema\/logo\/image\/\"},\"sameAs\":[\"https:\/\/www.facebook.com\/FutbolHoyCol\/\",\"https:\/\/x.com\/FutbolHoyCol\",\"https:\/\/www.instagram.com\/futbolhoycol\/\"]},{\"@type\":\"Person\",\"@id\":\"https:\/\/futbolhoy.co\/#\/schema\/person\/1721b69355b6623eaff15ac7b92d4cc3\",\"name\":\"contenido\",\"image\":{\"@type\":\"ImageObject\",\"inLanguage\":\"es\",\"@id\":\"https:\/\/futbolhoy.co\/#\/schema\/person\/image\/\",\"url\":\"https:\/\/secure.gravatar.com\/avatar\/4f656d3256f5134f466206e7c3941518?s=96&d=mm&r=g\",\"contentUrl\":\"https:\/\/secure.gravatar.com\/avatar\/4f656d3256f5134f466206e7c3941518?s=96&d=mm&r=g\",\"caption\":\"contenido\"}}]}<\/script>\n<!-- \/ Yoast SEO plugin. -->","yoast_head_json":{"title":"Luis Su\u00e1rez marc\u00f3 sus primeras anotaciones con Sporting de Lisboa -","robots":{"index":"index","follow":"follow","max-snippet":"max-snippet:-1","max-image-preview":"max-image-preview:large","max-video-preview":"max-video-preview:-1"},"canonical":"https:\/\/futbolhoy.co\/index.php\/2025\/08\/17\/luis-suarez-marco-sus-primeras-anotaciones-con-sporting-de-lisboa\/","og_locale":"es_ES","og_type":"article","og_title":"Luis Su\u00e1rez marc\u00f3 sus primeras anotaciones con Sporting de Lisboa -","og_description":"Comenz\u00f3 de buena manera la temporada deportiva para Luis Javier Su\u00e1rez, quien anot\u00f3 sus primeros goles con la camiseta de Sporting de Lisboa. El delantero samario marc\u00f3 en la goleada del equipo portugu\u00e9s 6-0 contra Arouca por la segunda fecha de la liga. Oficiando como titular, el atacante de 27 a\u00f1os tuvo buenos movimientos, se [&hellip;]","og_url":"https:\/\/futbolhoy.co\/index.php\/2025\/08\/17\/luis-suarez-marco-sus-primeras-anotaciones-con-sporting-de-lisboa\/","article_publisher":"https:\/\/www.facebook.com\/FutbolHoyCol\/","article_published_time":"2025-08-17T22:23:33+00:00","article_modified_time":"2025-08-19T00:40:39+00:00","og_image":[{"width":1825,"height":1233,"url":"https:\/\/futbolhoy.co\/wp-content\/uploads\/2025\/08\/GylfeEgXEAAghat.jpg","type":"image\/jpeg"}],"author":"contenido","twitter_card":"summary_large_image","twitter_creator":"@FutbolHoyCol","twitter_site":"@FutbolHoyCol","twitter_misc":{"Escrito por":"contenido","Tiempo de lectura":"1 minuto"},"schema":{"@context":"https:\/\/schema.org","@graph":[{"@type":"Article","@id":"https:\/\/futbolhoy.co\/index.php\/2025\/08\/17\/luis-suarez-marco-sus-primeras-anotaciones-con-sporting-de-lisboa\/#article","isPartOf":{"@id":"https:\/\/futbolhoy.co\/index.php\/2025\/08\/17\/luis-suarez-marco-sus-primeras-anotaciones-con-sporting-de-lisboa\/"},"author":{"name":"contenido","@id":"https:\/\/futbolhoy.co\/#\/schema\/person\/1721b69355b6623eaff15ac7b92d4cc3"},"headline":"Luis Su\u00e1rez marc\u00f3 sus primeras anotaciones con Sporting de Lisboa","datePublished":"2025-08-17T22:23:33+00:00","dateModified":"2025-08-19T00:40:39+00:00","mainEntityOfPage":{"@id":"https:\/\/futbolhoy.co\/index.php\/2025\/08\/17\/luis-suarez-marco-sus-primeras-anotaciones-con-sporting-de-lisboa\/"},"wordCount":215,"commentCount":0,"publisher":{"@id":"https:\/\/futbolhoy.co\/#organization"},"image":{"@id":"https:\/\/futbolhoy.co\/index.php\/2025\/08\/17\/luis-suarez-marco-sus-primeras-anotaciones-con-sporting-de-lisboa\/#primaryimage"},"thumbnailUrl":"https:\/\/futbolhoy.co\/wp-content\/uploads\/2025\/08\/GylfeEgXEAAghat.jpg","articleSection":["Mundo Futbol"],"inLanguage":"es","potentialAction":[{"@type":"CommentAction","name":"Comment","target":["https:\/\/futbolhoy.co\/index.php\/2025\/08\/17\/luis-suarez-marco-sus-primeras-anotaciones-con-sporting-de-lisboa\/#respond"]}]},{"@type":"WebPage","@id":"https:\/\/futbolhoy.co\/index.php\/2025\/08\/17\/luis-suarez-marco-sus-primeras-anotaciones-con-sporting-de-lisboa\/","url":"https:\/\/futbolhoy.co\/index.php\/2025\/08\/17\/luis-suarez-marco-sus-primeras-anotaciones-con-sporting-de-lisboa\/","name":"Luis Su\u00e1rez marc\u00f3 sus primeras anotaciones con Sporting de Lisboa -","isPartOf":{"@id":"https:\/\/futbolhoy.co\/#website"},"primaryImageOfPage":{"@id":"https:\/\/futbolhoy.co\/index.php\/2025\/08\/17\/luis-suarez-marco-sus-primeras-anotaciones-con-sporting-de-lisboa\/#primaryimage"},"image":{"@id":"https:\/\/futbolhoy.co\/index.php\/2025\/08\/17\/luis-suarez-marco-sus-primeras-anotaciones-con-sporting-de-lisboa\/#primaryimage"},"thumbnailUrl":"https:\/\/futbolhoy.co\/wp-content\/uploads\/2025\/08\/GylfeEgXEAAghat.jpg","datePublished":"2025-08-17T22:23:33+00:00","dateModified":"2025-08-19T00:40:39+00:00","breadcrumb":{"@id":"https:\/\/futbolhoy.co\/index.php\/2025\/08\/17\/luis-suarez-marco-sus-primeras-anotaciones-con-sporting-de-lisboa\/#breadcrumb"},"inLanguage":"es","potentialAction":[{"@type":"ReadAction","target":["https:\/\/futbolhoy.co\/index.php\/2025\/08\/17\/luis-suarez-marco-sus-primeras-anotaciones-con-sporting-de-lisboa\/"]}]},{"@type":"ImageObject","inLanguage":"es","@id":"https:\/\/futbolhoy.co\/index.php\/2025\/08\/17\/luis-suarez-marco-sus-primeras-anotaciones-con-sporting-de-lisboa\/#primaryimage","url":"https:\/\/futbolhoy.co\/wp-content\/uploads\/2025\/08\/GylfeEgXEAAghat.jpg","contentUrl":"https:\/\/futbolhoy.co\/wp-content\/uploads\/2025\/08\/GylfeEgXEAAghat.jpg","width":1825,"height":1233},{"@type":"BreadcrumbList","@id":"https:\/\/futbolhoy.co\/index.php\/2025\/08\/17\/luis-suarez-marco-sus-primeras-anotaciones-con-sporting-de-lisboa\/#breadcrumb","itemListElement":[{"@type":"ListItem","position":1,"name":"Portada","item":"https:\/\/futbolhoy.co\/"},{"@type":"ListItem","position":2,"name":"Luis Su\u00e1rez marc\u00f3 sus primeras anotaciones con Sporting de Lisboa"}]},{"@type":"WebSite","@id":"https:\/\/futbolhoy.co\/#website","url":"https:\/\/futbolhoy.co\/","name":"FutbolHoy","description":"","publisher":{"@id":"https:\/\/futbolhoy.co\/#organization"},"potentialAction":[{"@type":"SearchAction","target":{"@type":"EntryPoint","urlTemplate":"https:\/\/futbolhoy.co\/?s={search_term_string}"},"query-input":{"@type":"PropertyValueSpecification","valueRequired":true,"valueName":"search_term_string"}}],"inLanguage":"es"},{"@type":"Organization","@id":"https:\/\/futbolhoy.co\/#organization","name":"Futbolhoy.co","url":"https:\/\/futbolhoy.co\/","logo":{"@type":"ImageObject","inLanguage":"es","@id":"https:\/\/futbolhoy.co\/#\/schema\/logo\/image\/","url":"https:\/\/futbolhoy.co\/wp-content\/uploads\/2018\/08\/17426380_1906371736249227_6326180412931521141_n.jpg","contentUrl":"https:\/\/futbolhoy.co\/wp-content\/uploads\/2018\/08\/17426380_1906371736249227_6326180412931521141_n.jpg","width":960,"height":960,"caption":"Futbolhoy.co"},"image":{"@id":"https:\/\/futbolhoy.co\/#\/schema\/logo\/image\/"},"sameAs":["https:\/\/www.facebook.com\/FutbolHoyCol\/","https:\/\/x.com\/FutbolHoyCol","https:\/\/www.instagram.com\/futbolhoycol\/"]},{"@type":"Person","@id":"https:\/\/futbolhoy.co\/#\/schema\/person\/1721b69355b6623eaff15ac7b92d4cc3","name":"contenido","image":{"@type":"ImageObject","inLanguage":"es","@id":"https:\/\/futbolhoy.co\/#\/schema\/person\/image\/","url":"https:\/\/secure.gravatar.com\/avatar\/4f656d3256f5134f466206e7c3941518?s=96&d=mm&r=g","contentUrl":"https:\/\/secure.gravatar.com\/avatar\/4f656d3256f5134f466206e7c3941518?s=96&d=mm&r=g","caption":"contenido"}}]}},"publishpress_future_action":{"enabled":false,"date":"2026-05-04 20:36:31","action":"change-status","newStatus":"draft","terms":[],"taxonomy":"category","extraData":[]},"publishpress_future_workflow_manual_trigger":{"enabledWorkflows":[]},"_links":{"self":[{"href":"https:\/\/futbolhoy.co\/index.php\/wp-json\/wp\/v2\/posts\/121990","targetHints":{"allow":["GET"]}}],"collection":[{"href":"https:\/\/futbolhoy.co\/index.php\/wp-json\/wp\/v2\/posts"}],"about":[{"href":"https:\/\/futbolhoy.co\/index.php\/wp-json\/wp\/v2\/types\/post"}],"author":[{"embeddable":true,"href":"https:\/\/futbolhoy.co\/index.php\/wp-json\/wp\/v2\/users\/4"}],"replies":[{"embeddable":true,"href":"https:\/\/futbolhoy.co\/index.php\/wp-json\/wp\/v2\/comments?post=121990"}],"version-history":[{"count":1,"href":"https:\/\/futbolhoy.co\/index.php\/wp-json\/wp\/v2\/posts\/121990\/revisions"}],"predecessor-version":[{"id":121992,"href":"https:\/\/futbolhoy.co\/index.php\/wp-json\/wp\/v2\/posts\/121990\/revisions\/121992"}],"wp:featuredmedia":[{"embeddable":true,"href":"https:\/\/futbolhoy.co\/index.php\/wp-json\/wp\/v2\/media\/121991"}],"wp:attachment":[{"href":"https:\/\/futbolhoy.co\/index.php\/wp-json\/wp\/v2\/media?parent=121990"}],"wp:term":[{"taxonomy":"category","embeddable":true,"href":"https:\/\/futbolhoy.co\/index.php\/wp-json\/wp\/v2\/categories?post=121990"},{"taxonomy":"post_tag","embeddable":true,"href":"https:\/\/futbolhoy.co\/index.php\/wp-json\/wp\/v2\/tags?post=121990"}],"curies":[{"name":"wp","href":"https:\/\/api.w.org\/{rel}","templated":true}]}}