{"id":122000,"date":"2025-08-18T10:32:06","date_gmt":"2025-08-18T15:32:06","guid":{"rendered":"https:\/\/futbolhoy.co\/?p=122000"},"modified":"2025-08-19T08:23:57","modified_gmt":"2025-08-19T13:23:57","slug":"goles-colombianos-en-europa-mexico-brasil-y-mas","status":"publish","type":"post","link":"https:\/\/futbolhoy.co\/index.php\/2025\/08\/18\/goles-colombianos-en-europa-mexico-brasil-y-mas\/","title":{"rendered":"Goles colombianos en Europa, M\u00e9xico, Brasil y m\u00e1s"},"content":{"rendered":"<p><span style=\"font-family: helvetica, arial, sans-serif;\">El tercer fin de semana de agosto trajo consigo varias anotaciones de futbolistas colombianos que se reportaron con buenas presentaciones. <strong>Europa, Brasil, Rusia y Norteam\u00e9rica<\/strong> fueron los lugares en los que los deportistas nacionales marcaron para sus equipo.<\/span><\/p>\n<p><span style=\"font-family: helvetica, arial, sans-serif;\">En Alemania, <strong>Luis D\u00edaz<\/strong> se estren\u00f3 con su primer gol en <strong>Bayern M\u00fanich<\/strong> para la<strong> Supercopa de Alemania.<\/strong> Los b\u00e1varos vencieron<strong> 2-1 al Stuttgart<\/strong> en el primer t\u00edtulo de la temporada. El guajiro aprovech\u00f3 un centro de <strong>Serge Gnabry<\/strong> para cabecear la pelota y anotar el gol de la victoria.<\/span><\/p>\n<blockquote class=\"twitter-tweet\">\n<p dir=\"ltr\" lang=\"es\">\u00a1\u00a1DEBUT GOLEADOR DE LUCHO D\u00cdAZ EN BAYERN MUNICH!! \u00a1\u00a1EL GOL QUE PUEDE VALER LA SUPERCOPA DE ALEMANIA PARA BAYERN MUNICH!!<\/p>\n<p>\ud83d\udcfa La <a href=\"https:\/\/twitter.com\/hashtag\/Supercup?src=hash&amp;ref_src=twsrc%5Etfw\">#Supercup<\/a>, por <a href=\"https:\/\/twitter.com\/hashtag\/DisneyPlus?src=hash&amp;ref_src=twsrc%5Etfw\">#DisneyPlus<\/a> Plan Premium <a href=\"https:\/\/t.co\/ifGWhrP6cG\">pic.twitter.com\/ifGWhrP6cG<\/a><\/p>\n<p>\u2014 SportsCenter (@SC_ESPN) <a href=\"https:\/\/twitter.com\/SC_ESPN\/status\/1956810385538814349?ref_src=twsrc%5Etfw\">August 16, 2025<\/a><\/p><\/blockquote>\n<p><script async src=\"https:\/\/platform.twitter.com\/widgets.js\" charset=\"utf-8\"><\/script><\/p>\n<p><span style=\"font-family: helvetica, arial, sans-serif;\">Manteniendo su regularidad, <strong>Mateo Casierra<\/strong> anot\u00f3 el gol del empate de <strong>2-2 de Zenit contra Spartak Mosc\u00fa.<\/strong> Aunque fall\u00f3 un cobro directo desde el punto penal, aprovech\u00f3 la segunda jugada para <strong>reponerse de su error y salvar un punto en la liga rusa<\/strong>.<\/span><\/p>\n<blockquote class=\"twitter-tweet\">\n<p dir=\"ltr\" lang=\"it\">0-1 Cassierra <a href=\"https:\/\/t.co\/KIcgoi3pX8\">pic.twitter.com\/KIcgoi3pX8<\/a><\/p>\n<p>\u2014 RPL Sky (@RPLNews_eng) <a href=\"https:\/\/twitter.com\/RPLNews_eng\/status\/1956730530411786725?ref_src=twsrc%5Etfw\">August 16, 2025<\/a><\/p><\/blockquote>\n<p><script async src=\"https:\/\/platform.twitter.com\/widgets.js\" charset=\"utf-8\"><\/script><\/p>\n<p><span style=\"font-family: helvetica, arial, sans-serif;\"><strong>Oscar Estupi\u00f1\u00e1n<\/strong> tuvo acci\u00f3n en M\u00e9xico y sum\u00f3 una anotaci\u00f3n m\u00e1s en su cuenta personal para la <strong>victoria 2-1 de Ju\u00e1rez sobre Chivas de Guadalajara.<\/strong> El delantero abri\u00f3 el marcador al hacer un buen disparo desde el punto blanco que convirti\u00f3 <strong>en su primera anotaci\u00f3n de la presente temporada.<\/strong><\/span><\/p>\n<blockquote class=\"twitter-tweet\">\n<p dir=\"ltr\" lang=\"es\">\u00d3scar Estupi\u00f1\u00e1n cobr\u00f3 de gran manera la pena m\u00e1xima. \ud83e\udee1 Y as\u00ed, lo ganan los Bravos. \ud83d\udcf9<a href=\"https:\/\/twitter.com\/hashtag\/J5?src=hash&amp;ref_src=twsrc%5Etfw\">#J5<\/a> <a href=\"https:\/\/twitter.com\/hashtag\/AP25?src=hash&amp;ref_src=twsrc%5Etfw\">#AP25<\/a> | <a href=\"https:\/\/twitter.com\/hashtag\/LaLigaDeLaAfici%C3%B3n?src=hash&amp;ref_src=twsrc%5Etfw\">#LaLigaDeLaAfici\u00f3n<\/a> <a href=\"https:\/\/t.co\/1f8FKOFJuf\">pic.twitter.com\/1f8FKOFJuf<\/a><\/p>\n<p>\u2014 Liga BBVA MX (@LigaBBVAMX) <a href=\"https:\/\/twitter.com\/LigaBBVAMX\/status\/1956870422403633317?ref_src=twsrc%5Etfw\">August 17, 2025<\/a><\/p><\/blockquote>\n<p><script async src=\"https:\/\/platform.twitter.com\/widgets.js\" charset=\"utf-8\"><\/script><\/p>\n<p><span style=\"font-family: helvetica, arial, sans-serif;\">Con la camiseta de<strong> Santos Laguna, Cristian D\u00e1jome<\/strong> anot\u00f3 en la derrota del equipo de Torre\u00f3n, Coahuila<strong> 3-2 sobre Cruz Azul.<\/strong> El extremo derecho aprovech\u00f3 una asistencia de Bruno Amione para superar a<strong> Kevin Mier<\/strong> y agregar una diana m\u00e1s a su registro.<\/span><\/p>\n<blockquote class=\"twitter-tweet\">\n<p dir=\"ltr\" lang=\"es\">\u00a1Gol de D\u00e1jome! \ud83d\udca5<br \/>\nEl colombiano marca y ponemos el empate en el marcador. \ud83c\uddf3\ud83c\uddec\u2694\ufe0f <a href=\"https:\/\/t.co\/1MI4hOjei4\">pic.twitter.com\/1MI4hOjei4<\/a><\/p>\n<p>\u2014 Club Santos (@ClubSantos) <a href=\"https:\/\/twitter.com\/ClubSantos\/status\/1956902613741445528?ref_src=twsrc%5Etfw\">August 17, 2025<\/a><\/p><\/blockquote>\n<p><script async src=\"https:\/\/platform.twitter.com\/widgets.js\" charset=\"utf-8\"><\/script><\/p>\n<p><span style=\"font-family: helvetica, arial, sans-serif;\"><strong>Nicol\u00e1s Rodr\u00edguez<\/strong> marc\u00f3 su primer gol con <strong>Orlando City<\/strong> en la victoria del equipo de Florida <strong>3-1<\/strong> sobre del <strong>Sporting de Kansas City.<\/strong> El atacante de 21 a\u00f1os aprovech\u00f3 un rebote dentro del \u00e1rea para sentenciar el marcador en favor de su equipo.<\/span><\/p>\n<blockquote class=\"twitter-tweet\">\n<p dir=\"ltr\" lang=\"cs\">THE DAGGER!<\/p>\n<p>Nicol\u00e1s Rodr\u00edguez scores his first goal for <a href=\"https:\/\/twitter.com\/OrlandoCitySC?ref_src=twsrc%5Etfw\">@OrlandoCitySC<\/a> to make it 3-1. <a href=\"https:\/\/t.co\/OD5KqGMsDz\">pic.twitter.com\/OD5KqGMsDz<\/a><\/p>\n<p>\u2014 Major League Soccer (@MLS) <a href=\"https:\/\/twitter.com\/MLS\/status\/1956936399598260674?ref_src=twsrc%5Etfw\">August 17, 2025<\/a><\/p><\/blockquote>\n<p><script async src=\"https:\/\/platform.twitter.com\/widgets.js\" charset=\"utf-8\"><\/script><\/p>\n<p><span style=\"font-family: helvetica, arial, sans-serif;\"><strong>Luis Javier Su\u00e1rez<\/strong> sum\u00f3 sus primeras anotaciones con<strong> Sporting de Lisboa<\/strong> en la goleada <strong>6-0 sobre Arouca.<\/strong> El atacante samario marc\u00f3 desde el<strong> punto penal al minuto 31<\/strong> y en el 62 tras asistencia de su compa\u00f1ero <strong>Geovany Quenda.<\/strong><\/span><\/p>\n<blockquote class=\"twitter-tweet\">\n<p dir=\"ltr\" lang=\"es\">Luis Javier Su\u00e1rez 9\ufe0f\u20e37\ufe0f\u20e3 <a href=\"https:\/\/t.co\/LDDVNMalrV\">pic.twitter.com\/LDDVNMalrV<\/a><\/p>\n<p>\u2014 Sporting CP (@SportingCP) <a href=\"https:\/\/twitter.com\/SportingCP\/status\/1957428195004690688?ref_src=twsrc%5Etfw\">August 18, 2025<\/a><\/p><\/blockquote>\n<p><script async src=\"https:\/\/platform.twitter.com\/widgets.js\" charset=\"utf-8\"><\/script><\/p>\n<blockquote class=\"twitter-tweet\">\n<p dir=\"ltr\" lang=\"zxx\"><a href=\"https:\/\/t.co\/rZSXEXhtPt\">pic.twitter.com\/rZSXEXhtPt<\/a><\/p>\n<p>\u2014 \ud83c\uddee\ud83c\uddf9 Follow @CenterOfGoals \ud83c\uddee\ud83c\uddf9 (@killen45322) <a href=\"https:\/\/twitter.com\/killen45322\/status\/1957184812160311389?ref_src=twsrc%5Etfw\">August 17, 2025<\/a><\/p><\/blockquote>\n<p><script async src=\"https:\/\/platform.twitter.com\/widgets.js\" charset=\"utf-8\"><\/script><\/p>\n<p><span style=\"font-family: helvetica, arial, sans-serif;\">Por \u00faltimo, <strong>Rafael Santos Borr\u00e9<\/strong> regres\u00f3 con una anotaci\u00f3n m\u00e1s para el Inter de Porto Alegre que cay\u00f3 <strong>3-1 contra Flamengo<\/strong>. El samario gener\u00f3 el descuento de su equipo al <strong>90+2 tras un centro<\/strong> desde izquierda de su compa\u00f1ero<strong> Alexandro Bernabei.<\/strong><\/span><\/p>\n<p>&nbsp;<\/p>\n<blockquote class=\"twitter-tweet\">\n<p dir=\"ltr\" lang=\"pt\">\ud83d\udd34 Internacional {1} x 3 Flamengo \u26aa<\/p>\n<p>\u26bd\ufe0f Rafael Borr\u00e9<br \/>\n\ud83c\udfaf Alexandro Bernabei<\/p>\n<p>\ud83c\udfc6\ud83c\udde7\ud83c\uddf7 Brasileir\u00e3o \u2013 S\u00e9rie A<br \/>\n\u27a5 Rodada 20 <a href=\"https:\/\/t.co\/mDtOkoBmwP\">pic.twitter.com\/mDtOkoBmwP<\/a><\/p>\n<p>\u2014 Central do BR \ud83c\udde7\ud83c\uddf7 (@centraldobr25) <a href=\"https:\/\/twitter.com\/centraldobr25\/status\/1957222497994301752?ref_src=twsrc%5Etfw\">August 17, 2025<\/a><\/p><\/blockquote>\n<p><script async src=\"https:\/\/platform.twitter.com\/widgets.js\" charset=\"utf-8\"><\/script><\/p>\n","protected":false},"excerpt":{"rendered":"<p>El tercer fin de semana de agosto trajo consigo varias anotaciones de futbolistas colombianos que se reportaron con buenas presentaciones. Europa, Brasil, Rusia y Norteam\u00e9rica fueron los lugares en los que los deportistas nacionales marcaron para sus equipo. En Alemania, Luis D\u00edaz se estren\u00f3 con su primer gol en Bayern M\u00fanich para la Supercopa de [&hellip;]<\/p>\n","protected":false},"author":4,"featured_media":122001,"comment_status":"open","ping_status":"open","sticky":false,"template":"","format":"standard","meta":{"_acf_changed":false,"footnotes":""},"categories":[152],"tags":[],"class_list":{"0":"post-122000","1":"post","2":"type-post","3":"status-publish","4":"format-standard","5":"has-post-thumbnail","7":"category-mundo-futbol"},"acf":[],"yoast_head":"<!-- This site is optimized with the Yoast SEO plugin v26.8 - https:\/\/yoast.com\/product\/yoast-seo-wordpress\/ -->\n<title>Goles colombianos en Europa, M\u00e9xico, Brasil y m\u00e1s -<\/title>\n<meta name=\"robots\" content=\"index, follow, max-snippet:-1, max-image-preview:large, max-video-preview:-1\" \/>\n<link rel=\"canonical\" href=\"https:\/\/futbolhoy.co\/index.php\/2025\/08\/18\/goles-colombianos-en-europa-mexico-brasil-y-mas\/\" \/>\n<meta property=\"og:locale\" content=\"es_ES\" \/>\n<meta property=\"og:type\" content=\"article\" \/>\n<meta property=\"og:title\" content=\"Goles colombianos en Europa, M\u00e9xico, Brasil y m\u00e1s -\" \/>\n<meta property=\"og:description\" content=\"El tercer fin de semana de agosto trajo consigo varias anotaciones de futbolistas colombianos que se reportaron con buenas presentaciones. Europa, Brasil, Rusia y Norteam\u00e9rica fueron los lugares en los que los deportistas nacionales marcaron para sus equipo. En Alemania, Luis D\u00edaz se estren\u00f3 con su primer gol en Bayern M\u00fanich para la Supercopa de [&hellip;]\" \/>\n<meta property=\"og:url\" content=\"https:\/\/futbolhoy.co\/index.php\/2025\/08\/18\/goles-colombianos-en-europa-mexico-brasil-y-mas\/\" \/>\n<meta property=\"article:publisher\" content=\"https:\/\/www.facebook.com\/FutbolHoyCol\/\" \/>\n<meta property=\"article:published_time\" content=\"2025-08-18T15:32:06+00:00\" \/>\n<meta property=\"article:modified_time\" content=\"2025-08-19T13:23:57+00:00\" \/>\n<meta property=\"og:image\" content=\"https:\/\/futbolhoy.co\/wp-content\/uploads\/2025\/08\/Gylyu0cXkAAgh5T.jpeg\" \/>\n\t<meta property=\"og:image:width\" content=\"1080\" \/>\n\t<meta property=\"og:image:height\" content=\"701\" \/>\n\t<meta property=\"og:image:type\" content=\"image\/jpeg\" \/>\n<meta name=\"author\" content=\"contenido\" \/>\n<meta name=\"twitter:card\" content=\"summary_large_image\" \/>\n<meta name=\"twitter:creator\" content=\"@FutbolHoyCol\" \/>\n<meta name=\"twitter:site\" content=\"@FutbolHoyCol\" \/>\n<meta name=\"twitter:label1\" content=\"Escrito por\" \/>\n\t<meta name=\"twitter:data1\" content=\"contenido\" \/>\n\t<meta name=\"twitter:label2\" content=\"Tiempo de lectura\" \/>\n\t<meta name=\"twitter:data2\" content=\"3 minutos\" \/>\n<script type=\"application\/ld+json\" class=\"yoast-schema-graph\">{\"@context\":\"https:\/\/schema.org\",\"@graph\":[{\"@type\":\"Article\",\"@id\":\"https:\/\/futbolhoy.co\/index.php\/2025\/08\/18\/goles-colombianos-en-europa-mexico-brasil-y-mas\/#article\",\"isPartOf\":{\"@id\":\"https:\/\/futbolhoy.co\/index.php\/2025\/08\/18\/goles-colombianos-en-europa-mexico-brasil-y-mas\/\"},\"author\":{\"name\":\"contenido\",\"@id\":\"https:\/\/futbolhoy.co\/#\/schema\/person\/1721b69355b6623eaff15ac7b92d4cc3\"},\"headline\":\"Goles colombianos en Europa, M\u00e9xico, Brasil y m\u00e1s\",\"datePublished\":\"2025-08-18T15:32:06+00:00\",\"dateModified\":\"2025-08-19T13:23:57+00:00\",\"mainEntityOfPage\":{\"@id\":\"https:\/\/futbolhoy.co\/index.php\/2025\/08\/18\/goles-colombianos-en-europa-mexico-brasil-y-mas\/\"},\"wordCount\":546,\"commentCount\":0,\"publisher\":{\"@id\":\"https:\/\/futbolhoy.co\/#organization\"},\"image\":{\"@id\":\"https:\/\/futbolhoy.co\/index.php\/2025\/08\/18\/goles-colombianos-en-europa-mexico-brasil-y-mas\/#primaryimage\"},\"thumbnailUrl\":\"https:\/\/futbolhoy.co\/wp-content\/uploads\/2025\/08\/Gylyu0cXkAAgh5T.jpeg\",\"articleSection\":[\"Mundo Futbol\"],\"inLanguage\":\"es\",\"potentialAction\":[{\"@type\":\"CommentAction\",\"name\":\"Comment\",\"target\":[\"https:\/\/futbolhoy.co\/index.php\/2025\/08\/18\/goles-colombianos-en-europa-mexico-brasil-y-mas\/#respond\"]}]},{\"@type\":\"WebPage\",\"@id\":\"https:\/\/futbolhoy.co\/index.php\/2025\/08\/18\/goles-colombianos-en-europa-mexico-brasil-y-mas\/\",\"url\":\"https:\/\/futbolhoy.co\/index.php\/2025\/08\/18\/goles-colombianos-en-europa-mexico-brasil-y-mas\/\",\"name\":\"Goles colombianos en Europa, M\u00e9xico, Brasil y m\u00e1s -\",\"isPartOf\":{\"@id\":\"https:\/\/futbolhoy.co\/#website\"},\"primaryImageOfPage\":{\"@id\":\"https:\/\/futbolhoy.co\/index.php\/2025\/08\/18\/goles-colombianos-en-europa-mexico-brasil-y-mas\/#primaryimage\"},\"image\":{\"@id\":\"https:\/\/futbolhoy.co\/index.php\/2025\/08\/18\/goles-colombianos-en-europa-mexico-brasil-y-mas\/#primaryimage\"},\"thumbnailUrl\":\"https:\/\/futbolhoy.co\/wp-content\/uploads\/2025\/08\/Gylyu0cXkAAgh5T.jpeg\",\"datePublished\":\"2025-08-18T15:32:06+00:00\",\"dateModified\":\"2025-08-19T13:23:57+00:00\",\"breadcrumb\":{\"@id\":\"https:\/\/futbolhoy.co\/index.php\/2025\/08\/18\/goles-colombianos-en-europa-mexico-brasil-y-mas\/#breadcrumb\"},\"inLanguage\":\"es\",\"potentialAction\":[{\"@type\":\"ReadAction\",\"target\":[\"https:\/\/futbolhoy.co\/index.php\/2025\/08\/18\/goles-colombianos-en-europa-mexico-brasil-y-mas\/\"]}]},{\"@type\":\"ImageObject\",\"inLanguage\":\"es\",\"@id\":\"https:\/\/futbolhoy.co\/index.php\/2025\/08\/18\/goles-colombianos-en-europa-mexico-brasil-y-mas\/#primaryimage\",\"url\":\"https:\/\/futbolhoy.co\/wp-content\/uploads\/2025\/08\/Gylyu0cXkAAgh5T.jpeg\",\"contentUrl\":\"https:\/\/futbolhoy.co\/wp-content\/uploads\/2025\/08\/Gylyu0cXkAAgh5T.jpeg\",\"width\":1080,\"height\":701,\"caption\":\"Imagen: @SCInternacional\"},{\"@type\":\"BreadcrumbList\",\"@id\":\"https:\/\/futbolhoy.co\/index.php\/2025\/08\/18\/goles-colombianos-en-europa-mexico-brasil-y-mas\/#breadcrumb\",\"itemListElement\":[{\"@type\":\"ListItem\",\"position\":1,\"name\":\"Portada\",\"item\":\"https:\/\/futbolhoy.co\/\"},{\"@type\":\"ListItem\",\"position\":2,\"name\":\"Goles colombianos en Europa, M\u00e9xico, Brasil y m\u00e1s\"}]},{\"@type\":\"WebSite\",\"@id\":\"https:\/\/futbolhoy.co\/#website\",\"url\":\"https:\/\/futbolhoy.co\/\",\"name\":\"FutbolHoy\",\"description\":\"\",\"publisher\":{\"@id\":\"https:\/\/futbolhoy.co\/#organization\"},\"potentialAction\":[{\"@type\":\"SearchAction\",\"target\":{\"@type\":\"EntryPoint\",\"urlTemplate\":\"https:\/\/futbolhoy.co\/?s={search_term_string}\"},\"query-input\":{\"@type\":\"PropertyValueSpecification\",\"valueRequired\":true,\"valueName\":\"search_term_string\"}}],\"inLanguage\":\"es\"},{\"@type\":\"Organization\",\"@id\":\"https:\/\/futbolhoy.co\/#organization\",\"name\":\"Futbolhoy.co\",\"url\":\"https:\/\/futbolhoy.co\/\",\"logo\":{\"@type\":\"ImageObject\",\"inLanguage\":\"es\",\"@id\":\"https:\/\/futbolhoy.co\/#\/schema\/logo\/image\/\",\"url\":\"https:\/\/futbolhoy.co\/wp-content\/uploads\/2018\/08\/17426380_1906371736249227_6326180412931521141_n.jpg\",\"contentUrl\":\"https:\/\/futbolhoy.co\/wp-content\/uploads\/2018\/08\/17426380_1906371736249227_6326180412931521141_n.jpg\",\"width\":960,\"height\":960,\"caption\":\"Futbolhoy.co\"},\"image\":{\"@id\":\"https:\/\/futbolhoy.co\/#\/schema\/logo\/image\/\"},\"sameAs\":[\"https:\/\/www.facebook.com\/FutbolHoyCol\/\",\"https:\/\/x.com\/FutbolHoyCol\",\"https:\/\/www.instagram.com\/futbolhoycol\/\"]},{\"@type\":\"Person\",\"@id\":\"https:\/\/futbolhoy.co\/#\/schema\/person\/1721b69355b6623eaff15ac7b92d4cc3\",\"name\":\"contenido\",\"image\":{\"@type\":\"ImageObject\",\"inLanguage\":\"es\",\"@id\":\"https:\/\/futbolhoy.co\/#\/schema\/person\/image\/\",\"url\":\"https:\/\/secure.gravatar.com\/avatar\/4f656d3256f5134f466206e7c3941518?s=96&d=mm&r=g\",\"contentUrl\":\"https:\/\/secure.gravatar.com\/avatar\/4f656d3256f5134f466206e7c3941518?s=96&d=mm&r=g\",\"caption\":\"contenido\"}}]}<\/script>\n<!-- \/ Yoast SEO plugin. -->","yoast_head_json":{"title":"Goles colombianos en Europa, M\u00e9xico, Brasil y m\u00e1s -","robots":{"index":"index","follow":"follow","max-snippet":"max-snippet:-1","max-image-preview":"max-image-preview:large","max-video-preview":"max-video-preview:-1"},"canonical":"https:\/\/futbolhoy.co\/index.php\/2025\/08\/18\/goles-colombianos-en-europa-mexico-brasil-y-mas\/","og_locale":"es_ES","og_type":"article","og_title":"Goles colombianos en Europa, M\u00e9xico, Brasil y m\u00e1s -","og_description":"El tercer fin de semana de agosto trajo consigo varias anotaciones de futbolistas colombianos que se reportaron con buenas presentaciones. Europa, Brasil, Rusia y Norteam\u00e9rica fueron los lugares en los que los deportistas nacionales marcaron para sus equipo. En Alemania, Luis D\u00edaz se estren\u00f3 con su primer gol en Bayern M\u00fanich para la Supercopa de [&hellip;]","og_url":"https:\/\/futbolhoy.co\/index.php\/2025\/08\/18\/goles-colombianos-en-europa-mexico-brasil-y-mas\/","article_publisher":"https:\/\/www.facebook.com\/FutbolHoyCol\/","article_published_time":"2025-08-18T15:32:06+00:00","article_modified_time":"2025-08-19T13:23:57+00:00","og_image":[{"width":1080,"height":701,"url":"https:\/\/futbolhoy.co\/wp-content\/uploads\/2025\/08\/Gylyu0cXkAAgh5T.jpeg","type":"image\/jpeg"}],"author":"contenido","twitter_card":"summary_large_image","twitter_creator":"@FutbolHoyCol","twitter_site":"@FutbolHoyCol","twitter_misc":{"Escrito por":"contenido","Tiempo de lectura":"3 minutos"},"schema":{"@context":"https:\/\/schema.org","@graph":[{"@type":"Article","@id":"https:\/\/futbolhoy.co\/index.php\/2025\/08\/18\/goles-colombianos-en-europa-mexico-brasil-y-mas\/#article","isPartOf":{"@id":"https:\/\/futbolhoy.co\/index.php\/2025\/08\/18\/goles-colombianos-en-europa-mexico-brasil-y-mas\/"},"author":{"name":"contenido","@id":"https:\/\/futbolhoy.co\/#\/schema\/person\/1721b69355b6623eaff15ac7b92d4cc3"},"headline":"Goles colombianos en Europa, M\u00e9xico, Brasil y m\u00e1s","datePublished":"2025-08-18T15:32:06+00:00","dateModified":"2025-08-19T13:23:57+00:00","mainEntityOfPage":{"@id":"https:\/\/futbolhoy.co\/index.php\/2025\/08\/18\/goles-colombianos-en-europa-mexico-brasil-y-mas\/"},"wordCount":546,"commentCount":0,"publisher":{"@id":"https:\/\/futbolhoy.co\/#organization"},"image":{"@id":"https:\/\/futbolhoy.co\/index.php\/2025\/08\/18\/goles-colombianos-en-europa-mexico-brasil-y-mas\/#primaryimage"},"thumbnailUrl":"https:\/\/futbolhoy.co\/wp-content\/uploads\/2025\/08\/Gylyu0cXkAAgh5T.jpeg","articleSection":["Mundo Futbol"],"inLanguage":"es","potentialAction":[{"@type":"CommentAction","name":"Comment","target":["https:\/\/futbolhoy.co\/index.php\/2025\/08\/18\/goles-colombianos-en-europa-mexico-brasil-y-mas\/#respond"]}]},{"@type":"WebPage","@id":"https:\/\/futbolhoy.co\/index.php\/2025\/08\/18\/goles-colombianos-en-europa-mexico-brasil-y-mas\/","url":"https:\/\/futbolhoy.co\/index.php\/2025\/08\/18\/goles-colombianos-en-europa-mexico-brasil-y-mas\/","name":"Goles colombianos en Europa, M\u00e9xico, Brasil y m\u00e1s -","isPartOf":{"@id":"https:\/\/futbolhoy.co\/#website"},"primaryImageOfPage":{"@id":"https:\/\/futbolhoy.co\/index.php\/2025\/08\/18\/goles-colombianos-en-europa-mexico-brasil-y-mas\/#primaryimage"},"image":{"@id":"https:\/\/futbolhoy.co\/index.php\/2025\/08\/18\/goles-colombianos-en-europa-mexico-brasil-y-mas\/#primaryimage"},"thumbnailUrl":"https:\/\/futbolhoy.co\/wp-content\/uploads\/2025\/08\/Gylyu0cXkAAgh5T.jpeg","datePublished":"2025-08-18T15:32:06+00:00","dateModified":"2025-08-19T13:23:57+00:00","breadcrumb":{"@id":"https:\/\/futbolhoy.co\/index.php\/2025\/08\/18\/goles-colombianos-en-europa-mexico-brasil-y-mas\/#breadcrumb"},"inLanguage":"es","potentialAction":[{"@type":"ReadAction","target":["https:\/\/futbolhoy.co\/index.php\/2025\/08\/18\/goles-colombianos-en-europa-mexico-brasil-y-mas\/"]}]},{"@type":"ImageObject","inLanguage":"es","@id":"https:\/\/futbolhoy.co\/index.php\/2025\/08\/18\/goles-colombianos-en-europa-mexico-brasil-y-mas\/#primaryimage","url":"https:\/\/futbolhoy.co\/wp-content\/uploads\/2025\/08\/Gylyu0cXkAAgh5T.jpeg","contentUrl":"https:\/\/futbolhoy.co\/wp-content\/uploads\/2025\/08\/Gylyu0cXkAAgh5T.jpeg","width":1080,"height":701,"caption":"Imagen: @SCInternacional"},{"@type":"BreadcrumbList","@id":"https:\/\/futbolhoy.co\/index.php\/2025\/08\/18\/goles-colombianos-en-europa-mexico-brasil-y-mas\/#breadcrumb","itemListElement":[{"@type":"ListItem","position":1,"name":"Portada","item":"https:\/\/futbolhoy.co\/"},{"@type":"ListItem","position":2,"name":"Goles colombianos en Europa, M\u00e9xico, Brasil y m\u00e1s"}]},{"@type":"WebSite","@id":"https:\/\/futbolhoy.co\/#website","url":"https:\/\/futbolhoy.co\/","name":"FutbolHoy","description":"","publisher":{"@id":"https:\/\/futbolhoy.co\/#organization"},"potentialAction":[{"@type":"SearchAction","target":{"@type":"EntryPoint","urlTemplate":"https:\/\/futbolhoy.co\/?s={search_term_string}"},"query-input":{"@type":"PropertyValueSpecification","valueRequired":true,"valueName":"search_term_string"}}],"inLanguage":"es"},{"@type":"Organization","@id":"https:\/\/futbolhoy.co\/#organization","name":"Futbolhoy.co","url":"https:\/\/futbolhoy.co\/","logo":{"@type":"ImageObject","inLanguage":"es","@id":"https:\/\/futbolhoy.co\/#\/schema\/logo\/image\/","url":"https:\/\/futbolhoy.co\/wp-content\/uploads\/2018\/08\/17426380_1906371736249227_6326180412931521141_n.jpg","contentUrl":"https:\/\/futbolhoy.co\/wp-content\/uploads\/2018\/08\/17426380_1906371736249227_6326180412931521141_n.jpg","width":960,"height":960,"caption":"Futbolhoy.co"},"image":{"@id":"https:\/\/futbolhoy.co\/#\/schema\/logo\/image\/"},"sameAs":["https:\/\/www.facebook.com\/FutbolHoyCol\/","https:\/\/x.com\/FutbolHoyCol","https:\/\/www.instagram.com\/futbolhoycol\/"]},{"@type":"Person","@id":"https:\/\/futbolhoy.co\/#\/schema\/person\/1721b69355b6623eaff15ac7b92d4cc3","name":"contenido","image":{"@type":"ImageObject","inLanguage":"es","@id":"https:\/\/futbolhoy.co\/#\/schema\/person\/image\/","url":"https:\/\/secure.gravatar.com\/avatar\/4f656d3256f5134f466206e7c3941518?s=96&d=mm&r=g","contentUrl":"https:\/\/secure.gravatar.com\/avatar\/4f656d3256f5134f466206e7c3941518?s=96&d=mm&r=g","caption":"contenido"}}]}},"publishpress_future_action":{"enabled":false,"date":"2026-05-04 15:54:38","action":"change-status","newStatus":"draft","terms":[],"taxonomy":"category","extraData":[]},"publishpress_future_workflow_manual_trigger":{"enabledWorkflows":[]},"_links":{"self":[{"href":"https:\/\/futbolhoy.co\/index.php\/wp-json\/wp\/v2\/posts\/122000","targetHints":{"allow":["GET"]}}],"collection":[{"href":"https:\/\/futbolhoy.co\/index.php\/wp-json\/wp\/v2\/posts"}],"about":[{"href":"https:\/\/futbolhoy.co\/index.php\/wp-json\/wp\/v2\/types\/post"}],"author":[{"embeddable":true,"href":"https:\/\/futbolhoy.co\/index.php\/wp-json\/wp\/v2\/users\/4"}],"replies":[{"embeddable":true,"href":"https:\/\/futbolhoy.co\/index.php\/wp-json\/wp\/v2\/comments?post=122000"}],"version-history":[{"count":2,"href":"https:\/\/futbolhoy.co\/index.php\/wp-json\/wp\/v2\/posts\/122000\/revisions"}],"predecessor-version":[{"id":122020,"href":"https:\/\/futbolhoy.co\/index.php\/wp-json\/wp\/v2\/posts\/122000\/revisions\/122020"}],"wp:featuredmedia":[{"embeddable":true,"href":"https:\/\/futbolhoy.co\/index.php\/wp-json\/wp\/v2\/media\/122001"}],"wp:attachment":[{"href":"https:\/\/futbolhoy.co\/index.php\/wp-json\/wp\/v2\/media?parent=122000"}],"wp:term":[{"taxonomy":"category","embeddable":true,"href":"https:\/\/futbolhoy.co\/index.php\/wp-json\/wp\/v2\/categories?post=122000"},{"taxonomy":"post_tag","embeddable":true,"href":"https:\/\/futbolhoy.co\/index.php\/wp-json\/wp\/v2\/tags?post=122000"}],"curies":[{"name":"wp","href":"https:\/\/api.w.org\/{rel}","templated":true}]}}