{"id":122004,"date":"2025-08-18T10:50:59","date_gmt":"2025-08-18T15:50:59","guid":{"rendered":"https:\/\/futbolhoy.co\/?p=122004"},"modified":"2025-08-19T08:58:01","modified_gmt":"2025-08-19T13:58:01","slug":"jhon-lucumi-interesa-a-un-equipo-de-la-premier-league","status":"publish","type":"post","link":"https:\/\/futbolhoy.co\/index.php\/2025\/08\/18\/jhon-lucumi-interesa-a-un-equipo-de-la-premier-league\/","title":{"rendered":"Jhon Lucum\u00ed interesa a un equipo de la Premier League"},"content":{"rendered":"<p><span style=\"font-family: helvetica, arial, sans-serif;\">Desde su llegada al f\u00fatbol de Europa, el jugador colombiano <strong>Jhon Janer Lucum\u00ed<\/strong> ha tenido buenas presentaciones. Jugando para el <strong>Genk de B\u00e9lgica y actualmente en el Bologna de Italia<\/strong>, el central de 27 a\u00f1os ha estado en el radar de varios clubes del viejo continente.<\/span><\/p>\n<p><span style=\"font-family: helvetica, arial, sans-serif;\">En el prematuro inicio de la temporada europea es posible que se concrete la transferencia de distintos jugadores hacia diferentes ligas. Uno de estos casos puede ser el del defensor vallecaucano, quien est\u00e1 en los planes de un equipo de la <strong>Premier League de Inglaterra<\/strong>.<\/span><\/p>\n<p><span style=\"font-family: helvetica, arial, sans-serif;\">De acuerdo con <em>Fabrizio Romano<\/em>, el <strong>Sunderland<\/strong> est\u00e1 interesado en que el defensa integre las filas del equipo reci\u00e9n ascendido. Con distintos anuncios y fichajes, el club del noreste de Inglaterra<strong> busca permanecer en la primera categor\u00eda.<\/strong><\/span><\/p>\n<p><span style=\"font-family: helvetica, arial, sans-serif;\">\u201cEl Sunderland present\u00f3 una oferta oficial al Bolonia por el central colombiano Jhon Lucum\u00ed. <strong>Lucum\u00ed est\u00e1 interesado en unirse al proyecto del #SAFC para comenzar una nueva etapa en la Premier League.<\/strong> El Bolonia quiere retener a Lucum\u00ed tras el vencimiento de su cl\u00e1usula de rescisi\u00f3n y tiene la clara intenci\u00f3n de no dejarlo ir\u201d, public\u00f3.<\/span><\/p>\n<blockquote class=\"twitter-tweet\">\n<p dir=\"ltr\" lang=\"en\">\ud83d\udea8\ud83d\udd34\u26aa\ufe0f EXCL: Sunderland submit official bid to Bologna for Colombian centre back Jhon Lucum\u00ed.<\/p>\n<p>Lucum\u00ed, keen on joining <a href=\"https:\/\/twitter.com\/hashtag\/SAFC?src=hash&amp;ref_src=twsrc%5Etfw\">#SAFC<\/a> project to try new chapter in Premier League.<\/p>\n<p>Bologna want to keep Lucum\u00ed after his release clause expired, clear intention not to let him go. <a href=\"https:\/\/t.co\/jhUMaVagC7\">pic.twitter.com\/jhUMaVagC7<\/a><\/p>\n<p>\u2014 Fabrizio Romano (@FabrizioRomano) <a href=\"https:\/\/twitter.com\/FabrizioRomano\/status\/1957392258757447909?ref_src=twsrc%5Etfw\">August 18, 2025<\/a><\/p><\/blockquote>\n<p><script async src=\"https:\/\/platform.twitter.com\/widgets.js\" charset=\"utf-8\"><\/script><\/p>\n<p><span style=\"font-family: helvetica, arial, sans-serif;\">En los pr\u00f3ximos d\u00edas se conocer\u00e1 si Lucum\u00ed cambie de equipo o si continuar\u00e1 jugando en la Serie A de Italia. De llegar a concretarse esta negociaci\u00f3n, Jhon Janer vestir\u00eda la camiseta del <strong>cuarto club en su carrera tras Deportivo Cali, Genk y Bologna.<\/strong><\/span><\/p>\n","protected":false},"excerpt":{"rendered":"<p>Desde su llegada al f\u00fatbol de Europa, el jugador colombiano Jhon Janer Lucum\u00ed ha tenido buenas presentaciones. Jugando para el Genk de B\u00e9lgica y actualmente en el Bologna de Italia, el central de 27 a\u00f1os ha estado en el radar de varios clubes del viejo continente. En el prematuro inicio de la temporada europea es [&hellip;]<\/p>\n","protected":false},"author":4,"featured_media":122005,"comment_status":"open","ping_status":"open","sticky":false,"template":"","format":"standard","meta":{"_acf_changed":false,"footnotes":""},"categories":[418],"tags":[],"class_list":{"0":"post-122004","1":"post","2":"type-post","3":"status-publish","4":"format-standard","5":"has-post-thumbnail","7":"category-colombia"},"acf":[],"yoast_head":"<!-- This site is optimized with the Yoast SEO plugin v26.8 - https:\/\/yoast.com\/product\/yoast-seo-wordpress\/ -->\n<title>Jhon Lucum\u00ed interesa a un equipo de la Premier League -<\/title>\n<meta name=\"robots\" content=\"index, follow, max-snippet:-1, max-image-preview:large, max-video-preview:-1\" \/>\n<link rel=\"canonical\" href=\"https:\/\/futbolhoy.co\/index.php\/2025\/08\/18\/jhon-lucumi-interesa-a-un-equipo-de-la-premier-league\/\" \/>\n<meta property=\"og:locale\" content=\"es_ES\" \/>\n<meta property=\"og:type\" content=\"article\" \/>\n<meta property=\"og:title\" content=\"Jhon Lucum\u00ed interesa a un equipo de la Premier League -\" \/>\n<meta property=\"og:description\" content=\"Desde su llegada al f\u00fatbol de Europa, el jugador colombiano Jhon Janer Lucum\u00ed ha tenido buenas presentaciones. Jugando para el Genk de B\u00e9lgica y actualmente en el Bologna de Italia, el central de 27 a\u00f1os ha estado en el radar de varios clubes del viejo continente. En el prematuro inicio de la temporada europea es [&hellip;]\" \/>\n<meta property=\"og:url\" content=\"https:\/\/futbolhoy.co\/index.php\/2025\/08\/18\/jhon-lucumi-interesa-a-un-equipo-de-la-premier-league\/\" \/>\n<meta property=\"article:publisher\" content=\"https:\/\/www.facebook.com\/FutbolHoyCol\/\" \/>\n<meta property=\"article:published_time\" content=\"2025-08-18T15:50:59+00:00\" \/>\n<meta property=\"article:modified_time\" content=\"2025-08-19T13:58:01+00:00\" \/>\n<meta property=\"og:image\" content=\"https:\/\/futbolhoy.co\/wp-content\/uploads\/2025\/08\/468999301_600393912365557_7763000104727531563_n.jpg\" \/>\n\t<meta property=\"og:image:width\" content=\"1080\" \/>\n\t<meta property=\"og:image:height\" content=\"799\" \/>\n\t<meta property=\"og:image:type\" content=\"image\/jpeg\" \/>\n<meta name=\"author\" content=\"contenido\" \/>\n<meta name=\"twitter:card\" content=\"summary_large_image\" \/>\n<meta name=\"twitter:creator\" content=\"@FutbolHoyCol\" \/>\n<meta name=\"twitter:site\" content=\"@FutbolHoyCol\" \/>\n<meta name=\"twitter:label1\" content=\"Escrito por\" \/>\n\t<meta name=\"twitter:data1\" content=\"contenido\" \/>\n\t<meta name=\"twitter:label2\" content=\"Tiempo de lectura\" \/>\n\t<meta name=\"twitter:data2\" content=\"1 minuto\" \/>\n<script type=\"application\/ld+json\" class=\"yoast-schema-graph\">{\"@context\":\"https:\/\/schema.org\",\"@graph\":[{\"@type\":\"Article\",\"@id\":\"https:\/\/futbolhoy.co\/index.php\/2025\/08\/18\/jhon-lucumi-interesa-a-un-equipo-de-la-premier-league\/#article\",\"isPartOf\":{\"@id\":\"https:\/\/futbolhoy.co\/index.php\/2025\/08\/18\/jhon-lucumi-interesa-a-un-equipo-de-la-premier-league\/\"},\"author\":{\"name\":\"contenido\",\"@id\":\"https:\/\/futbolhoy.co\/#\/schema\/person\/1721b69355b6623eaff15ac7b92d4cc3\"},\"headline\":\"Jhon Lucum\u00ed interesa a un equipo de la Premier League\",\"datePublished\":\"2025-08-18T15:50:59+00:00\",\"dateModified\":\"2025-08-19T13:58:01+00:00\",\"mainEntityOfPage\":{\"@id\":\"https:\/\/futbolhoy.co\/index.php\/2025\/08\/18\/jhon-lucumi-interesa-a-un-equipo-de-la-premier-league\/\"},\"wordCount\":300,\"commentCount\":0,\"publisher\":{\"@id\":\"https:\/\/futbolhoy.co\/#organization\"},\"image\":{\"@id\":\"https:\/\/futbolhoy.co\/index.php\/2025\/08\/18\/jhon-lucumi-interesa-a-un-equipo-de-la-premier-league\/#primaryimage\"},\"thumbnailUrl\":\"https:\/\/futbolhoy.co\/wp-content\/uploads\/2025\/08\/468999301_600393912365557_7763000104727531563_n.jpg\",\"articleSection\":[\"Colombia\"],\"inLanguage\":\"es\",\"potentialAction\":[{\"@type\":\"CommentAction\",\"name\":\"Comment\",\"target\":[\"https:\/\/futbolhoy.co\/index.php\/2025\/08\/18\/jhon-lucumi-interesa-a-un-equipo-de-la-premier-league\/#respond\"]}]},{\"@type\":\"WebPage\",\"@id\":\"https:\/\/futbolhoy.co\/index.php\/2025\/08\/18\/jhon-lucumi-interesa-a-un-equipo-de-la-premier-league\/\",\"url\":\"https:\/\/futbolhoy.co\/index.php\/2025\/08\/18\/jhon-lucumi-interesa-a-un-equipo-de-la-premier-league\/\",\"name\":\"Jhon Lucum\u00ed interesa a un equipo de la Premier League -\",\"isPartOf\":{\"@id\":\"https:\/\/futbolhoy.co\/#website\"},\"primaryImageOfPage\":{\"@id\":\"https:\/\/futbolhoy.co\/index.php\/2025\/08\/18\/jhon-lucumi-interesa-a-un-equipo-de-la-premier-league\/#primaryimage\"},\"image\":{\"@id\":\"https:\/\/futbolhoy.co\/index.php\/2025\/08\/18\/jhon-lucumi-interesa-a-un-equipo-de-la-premier-league\/#primaryimage\"},\"thumbnailUrl\":\"https:\/\/futbolhoy.co\/wp-content\/uploads\/2025\/08\/468999301_600393912365557_7763000104727531563_n.jpg\",\"datePublished\":\"2025-08-18T15:50:59+00:00\",\"dateModified\":\"2025-08-19T13:58:01+00:00\",\"breadcrumb\":{\"@id\":\"https:\/\/futbolhoy.co\/index.php\/2025\/08\/18\/jhon-lucumi-interesa-a-un-equipo-de-la-premier-league\/#breadcrumb\"},\"inLanguage\":\"es\",\"potentialAction\":[{\"@type\":\"ReadAction\",\"target\":[\"https:\/\/futbolhoy.co\/index.php\/2025\/08\/18\/jhon-lucumi-interesa-a-un-equipo-de-la-premier-league\/\"]}]},{\"@type\":\"ImageObject\",\"inLanguage\":\"es\",\"@id\":\"https:\/\/futbolhoy.co\/index.php\/2025\/08\/18\/jhon-lucumi-interesa-a-un-equipo-de-la-premier-league\/#primaryimage\",\"url\":\"https:\/\/futbolhoy.co\/wp-content\/uploads\/2025\/08\/468999301_600393912365557_7763000104727531563_n.jpg\",\"contentUrl\":\"https:\/\/futbolhoy.co\/wp-content\/uploads\/2025\/08\/468999301_600393912365557_7763000104727531563_n.jpg\",\"width\":1080,\"height\":799,\"caption\":\"Imagen: @jhonlucumi26\"},{\"@type\":\"BreadcrumbList\",\"@id\":\"https:\/\/futbolhoy.co\/index.php\/2025\/08\/18\/jhon-lucumi-interesa-a-un-equipo-de-la-premier-league\/#breadcrumb\",\"itemListElement\":[{\"@type\":\"ListItem\",\"position\":1,\"name\":\"Portada\",\"item\":\"https:\/\/futbolhoy.co\/\"},{\"@type\":\"ListItem\",\"position\":2,\"name\":\"Jhon Lucum\u00ed interesa a un equipo de la Premier League\"}]},{\"@type\":\"WebSite\",\"@id\":\"https:\/\/futbolhoy.co\/#website\",\"url\":\"https:\/\/futbolhoy.co\/\",\"name\":\"FutbolHoy\",\"description\":\"\",\"publisher\":{\"@id\":\"https:\/\/futbolhoy.co\/#organization\"},\"potentialAction\":[{\"@type\":\"SearchAction\",\"target\":{\"@type\":\"EntryPoint\",\"urlTemplate\":\"https:\/\/futbolhoy.co\/?s={search_term_string}\"},\"query-input\":{\"@type\":\"PropertyValueSpecification\",\"valueRequired\":true,\"valueName\":\"search_term_string\"}}],\"inLanguage\":\"es\"},{\"@type\":\"Organization\",\"@id\":\"https:\/\/futbolhoy.co\/#organization\",\"name\":\"Futbolhoy.co\",\"url\":\"https:\/\/futbolhoy.co\/\",\"logo\":{\"@type\":\"ImageObject\",\"inLanguage\":\"es\",\"@id\":\"https:\/\/futbolhoy.co\/#\/schema\/logo\/image\/\",\"url\":\"https:\/\/futbolhoy.co\/wp-content\/uploads\/2018\/08\/17426380_1906371736249227_6326180412931521141_n.jpg\",\"contentUrl\":\"https:\/\/futbolhoy.co\/wp-content\/uploads\/2018\/08\/17426380_1906371736249227_6326180412931521141_n.jpg\",\"width\":960,\"height\":960,\"caption\":\"Futbolhoy.co\"},\"image\":{\"@id\":\"https:\/\/futbolhoy.co\/#\/schema\/logo\/image\/\"},\"sameAs\":[\"https:\/\/www.facebook.com\/FutbolHoyCol\/\",\"https:\/\/x.com\/FutbolHoyCol\",\"https:\/\/www.instagram.com\/futbolhoycol\/\"]},{\"@type\":\"Person\",\"@id\":\"https:\/\/futbolhoy.co\/#\/schema\/person\/1721b69355b6623eaff15ac7b92d4cc3\",\"name\":\"contenido\",\"image\":{\"@type\":\"ImageObject\",\"inLanguage\":\"es\",\"@id\":\"https:\/\/futbolhoy.co\/#\/schema\/person\/image\/\",\"url\":\"https:\/\/secure.gravatar.com\/avatar\/4f656d3256f5134f466206e7c3941518?s=96&d=mm&r=g\",\"contentUrl\":\"https:\/\/secure.gravatar.com\/avatar\/4f656d3256f5134f466206e7c3941518?s=96&d=mm&r=g\",\"caption\":\"contenido\"}}]}<\/script>\n<!-- \/ Yoast SEO plugin. -->","yoast_head_json":{"title":"Jhon Lucum\u00ed interesa a un equipo de la Premier League -","robots":{"index":"index","follow":"follow","max-snippet":"max-snippet:-1","max-image-preview":"max-image-preview:large","max-video-preview":"max-video-preview:-1"},"canonical":"https:\/\/futbolhoy.co\/index.php\/2025\/08\/18\/jhon-lucumi-interesa-a-un-equipo-de-la-premier-league\/","og_locale":"es_ES","og_type":"article","og_title":"Jhon Lucum\u00ed interesa a un equipo de la Premier League -","og_description":"Desde su llegada al f\u00fatbol de Europa, el jugador colombiano Jhon Janer Lucum\u00ed ha tenido buenas presentaciones. Jugando para el Genk de B\u00e9lgica y actualmente en el Bologna de Italia, el central de 27 a\u00f1os ha estado en el radar de varios clubes del viejo continente. En el prematuro inicio de la temporada europea es [&hellip;]","og_url":"https:\/\/futbolhoy.co\/index.php\/2025\/08\/18\/jhon-lucumi-interesa-a-un-equipo-de-la-premier-league\/","article_publisher":"https:\/\/www.facebook.com\/FutbolHoyCol\/","article_published_time":"2025-08-18T15:50:59+00:00","article_modified_time":"2025-08-19T13:58:01+00:00","og_image":[{"width":1080,"height":799,"url":"https:\/\/futbolhoy.co\/wp-content\/uploads\/2025\/08\/468999301_600393912365557_7763000104727531563_n.jpg","type":"image\/jpeg"}],"author":"contenido","twitter_card":"summary_large_image","twitter_creator":"@FutbolHoyCol","twitter_site":"@FutbolHoyCol","twitter_misc":{"Escrito por":"contenido","Tiempo de lectura":"1 minuto"},"schema":{"@context":"https:\/\/schema.org","@graph":[{"@type":"Article","@id":"https:\/\/futbolhoy.co\/index.php\/2025\/08\/18\/jhon-lucumi-interesa-a-un-equipo-de-la-premier-league\/#article","isPartOf":{"@id":"https:\/\/futbolhoy.co\/index.php\/2025\/08\/18\/jhon-lucumi-interesa-a-un-equipo-de-la-premier-league\/"},"author":{"name":"contenido","@id":"https:\/\/futbolhoy.co\/#\/schema\/person\/1721b69355b6623eaff15ac7b92d4cc3"},"headline":"Jhon Lucum\u00ed interesa a un equipo de la Premier League","datePublished":"2025-08-18T15:50:59+00:00","dateModified":"2025-08-19T13:58:01+00:00","mainEntityOfPage":{"@id":"https:\/\/futbolhoy.co\/index.php\/2025\/08\/18\/jhon-lucumi-interesa-a-un-equipo-de-la-premier-league\/"},"wordCount":300,"commentCount":0,"publisher":{"@id":"https:\/\/futbolhoy.co\/#organization"},"image":{"@id":"https:\/\/futbolhoy.co\/index.php\/2025\/08\/18\/jhon-lucumi-interesa-a-un-equipo-de-la-premier-league\/#primaryimage"},"thumbnailUrl":"https:\/\/futbolhoy.co\/wp-content\/uploads\/2025\/08\/468999301_600393912365557_7763000104727531563_n.jpg","articleSection":["Colombia"],"inLanguage":"es","potentialAction":[{"@type":"CommentAction","name":"Comment","target":["https:\/\/futbolhoy.co\/index.php\/2025\/08\/18\/jhon-lucumi-interesa-a-un-equipo-de-la-premier-league\/#respond"]}]},{"@type":"WebPage","@id":"https:\/\/futbolhoy.co\/index.php\/2025\/08\/18\/jhon-lucumi-interesa-a-un-equipo-de-la-premier-league\/","url":"https:\/\/futbolhoy.co\/index.php\/2025\/08\/18\/jhon-lucumi-interesa-a-un-equipo-de-la-premier-league\/","name":"Jhon Lucum\u00ed interesa a un equipo de la Premier League -","isPartOf":{"@id":"https:\/\/futbolhoy.co\/#website"},"primaryImageOfPage":{"@id":"https:\/\/futbolhoy.co\/index.php\/2025\/08\/18\/jhon-lucumi-interesa-a-un-equipo-de-la-premier-league\/#primaryimage"},"image":{"@id":"https:\/\/futbolhoy.co\/index.php\/2025\/08\/18\/jhon-lucumi-interesa-a-un-equipo-de-la-premier-league\/#primaryimage"},"thumbnailUrl":"https:\/\/futbolhoy.co\/wp-content\/uploads\/2025\/08\/468999301_600393912365557_7763000104727531563_n.jpg","datePublished":"2025-08-18T15:50:59+00:00","dateModified":"2025-08-19T13:58:01+00:00","breadcrumb":{"@id":"https:\/\/futbolhoy.co\/index.php\/2025\/08\/18\/jhon-lucumi-interesa-a-un-equipo-de-la-premier-league\/#breadcrumb"},"inLanguage":"es","potentialAction":[{"@type":"ReadAction","target":["https:\/\/futbolhoy.co\/index.php\/2025\/08\/18\/jhon-lucumi-interesa-a-un-equipo-de-la-premier-league\/"]}]},{"@type":"ImageObject","inLanguage":"es","@id":"https:\/\/futbolhoy.co\/index.php\/2025\/08\/18\/jhon-lucumi-interesa-a-un-equipo-de-la-premier-league\/#primaryimage","url":"https:\/\/futbolhoy.co\/wp-content\/uploads\/2025\/08\/468999301_600393912365557_7763000104727531563_n.jpg","contentUrl":"https:\/\/futbolhoy.co\/wp-content\/uploads\/2025\/08\/468999301_600393912365557_7763000104727531563_n.jpg","width":1080,"height":799,"caption":"Imagen: @jhonlucumi26"},{"@type":"BreadcrumbList","@id":"https:\/\/futbolhoy.co\/index.php\/2025\/08\/18\/jhon-lucumi-interesa-a-un-equipo-de-la-premier-league\/#breadcrumb","itemListElement":[{"@type":"ListItem","position":1,"name":"Portada","item":"https:\/\/futbolhoy.co\/"},{"@type":"ListItem","position":2,"name":"Jhon Lucum\u00ed interesa a un equipo de la Premier League"}]},{"@type":"WebSite","@id":"https:\/\/futbolhoy.co\/#website","url":"https:\/\/futbolhoy.co\/","name":"FutbolHoy","description":"","publisher":{"@id":"https:\/\/futbolhoy.co\/#organization"},"potentialAction":[{"@type":"SearchAction","target":{"@type":"EntryPoint","urlTemplate":"https:\/\/futbolhoy.co\/?s={search_term_string}"},"query-input":{"@type":"PropertyValueSpecification","valueRequired":true,"valueName":"search_term_string"}}],"inLanguage":"es"},{"@type":"Organization","@id":"https:\/\/futbolhoy.co\/#organization","name":"Futbolhoy.co","url":"https:\/\/futbolhoy.co\/","logo":{"@type":"ImageObject","inLanguage":"es","@id":"https:\/\/futbolhoy.co\/#\/schema\/logo\/image\/","url":"https:\/\/futbolhoy.co\/wp-content\/uploads\/2018\/08\/17426380_1906371736249227_6326180412931521141_n.jpg","contentUrl":"https:\/\/futbolhoy.co\/wp-content\/uploads\/2018\/08\/17426380_1906371736249227_6326180412931521141_n.jpg","width":960,"height":960,"caption":"Futbolhoy.co"},"image":{"@id":"https:\/\/futbolhoy.co\/#\/schema\/logo\/image\/"},"sameAs":["https:\/\/www.facebook.com\/FutbolHoyCol\/","https:\/\/x.com\/FutbolHoyCol","https:\/\/www.instagram.com\/futbolhoycol\/"]},{"@type":"Person","@id":"https:\/\/futbolhoy.co\/#\/schema\/person\/1721b69355b6623eaff15ac7b92d4cc3","name":"contenido","image":{"@type":"ImageObject","inLanguage":"es","@id":"https:\/\/futbolhoy.co\/#\/schema\/person\/image\/","url":"https:\/\/secure.gravatar.com\/avatar\/4f656d3256f5134f466206e7c3941518?s=96&d=mm&r=g","contentUrl":"https:\/\/secure.gravatar.com\/avatar\/4f656d3256f5134f466206e7c3941518?s=96&d=mm&r=g","caption":"contenido"}}]}},"publishpress_future_action":{"enabled":false,"date":"2026-05-04 05:57:47","action":"change-status","newStatus":"draft","terms":[],"taxonomy":"category","extraData":[]},"publishpress_future_workflow_manual_trigger":{"enabledWorkflows":[]},"_links":{"self":[{"href":"https:\/\/futbolhoy.co\/index.php\/wp-json\/wp\/v2\/posts\/122004","targetHints":{"allow":["GET"]}}],"collection":[{"href":"https:\/\/futbolhoy.co\/index.php\/wp-json\/wp\/v2\/posts"}],"about":[{"href":"https:\/\/futbolhoy.co\/index.php\/wp-json\/wp\/v2\/types\/post"}],"author":[{"embeddable":true,"href":"https:\/\/futbolhoy.co\/index.php\/wp-json\/wp\/v2\/users\/4"}],"replies":[{"embeddable":true,"href":"https:\/\/futbolhoy.co\/index.php\/wp-json\/wp\/v2\/comments?post=122004"}],"version-history":[{"count":2,"href":"https:\/\/futbolhoy.co\/index.php\/wp-json\/wp\/v2\/posts\/122004\/revisions"}],"predecessor-version":[{"id":122027,"href":"https:\/\/futbolhoy.co\/index.php\/wp-json\/wp\/v2\/posts\/122004\/revisions\/122027"}],"wp:featuredmedia":[{"embeddable":true,"href":"https:\/\/futbolhoy.co\/index.php\/wp-json\/wp\/v2\/media\/122005"}],"wp:attachment":[{"href":"https:\/\/futbolhoy.co\/index.php\/wp-json\/wp\/v2\/media?parent=122004"}],"wp:term":[{"taxonomy":"category","embeddable":true,"href":"https:\/\/futbolhoy.co\/index.php\/wp-json\/wp\/v2\/categories?post=122004"},{"taxonomy":"post_tag","embeddable":true,"href":"https:\/\/futbolhoy.co\/index.php\/wp-json\/wp\/v2\/tags?post=122004"}],"curies":[{"name":"wp","href":"https:\/\/api.w.org\/{rel}","templated":true}]}}