{"id":122007,"date":"2025-08-18T12:02:43","date_gmt":"2025-08-18T17:02:43","guid":{"rendered":"https:\/\/futbolhoy.co\/?p=122007"},"modified":"2025-08-19T09:50:47","modified_gmt":"2025-08-19T14:50:47","slug":"argentina-presento-su-prelista-de-convocados-para-los-ultimos-partidos-de-eliminatorias","status":"publish","type":"post","link":"https:\/\/futbolhoy.co\/index.php\/2025\/08\/18\/argentina-presento-su-prelista-de-convocados-para-los-ultimos-partidos-de-eliminatorias\/","title":{"rendered":"Argentina present\u00f3 su prelista de convocados para los \u00faltimos partidos de Eliminatorias"},"content":{"rendered":"<p><span style=\"font-family: helvetica, arial, sans-serif;\">El t\u00e9cnico <strong>Lionel Scaloni<\/strong> present\u00f3 la prelista de convocados para los dos \u00faltimos partidos de las <strong>Eliminatorias al Mundial 2026<\/strong>. El campe\u00f3n del mundo disputar\u00e1 los \u00faltimos encuentros del torneo clasificatoria ante <strong>Venezuela de local y Ecuador como visitante.<\/strong><\/span><\/p>\n<p><span style=\"font-family: helvetica, arial, sans-serif;\">Este listado preliminar est\u00e1 compuesto por <strong>31 nombres de futbolistas<\/strong> que est\u00e1n dentro de los planes del entrenador de 47 a\u00f1os. Los duelos restantes servir\u00e1n para que Scaloni pueda evaluar y configurar el grupo de deportistas que <strong>representar\u00e1n al pa\u00eds sudamericano en la cita orbital de Estados Unidos, M\u00e9xico y Canad\u00e1.<\/strong><\/span><\/p>\n<p><span style=\"font-family: helvetica, arial, sans-serif;\">Dentro de las novedades de este registro previo se encuentran nombres como <strong>Jos\u00e9 Manuel L\u00f3pez de Palmeiras<\/strong>, <strong>Claudio Echeverri de Manchester City<\/strong> y el regreso del l\u00edder de esta selecci\u00f3n,<strong> Lionel Messi.<\/strong><\/span><\/p>\n<p><span style=\"font-family: helvetica, arial, sans-serif;\">De igual manera llama la atenci\u00f3n el llamado de <strong>Franco Mastantuono<\/strong>, nuevo jugador del <strong>Real Madrid<\/strong> que a sus 18 a\u00f1os podr\u00eda sumar minutos en los partidos de septiembre. Se espera que en los pr\u00f3ximos d\u00edas se confirmen los convocados oficiales para los \u00faltimos partidos de la presente Eliminatoria.<\/span><\/p>\n<h3><strong><span style=\"font-family: helvetica, arial, sans-serif;\">Convocados de la selecci\u00f3n Argentina<\/span><\/strong><\/h3>\n<p><strong><span style=\"font-family: helvetica, arial, sans-serif;\">Porteros:<\/span><\/strong><\/p>\n<ul>\n<li><span style=\"font-family: helvetica, arial, sans-serif;\">Emiliano Mart\u00ednez (Aston Villa).<\/span><\/li>\n<li><span style=\"font-family: helvetica, arial, sans-serif;\">Walter Ben\u00edtez (Crystal Palace).<\/span><\/li>\n<li><span style=\"font-family: helvetica, arial, sans-serif;\">Ger\u00f3nimo Rulli (Olympique de Marsella).<\/span><\/li>\n<\/ul>\n<p><strong><span style=\"font-family: helvetica, arial, sans-serif;\">Defensores:<\/span><\/strong><\/p>\n<ul>\n<li><span style=\"font-family: helvetica, arial, sans-serif;\">Cristian Romero (Tottenham Hotspur).<\/span><\/li>\n<li><span style=\"font-family: helvetica, arial, sans-serif;\">Nicol\u00e1s Otamendi (Benfica).<\/span><\/li>\n<li><span style=\"font-family: helvetica, arial, sans-serif;\">Nahuel Molina (Atl\u00e9tico de Madrid).<\/span><\/li>\n<li><span style=\"font-family: helvetica, arial, sans-serif;\">Gonzalo Montiel (River Plate)<\/span><\/li>\n<li><span style=\"font-family: helvetica, arial, sans-serif;\">Leonardo Balerdi (Olympique de Marsella)<\/span><\/li>\n<li><span style=\"font-family: helvetica, arial, sans-serif;\">Juan Foyth (Villarreal).<\/span><\/li>\n<li><span style=\"font-family: helvetica, arial, sans-serif;\">Nicol\u00e1s Tagliafico (Olympique de Lyon).<\/span><\/li>\n<li><span style=\"font-family: helvetica, arial, sans-serif;\">Marcos Acu\u00f1a (River Plate).<\/span><\/li>\n<li><span style=\"font-family: helvetica, arial, sans-serif;\">Julio Soler (Bournemouth). <\/span><\/li>\n<li><span style=\"font-family: helvetica, arial, sans-serif;\">Facundo Medina (Olympique de Marsella).<\/span><\/li>\n<\/ul>\n<p><strong><span style=\"font-family: helvetica, arial, sans-serif;\">Mediocampistas:<\/span><\/strong><\/p>\n<ul>\n<li><span style=\"font-family: helvetica, arial, sans-serif;\">Alexis Mac Allister (Liverpool).<\/span><\/li>\n<li><span style=\"font-family: helvetica, arial, sans-serif;\">Exequiel Palacios (Bayer 04 Leverkusen).<\/span><\/li>\n<li><span style=\"font-family: helvetica, arial, sans-serif;\">Alan Varela (Oporto)<\/span><\/li>\n<li><span style=\"font-family: helvetica, arial, sans-serif;\">Leandro Paredes (Boca Juniors).<\/span><\/li>\n<li><span style=\"font-family: helvetica, arial, sans-serif;\">Thiago Almada (Atl\u00e9tico de Madrid).<\/span><\/li>\n<li><span style=\"font-family: helvetica, arial, sans-serif;\">Nicol\u00e1s Paz (Como).<\/span><\/li>\n<li><span style=\"font-family: helvetica, arial, sans-serif;\">Rodrigo De Paul (Inter Miami).<\/span><\/li>\n<li><span style=\"font-family: helvetica, arial, sans-serif;\">Giovani Lo Celso (Real Betis).<\/span><\/li>\n<li><span style=\"font-family: helvetica, arial, sans-serif;\">Claudio Echeverri (Manchester City).<\/span><\/li>\n<li><span style=\"font-family: helvetica, arial, sans-serif;\">Franco Mastantuono (Real Madrid).<\/span><\/li>\n<li><span style=\"font-family: helvetica, arial, sans-serif;\">Valent\u00edn Carboni (G\u00e9nova).<\/span><\/li>\n<\/ul>\n<p><strong><span style=\"font-family: helvetica, arial, sans-serif;\">Delanteros:<\/span><\/strong><\/p>\n<ul>\n<li><span style=\"font-family: helvetica, arial, sans-serif;\">Giuliano Simeone (Atl\u00e9tico de Madrid).<\/span><\/li>\n<li><span style=\"font-family: helvetica, arial, sans-serif;\">\u00c1ngel Correa (Tigres).<\/span><\/li>\n<li><span style=\"font-family: helvetica, arial, sans-serif;\">Juli\u00e1n \u00c1lvarez (Atl\u00e9tico de Madrid).<\/span><\/li>\n<li><span style=\"font-family: helvetica, arial, sans-serif;\">Nicol\u00e1s Gonz\u00e1lez (Juventus).<\/span><\/li>\n<li><span style=\"font-family: helvetica, arial, sans-serif;\">Lionel Messi (Inter Miami).<\/span><\/li>\n<li><span style=\"font-family: helvetica, arial, sans-serif;\">Lautaro Mart\u00ednez (Inter de Mil\u00e1n).<\/span><\/li>\n<li><span style=\"font-family: helvetica, arial, sans-serif;\">Jos\u00e9 Manuel L\u00f3pez (Palmeiras).<\/span><\/li>\n<\/ul>\n<blockquote class=\"twitter-tweet\">\n<p dir=\"ltr\" lang=\"es\"><a href=\"https:\/\/twitter.com\/hashtag\/Selecci%C3%B3nMayor?src=hash&amp;ref_src=twsrc%5Etfw\">#Selecci\u00f3nMayor<\/a> \ud83c\udde6\ud83c\uddf7 Prelista de convocados para la pr\u00f3xima doble fecha de Eliminatorias Sudamericanas \ud83c\udfc6 <a href=\"https:\/\/t.co\/rhuJLP7agX\">pic.twitter.com\/rhuJLP7agX<\/a><\/p>\n<p>\u2014 \ud83c\udde6\ud83c\uddf7 Selecci\u00f3n Argentina \u2b50\u2b50\u2b50 (@Argentina) <a href=\"https:\/\/twitter.com\/Argentina\/status\/1957446134638535017?ref_src=twsrc%5Etfw\">August 18, 2025<\/a><\/p><\/blockquote>\n<p><script async src=\"https:\/\/platform.twitter.com\/widgets.js\" charset=\"utf-8\"><\/script><\/p>\n","protected":false},"excerpt":{"rendered":"<p>El t\u00e9cnico Lionel Scaloni present\u00f3 la prelista de convocados para los dos \u00faltimos partidos de las Eliminatorias al Mundial 2026. El campe\u00f3n del mundo disputar\u00e1 los \u00faltimos encuentros del torneo clasificatoria ante Venezuela de local y Ecuador como visitante. Este listado preliminar est\u00e1 compuesto por 31 nombres de futbolistas que est\u00e1n dentro de los planes [&hellip;]<\/p>\n","protected":false},"author":4,"featured_media":122008,"comment_status":"open","ping_status":"open","sticky":false,"template":"","format":"standard","meta":{"_acf_changed":false,"footnotes":""},"categories":[152],"tags":[],"class_list":{"0":"post-122007","1":"post","2":"type-post","3":"status-publish","4":"format-standard","5":"has-post-thumbnail","7":"category-mundo-futbol"},"acf":[],"yoast_head":"<!-- This site is optimized with the Yoast SEO plugin v26.8 - https:\/\/yoast.com\/product\/yoast-seo-wordpress\/ -->\n<title>Argentina present\u00f3 su prelista de convocados para los \u00faltimos partidos de Eliminatorias -<\/title>\n<meta name=\"robots\" content=\"index, follow, max-snippet:-1, max-image-preview:large, max-video-preview:-1\" \/>\n<link rel=\"canonical\" href=\"https:\/\/futbolhoy.co\/index.php\/2025\/08\/18\/argentina-presento-su-prelista-de-convocados-para-los-ultimos-partidos-de-eliminatorias\/\" \/>\n<meta property=\"og:locale\" content=\"es_ES\" \/>\n<meta property=\"og:type\" content=\"article\" \/>\n<meta property=\"og:title\" content=\"Argentina present\u00f3 su prelista de convocados para los \u00faltimos partidos de Eliminatorias -\" \/>\n<meta property=\"og:description\" content=\"El t\u00e9cnico Lionel Scaloni present\u00f3 la prelista de convocados para los dos \u00faltimos partidos de las Eliminatorias al Mundial 2026. El campe\u00f3n del mundo disputar\u00e1 los \u00faltimos encuentros del torneo clasificatoria ante Venezuela de local y Ecuador como visitante. Este listado preliminar est\u00e1 compuesto por 31 nombres de futbolistas que est\u00e1n dentro de los planes [&hellip;]\" \/>\n<meta property=\"og:url\" content=\"https:\/\/futbolhoy.co\/index.php\/2025\/08\/18\/argentina-presento-su-prelista-de-convocados-para-los-ultimos-partidos-de-eliminatorias\/\" \/>\n<meta property=\"article:publisher\" content=\"https:\/\/www.facebook.com\/FutbolHoyCol\/\" \/>\n<meta property=\"article:published_time\" content=\"2025-08-18T17:02:43+00:00\" \/>\n<meta property=\"article:modified_time\" content=\"2025-08-19T14:50:47+00:00\" \/>\n<meta property=\"og:image\" content=\"https:\/\/futbolhoy.co\/wp-content\/uploads\/2025\/08\/GtIc5X3XoAA5ssG-scaled.jpeg\" \/>\n\t<meta property=\"og:image:width\" content=\"2560\" \/>\n\t<meta property=\"og:image:height\" content=\"1728\" \/>\n\t<meta property=\"og:image:type\" content=\"image\/jpeg\" \/>\n<meta name=\"author\" content=\"contenido\" \/>\n<meta name=\"twitter:card\" content=\"summary_large_image\" \/>\n<meta name=\"twitter:creator\" content=\"@FutbolHoyCol\" \/>\n<meta name=\"twitter:site\" content=\"@FutbolHoyCol\" \/>\n<meta name=\"twitter:label1\" content=\"Escrito por\" \/>\n\t<meta name=\"twitter:data1\" content=\"contenido\" \/>\n\t<meta name=\"twitter:label2\" content=\"Tiempo de lectura\" \/>\n\t<meta name=\"twitter:data2\" content=\"2 minutos\" \/>\n<script type=\"application\/ld+json\" class=\"yoast-schema-graph\">{\"@context\":\"https:\/\/schema.org\",\"@graph\":[{\"@type\":\"Article\",\"@id\":\"https:\/\/futbolhoy.co\/index.php\/2025\/08\/18\/argentina-presento-su-prelista-de-convocados-para-los-ultimos-partidos-de-eliminatorias\/#article\",\"isPartOf\":{\"@id\":\"https:\/\/futbolhoy.co\/index.php\/2025\/08\/18\/argentina-presento-su-prelista-de-convocados-para-los-ultimos-partidos-de-eliminatorias\/\"},\"author\":{\"name\":\"contenido\",\"@id\":\"https:\/\/futbolhoy.co\/#\/schema\/person\/1721b69355b6623eaff15ac7b92d4cc3\"},\"headline\":\"Argentina present\u00f3 su prelista de convocados para los \u00faltimos partidos de Eliminatorias\",\"datePublished\":\"2025-08-18T17:02:43+00:00\",\"dateModified\":\"2025-08-19T14:50:47+00:00\",\"mainEntityOfPage\":{\"@id\":\"https:\/\/futbolhoy.co\/index.php\/2025\/08\/18\/argentina-presento-su-prelista-de-convocados-para-los-ultimos-partidos-de-eliminatorias\/\"},\"wordCount\":375,\"commentCount\":0,\"publisher\":{\"@id\":\"https:\/\/futbolhoy.co\/#organization\"},\"image\":{\"@id\":\"https:\/\/futbolhoy.co\/index.php\/2025\/08\/18\/argentina-presento-su-prelista-de-convocados-para-los-ultimos-partidos-de-eliminatorias\/#primaryimage\"},\"thumbnailUrl\":\"https:\/\/futbolhoy.co\/wp-content\/uploads\/2025\/08\/GtIc5X3XoAA5ssG-scaled.jpeg\",\"articleSection\":[\"Mundo Futbol\"],\"inLanguage\":\"es\",\"potentialAction\":[{\"@type\":\"CommentAction\",\"name\":\"Comment\",\"target\":[\"https:\/\/futbolhoy.co\/index.php\/2025\/08\/18\/argentina-presento-su-prelista-de-convocados-para-los-ultimos-partidos-de-eliminatorias\/#respond\"]}]},{\"@type\":\"WebPage\",\"@id\":\"https:\/\/futbolhoy.co\/index.php\/2025\/08\/18\/argentina-presento-su-prelista-de-convocados-para-los-ultimos-partidos-de-eliminatorias\/\",\"url\":\"https:\/\/futbolhoy.co\/index.php\/2025\/08\/18\/argentina-presento-su-prelista-de-convocados-para-los-ultimos-partidos-de-eliminatorias\/\",\"name\":\"Argentina present\u00f3 su prelista de convocados para los \u00faltimos partidos de Eliminatorias -\",\"isPartOf\":{\"@id\":\"https:\/\/futbolhoy.co\/#website\"},\"primaryImageOfPage\":{\"@id\":\"https:\/\/futbolhoy.co\/index.php\/2025\/08\/18\/argentina-presento-su-prelista-de-convocados-para-los-ultimos-partidos-de-eliminatorias\/#primaryimage\"},\"image\":{\"@id\":\"https:\/\/futbolhoy.co\/index.php\/2025\/08\/18\/argentina-presento-su-prelista-de-convocados-para-los-ultimos-partidos-de-eliminatorias\/#primaryimage\"},\"thumbnailUrl\":\"https:\/\/futbolhoy.co\/wp-content\/uploads\/2025\/08\/GtIc5X3XoAA5ssG-scaled.jpeg\",\"datePublished\":\"2025-08-18T17:02:43+00:00\",\"dateModified\":\"2025-08-19T14:50:47+00:00\",\"breadcrumb\":{\"@id\":\"https:\/\/futbolhoy.co\/index.php\/2025\/08\/18\/argentina-presento-su-prelista-de-convocados-para-los-ultimos-partidos-de-eliminatorias\/#breadcrumb\"},\"inLanguage\":\"es\",\"potentialAction\":[{\"@type\":\"ReadAction\",\"target\":[\"https:\/\/futbolhoy.co\/index.php\/2025\/08\/18\/argentina-presento-su-prelista-de-convocados-para-los-ultimos-partidos-de-eliminatorias\/\"]}]},{\"@type\":\"ImageObject\",\"inLanguage\":\"es\",\"@id\":\"https:\/\/futbolhoy.co\/index.php\/2025\/08\/18\/argentina-presento-su-prelista-de-convocados-para-los-ultimos-partidos-de-eliminatorias\/#primaryimage\",\"url\":\"https:\/\/futbolhoy.co\/wp-content\/uploads\/2025\/08\/GtIc5X3XoAA5ssG-scaled.jpeg\",\"contentUrl\":\"https:\/\/futbolhoy.co\/wp-content\/uploads\/2025\/08\/GtIc5X3XoAA5ssG-scaled.jpeg\",\"width\":2560,\"height\":1728,\"caption\":\"Imagen: @Argentina\"},{\"@type\":\"BreadcrumbList\",\"@id\":\"https:\/\/futbolhoy.co\/index.php\/2025\/08\/18\/argentina-presento-su-prelista-de-convocados-para-los-ultimos-partidos-de-eliminatorias\/#breadcrumb\",\"itemListElement\":[{\"@type\":\"ListItem\",\"position\":1,\"name\":\"Portada\",\"item\":\"https:\/\/futbolhoy.co\/\"},{\"@type\":\"ListItem\",\"position\":2,\"name\":\"Argentina present\u00f3 su prelista de convocados para los \u00faltimos partidos de Eliminatorias\"}]},{\"@type\":\"WebSite\",\"@id\":\"https:\/\/futbolhoy.co\/#website\",\"url\":\"https:\/\/futbolhoy.co\/\",\"name\":\"FutbolHoy\",\"description\":\"\",\"publisher\":{\"@id\":\"https:\/\/futbolhoy.co\/#organization\"},\"potentialAction\":[{\"@type\":\"SearchAction\",\"target\":{\"@type\":\"EntryPoint\",\"urlTemplate\":\"https:\/\/futbolhoy.co\/?s={search_term_string}\"},\"query-input\":{\"@type\":\"PropertyValueSpecification\",\"valueRequired\":true,\"valueName\":\"search_term_string\"}}],\"inLanguage\":\"es\"},{\"@type\":\"Organization\",\"@id\":\"https:\/\/futbolhoy.co\/#organization\",\"name\":\"Futbolhoy.co\",\"url\":\"https:\/\/futbolhoy.co\/\",\"logo\":{\"@type\":\"ImageObject\",\"inLanguage\":\"es\",\"@id\":\"https:\/\/futbolhoy.co\/#\/schema\/logo\/image\/\",\"url\":\"https:\/\/futbolhoy.co\/wp-content\/uploads\/2018\/08\/17426380_1906371736249227_6326180412931521141_n.jpg\",\"contentUrl\":\"https:\/\/futbolhoy.co\/wp-content\/uploads\/2018\/08\/17426380_1906371736249227_6326180412931521141_n.jpg\",\"width\":960,\"height\":960,\"caption\":\"Futbolhoy.co\"},\"image\":{\"@id\":\"https:\/\/futbolhoy.co\/#\/schema\/logo\/image\/\"},\"sameAs\":[\"https:\/\/www.facebook.com\/FutbolHoyCol\/\",\"https:\/\/x.com\/FutbolHoyCol\",\"https:\/\/www.instagram.com\/futbolhoycol\/\"]},{\"@type\":\"Person\",\"@id\":\"https:\/\/futbolhoy.co\/#\/schema\/person\/1721b69355b6623eaff15ac7b92d4cc3\",\"name\":\"contenido\",\"image\":{\"@type\":\"ImageObject\",\"inLanguage\":\"es\",\"@id\":\"https:\/\/futbolhoy.co\/#\/schema\/person\/image\/\",\"url\":\"https:\/\/secure.gravatar.com\/avatar\/4f656d3256f5134f466206e7c3941518?s=96&d=mm&r=g\",\"contentUrl\":\"https:\/\/secure.gravatar.com\/avatar\/4f656d3256f5134f466206e7c3941518?s=96&d=mm&r=g\",\"caption\":\"contenido\"}}]}<\/script>\n<!-- \/ Yoast SEO plugin. -->","yoast_head_json":{"title":"Argentina present\u00f3 su prelista de convocados para los \u00faltimos partidos de Eliminatorias -","robots":{"index":"index","follow":"follow","max-snippet":"max-snippet:-1","max-image-preview":"max-image-preview:large","max-video-preview":"max-video-preview:-1"},"canonical":"https:\/\/futbolhoy.co\/index.php\/2025\/08\/18\/argentina-presento-su-prelista-de-convocados-para-los-ultimos-partidos-de-eliminatorias\/","og_locale":"es_ES","og_type":"article","og_title":"Argentina present\u00f3 su prelista de convocados para los \u00faltimos partidos de Eliminatorias -","og_description":"El t\u00e9cnico Lionel Scaloni present\u00f3 la prelista de convocados para los dos \u00faltimos partidos de las Eliminatorias al Mundial 2026. El campe\u00f3n del mundo disputar\u00e1 los \u00faltimos encuentros del torneo clasificatoria ante Venezuela de local y Ecuador como visitante. Este listado preliminar est\u00e1 compuesto por 31 nombres de futbolistas que est\u00e1n dentro de los planes [&hellip;]","og_url":"https:\/\/futbolhoy.co\/index.php\/2025\/08\/18\/argentina-presento-su-prelista-de-convocados-para-los-ultimos-partidos-de-eliminatorias\/","article_publisher":"https:\/\/www.facebook.com\/FutbolHoyCol\/","article_published_time":"2025-08-18T17:02:43+00:00","article_modified_time":"2025-08-19T14:50:47+00:00","og_image":[{"width":2560,"height":1728,"url":"https:\/\/futbolhoy.co\/wp-content\/uploads\/2025\/08\/GtIc5X3XoAA5ssG-scaled.jpeg","type":"image\/jpeg"}],"author":"contenido","twitter_card":"summary_large_image","twitter_creator":"@FutbolHoyCol","twitter_site":"@FutbolHoyCol","twitter_misc":{"Escrito por":"contenido","Tiempo de lectura":"2 minutos"},"schema":{"@context":"https:\/\/schema.org","@graph":[{"@type":"Article","@id":"https:\/\/futbolhoy.co\/index.php\/2025\/08\/18\/argentina-presento-su-prelista-de-convocados-para-los-ultimos-partidos-de-eliminatorias\/#article","isPartOf":{"@id":"https:\/\/futbolhoy.co\/index.php\/2025\/08\/18\/argentina-presento-su-prelista-de-convocados-para-los-ultimos-partidos-de-eliminatorias\/"},"author":{"name":"contenido","@id":"https:\/\/futbolhoy.co\/#\/schema\/person\/1721b69355b6623eaff15ac7b92d4cc3"},"headline":"Argentina present\u00f3 su prelista de convocados para los \u00faltimos partidos de Eliminatorias","datePublished":"2025-08-18T17:02:43+00:00","dateModified":"2025-08-19T14:50:47+00:00","mainEntityOfPage":{"@id":"https:\/\/futbolhoy.co\/index.php\/2025\/08\/18\/argentina-presento-su-prelista-de-convocados-para-los-ultimos-partidos-de-eliminatorias\/"},"wordCount":375,"commentCount":0,"publisher":{"@id":"https:\/\/futbolhoy.co\/#organization"},"image":{"@id":"https:\/\/futbolhoy.co\/index.php\/2025\/08\/18\/argentina-presento-su-prelista-de-convocados-para-los-ultimos-partidos-de-eliminatorias\/#primaryimage"},"thumbnailUrl":"https:\/\/futbolhoy.co\/wp-content\/uploads\/2025\/08\/GtIc5X3XoAA5ssG-scaled.jpeg","articleSection":["Mundo Futbol"],"inLanguage":"es","potentialAction":[{"@type":"CommentAction","name":"Comment","target":["https:\/\/futbolhoy.co\/index.php\/2025\/08\/18\/argentina-presento-su-prelista-de-convocados-para-los-ultimos-partidos-de-eliminatorias\/#respond"]}]},{"@type":"WebPage","@id":"https:\/\/futbolhoy.co\/index.php\/2025\/08\/18\/argentina-presento-su-prelista-de-convocados-para-los-ultimos-partidos-de-eliminatorias\/","url":"https:\/\/futbolhoy.co\/index.php\/2025\/08\/18\/argentina-presento-su-prelista-de-convocados-para-los-ultimos-partidos-de-eliminatorias\/","name":"Argentina present\u00f3 su prelista de convocados para los \u00faltimos partidos de Eliminatorias -","isPartOf":{"@id":"https:\/\/futbolhoy.co\/#website"},"primaryImageOfPage":{"@id":"https:\/\/futbolhoy.co\/index.php\/2025\/08\/18\/argentina-presento-su-prelista-de-convocados-para-los-ultimos-partidos-de-eliminatorias\/#primaryimage"},"image":{"@id":"https:\/\/futbolhoy.co\/index.php\/2025\/08\/18\/argentina-presento-su-prelista-de-convocados-para-los-ultimos-partidos-de-eliminatorias\/#primaryimage"},"thumbnailUrl":"https:\/\/futbolhoy.co\/wp-content\/uploads\/2025\/08\/GtIc5X3XoAA5ssG-scaled.jpeg","datePublished":"2025-08-18T17:02:43+00:00","dateModified":"2025-08-19T14:50:47+00:00","breadcrumb":{"@id":"https:\/\/futbolhoy.co\/index.php\/2025\/08\/18\/argentina-presento-su-prelista-de-convocados-para-los-ultimos-partidos-de-eliminatorias\/#breadcrumb"},"inLanguage":"es","potentialAction":[{"@type":"ReadAction","target":["https:\/\/futbolhoy.co\/index.php\/2025\/08\/18\/argentina-presento-su-prelista-de-convocados-para-los-ultimos-partidos-de-eliminatorias\/"]}]},{"@type":"ImageObject","inLanguage":"es","@id":"https:\/\/futbolhoy.co\/index.php\/2025\/08\/18\/argentina-presento-su-prelista-de-convocados-para-los-ultimos-partidos-de-eliminatorias\/#primaryimage","url":"https:\/\/futbolhoy.co\/wp-content\/uploads\/2025\/08\/GtIc5X3XoAA5ssG-scaled.jpeg","contentUrl":"https:\/\/futbolhoy.co\/wp-content\/uploads\/2025\/08\/GtIc5X3XoAA5ssG-scaled.jpeg","width":2560,"height":1728,"caption":"Imagen: @Argentina"},{"@type":"BreadcrumbList","@id":"https:\/\/futbolhoy.co\/index.php\/2025\/08\/18\/argentina-presento-su-prelista-de-convocados-para-los-ultimos-partidos-de-eliminatorias\/#breadcrumb","itemListElement":[{"@type":"ListItem","position":1,"name":"Portada","item":"https:\/\/futbolhoy.co\/"},{"@type":"ListItem","position":2,"name":"Argentina present\u00f3 su prelista de convocados para los \u00faltimos partidos de Eliminatorias"}]},{"@type":"WebSite","@id":"https:\/\/futbolhoy.co\/#website","url":"https:\/\/futbolhoy.co\/","name":"FutbolHoy","description":"","publisher":{"@id":"https:\/\/futbolhoy.co\/#organization"},"potentialAction":[{"@type":"SearchAction","target":{"@type":"EntryPoint","urlTemplate":"https:\/\/futbolhoy.co\/?s={search_term_string}"},"query-input":{"@type":"PropertyValueSpecification","valueRequired":true,"valueName":"search_term_string"}}],"inLanguage":"es"},{"@type":"Organization","@id":"https:\/\/futbolhoy.co\/#organization","name":"Futbolhoy.co","url":"https:\/\/futbolhoy.co\/","logo":{"@type":"ImageObject","inLanguage":"es","@id":"https:\/\/futbolhoy.co\/#\/schema\/logo\/image\/","url":"https:\/\/futbolhoy.co\/wp-content\/uploads\/2018\/08\/17426380_1906371736249227_6326180412931521141_n.jpg","contentUrl":"https:\/\/futbolhoy.co\/wp-content\/uploads\/2018\/08\/17426380_1906371736249227_6326180412931521141_n.jpg","width":960,"height":960,"caption":"Futbolhoy.co"},"image":{"@id":"https:\/\/futbolhoy.co\/#\/schema\/logo\/image\/"},"sameAs":["https:\/\/www.facebook.com\/FutbolHoyCol\/","https:\/\/x.com\/FutbolHoyCol","https:\/\/www.instagram.com\/futbolhoycol\/"]},{"@type":"Person","@id":"https:\/\/futbolhoy.co\/#\/schema\/person\/1721b69355b6623eaff15ac7b92d4cc3","name":"contenido","image":{"@type":"ImageObject","inLanguage":"es","@id":"https:\/\/futbolhoy.co\/#\/schema\/person\/image\/","url":"https:\/\/secure.gravatar.com\/avatar\/4f656d3256f5134f466206e7c3941518?s=96&d=mm&r=g","contentUrl":"https:\/\/secure.gravatar.com\/avatar\/4f656d3256f5134f466206e7c3941518?s=96&d=mm&r=g","caption":"contenido"}}]}},"publishpress_future_action":{"enabled":false,"date":"2026-05-04 02:00:25","action":"change-status","newStatus":"draft","terms":[],"taxonomy":"category","extraData":[]},"publishpress_future_workflow_manual_trigger":{"enabledWorkflows":[]},"_links":{"self":[{"href":"https:\/\/futbolhoy.co\/index.php\/wp-json\/wp\/v2\/posts\/122007","targetHints":{"allow":["GET"]}}],"collection":[{"href":"https:\/\/futbolhoy.co\/index.php\/wp-json\/wp\/v2\/posts"}],"about":[{"href":"https:\/\/futbolhoy.co\/index.php\/wp-json\/wp\/v2\/types\/post"}],"author":[{"embeddable":true,"href":"https:\/\/futbolhoy.co\/index.php\/wp-json\/wp\/v2\/users\/4"}],"replies":[{"embeddable":true,"href":"https:\/\/futbolhoy.co\/index.php\/wp-json\/wp\/v2\/comments?post=122007"}],"version-history":[{"count":3,"href":"https:\/\/futbolhoy.co\/index.php\/wp-json\/wp\/v2\/posts\/122007\/revisions"}],"predecessor-version":[{"id":122033,"href":"https:\/\/futbolhoy.co\/index.php\/wp-json\/wp\/v2\/posts\/122007\/revisions\/122033"}],"wp:featuredmedia":[{"embeddable":true,"href":"https:\/\/futbolhoy.co\/index.php\/wp-json\/wp\/v2\/media\/122008"}],"wp:attachment":[{"href":"https:\/\/futbolhoy.co\/index.php\/wp-json\/wp\/v2\/media?parent=122007"}],"wp:term":[{"taxonomy":"category","embeddable":true,"href":"https:\/\/futbolhoy.co\/index.php\/wp-json\/wp\/v2\/categories?post=122007"},{"taxonomy":"post_tag","embeddable":true,"href":"https:\/\/futbolhoy.co\/index.php\/wp-json\/wp\/v2\/tags?post=122007"}],"curies":[{"name":"wp","href":"https:\/\/api.w.org\/{rel}","templated":true}]}}