{"id":122017,"date":"2025-08-19T08:23:25","date_gmt":"2025-08-19T13:23:25","guid":{"rendered":"https:\/\/futbolhoy.co\/?p=122017"},"modified":"2025-08-19T21:23:29","modified_gmt":"2025-08-20T02:23:29","slug":"once-caldas-busca-su-paso-a-cuartos-ante-huracan-en-la-sudamericana","status":"publish","type":"post","link":"https:\/\/futbolhoy.co\/index.php\/2025\/08\/19\/once-caldas-busca-su-paso-a-cuartos-ante-huracan-en-la-sudamericana\/","title":{"rendered":"Once Caldas busca su paso a cuartos ante Hurac\u00e1n en la Sudamericana"},"content":{"rendered":"<p><span style=\"font-family: helvetica, arial, sans-serif;\"><strong>Once Caldas<\/strong> visita a <strong>Hurac\u00e1n<\/strong> en la ciudad de Buenos Aires para definir el clasificado a cuartos de final de la <strong>Copa Sudamericana<\/strong>. Tras vencer al 'globo' por la m\u00ednima diferencia con el<strong> gol de Dayro Moreno<\/strong>, los colombianos tienen la primera opci\u00f3n de avanzar a la siguiente fase.<\/span><\/p>\n<p><span style=\"font-family: helvetica, arial, sans-serif;\">A las<strong> 5:00 p.m. (hora Colombia)<\/strong> iniciar\u00e1 el encuentro en el <strong>Tom\u00e1s Adolfo Duc\u00f3<\/strong> que tendr\u00e1 la asistencia de las dos hinchadas. Con dos victorias seguidas por liga local, los argentinos buscan darle vuelta a la serie en la que tienen que<strong> anotar dos goles para remontar<\/strong>.<\/span><\/p>\n<p><span style=\"font-family: helvetica, arial, sans-serif;\">Pese a que el equipo blanco tiene una <strong>crisis de resultados en el torneo colombiano<\/strong>, lleva un rendimiento estable en la competencia internacional. En caso de avanzar a cuartos, recibir\u00e1 una suma de <strong>$700.000 d\u00f3lares de la Conmebol<\/strong>, junto a lo que ha ganado en las rondas anteriores.<\/span><\/p>\n<p><span style=\"font-family: helvetica, arial, sans-serif;\">Once Caldas espera mantenerse seguro en defensa y<strong> controlar el marcador a favor<\/strong> ante los ataques de Hurac\u00e1n. Este escenario parecer\u00eda indicar que los dirigidos por <strong>Hern\u00e1n Dar\u00edo Herrera<\/strong> decidan optar por el contragolpe para tratar de aumentar la diferencia.<\/span><\/p>\n<p><span style=\"font-family: helvetica, arial, sans-serif;\">El equipo vencedor de este cruce enfrentr\u00e1 en cuartos de final al ganador de la llave entre <strong>Independiente del Valle y Mushuc Runa<\/strong>, ambos equipos ecuatorianos.<\/span><\/p>\n<h3><strong><span style=\"font-family: helvetica, arial, sans-serif;\">Alineaciones probables:<\/span><\/strong><\/h3>\n<p><span style=\"font-family: helvetica, arial, sans-serif;\"><strong>Hurac\u00e1n:<\/strong> Hern\u00e1n Gal\u00edndez, Tom\u00e1s Guidara, Fabio Pereyra, Nehu\u00e9n Paz, C\u00e9sar Ib\u00e1\u00f1ez, Leonel P\u00e9rez, Leonardo Gil, Juan Francisco Bisanz, Emmanuel Ojeda, Rodrigo Cabral, Mat\u00edas Tissera.<\/span><\/p>\n<p><span style=\"font-family: helvetica, arial, sans-serif;\"><strong>Once Caldas:<\/strong> James Aguirre, Luis Palacios, Kevin Cuesta, Jaider Riquett, Juan David Cuesta, Mateo Garc\u00eda, Michael Barrios, Luis S\u00e1nchez, Alejandro Garc\u00eda, Mateo Zuleta, Dayro Moreno.<\/span><\/p>\n","protected":false},"excerpt":{"rendered":"<p>Once Caldas visita a Hurac\u00e1n en la ciudad de Buenos Aires para definir el clasificado a cuartos de final de la Copa Sudamericana. Tras vencer al 'globo' por la m\u00ednima diferencia con el gol de Dayro Moreno, los colombianos tienen la primera opci\u00f3n de avanzar a la siguiente fase. A las 5:00 p.m. (hora Colombia) [&hellip;]<\/p>\n","protected":false},"author":4,"featured_media":122018,"comment_status":"open","ping_status":"open","sticky":false,"template":"","format":"standard","meta":{"_acf_changed":false,"footnotes":""},"categories":[1046],"tags":[],"class_list":{"0":"post-122017","1":"post","2":"type-post","3":"status-publish","4":"format-standard","5":"has-post-thumbnail","7":"category-sudamericana"},"acf":[],"yoast_head":"<!-- This site is optimized with the Yoast SEO plugin v26.8 - https:\/\/yoast.com\/product\/yoast-seo-wordpress\/ -->\n<title>Once Caldas busca su paso a cuartos ante Hurac\u00e1n en la Sudamericana -<\/title>\n<meta name=\"robots\" content=\"index, follow, max-snippet:-1, max-image-preview:large, max-video-preview:-1\" \/>\n<link rel=\"canonical\" href=\"https:\/\/futbolhoy.co\/index.php\/2025\/08\/19\/once-caldas-busca-su-paso-a-cuartos-ante-huracan-en-la-sudamericana\/\" \/>\n<meta property=\"og:locale\" content=\"es_ES\" \/>\n<meta property=\"og:type\" content=\"article\" \/>\n<meta property=\"og:title\" content=\"Once Caldas busca su paso a cuartos ante Hurac\u00e1n en la Sudamericana -\" \/>\n<meta property=\"og:description\" content=\"Once Caldas visita a Hurac\u00e1n en la ciudad de Buenos Aires para definir el clasificado a cuartos de final de la Copa Sudamericana. Tras vencer al &#039;globo&#039; por la m\u00ednima diferencia con el gol de Dayro Moreno, los colombianos tienen la primera opci\u00f3n de avanzar a la siguiente fase. A las 5:00 p.m. (hora Colombia) [&hellip;]\" \/>\n<meta property=\"og:url\" content=\"https:\/\/futbolhoy.co\/index.php\/2025\/08\/19\/once-caldas-busca-su-paso-a-cuartos-ante-huracan-en-la-sudamericana\/\" \/>\n<meta property=\"article:publisher\" content=\"https:\/\/www.facebook.com\/FutbolHoyCol\/\" \/>\n<meta property=\"article:published_time\" content=\"2025-08-19T13:23:25+00:00\" \/>\n<meta property=\"article:modified_time\" content=\"2025-08-20T02:23:29+00:00\" \/>\n<meta property=\"og:image\" content=\"https:\/\/futbolhoy.co\/wp-content\/uploads\/2025\/08\/532137655_18528616600019050_2540468048086647858_n.jpg\" \/>\n\t<meta property=\"og:image:width\" content=\"1080\" \/>\n\t<meta property=\"og:image:height\" content=\"832\" \/>\n\t<meta property=\"og:image:type\" content=\"image\/jpeg\" \/>\n<meta name=\"author\" content=\"contenido\" \/>\n<meta name=\"twitter:card\" content=\"summary_large_image\" \/>\n<meta name=\"twitter:creator\" content=\"@FutbolHoyCol\" \/>\n<meta name=\"twitter:site\" content=\"@FutbolHoyCol\" \/>\n<meta name=\"twitter:label1\" content=\"Escrito por\" \/>\n\t<meta name=\"twitter:data1\" content=\"contenido\" \/>\n\t<meta name=\"twitter:label2\" content=\"Tiempo de lectura\" \/>\n\t<meta name=\"twitter:data2\" content=\"1 minuto\" \/>\n<script type=\"application\/ld+json\" class=\"yoast-schema-graph\">{\"@context\":\"https:\/\/schema.org\",\"@graph\":[{\"@type\":\"Article\",\"@id\":\"https:\/\/futbolhoy.co\/index.php\/2025\/08\/19\/once-caldas-busca-su-paso-a-cuartos-ante-huracan-en-la-sudamericana\/#article\",\"isPartOf\":{\"@id\":\"https:\/\/futbolhoy.co\/index.php\/2025\/08\/19\/once-caldas-busca-su-paso-a-cuartos-ante-huracan-en-la-sudamericana\/\"},\"author\":{\"name\":\"contenido\",\"@id\":\"https:\/\/futbolhoy.co\/#\/schema\/person\/1721b69355b6623eaff15ac7b92d4cc3\"},\"headline\":\"Once Caldas busca su paso a cuartos ante Hurac\u00e1n en la Sudamericana\",\"datePublished\":\"2025-08-19T13:23:25+00:00\",\"dateModified\":\"2025-08-20T02:23:29+00:00\",\"mainEntityOfPage\":{\"@id\":\"https:\/\/futbolhoy.co\/index.php\/2025\/08\/19\/once-caldas-busca-su-paso-a-cuartos-ante-huracan-en-la-sudamericana\/\"},\"wordCount\":294,\"commentCount\":0,\"publisher\":{\"@id\":\"https:\/\/futbolhoy.co\/#organization\"},\"image\":{\"@id\":\"https:\/\/futbolhoy.co\/index.php\/2025\/08\/19\/once-caldas-busca-su-paso-a-cuartos-ante-huracan-en-la-sudamericana\/#primaryimage\"},\"thumbnailUrl\":\"https:\/\/futbolhoy.co\/wp-content\/uploads\/2025\/08\/532137655_18528616600019050_2540468048086647858_n.jpg\",\"articleSection\":[\"Sudamericana\"],\"inLanguage\":\"es\",\"potentialAction\":[{\"@type\":\"CommentAction\",\"name\":\"Comment\",\"target\":[\"https:\/\/futbolhoy.co\/index.php\/2025\/08\/19\/once-caldas-busca-su-paso-a-cuartos-ante-huracan-en-la-sudamericana\/#respond\"]}]},{\"@type\":\"WebPage\",\"@id\":\"https:\/\/futbolhoy.co\/index.php\/2025\/08\/19\/once-caldas-busca-su-paso-a-cuartos-ante-huracan-en-la-sudamericana\/\",\"url\":\"https:\/\/futbolhoy.co\/index.php\/2025\/08\/19\/once-caldas-busca-su-paso-a-cuartos-ante-huracan-en-la-sudamericana\/\",\"name\":\"Once Caldas busca su paso a cuartos ante Hurac\u00e1n en la Sudamericana -\",\"isPartOf\":{\"@id\":\"https:\/\/futbolhoy.co\/#website\"},\"primaryImageOfPage\":{\"@id\":\"https:\/\/futbolhoy.co\/index.php\/2025\/08\/19\/once-caldas-busca-su-paso-a-cuartos-ante-huracan-en-la-sudamericana\/#primaryimage\"},\"image\":{\"@id\":\"https:\/\/futbolhoy.co\/index.php\/2025\/08\/19\/once-caldas-busca-su-paso-a-cuartos-ante-huracan-en-la-sudamericana\/#primaryimage\"},\"thumbnailUrl\":\"https:\/\/futbolhoy.co\/wp-content\/uploads\/2025\/08\/532137655_18528616600019050_2540468048086647858_n.jpg\",\"datePublished\":\"2025-08-19T13:23:25+00:00\",\"dateModified\":\"2025-08-20T02:23:29+00:00\",\"breadcrumb\":{\"@id\":\"https:\/\/futbolhoy.co\/index.php\/2025\/08\/19\/once-caldas-busca-su-paso-a-cuartos-ante-huracan-en-la-sudamericana\/#breadcrumb\"},\"inLanguage\":\"es\",\"potentialAction\":[{\"@type\":\"ReadAction\",\"target\":[\"https:\/\/futbolhoy.co\/index.php\/2025\/08\/19\/once-caldas-busca-su-paso-a-cuartos-ante-huracan-en-la-sudamericana\/\"]}]},{\"@type\":\"ImageObject\",\"inLanguage\":\"es\",\"@id\":\"https:\/\/futbolhoy.co\/index.php\/2025\/08\/19\/once-caldas-busca-su-paso-a-cuartos-ante-huracan-en-la-sudamericana\/#primaryimage\",\"url\":\"https:\/\/futbolhoy.co\/wp-content\/uploads\/2025\/08\/532137655_18528616600019050_2540468048086647858_n.jpg\",\"contentUrl\":\"https:\/\/futbolhoy.co\/wp-content\/uploads\/2025\/08\/532137655_18528616600019050_2540468048086647858_n.jpg\",\"width\":1080,\"height\":832,\"caption\":\"Imagen: @oncecaldasoficial\"},{\"@type\":\"BreadcrumbList\",\"@id\":\"https:\/\/futbolhoy.co\/index.php\/2025\/08\/19\/once-caldas-busca-su-paso-a-cuartos-ante-huracan-en-la-sudamericana\/#breadcrumb\",\"itemListElement\":[{\"@type\":\"ListItem\",\"position\":1,\"name\":\"Portada\",\"item\":\"https:\/\/futbolhoy.co\/\"},{\"@type\":\"ListItem\",\"position\":2,\"name\":\"Once Caldas busca su paso a cuartos ante Hurac\u00e1n en la Sudamericana\"}]},{\"@type\":\"WebSite\",\"@id\":\"https:\/\/futbolhoy.co\/#website\",\"url\":\"https:\/\/futbolhoy.co\/\",\"name\":\"FutbolHoy\",\"description\":\"\",\"publisher\":{\"@id\":\"https:\/\/futbolhoy.co\/#organization\"},\"potentialAction\":[{\"@type\":\"SearchAction\",\"target\":{\"@type\":\"EntryPoint\",\"urlTemplate\":\"https:\/\/futbolhoy.co\/?s={search_term_string}\"},\"query-input\":{\"@type\":\"PropertyValueSpecification\",\"valueRequired\":true,\"valueName\":\"search_term_string\"}}],\"inLanguage\":\"es\"},{\"@type\":\"Organization\",\"@id\":\"https:\/\/futbolhoy.co\/#organization\",\"name\":\"Futbolhoy.co\",\"url\":\"https:\/\/futbolhoy.co\/\",\"logo\":{\"@type\":\"ImageObject\",\"inLanguage\":\"es\",\"@id\":\"https:\/\/futbolhoy.co\/#\/schema\/logo\/image\/\",\"url\":\"https:\/\/futbolhoy.co\/wp-content\/uploads\/2018\/08\/17426380_1906371736249227_6326180412931521141_n.jpg\",\"contentUrl\":\"https:\/\/futbolhoy.co\/wp-content\/uploads\/2018\/08\/17426380_1906371736249227_6326180412931521141_n.jpg\",\"width\":960,\"height\":960,\"caption\":\"Futbolhoy.co\"},\"image\":{\"@id\":\"https:\/\/futbolhoy.co\/#\/schema\/logo\/image\/\"},\"sameAs\":[\"https:\/\/www.facebook.com\/FutbolHoyCol\/\",\"https:\/\/x.com\/FutbolHoyCol\",\"https:\/\/www.instagram.com\/futbolhoycol\/\"]},{\"@type\":\"Person\",\"@id\":\"https:\/\/futbolhoy.co\/#\/schema\/person\/1721b69355b6623eaff15ac7b92d4cc3\",\"name\":\"contenido\",\"image\":{\"@type\":\"ImageObject\",\"inLanguage\":\"es\",\"@id\":\"https:\/\/futbolhoy.co\/#\/schema\/person\/image\/\",\"url\":\"https:\/\/secure.gravatar.com\/avatar\/4f656d3256f5134f466206e7c3941518?s=96&d=mm&r=g\",\"contentUrl\":\"https:\/\/secure.gravatar.com\/avatar\/4f656d3256f5134f466206e7c3941518?s=96&d=mm&r=g\",\"caption\":\"contenido\"}}]}<\/script>\n<!-- \/ Yoast SEO plugin. -->","yoast_head_json":{"title":"Once Caldas busca su paso a cuartos ante Hurac\u00e1n en la Sudamericana -","robots":{"index":"index","follow":"follow","max-snippet":"max-snippet:-1","max-image-preview":"max-image-preview:large","max-video-preview":"max-video-preview:-1"},"canonical":"https:\/\/futbolhoy.co\/index.php\/2025\/08\/19\/once-caldas-busca-su-paso-a-cuartos-ante-huracan-en-la-sudamericana\/","og_locale":"es_ES","og_type":"article","og_title":"Once Caldas busca su paso a cuartos ante Hurac\u00e1n en la Sudamericana -","og_description":"Once Caldas visita a Hurac\u00e1n en la ciudad de Buenos Aires para definir el clasificado a cuartos de final de la Copa Sudamericana. Tras vencer al 'globo' por la m\u00ednima diferencia con el gol de Dayro Moreno, los colombianos tienen la primera opci\u00f3n de avanzar a la siguiente fase. A las 5:00 p.m. (hora Colombia) [&hellip;]","og_url":"https:\/\/futbolhoy.co\/index.php\/2025\/08\/19\/once-caldas-busca-su-paso-a-cuartos-ante-huracan-en-la-sudamericana\/","article_publisher":"https:\/\/www.facebook.com\/FutbolHoyCol\/","article_published_time":"2025-08-19T13:23:25+00:00","article_modified_time":"2025-08-20T02:23:29+00:00","og_image":[{"width":1080,"height":832,"url":"https:\/\/futbolhoy.co\/wp-content\/uploads\/2025\/08\/532137655_18528616600019050_2540468048086647858_n.jpg","type":"image\/jpeg"}],"author":"contenido","twitter_card":"summary_large_image","twitter_creator":"@FutbolHoyCol","twitter_site":"@FutbolHoyCol","twitter_misc":{"Escrito por":"contenido","Tiempo de lectura":"1 minuto"},"schema":{"@context":"https:\/\/schema.org","@graph":[{"@type":"Article","@id":"https:\/\/futbolhoy.co\/index.php\/2025\/08\/19\/once-caldas-busca-su-paso-a-cuartos-ante-huracan-en-la-sudamericana\/#article","isPartOf":{"@id":"https:\/\/futbolhoy.co\/index.php\/2025\/08\/19\/once-caldas-busca-su-paso-a-cuartos-ante-huracan-en-la-sudamericana\/"},"author":{"name":"contenido","@id":"https:\/\/futbolhoy.co\/#\/schema\/person\/1721b69355b6623eaff15ac7b92d4cc3"},"headline":"Once Caldas busca su paso a cuartos ante Hurac\u00e1n en la Sudamericana","datePublished":"2025-08-19T13:23:25+00:00","dateModified":"2025-08-20T02:23:29+00:00","mainEntityOfPage":{"@id":"https:\/\/futbolhoy.co\/index.php\/2025\/08\/19\/once-caldas-busca-su-paso-a-cuartos-ante-huracan-en-la-sudamericana\/"},"wordCount":294,"commentCount":0,"publisher":{"@id":"https:\/\/futbolhoy.co\/#organization"},"image":{"@id":"https:\/\/futbolhoy.co\/index.php\/2025\/08\/19\/once-caldas-busca-su-paso-a-cuartos-ante-huracan-en-la-sudamericana\/#primaryimage"},"thumbnailUrl":"https:\/\/futbolhoy.co\/wp-content\/uploads\/2025\/08\/532137655_18528616600019050_2540468048086647858_n.jpg","articleSection":["Sudamericana"],"inLanguage":"es","potentialAction":[{"@type":"CommentAction","name":"Comment","target":["https:\/\/futbolhoy.co\/index.php\/2025\/08\/19\/once-caldas-busca-su-paso-a-cuartos-ante-huracan-en-la-sudamericana\/#respond"]}]},{"@type":"WebPage","@id":"https:\/\/futbolhoy.co\/index.php\/2025\/08\/19\/once-caldas-busca-su-paso-a-cuartos-ante-huracan-en-la-sudamericana\/","url":"https:\/\/futbolhoy.co\/index.php\/2025\/08\/19\/once-caldas-busca-su-paso-a-cuartos-ante-huracan-en-la-sudamericana\/","name":"Once Caldas busca su paso a cuartos ante Hurac\u00e1n en la Sudamericana -","isPartOf":{"@id":"https:\/\/futbolhoy.co\/#website"},"primaryImageOfPage":{"@id":"https:\/\/futbolhoy.co\/index.php\/2025\/08\/19\/once-caldas-busca-su-paso-a-cuartos-ante-huracan-en-la-sudamericana\/#primaryimage"},"image":{"@id":"https:\/\/futbolhoy.co\/index.php\/2025\/08\/19\/once-caldas-busca-su-paso-a-cuartos-ante-huracan-en-la-sudamericana\/#primaryimage"},"thumbnailUrl":"https:\/\/futbolhoy.co\/wp-content\/uploads\/2025\/08\/532137655_18528616600019050_2540468048086647858_n.jpg","datePublished":"2025-08-19T13:23:25+00:00","dateModified":"2025-08-20T02:23:29+00:00","breadcrumb":{"@id":"https:\/\/futbolhoy.co\/index.php\/2025\/08\/19\/once-caldas-busca-su-paso-a-cuartos-ante-huracan-en-la-sudamericana\/#breadcrumb"},"inLanguage":"es","potentialAction":[{"@type":"ReadAction","target":["https:\/\/futbolhoy.co\/index.php\/2025\/08\/19\/once-caldas-busca-su-paso-a-cuartos-ante-huracan-en-la-sudamericana\/"]}]},{"@type":"ImageObject","inLanguage":"es","@id":"https:\/\/futbolhoy.co\/index.php\/2025\/08\/19\/once-caldas-busca-su-paso-a-cuartos-ante-huracan-en-la-sudamericana\/#primaryimage","url":"https:\/\/futbolhoy.co\/wp-content\/uploads\/2025\/08\/532137655_18528616600019050_2540468048086647858_n.jpg","contentUrl":"https:\/\/futbolhoy.co\/wp-content\/uploads\/2025\/08\/532137655_18528616600019050_2540468048086647858_n.jpg","width":1080,"height":832,"caption":"Imagen: @oncecaldasoficial"},{"@type":"BreadcrumbList","@id":"https:\/\/futbolhoy.co\/index.php\/2025\/08\/19\/once-caldas-busca-su-paso-a-cuartos-ante-huracan-en-la-sudamericana\/#breadcrumb","itemListElement":[{"@type":"ListItem","position":1,"name":"Portada","item":"https:\/\/futbolhoy.co\/"},{"@type":"ListItem","position":2,"name":"Once Caldas busca su paso a cuartos ante Hurac\u00e1n en la Sudamericana"}]},{"@type":"WebSite","@id":"https:\/\/futbolhoy.co\/#website","url":"https:\/\/futbolhoy.co\/","name":"FutbolHoy","description":"","publisher":{"@id":"https:\/\/futbolhoy.co\/#organization"},"potentialAction":[{"@type":"SearchAction","target":{"@type":"EntryPoint","urlTemplate":"https:\/\/futbolhoy.co\/?s={search_term_string}"},"query-input":{"@type":"PropertyValueSpecification","valueRequired":true,"valueName":"search_term_string"}}],"inLanguage":"es"},{"@type":"Organization","@id":"https:\/\/futbolhoy.co\/#organization","name":"Futbolhoy.co","url":"https:\/\/futbolhoy.co\/","logo":{"@type":"ImageObject","inLanguage":"es","@id":"https:\/\/futbolhoy.co\/#\/schema\/logo\/image\/","url":"https:\/\/futbolhoy.co\/wp-content\/uploads\/2018\/08\/17426380_1906371736249227_6326180412931521141_n.jpg","contentUrl":"https:\/\/futbolhoy.co\/wp-content\/uploads\/2018\/08\/17426380_1906371736249227_6326180412931521141_n.jpg","width":960,"height":960,"caption":"Futbolhoy.co"},"image":{"@id":"https:\/\/futbolhoy.co\/#\/schema\/logo\/image\/"},"sameAs":["https:\/\/www.facebook.com\/FutbolHoyCol\/","https:\/\/x.com\/FutbolHoyCol","https:\/\/www.instagram.com\/futbolhoycol\/"]},{"@type":"Person","@id":"https:\/\/futbolhoy.co\/#\/schema\/person\/1721b69355b6623eaff15ac7b92d4cc3","name":"contenido","image":{"@type":"ImageObject","inLanguage":"es","@id":"https:\/\/futbolhoy.co\/#\/schema\/person\/image\/","url":"https:\/\/secure.gravatar.com\/avatar\/4f656d3256f5134f466206e7c3941518?s=96&d=mm&r=g","contentUrl":"https:\/\/secure.gravatar.com\/avatar\/4f656d3256f5134f466206e7c3941518?s=96&d=mm&r=g","caption":"contenido"}}]}},"publishpress_future_action":{"enabled":false,"date":"2026-05-03 23:07:57","action":"change-status","newStatus":"draft","terms":[],"taxonomy":"category","extraData":[]},"publishpress_future_workflow_manual_trigger":{"enabledWorkflows":[]},"_links":{"self":[{"href":"https:\/\/futbolhoy.co\/index.php\/wp-json\/wp\/v2\/posts\/122017","targetHints":{"allow":["GET"]}}],"collection":[{"href":"https:\/\/futbolhoy.co\/index.php\/wp-json\/wp\/v2\/posts"}],"about":[{"href":"https:\/\/futbolhoy.co\/index.php\/wp-json\/wp\/v2\/types\/post"}],"author":[{"embeddable":true,"href":"https:\/\/futbolhoy.co\/index.php\/wp-json\/wp\/v2\/users\/4"}],"replies":[{"embeddable":true,"href":"https:\/\/futbolhoy.co\/index.php\/wp-json\/wp\/v2\/comments?post=122017"}],"version-history":[{"count":1,"href":"https:\/\/futbolhoy.co\/index.php\/wp-json\/wp\/v2\/posts\/122017\/revisions"}],"predecessor-version":[{"id":122019,"href":"https:\/\/futbolhoy.co\/index.php\/wp-json\/wp\/v2\/posts\/122017\/revisions\/122019"}],"wp:featuredmedia":[{"embeddable":true,"href":"https:\/\/futbolhoy.co\/index.php\/wp-json\/wp\/v2\/media\/122018"}],"wp:attachment":[{"href":"https:\/\/futbolhoy.co\/index.php\/wp-json\/wp\/v2\/media?parent=122017"}],"wp:term":[{"taxonomy":"category","embeddable":true,"href":"https:\/\/futbolhoy.co\/index.php\/wp-json\/wp\/v2\/categories?post=122017"},{"taxonomy":"post_tag","embeddable":true,"href":"https:\/\/futbolhoy.co\/index.php\/wp-json\/wp\/v2\/tags?post=122017"}],"curies":[{"name":"wp","href":"https:\/\/api.w.org\/{rel}","templated":true}]}}