{"id":122028,"date":"2025-08-19T09:50:15","date_gmt":"2025-08-19T14:50:15","guid":{"rendered":"https:\/\/futbolhoy.co\/?p=122028"},"modified":"2025-08-19T22:05:31","modified_gmt":"2025-08-20T03:05:31","slug":"nacional-define-su-clasificacion-a-cuartos-de-copa-libertadores-contra-sao-paulo","status":"publish","type":"post","link":"https:\/\/futbolhoy.co\/index.php\/2025\/08\/19\/nacional-define-su-clasificacion-a-cuartos-de-copa-libertadores-contra-sao-paulo\/","title":{"rendered":"Nacional define su clasificaci\u00f3n a cuartos de Copa Libertadores contra S\u00e3o Paulo"},"content":{"rendered":"<p><span style=\"font-family: helvetica, arial, sans-serif;\"><strong>Atl\u00e9tico Nacional<\/strong> disputa el cupo a cuartos de final de la<strong> Copa Libertadores<\/strong> contra <strong>S\u00e3o Paulo<\/strong> en el estadio Morumbi. El duelo de vuelta comenzar\u00e1 a las<strong> 7:30 p.m. (hora Colombia)<\/strong> y se espera un partido con anotaciones, distinto al de la ida que termin\u00f3 <strong>0-0<\/strong>.<\/span><\/p>\n<p><span style=\"font-family: helvetica, arial, sans-serif;\">El conjunto colombiano viene de <strong>igualar 2-2 contra Fortaleza<\/strong> por liga colombiana, presentando una n\u00f3mina alterna. Misma situaci\u00f3n se present\u00f3 para los brasile\u00f1os que tuvieron el<strong> mismo marcador ante<\/strong> <strong>Sport Recife por el Brasileir\u00e3o<\/strong>.<\/span><\/p>\n<p><span style=\"font-family: helvetica, arial, sans-serif;\">La plantilla antioque\u00f1a presenta el regreso de<strong> Facundo Batista<\/strong> y<strong> Andr\u00e9s Sarmiento<\/strong>, quienes est\u00e1n en condiciones para volver a la competencia. Sin embargo, viajaron a Brasil sin<strong> Billy Arce y C\u00e9sar Haydar<\/strong> por lesi\u00f3n. El extremo ecuatoriano present\u00f3 una <strong>\"fatiga muscular en los isquiotibiales\"<\/strong>, mientras que el defensor central sufri\u00f3 una<strong> \"lesi\u00f3n muscular en el b\u00edceps femoral\"<\/strong> en el partido ante Fortaleza.<\/span><\/p>\n<p><span style=\"font-family: helvetica, arial, sans-serif;\">Por su parte, <strong>S\u00e3o Paulo<\/strong> llega con las ausencias de los atacantes <strong>Jonathan Calleri y Oscar.<\/strong> Sin embargo, suma en su convocatoria al delantero <strong>Lucas Moura,<\/strong> quien puede ser desequilibrante para definir la serie.<\/span><\/p>\n<p><span style=\"font-family: helvetica, arial, sans-serif;\">Con <strong>Marino Hinestroza y Marlos Moreno<\/strong> en los costados, Nacional espera repetir el partido de ida en el que puedan vencer el arco rival para conseguir su paso a la siguiente ronda. Quien gane este cruce se enfrentar\u00e1 en cuartos de final al vencedor de la llave entre <strong>Botafogo y Liga de Quito<\/strong>.<\/span><\/p>\n<h3><strong><span style=\"font-family: helvetica, arial, sans-serif;\">Alineaciones probables:<\/span><\/strong><\/h3>\n<p><span style=\"font-family: helvetica, arial, sans-serif;\"><strong>S\u00e3o Paulo:<\/strong> Rafael; Nahuel Ferraresi, Alan Franco, Sabino; Cedric Soares; Dami\u00e1n Bobadilla, Marcos Antonio, Alisson, Enzo D\u00edaz; Luciano y Andr\u00e9 Silva.<\/span><\/p>\n<p><span style=\"font-family: helvetica, arial, sans-serif;\"><strong>Atl\u00e9tico Nacional:<\/strong> David Ospina; Andr\u00e9s Rom\u00e1n, William Tesillo, Juan Jos\u00e9 Arias, Camilo C\u00e1ndido; Juan Zapata, Jorman Campuzano, Marino Hinestroza, Edwin Cardona, Marlos Moreno; Alfredo Morelos.<\/span><\/p>\n","protected":false},"excerpt":{"rendered":"<p>Atl\u00e9tico Nacional disputa el cupo a cuartos de final de la Copa Libertadores contra S\u00e3o Paulo en el estadio Morumbi. El duelo de vuelta comenzar\u00e1 a las 7:30 p.m. (hora Colombia) y se espera un partido con anotaciones, distinto al de la ida que termin\u00f3 0-0. El conjunto colombiano viene de igualar 2-2 contra Fortaleza [&hellip;]<\/p>\n","protected":false},"author":4,"featured_media":122029,"comment_status":"open","ping_status":"open","sticky":false,"template":"","format":"standard","meta":{"_acf_changed":false,"footnotes":""},"categories":[653],"tags":[],"class_list":{"0":"post-122028","1":"post","2":"type-post","3":"status-publish","4":"format-standard","5":"has-post-thumbnail","7":"category-copa-libertadores"},"acf":[],"yoast_head":"<!-- This site is optimized with the Yoast SEO plugin v26.8 - https:\/\/yoast.com\/product\/yoast-seo-wordpress\/ -->\n<title>Nacional define su clasificaci\u00f3n a cuartos de Copa Libertadores contra S\u00e3o Paulo -<\/title>\n<meta name=\"robots\" content=\"index, follow, max-snippet:-1, max-image-preview:large, max-video-preview:-1\" \/>\n<link rel=\"canonical\" href=\"https:\/\/futbolhoy.co\/index.php\/2025\/08\/19\/nacional-define-su-clasificacion-a-cuartos-de-copa-libertadores-contra-sao-paulo\/\" \/>\n<meta property=\"og:locale\" content=\"es_ES\" \/>\n<meta property=\"og:type\" content=\"article\" \/>\n<meta property=\"og:title\" content=\"Nacional define su clasificaci\u00f3n a cuartos de Copa Libertadores contra S\u00e3o Paulo -\" \/>\n<meta property=\"og:description\" content=\"Atl\u00e9tico Nacional disputa el cupo a cuartos de final de la Copa Libertadores contra S\u00e3o Paulo en el estadio Morumbi. El duelo de vuelta comenzar\u00e1 a las 7:30 p.m. (hora Colombia) y se espera un partido con anotaciones, distinto al de la ida que termin\u00f3 0-0. El conjunto colombiano viene de igualar 2-2 contra Fortaleza [&hellip;]\" \/>\n<meta property=\"og:url\" content=\"https:\/\/futbolhoy.co\/index.php\/2025\/08\/19\/nacional-define-su-clasificacion-a-cuartos-de-copa-libertadores-contra-sao-paulo\/\" \/>\n<meta property=\"article:publisher\" content=\"https:\/\/www.facebook.com\/FutbolHoyCol\/\" \/>\n<meta property=\"article:published_time\" content=\"2025-08-19T14:50:15+00:00\" \/>\n<meta property=\"article:modified_time\" content=\"2025-08-20T03:05:31+00:00\" \/>\n<meta property=\"og:image\" content=\"https:\/\/futbolhoy.co\/wp-content\/uploads\/2025\/08\/GyPydnnWoAI-28w-scaled.jpeg\" \/>\n\t<meta property=\"og:image:width\" content=\"2560\" \/>\n\t<meta property=\"og:image:height\" content=\"1764\" \/>\n\t<meta property=\"og:image:type\" content=\"image\/jpeg\" \/>\n<meta name=\"author\" content=\"contenido\" \/>\n<meta name=\"twitter:card\" content=\"summary_large_image\" \/>\n<meta name=\"twitter:creator\" content=\"@FutbolHoyCol\" \/>\n<meta name=\"twitter:site\" content=\"@FutbolHoyCol\" \/>\n<meta name=\"twitter:label1\" content=\"Escrito por\" \/>\n\t<meta name=\"twitter:data1\" content=\"contenido\" \/>\n\t<meta name=\"twitter:label2\" content=\"Tiempo de lectura\" \/>\n\t<meta name=\"twitter:data2\" content=\"1 minuto\" \/>\n<script type=\"application\/ld+json\" class=\"yoast-schema-graph\">{\"@context\":\"https:\/\/schema.org\",\"@graph\":[{\"@type\":\"Article\",\"@id\":\"https:\/\/futbolhoy.co\/index.php\/2025\/08\/19\/nacional-define-su-clasificacion-a-cuartos-de-copa-libertadores-contra-sao-paulo\/#article\",\"isPartOf\":{\"@id\":\"https:\/\/futbolhoy.co\/index.php\/2025\/08\/19\/nacional-define-su-clasificacion-a-cuartos-de-copa-libertadores-contra-sao-paulo\/\"},\"author\":{\"name\":\"contenido\",\"@id\":\"https:\/\/futbolhoy.co\/#\/schema\/person\/1721b69355b6623eaff15ac7b92d4cc3\"},\"headline\":\"Nacional define su clasificaci\u00f3n a cuartos de Copa Libertadores contra S\u00e3o Paulo\",\"datePublished\":\"2025-08-19T14:50:15+00:00\",\"dateModified\":\"2025-08-20T03:05:31+00:00\",\"mainEntityOfPage\":{\"@id\":\"https:\/\/futbolhoy.co\/index.php\/2025\/08\/19\/nacional-define-su-clasificacion-a-cuartos-de-copa-libertadores-contra-sao-paulo\/\"},\"wordCount\":312,\"commentCount\":0,\"publisher\":{\"@id\":\"https:\/\/futbolhoy.co\/#organization\"},\"image\":{\"@id\":\"https:\/\/futbolhoy.co\/index.php\/2025\/08\/19\/nacional-define-su-clasificacion-a-cuartos-de-copa-libertadores-contra-sao-paulo\/#primaryimage\"},\"thumbnailUrl\":\"https:\/\/futbolhoy.co\/wp-content\/uploads\/2025\/08\/GyPydnnWoAI-28w-scaled.jpeg\",\"articleSection\":[\"Libertadores\"],\"inLanguage\":\"es\",\"potentialAction\":[{\"@type\":\"CommentAction\",\"name\":\"Comment\",\"target\":[\"https:\/\/futbolhoy.co\/index.php\/2025\/08\/19\/nacional-define-su-clasificacion-a-cuartos-de-copa-libertadores-contra-sao-paulo\/#respond\"]}]},{\"@type\":\"WebPage\",\"@id\":\"https:\/\/futbolhoy.co\/index.php\/2025\/08\/19\/nacional-define-su-clasificacion-a-cuartos-de-copa-libertadores-contra-sao-paulo\/\",\"url\":\"https:\/\/futbolhoy.co\/index.php\/2025\/08\/19\/nacional-define-su-clasificacion-a-cuartos-de-copa-libertadores-contra-sao-paulo\/\",\"name\":\"Nacional define su clasificaci\u00f3n a cuartos de Copa Libertadores contra S\u00e3o Paulo -\",\"isPartOf\":{\"@id\":\"https:\/\/futbolhoy.co\/#website\"},\"primaryImageOfPage\":{\"@id\":\"https:\/\/futbolhoy.co\/index.php\/2025\/08\/19\/nacional-define-su-clasificacion-a-cuartos-de-copa-libertadores-contra-sao-paulo\/#primaryimage\"},\"image\":{\"@id\":\"https:\/\/futbolhoy.co\/index.php\/2025\/08\/19\/nacional-define-su-clasificacion-a-cuartos-de-copa-libertadores-contra-sao-paulo\/#primaryimage\"},\"thumbnailUrl\":\"https:\/\/futbolhoy.co\/wp-content\/uploads\/2025\/08\/GyPydnnWoAI-28w-scaled.jpeg\",\"datePublished\":\"2025-08-19T14:50:15+00:00\",\"dateModified\":\"2025-08-20T03:05:31+00:00\",\"breadcrumb\":{\"@id\":\"https:\/\/futbolhoy.co\/index.php\/2025\/08\/19\/nacional-define-su-clasificacion-a-cuartos-de-copa-libertadores-contra-sao-paulo\/#breadcrumb\"},\"inLanguage\":\"es\",\"potentialAction\":[{\"@type\":\"ReadAction\",\"target\":[\"https:\/\/futbolhoy.co\/index.php\/2025\/08\/19\/nacional-define-su-clasificacion-a-cuartos-de-copa-libertadores-contra-sao-paulo\/\"]}]},{\"@type\":\"ImageObject\",\"inLanguage\":\"es\",\"@id\":\"https:\/\/futbolhoy.co\/index.php\/2025\/08\/19\/nacional-define-su-clasificacion-a-cuartos-de-copa-libertadores-contra-sao-paulo\/#primaryimage\",\"url\":\"https:\/\/futbolhoy.co\/wp-content\/uploads\/2025\/08\/GyPydnnWoAI-28w-scaled.jpeg\",\"contentUrl\":\"https:\/\/futbolhoy.co\/wp-content\/uploads\/2025\/08\/GyPydnnWoAI-28w-scaled.jpeg\",\"width\":2560,\"height\":1764,\"caption\":\"Imagen: @nacionaloficial\"},{\"@type\":\"BreadcrumbList\",\"@id\":\"https:\/\/futbolhoy.co\/index.php\/2025\/08\/19\/nacional-define-su-clasificacion-a-cuartos-de-copa-libertadores-contra-sao-paulo\/#breadcrumb\",\"itemListElement\":[{\"@type\":\"ListItem\",\"position\":1,\"name\":\"Portada\",\"item\":\"https:\/\/futbolhoy.co\/\"},{\"@type\":\"ListItem\",\"position\":2,\"name\":\"Nacional define su clasificaci\u00f3n a cuartos de Copa Libertadores contra S\u00e3o Paulo\"}]},{\"@type\":\"WebSite\",\"@id\":\"https:\/\/futbolhoy.co\/#website\",\"url\":\"https:\/\/futbolhoy.co\/\",\"name\":\"FutbolHoy\",\"description\":\"\",\"publisher\":{\"@id\":\"https:\/\/futbolhoy.co\/#organization\"},\"potentialAction\":[{\"@type\":\"SearchAction\",\"target\":{\"@type\":\"EntryPoint\",\"urlTemplate\":\"https:\/\/futbolhoy.co\/?s={search_term_string}\"},\"query-input\":{\"@type\":\"PropertyValueSpecification\",\"valueRequired\":true,\"valueName\":\"search_term_string\"}}],\"inLanguage\":\"es\"},{\"@type\":\"Organization\",\"@id\":\"https:\/\/futbolhoy.co\/#organization\",\"name\":\"Futbolhoy.co\",\"url\":\"https:\/\/futbolhoy.co\/\",\"logo\":{\"@type\":\"ImageObject\",\"inLanguage\":\"es\",\"@id\":\"https:\/\/futbolhoy.co\/#\/schema\/logo\/image\/\",\"url\":\"https:\/\/futbolhoy.co\/wp-content\/uploads\/2018\/08\/17426380_1906371736249227_6326180412931521141_n.jpg\",\"contentUrl\":\"https:\/\/futbolhoy.co\/wp-content\/uploads\/2018\/08\/17426380_1906371736249227_6326180412931521141_n.jpg\",\"width\":960,\"height\":960,\"caption\":\"Futbolhoy.co\"},\"image\":{\"@id\":\"https:\/\/futbolhoy.co\/#\/schema\/logo\/image\/\"},\"sameAs\":[\"https:\/\/www.facebook.com\/FutbolHoyCol\/\",\"https:\/\/x.com\/FutbolHoyCol\",\"https:\/\/www.instagram.com\/futbolhoycol\/\"]},{\"@type\":\"Person\",\"@id\":\"https:\/\/futbolhoy.co\/#\/schema\/person\/1721b69355b6623eaff15ac7b92d4cc3\",\"name\":\"contenido\",\"image\":{\"@type\":\"ImageObject\",\"inLanguage\":\"es\",\"@id\":\"https:\/\/futbolhoy.co\/#\/schema\/person\/image\/\",\"url\":\"https:\/\/secure.gravatar.com\/avatar\/4f656d3256f5134f466206e7c3941518?s=96&d=mm&r=g\",\"contentUrl\":\"https:\/\/secure.gravatar.com\/avatar\/4f656d3256f5134f466206e7c3941518?s=96&d=mm&r=g\",\"caption\":\"contenido\"}}]}<\/script>\n<!-- \/ Yoast SEO plugin. -->","yoast_head_json":{"title":"Nacional define su clasificaci\u00f3n a cuartos de Copa Libertadores contra S\u00e3o Paulo -","robots":{"index":"index","follow":"follow","max-snippet":"max-snippet:-1","max-image-preview":"max-image-preview:large","max-video-preview":"max-video-preview:-1"},"canonical":"https:\/\/futbolhoy.co\/index.php\/2025\/08\/19\/nacional-define-su-clasificacion-a-cuartos-de-copa-libertadores-contra-sao-paulo\/","og_locale":"es_ES","og_type":"article","og_title":"Nacional define su clasificaci\u00f3n a cuartos de Copa Libertadores contra S\u00e3o Paulo -","og_description":"Atl\u00e9tico Nacional disputa el cupo a cuartos de final de la Copa Libertadores contra S\u00e3o Paulo en el estadio Morumbi. El duelo de vuelta comenzar\u00e1 a las 7:30 p.m. (hora Colombia) y se espera un partido con anotaciones, distinto al de la ida que termin\u00f3 0-0. El conjunto colombiano viene de igualar 2-2 contra Fortaleza [&hellip;]","og_url":"https:\/\/futbolhoy.co\/index.php\/2025\/08\/19\/nacional-define-su-clasificacion-a-cuartos-de-copa-libertadores-contra-sao-paulo\/","article_publisher":"https:\/\/www.facebook.com\/FutbolHoyCol\/","article_published_time":"2025-08-19T14:50:15+00:00","article_modified_time":"2025-08-20T03:05:31+00:00","og_image":[{"width":2560,"height":1764,"url":"https:\/\/futbolhoy.co\/wp-content\/uploads\/2025\/08\/GyPydnnWoAI-28w-scaled.jpeg","type":"image\/jpeg"}],"author":"contenido","twitter_card":"summary_large_image","twitter_creator":"@FutbolHoyCol","twitter_site":"@FutbolHoyCol","twitter_misc":{"Escrito por":"contenido","Tiempo de lectura":"1 minuto"},"schema":{"@context":"https:\/\/schema.org","@graph":[{"@type":"Article","@id":"https:\/\/futbolhoy.co\/index.php\/2025\/08\/19\/nacional-define-su-clasificacion-a-cuartos-de-copa-libertadores-contra-sao-paulo\/#article","isPartOf":{"@id":"https:\/\/futbolhoy.co\/index.php\/2025\/08\/19\/nacional-define-su-clasificacion-a-cuartos-de-copa-libertadores-contra-sao-paulo\/"},"author":{"name":"contenido","@id":"https:\/\/futbolhoy.co\/#\/schema\/person\/1721b69355b6623eaff15ac7b92d4cc3"},"headline":"Nacional define su clasificaci\u00f3n a cuartos de Copa Libertadores contra S\u00e3o Paulo","datePublished":"2025-08-19T14:50:15+00:00","dateModified":"2025-08-20T03:05:31+00:00","mainEntityOfPage":{"@id":"https:\/\/futbolhoy.co\/index.php\/2025\/08\/19\/nacional-define-su-clasificacion-a-cuartos-de-copa-libertadores-contra-sao-paulo\/"},"wordCount":312,"commentCount":0,"publisher":{"@id":"https:\/\/futbolhoy.co\/#organization"},"image":{"@id":"https:\/\/futbolhoy.co\/index.php\/2025\/08\/19\/nacional-define-su-clasificacion-a-cuartos-de-copa-libertadores-contra-sao-paulo\/#primaryimage"},"thumbnailUrl":"https:\/\/futbolhoy.co\/wp-content\/uploads\/2025\/08\/GyPydnnWoAI-28w-scaled.jpeg","articleSection":["Libertadores"],"inLanguage":"es","potentialAction":[{"@type":"CommentAction","name":"Comment","target":["https:\/\/futbolhoy.co\/index.php\/2025\/08\/19\/nacional-define-su-clasificacion-a-cuartos-de-copa-libertadores-contra-sao-paulo\/#respond"]}]},{"@type":"WebPage","@id":"https:\/\/futbolhoy.co\/index.php\/2025\/08\/19\/nacional-define-su-clasificacion-a-cuartos-de-copa-libertadores-contra-sao-paulo\/","url":"https:\/\/futbolhoy.co\/index.php\/2025\/08\/19\/nacional-define-su-clasificacion-a-cuartos-de-copa-libertadores-contra-sao-paulo\/","name":"Nacional define su clasificaci\u00f3n a cuartos de Copa Libertadores contra S\u00e3o Paulo -","isPartOf":{"@id":"https:\/\/futbolhoy.co\/#website"},"primaryImageOfPage":{"@id":"https:\/\/futbolhoy.co\/index.php\/2025\/08\/19\/nacional-define-su-clasificacion-a-cuartos-de-copa-libertadores-contra-sao-paulo\/#primaryimage"},"image":{"@id":"https:\/\/futbolhoy.co\/index.php\/2025\/08\/19\/nacional-define-su-clasificacion-a-cuartos-de-copa-libertadores-contra-sao-paulo\/#primaryimage"},"thumbnailUrl":"https:\/\/futbolhoy.co\/wp-content\/uploads\/2025\/08\/GyPydnnWoAI-28w-scaled.jpeg","datePublished":"2025-08-19T14:50:15+00:00","dateModified":"2025-08-20T03:05:31+00:00","breadcrumb":{"@id":"https:\/\/futbolhoy.co\/index.php\/2025\/08\/19\/nacional-define-su-clasificacion-a-cuartos-de-copa-libertadores-contra-sao-paulo\/#breadcrumb"},"inLanguage":"es","potentialAction":[{"@type":"ReadAction","target":["https:\/\/futbolhoy.co\/index.php\/2025\/08\/19\/nacional-define-su-clasificacion-a-cuartos-de-copa-libertadores-contra-sao-paulo\/"]}]},{"@type":"ImageObject","inLanguage":"es","@id":"https:\/\/futbolhoy.co\/index.php\/2025\/08\/19\/nacional-define-su-clasificacion-a-cuartos-de-copa-libertadores-contra-sao-paulo\/#primaryimage","url":"https:\/\/futbolhoy.co\/wp-content\/uploads\/2025\/08\/GyPydnnWoAI-28w-scaled.jpeg","contentUrl":"https:\/\/futbolhoy.co\/wp-content\/uploads\/2025\/08\/GyPydnnWoAI-28w-scaled.jpeg","width":2560,"height":1764,"caption":"Imagen: @nacionaloficial"},{"@type":"BreadcrumbList","@id":"https:\/\/futbolhoy.co\/index.php\/2025\/08\/19\/nacional-define-su-clasificacion-a-cuartos-de-copa-libertadores-contra-sao-paulo\/#breadcrumb","itemListElement":[{"@type":"ListItem","position":1,"name":"Portada","item":"https:\/\/futbolhoy.co\/"},{"@type":"ListItem","position":2,"name":"Nacional define su clasificaci\u00f3n a cuartos de Copa Libertadores contra S\u00e3o Paulo"}]},{"@type":"WebSite","@id":"https:\/\/futbolhoy.co\/#website","url":"https:\/\/futbolhoy.co\/","name":"FutbolHoy","description":"","publisher":{"@id":"https:\/\/futbolhoy.co\/#organization"},"potentialAction":[{"@type":"SearchAction","target":{"@type":"EntryPoint","urlTemplate":"https:\/\/futbolhoy.co\/?s={search_term_string}"},"query-input":{"@type":"PropertyValueSpecification","valueRequired":true,"valueName":"search_term_string"}}],"inLanguage":"es"},{"@type":"Organization","@id":"https:\/\/futbolhoy.co\/#organization","name":"Futbolhoy.co","url":"https:\/\/futbolhoy.co\/","logo":{"@type":"ImageObject","inLanguage":"es","@id":"https:\/\/futbolhoy.co\/#\/schema\/logo\/image\/","url":"https:\/\/futbolhoy.co\/wp-content\/uploads\/2018\/08\/17426380_1906371736249227_6326180412931521141_n.jpg","contentUrl":"https:\/\/futbolhoy.co\/wp-content\/uploads\/2018\/08\/17426380_1906371736249227_6326180412931521141_n.jpg","width":960,"height":960,"caption":"Futbolhoy.co"},"image":{"@id":"https:\/\/futbolhoy.co\/#\/schema\/logo\/image\/"},"sameAs":["https:\/\/www.facebook.com\/FutbolHoyCol\/","https:\/\/x.com\/FutbolHoyCol","https:\/\/www.instagram.com\/futbolhoycol\/"]},{"@type":"Person","@id":"https:\/\/futbolhoy.co\/#\/schema\/person\/1721b69355b6623eaff15ac7b92d4cc3","name":"contenido","image":{"@type":"ImageObject","inLanguage":"es","@id":"https:\/\/futbolhoy.co\/#\/schema\/person\/image\/","url":"https:\/\/secure.gravatar.com\/avatar\/4f656d3256f5134f466206e7c3941518?s=96&d=mm&r=g","contentUrl":"https:\/\/secure.gravatar.com\/avatar\/4f656d3256f5134f466206e7c3941518?s=96&d=mm&r=g","caption":"contenido"}}]}},"publishpress_future_action":{"enabled":false,"date":"2026-05-03 16:03:39","action":"change-status","newStatus":"draft","terms":[],"taxonomy":"category","extraData":[]},"publishpress_future_workflow_manual_trigger":{"enabledWorkflows":[]},"_links":{"self":[{"href":"https:\/\/futbolhoy.co\/index.php\/wp-json\/wp\/v2\/posts\/122028","targetHints":{"allow":["GET"]}}],"collection":[{"href":"https:\/\/futbolhoy.co\/index.php\/wp-json\/wp\/v2\/posts"}],"about":[{"href":"https:\/\/futbolhoy.co\/index.php\/wp-json\/wp\/v2\/types\/post"}],"author":[{"embeddable":true,"href":"https:\/\/futbolhoy.co\/index.php\/wp-json\/wp\/v2\/users\/4"}],"replies":[{"embeddable":true,"href":"https:\/\/futbolhoy.co\/index.php\/wp-json\/wp\/v2\/comments?post=122028"}],"version-history":[{"count":1,"href":"https:\/\/futbolhoy.co\/index.php\/wp-json\/wp\/v2\/posts\/122028\/revisions"}],"predecessor-version":[{"id":122032,"href":"https:\/\/futbolhoy.co\/index.php\/wp-json\/wp\/v2\/posts\/122028\/revisions\/122032"}],"wp:featuredmedia":[{"embeddable":true,"href":"https:\/\/futbolhoy.co\/index.php\/wp-json\/wp\/v2\/media\/122029"}],"wp:attachment":[{"href":"https:\/\/futbolhoy.co\/index.php\/wp-json\/wp\/v2\/media?parent=122028"}],"wp:term":[{"taxonomy":"category","embeddable":true,"href":"https:\/\/futbolhoy.co\/index.php\/wp-json\/wp\/v2\/categories?post=122028"},{"taxonomy":"post_tag","embeddable":true,"href":"https:\/\/futbolhoy.co\/index.php\/wp-json\/wp\/v2\/tags?post=122028"}],"curies":[{"name":"wp","href":"https:\/\/api.w.org\/{rel}","templated":true}]}}