{"id":122034,"date":"2025-08-19T11:02:53","date_gmt":"2025-08-19T16:02:53","guid":{"rendered":"https:\/\/futbolhoy.co\/?p=122034"},"modified":"2025-08-19T22:10:56","modified_gmt":"2025-08-20T03:10:56","slug":"luis-diaz-y-su-sueno-de-jugar-el-mundial-2026-se-que-lo-vamos-a-conseguir","status":"publish","type":"post","link":"https:\/\/futbolhoy.co\/index.php\/2025\/08\/19\/luis-diaz-y-su-sueno-de-jugar-el-mundial-2026-se-que-lo-vamos-a-conseguir\/","title":{"rendered":"Luis D\u00edaz y su sue\u00f1o de jugar el Mundial 2026: \"S\u00e9 que lo vamos a conseguir\""},"content":{"rendered":"<p><span style=\"font-family: helvetica, arial, sans-serif;\"><strong>Luis D\u00edaz<\/strong> comenz\u00f3 de buena manera su temporada con <strong>Bayern M\u00fanich<\/strong> al levantar el trofeo de la <strong>Supercopa de Alemania<\/strong>. El guajiro inici\u00f3 como titular en el primer partido oficial de la presente campa\u00f1a en la que<strong> anot\u00f3 su primer gol.<\/strong><\/span><\/p>\n<p><span style=\"font-family: helvetica, arial, sans-serif;\">En di\u00e1logo con <em>ESPN<\/em>, el atacante de 28 a\u00f1os habl\u00f3 sobre su llegada al club alem\u00e1n y la intenci\u00f3n que tiene por consolidarse en el plantel b\u00e1varos. Coment\u00f3 adem\u00e1s el conocimiento que adquiri\u00f3 sobre esta liga <strong>al hablar con Florian Wirtz<\/strong> cuando lleg\u00f3 a <strong>Liverpool<\/strong>, proveniente de <strong>Bayer Leverkusen<\/strong>.<\/span><\/p>\n<p><span style=\"font-family: helvetica, arial, sans-serif;\">\"Ya ten\u00eda un poco de conocimiento de la Bundesliga, soy muy amante de ver el f\u00fatbol y ver todas las competiciones. Tuve la oportunidad de hablar con Florian en Liverpool y <strong>s\u00e9 que es una liga f\u00edsica.<\/strong> Espero tener un gran debut. <strong>Llevo unas dos semanas ac\u00e1 en el club y necesito tiempo para acomodarme<\/strong>\", expres\u00f3.<\/span><\/p>\n<p><span style=\"font-family: helvetica, arial, sans-serif;\">El extremo izquierdo se refiri\u00f3 sobre el sue\u00f1o e<strong> ilusi\u00f3n que tiene de jugar el Mundial con Colombia.<\/strong> Expres\u00f3 emoci\u00f3n al pensar en representar al pa\u00eds en la cita orbital que se disputar\u00e1 en<strong> Estados Unidos, M\u00e9xico y Canad\u00e1.<\/strong><\/span><\/p>\n<p><span style=\"font-family: helvetica, arial, sans-serif;\">\"Es incre\u00edble. S\u00f3lo con pensarlo ya te llena de expectativas que nunca viv\u00ed. Quiz\u00e1s otro compa\u00f1ero lo ha vivido y te explica, y esos tips de c\u00f3mo es el Mundial y c\u00f3mo se vive, el ambiente, es muy incre\u00edble y <strong>estoy muy ilusionado de jugar mi primer Mundial.<\/strong> Somos un grupo muy humilde y muy tranquilo y siento que<strong> podemos dar de qu\u00e9 hablar<\/strong>, pero siempre teniendo los pies sobre la tierra y<strong> tratando de ir paso a paso para conseguir cosas buenas\u201d<\/strong>, agreg\u00f3.<\/span><\/p>\n","protected":false},"excerpt":{"rendered":"<p>Luis D\u00edaz comenz\u00f3 de buena manera su temporada con Bayern M\u00fanich al levantar el trofeo de la Supercopa de Alemania. El guajiro inici\u00f3 como titular en el primer partido oficial de la presente campa\u00f1a en la que anot\u00f3 su primer gol. En di\u00e1logo con ESPN, el atacante de 28 a\u00f1os habl\u00f3 sobre su llegada al [&hellip;]<\/p>\n","protected":false},"author":4,"featured_media":122035,"comment_status":"open","ping_status":"open","sticky":false,"template":"","format":"standard","meta":{"_acf_changed":false,"footnotes":""},"categories":[153],"tags":[],"class_list":{"0":"post-122034","1":"post","2":"type-post","3":"status-publish","4":"format-standard","5":"has-post-thumbnail","7":"category-selecion-colombia"},"acf":[],"yoast_head":"<!-- This site is optimized with the Yoast SEO plugin v26.8 - https:\/\/yoast.com\/product\/yoast-seo-wordpress\/ -->\n<title>Luis D\u00edaz y su sue\u00f1o de jugar el Mundial 2026: &quot;S\u00e9 que lo vamos a conseguir&quot; -<\/title>\n<meta name=\"robots\" content=\"index, follow, max-snippet:-1, max-image-preview:large, max-video-preview:-1\" \/>\n<link rel=\"canonical\" href=\"https:\/\/futbolhoy.co\/index.php\/2025\/08\/19\/luis-diaz-y-su-sueno-de-jugar-el-mundial-2026-se-que-lo-vamos-a-conseguir\/\" \/>\n<meta property=\"og:locale\" content=\"es_ES\" \/>\n<meta property=\"og:type\" content=\"article\" \/>\n<meta property=\"og:title\" content=\"Luis D\u00edaz y su sue\u00f1o de jugar el Mundial 2026: &quot;S\u00e9 que lo vamos a conseguir&quot; -\" \/>\n<meta property=\"og:description\" content=\"Luis D\u00edaz comenz\u00f3 de buena manera su temporada con Bayern M\u00fanich al levantar el trofeo de la Supercopa de Alemania. El guajiro inici\u00f3 como titular en el primer partido oficial de la presente campa\u00f1a en la que anot\u00f3 su primer gol. En di\u00e1logo con ESPN, el atacante de 28 a\u00f1os habl\u00f3 sobre su llegada al [&hellip;]\" \/>\n<meta property=\"og:url\" content=\"https:\/\/futbolhoy.co\/index.php\/2025\/08\/19\/luis-diaz-y-su-sueno-de-jugar-el-mundial-2026-se-que-lo-vamos-a-conseguir\/\" \/>\n<meta property=\"article:publisher\" content=\"https:\/\/www.facebook.com\/FutbolHoyCol\/\" \/>\n<meta property=\"article:published_time\" content=\"2025-08-19T16:02:53+00:00\" \/>\n<meta property=\"article:modified_time\" content=\"2025-08-20T03:10:56+00:00\" \/>\n<meta property=\"og:image\" content=\"https:\/\/futbolhoy.co\/wp-content\/uploads\/2025\/08\/503479626_18346335088087987_5838307497060475919_n.jpg\" \/>\n\t<meta property=\"og:image:width\" content=\"1080\" \/>\n\t<meta property=\"og:image:height\" content=\"802\" \/>\n\t<meta property=\"og:image:type\" content=\"image\/jpeg\" \/>\n<meta name=\"author\" content=\"contenido\" \/>\n<meta name=\"twitter:card\" content=\"summary_large_image\" \/>\n<meta name=\"twitter:creator\" content=\"@FutbolHoyCol\" \/>\n<meta name=\"twitter:site\" content=\"@FutbolHoyCol\" \/>\n<meta name=\"twitter:label1\" content=\"Escrito por\" \/>\n\t<meta name=\"twitter:data1\" content=\"contenido\" \/>\n\t<meta name=\"twitter:label2\" content=\"Tiempo de lectura\" \/>\n\t<meta name=\"twitter:data2\" content=\"1 minuto\" \/>\n<script type=\"application\/ld+json\" class=\"yoast-schema-graph\">{\"@context\":\"https:\/\/schema.org\",\"@graph\":[{\"@type\":\"Article\",\"@id\":\"https:\/\/futbolhoy.co\/index.php\/2025\/08\/19\/luis-diaz-y-su-sueno-de-jugar-el-mundial-2026-se-que-lo-vamos-a-conseguir\/#article\",\"isPartOf\":{\"@id\":\"https:\/\/futbolhoy.co\/index.php\/2025\/08\/19\/luis-diaz-y-su-sueno-de-jugar-el-mundial-2026-se-que-lo-vamos-a-conseguir\/\"},\"author\":{\"name\":\"contenido\",\"@id\":\"https:\/\/futbolhoy.co\/#\/schema\/person\/1721b69355b6623eaff15ac7b92d4cc3\"},\"headline\":\"Luis D\u00edaz y su sue\u00f1o de jugar el Mundial 2026: \\\"S\u00e9 que lo vamos a conseguir\\\"\",\"datePublished\":\"2025-08-19T16:02:53+00:00\",\"dateModified\":\"2025-08-20T03:10:56+00:00\",\"mainEntityOfPage\":{\"@id\":\"https:\/\/futbolhoy.co\/index.php\/2025\/08\/19\/luis-diaz-y-su-sueno-de-jugar-el-mundial-2026-se-que-lo-vamos-a-conseguir\/\"},\"wordCount\":309,\"commentCount\":0,\"publisher\":{\"@id\":\"https:\/\/futbolhoy.co\/#organization\"},\"image\":{\"@id\":\"https:\/\/futbolhoy.co\/index.php\/2025\/08\/19\/luis-diaz-y-su-sueno-de-jugar-el-mundial-2026-se-que-lo-vamos-a-conseguir\/#primaryimage\"},\"thumbnailUrl\":\"https:\/\/futbolhoy.co\/wp-content\/uploads\/2025\/08\/503479626_18346335088087987_5838307497060475919_n.jpg\",\"articleSection\":[\"Selecci\u00f3n Colombia\"],\"inLanguage\":\"es\",\"potentialAction\":[{\"@type\":\"CommentAction\",\"name\":\"Comment\",\"target\":[\"https:\/\/futbolhoy.co\/index.php\/2025\/08\/19\/luis-diaz-y-su-sueno-de-jugar-el-mundial-2026-se-que-lo-vamos-a-conseguir\/#respond\"]}]},{\"@type\":\"WebPage\",\"@id\":\"https:\/\/futbolhoy.co\/index.php\/2025\/08\/19\/luis-diaz-y-su-sueno-de-jugar-el-mundial-2026-se-que-lo-vamos-a-conseguir\/\",\"url\":\"https:\/\/futbolhoy.co\/index.php\/2025\/08\/19\/luis-diaz-y-su-sueno-de-jugar-el-mundial-2026-se-que-lo-vamos-a-conseguir\/\",\"name\":\"Luis D\u00edaz y su sue\u00f1o de jugar el Mundial 2026: \\\"S\u00e9 que lo vamos a conseguir\\\" -\",\"isPartOf\":{\"@id\":\"https:\/\/futbolhoy.co\/#website\"},\"primaryImageOfPage\":{\"@id\":\"https:\/\/futbolhoy.co\/index.php\/2025\/08\/19\/luis-diaz-y-su-sueno-de-jugar-el-mundial-2026-se-que-lo-vamos-a-conseguir\/#primaryimage\"},\"image\":{\"@id\":\"https:\/\/futbolhoy.co\/index.php\/2025\/08\/19\/luis-diaz-y-su-sueno-de-jugar-el-mundial-2026-se-que-lo-vamos-a-conseguir\/#primaryimage\"},\"thumbnailUrl\":\"https:\/\/futbolhoy.co\/wp-content\/uploads\/2025\/08\/503479626_18346335088087987_5838307497060475919_n.jpg\",\"datePublished\":\"2025-08-19T16:02:53+00:00\",\"dateModified\":\"2025-08-20T03:10:56+00:00\",\"breadcrumb\":{\"@id\":\"https:\/\/futbolhoy.co\/index.php\/2025\/08\/19\/luis-diaz-y-su-sueno-de-jugar-el-mundial-2026-se-que-lo-vamos-a-conseguir\/#breadcrumb\"},\"inLanguage\":\"es\",\"potentialAction\":[{\"@type\":\"ReadAction\",\"target\":[\"https:\/\/futbolhoy.co\/index.php\/2025\/08\/19\/luis-diaz-y-su-sueno-de-jugar-el-mundial-2026-se-que-lo-vamos-a-conseguir\/\"]}]},{\"@type\":\"ImageObject\",\"inLanguage\":\"es\",\"@id\":\"https:\/\/futbolhoy.co\/index.php\/2025\/08\/19\/luis-diaz-y-su-sueno-de-jugar-el-mundial-2026-se-que-lo-vamos-a-conseguir\/#primaryimage\",\"url\":\"https:\/\/futbolhoy.co\/wp-content\/uploads\/2025\/08\/503479626_18346335088087987_5838307497060475919_n.jpg\",\"contentUrl\":\"https:\/\/futbolhoy.co\/wp-content\/uploads\/2025\/08\/503479626_18346335088087987_5838307497060475919_n.jpg\",\"width\":1080,\"height\":802,\"caption\":\"Imagen: @luisdiaz19_\"},{\"@type\":\"BreadcrumbList\",\"@id\":\"https:\/\/futbolhoy.co\/index.php\/2025\/08\/19\/luis-diaz-y-su-sueno-de-jugar-el-mundial-2026-se-que-lo-vamos-a-conseguir\/#breadcrumb\",\"itemListElement\":[{\"@type\":\"ListItem\",\"position\":1,\"name\":\"Portada\",\"item\":\"https:\/\/futbolhoy.co\/\"},{\"@type\":\"ListItem\",\"position\":2,\"name\":\"Luis D\u00edaz y su sue\u00f1o de jugar el Mundial 2026: \\\"S\u00e9 que lo vamos a conseguir\\\"\"}]},{\"@type\":\"WebSite\",\"@id\":\"https:\/\/futbolhoy.co\/#website\",\"url\":\"https:\/\/futbolhoy.co\/\",\"name\":\"FutbolHoy\",\"description\":\"\",\"publisher\":{\"@id\":\"https:\/\/futbolhoy.co\/#organization\"},\"potentialAction\":[{\"@type\":\"SearchAction\",\"target\":{\"@type\":\"EntryPoint\",\"urlTemplate\":\"https:\/\/futbolhoy.co\/?s={search_term_string}\"},\"query-input\":{\"@type\":\"PropertyValueSpecification\",\"valueRequired\":true,\"valueName\":\"search_term_string\"}}],\"inLanguage\":\"es\"},{\"@type\":\"Organization\",\"@id\":\"https:\/\/futbolhoy.co\/#organization\",\"name\":\"Futbolhoy.co\",\"url\":\"https:\/\/futbolhoy.co\/\",\"logo\":{\"@type\":\"ImageObject\",\"inLanguage\":\"es\",\"@id\":\"https:\/\/futbolhoy.co\/#\/schema\/logo\/image\/\",\"url\":\"https:\/\/futbolhoy.co\/wp-content\/uploads\/2018\/08\/17426380_1906371736249227_6326180412931521141_n.jpg\",\"contentUrl\":\"https:\/\/futbolhoy.co\/wp-content\/uploads\/2018\/08\/17426380_1906371736249227_6326180412931521141_n.jpg\",\"width\":960,\"height\":960,\"caption\":\"Futbolhoy.co\"},\"image\":{\"@id\":\"https:\/\/futbolhoy.co\/#\/schema\/logo\/image\/\"},\"sameAs\":[\"https:\/\/www.facebook.com\/FutbolHoyCol\/\",\"https:\/\/x.com\/FutbolHoyCol\",\"https:\/\/www.instagram.com\/futbolhoycol\/\"]},{\"@type\":\"Person\",\"@id\":\"https:\/\/futbolhoy.co\/#\/schema\/person\/1721b69355b6623eaff15ac7b92d4cc3\",\"name\":\"contenido\",\"image\":{\"@type\":\"ImageObject\",\"inLanguage\":\"es\",\"@id\":\"https:\/\/futbolhoy.co\/#\/schema\/person\/image\/\",\"url\":\"https:\/\/secure.gravatar.com\/avatar\/4f656d3256f5134f466206e7c3941518?s=96&d=mm&r=g\",\"contentUrl\":\"https:\/\/secure.gravatar.com\/avatar\/4f656d3256f5134f466206e7c3941518?s=96&d=mm&r=g\",\"caption\":\"contenido\"}}]}<\/script>\n<!-- \/ Yoast SEO plugin. -->","yoast_head_json":{"title":"Luis D\u00edaz y su sue\u00f1o de jugar el Mundial 2026: \"S\u00e9 que lo vamos a conseguir\" -","robots":{"index":"index","follow":"follow","max-snippet":"max-snippet:-1","max-image-preview":"max-image-preview:large","max-video-preview":"max-video-preview:-1"},"canonical":"https:\/\/futbolhoy.co\/index.php\/2025\/08\/19\/luis-diaz-y-su-sueno-de-jugar-el-mundial-2026-se-que-lo-vamos-a-conseguir\/","og_locale":"es_ES","og_type":"article","og_title":"Luis D\u00edaz y su sue\u00f1o de jugar el Mundial 2026: \"S\u00e9 que lo vamos a conseguir\" -","og_description":"Luis D\u00edaz comenz\u00f3 de buena manera su temporada con Bayern M\u00fanich al levantar el trofeo de la Supercopa de Alemania. El guajiro inici\u00f3 como titular en el primer partido oficial de la presente campa\u00f1a en la que anot\u00f3 su primer gol. En di\u00e1logo con ESPN, el atacante de 28 a\u00f1os habl\u00f3 sobre su llegada al [&hellip;]","og_url":"https:\/\/futbolhoy.co\/index.php\/2025\/08\/19\/luis-diaz-y-su-sueno-de-jugar-el-mundial-2026-se-que-lo-vamos-a-conseguir\/","article_publisher":"https:\/\/www.facebook.com\/FutbolHoyCol\/","article_published_time":"2025-08-19T16:02:53+00:00","article_modified_time":"2025-08-20T03:10:56+00:00","og_image":[{"width":1080,"height":802,"url":"https:\/\/futbolhoy.co\/wp-content\/uploads\/2025\/08\/503479626_18346335088087987_5838307497060475919_n.jpg","type":"image\/jpeg"}],"author":"contenido","twitter_card":"summary_large_image","twitter_creator":"@FutbolHoyCol","twitter_site":"@FutbolHoyCol","twitter_misc":{"Escrito por":"contenido","Tiempo de lectura":"1 minuto"},"schema":{"@context":"https:\/\/schema.org","@graph":[{"@type":"Article","@id":"https:\/\/futbolhoy.co\/index.php\/2025\/08\/19\/luis-diaz-y-su-sueno-de-jugar-el-mundial-2026-se-que-lo-vamos-a-conseguir\/#article","isPartOf":{"@id":"https:\/\/futbolhoy.co\/index.php\/2025\/08\/19\/luis-diaz-y-su-sueno-de-jugar-el-mundial-2026-se-que-lo-vamos-a-conseguir\/"},"author":{"name":"contenido","@id":"https:\/\/futbolhoy.co\/#\/schema\/person\/1721b69355b6623eaff15ac7b92d4cc3"},"headline":"Luis D\u00edaz y su sue\u00f1o de jugar el Mundial 2026: \"S\u00e9 que lo vamos a conseguir\"","datePublished":"2025-08-19T16:02:53+00:00","dateModified":"2025-08-20T03:10:56+00:00","mainEntityOfPage":{"@id":"https:\/\/futbolhoy.co\/index.php\/2025\/08\/19\/luis-diaz-y-su-sueno-de-jugar-el-mundial-2026-se-que-lo-vamos-a-conseguir\/"},"wordCount":309,"commentCount":0,"publisher":{"@id":"https:\/\/futbolhoy.co\/#organization"},"image":{"@id":"https:\/\/futbolhoy.co\/index.php\/2025\/08\/19\/luis-diaz-y-su-sueno-de-jugar-el-mundial-2026-se-que-lo-vamos-a-conseguir\/#primaryimage"},"thumbnailUrl":"https:\/\/futbolhoy.co\/wp-content\/uploads\/2025\/08\/503479626_18346335088087987_5838307497060475919_n.jpg","articleSection":["Selecci\u00f3n Colombia"],"inLanguage":"es","potentialAction":[{"@type":"CommentAction","name":"Comment","target":["https:\/\/futbolhoy.co\/index.php\/2025\/08\/19\/luis-diaz-y-su-sueno-de-jugar-el-mundial-2026-se-que-lo-vamos-a-conseguir\/#respond"]}]},{"@type":"WebPage","@id":"https:\/\/futbolhoy.co\/index.php\/2025\/08\/19\/luis-diaz-y-su-sueno-de-jugar-el-mundial-2026-se-que-lo-vamos-a-conseguir\/","url":"https:\/\/futbolhoy.co\/index.php\/2025\/08\/19\/luis-diaz-y-su-sueno-de-jugar-el-mundial-2026-se-que-lo-vamos-a-conseguir\/","name":"Luis D\u00edaz y su sue\u00f1o de jugar el Mundial 2026: \"S\u00e9 que lo vamos a conseguir\" -","isPartOf":{"@id":"https:\/\/futbolhoy.co\/#website"},"primaryImageOfPage":{"@id":"https:\/\/futbolhoy.co\/index.php\/2025\/08\/19\/luis-diaz-y-su-sueno-de-jugar-el-mundial-2026-se-que-lo-vamos-a-conseguir\/#primaryimage"},"image":{"@id":"https:\/\/futbolhoy.co\/index.php\/2025\/08\/19\/luis-diaz-y-su-sueno-de-jugar-el-mundial-2026-se-que-lo-vamos-a-conseguir\/#primaryimage"},"thumbnailUrl":"https:\/\/futbolhoy.co\/wp-content\/uploads\/2025\/08\/503479626_18346335088087987_5838307497060475919_n.jpg","datePublished":"2025-08-19T16:02:53+00:00","dateModified":"2025-08-20T03:10:56+00:00","breadcrumb":{"@id":"https:\/\/futbolhoy.co\/index.php\/2025\/08\/19\/luis-diaz-y-su-sueno-de-jugar-el-mundial-2026-se-que-lo-vamos-a-conseguir\/#breadcrumb"},"inLanguage":"es","potentialAction":[{"@type":"ReadAction","target":["https:\/\/futbolhoy.co\/index.php\/2025\/08\/19\/luis-diaz-y-su-sueno-de-jugar-el-mundial-2026-se-que-lo-vamos-a-conseguir\/"]}]},{"@type":"ImageObject","inLanguage":"es","@id":"https:\/\/futbolhoy.co\/index.php\/2025\/08\/19\/luis-diaz-y-su-sueno-de-jugar-el-mundial-2026-se-que-lo-vamos-a-conseguir\/#primaryimage","url":"https:\/\/futbolhoy.co\/wp-content\/uploads\/2025\/08\/503479626_18346335088087987_5838307497060475919_n.jpg","contentUrl":"https:\/\/futbolhoy.co\/wp-content\/uploads\/2025\/08\/503479626_18346335088087987_5838307497060475919_n.jpg","width":1080,"height":802,"caption":"Imagen: @luisdiaz19_"},{"@type":"BreadcrumbList","@id":"https:\/\/futbolhoy.co\/index.php\/2025\/08\/19\/luis-diaz-y-su-sueno-de-jugar-el-mundial-2026-se-que-lo-vamos-a-conseguir\/#breadcrumb","itemListElement":[{"@type":"ListItem","position":1,"name":"Portada","item":"https:\/\/futbolhoy.co\/"},{"@type":"ListItem","position":2,"name":"Luis D\u00edaz y su sue\u00f1o de jugar el Mundial 2026: \"S\u00e9 que lo vamos a conseguir\""}]},{"@type":"WebSite","@id":"https:\/\/futbolhoy.co\/#website","url":"https:\/\/futbolhoy.co\/","name":"FutbolHoy","description":"","publisher":{"@id":"https:\/\/futbolhoy.co\/#organization"},"potentialAction":[{"@type":"SearchAction","target":{"@type":"EntryPoint","urlTemplate":"https:\/\/futbolhoy.co\/?s={search_term_string}"},"query-input":{"@type":"PropertyValueSpecification","valueRequired":true,"valueName":"search_term_string"}}],"inLanguage":"es"},{"@type":"Organization","@id":"https:\/\/futbolhoy.co\/#organization","name":"Futbolhoy.co","url":"https:\/\/futbolhoy.co\/","logo":{"@type":"ImageObject","inLanguage":"es","@id":"https:\/\/futbolhoy.co\/#\/schema\/logo\/image\/","url":"https:\/\/futbolhoy.co\/wp-content\/uploads\/2018\/08\/17426380_1906371736249227_6326180412931521141_n.jpg","contentUrl":"https:\/\/futbolhoy.co\/wp-content\/uploads\/2018\/08\/17426380_1906371736249227_6326180412931521141_n.jpg","width":960,"height":960,"caption":"Futbolhoy.co"},"image":{"@id":"https:\/\/futbolhoy.co\/#\/schema\/logo\/image\/"},"sameAs":["https:\/\/www.facebook.com\/FutbolHoyCol\/","https:\/\/x.com\/FutbolHoyCol","https:\/\/www.instagram.com\/futbolhoycol\/"]},{"@type":"Person","@id":"https:\/\/futbolhoy.co\/#\/schema\/person\/1721b69355b6623eaff15ac7b92d4cc3","name":"contenido","image":{"@type":"ImageObject","inLanguage":"es","@id":"https:\/\/futbolhoy.co\/#\/schema\/person\/image\/","url":"https:\/\/secure.gravatar.com\/avatar\/4f656d3256f5134f466206e7c3941518?s=96&d=mm&r=g","contentUrl":"https:\/\/secure.gravatar.com\/avatar\/4f656d3256f5134f466206e7c3941518?s=96&d=mm&r=g","caption":"contenido"}}]}},"publishpress_future_action":{"enabled":false,"date":"2026-05-03 10:28:02","action":"change-status","newStatus":"draft","terms":[],"taxonomy":"category","extraData":[]},"publishpress_future_workflow_manual_trigger":{"enabledWorkflows":[]},"_links":{"self":[{"href":"https:\/\/futbolhoy.co\/index.php\/wp-json\/wp\/v2\/posts\/122034","targetHints":{"allow":["GET"]}}],"collection":[{"href":"https:\/\/futbolhoy.co\/index.php\/wp-json\/wp\/v2\/posts"}],"about":[{"href":"https:\/\/futbolhoy.co\/index.php\/wp-json\/wp\/v2\/types\/post"}],"author":[{"embeddable":true,"href":"https:\/\/futbolhoy.co\/index.php\/wp-json\/wp\/v2\/users\/4"}],"replies":[{"embeddable":true,"href":"https:\/\/futbolhoy.co\/index.php\/wp-json\/wp\/v2\/comments?post=122034"}],"version-history":[{"count":1,"href":"https:\/\/futbolhoy.co\/index.php\/wp-json\/wp\/v2\/posts\/122034\/revisions"}],"predecessor-version":[{"id":122036,"href":"https:\/\/futbolhoy.co\/index.php\/wp-json\/wp\/v2\/posts\/122034\/revisions\/122036"}],"wp:featuredmedia":[{"embeddable":true,"href":"https:\/\/futbolhoy.co\/index.php\/wp-json\/wp\/v2\/media\/122035"}],"wp:attachment":[{"href":"https:\/\/futbolhoy.co\/index.php\/wp-json\/wp\/v2\/media?parent=122034"}],"wp:term":[{"taxonomy":"category","embeddable":true,"href":"https:\/\/futbolhoy.co\/index.php\/wp-json\/wp\/v2\/categories?post=122034"},{"taxonomy":"post_tag","embeddable":true,"href":"https:\/\/futbolhoy.co\/index.php\/wp-json\/wp\/v2\/tags?post=122034"}],"curies":[{"name":"wp","href":"https:\/\/api.w.org\/{rel}","templated":true}]}}