{"id":122037,"date":"2025-08-19T19:10:23","date_gmt":"2025-08-20T00:10:23","guid":{"rendered":"https:\/\/futbolhoy.co\/?p=122037"},"modified":"2025-08-20T11:59:45","modified_gmt":"2025-08-20T16:59:45","slug":"once-caldas-por-primera-vez-en-cuartos-de-final-de-sudamericana","status":"publish","type":"post","link":"https:\/\/futbolhoy.co\/index.php\/2025\/08\/19\/once-caldas-por-primera-vez-en-cuartos-de-final-de-sudamericana\/","title":{"rendered":"Once Caldas hizo historia: Primera vez en cuartos de final de Sudamericana"},"content":{"rendered":"<p style=\"text-align: justify;\"><span style=\"font-family: helvetica, arial, sans-serif;\"><strong>Once Caldas<\/strong> hizo un partido que ros\u00f3 con la perfecci\u00f3n bajo la lluvia de<strong> Buenos Aires,<\/strong> y venci\u00f3 a Hurac\u00e1n 1-3 en el juego de vuelta de los octavos de final de la <strong>Copa Sudamericana,<\/strong> luego de la ida 1-0 en Palogrande, para un global de 4-1. <strong>Dayro Moreno marc\u00f3 doblete.<\/strong><\/span><\/p>\n<p style=\"text-align: justify;\"><span style=\"font-family: helvetica, arial, sans-serif;\">Inici\u00f3 ganando el equipo argentino gracias a un gol de penal de<strong> Matko Miljevic<\/strong>, tras la infracci\u00f3n de Juan David Cuesta sobre <strong>Juan Bisanz.<\/strong> Con esta anotaci\u00f3n, se igualaba la serie.<\/span><\/p>\n<p style=\"text-align: justify;\"><span style=\"font-family: helvetica, arial, sans-serif;\">No obstante, reaccion\u00f3 r\u00e1pido Once Caldas y al 40\u2019 lleg\u00f3 el empate, para volver a tomar ventaja en el marcador. Michael Barrios lanz\u00f3 un centro forzado desde la izquierda y <strong>Dayro Moreno lleg\u00f3 al \u00e1rea chica para mandarla a guardar de cabeza.<\/strong><\/span><\/p>\n<p style=\"text-align: justify;\"><span style=\"font-family: helvetica, arial, sans-serif;\">Una situaci\u00f3n que jug\u00f3 a favor del <strong>Blanco fue la expulsi\u00f3n de Juan Bisanz<\/strong> por un codazo sobre Juan David Cuesta sobre la banda lateral.<\/span><\/p>\n<p style=\"text-align: justify;\"><span style=\"font-family: helvetica, arial, sans-serif;\">Posteriormente, al 65 Michael Barrios puso el 1-2 en el partido tras asistencia de <strong>Luis \u2018Niche\u2019 S\u00e1nchez.<\/strong> Acto seguido, hubo una disputa en la que<strong> Matko Miljevic<\/strong> tom\u00f3 del cuello a Mateo Garc\u00eda y, tras varios minutos de revisi\u00f3n, recibi\u00f3 la roja para dejar a Hurac\u00e1n con 9.<\/span><\/p>\n<p style=\"text-align: justify;\"><span style=\"font-family: helvetica, arial, sans-serif;\">Pero faltaba uno m\u00e1s de Dayro Moreno. Desbord\u00f3 Jefry Zapata, enganch\u00f3 dentro del \u00e1rea y dej\u00f3 servida para el goleador, quien defini\u00f3 ante la salida de Galindez y as\u00ed sell\u00f3 su doblete, para ampliar su cuenta como <strong>m\u00e1ximo goleador del pa\u00eds a 370 anotaciones.<\/strong><\/span><\/p>\n<p style=\"text-align: justify;\"><span style=\"font-family: helvetica, arial, sans-serif;\">Once Caldas, de esta manera, avanz\u00f3 por primera vez a los cuartos de final de una Sudamericana y ahora espera por el rival, que saldr\u00e1 de los ecuatorianos <strong>Mushuc Runa o Independiente del Valle.<\/strong><\/span><\/p>\n","protected":false},"excerpt":{"rendered":"<p>Once Caldas hizo un partido que ros\u00f3 con la perfecci\u00f3n bajo la lluvia de Buenos Aires, y venci\u00f3 a Hurac\u00e1n 1-3 en el juego de vuelta de los octavos de final de la Copa Sudamericana, luego de la ida 1-0 en Palogrande, para un global de 4-1. Dayro Moreno marc\u00f3 doblete. Inici\u00f3 ganando el equipo [&hellip;]<\/p>\n","protected":false},"author":4,"featured_media":122038,"comment_status":"open","ping_status":"open","sticky":false,"template":"","format":"standard","meta":{"_acf_changed":false,"footnotes":""},"categories":[1046],"tags":[],"class_list":{"0":"post-122037","1":"post","2":"type-post","3":"status-publish","4":"format-standard","5":"has-post-thumbnail","7":"category-sudamericana"},"acf":[],"yoast_head":"<!-- This site is optimized with the Yoast SEO plugin v26.8 - https:\/\/yoast.com\/product\/yoast-seo-wordpress\/ -->\n<title>Once Caldas hizo historia: Primera vez en cuartos de final de Sudamericana -<\/title>\n<meta name=\"robots\" content=\"index, follow, max-snippet:-1, max-image-preview:large, max-video-preview:-1\" \/>\n<link rel=\"canonical\" href=\"https:\/\/futbolhoy.co\/index.php\/2025\/08\/19\/once-caldas-por-primera-vez-en-cuartos-de-final-de-sudamericana\/\" \/>\n<meta property=\"og:locale\" content=\"es_ES\" \/>\n<meta property=\"og:type\" content=\"article\" \/>\n<meta property=\"og:title\" content=\"Once Caldas hizo historia: Primera vez en cuartos de final de Sudamericana -\" \/>\n<meta property=\"og:description\" content=\"Once Caldas hizo un partido que ros\u00f3 con la perfecci\u00f3n bajo la lluvia de Buenos Aires, y venci\u00f3 a Hurac\u00e1n 1-3 en el juego de vuelta de los octavos de final de la Copa Sudamericana, luego de la ida 1-0 en Palogrande, para un global de 4-1. Dayro Moreno marc\u00f3 doblete. Inici\u00f3 ganando el equipo [&hellip;]\" \/>\n<meta property=\"og:url\" content=\"https:\/\/futbolhoy.co\/index.php\/2025\/08\/19\/once-caldas-por-primera-vez-en-cuartos-de-final-de-sudamericana\/\" \/>\n<meta property=\"article:publisher\" content=\"https:\/\/www.facebook.com\/FutbolHoyCol\/\" \/>\n<meta property=\"article:published_time\" content=\"2025-08-20T00:10:23+00:00\" \/>\n<meta property=\"article:modified_time\" content=\"2025-08-20T16:59:45+00:00\" \/>\n<meta property=\"og:image\" content=\"https:\/\/futbolhoy.co\/wp-content\/uploads\/2025\/08\/GywO2KHWAAAbyS0-1.jpg\" \/>\n\t<meta property=\"og:image:width\" content=\"948\" \/>\n\t<meta property=\"og:image:height\" content=\"715\" \/>\n\t<meta property=\"og:image:type\" content=\"image\/jpeg\" \/>\n<meta name=\"author\" content=\"contenido\" \/>\n<meta name=\"twitter:card\" content=\"summary_large_image\" \/>\n<meta name=\"twitter:creator\" content=\"@FutbolHoyCol\" \/>\n<meta name=\"twitter:site\" content=\"@FutbolHoyCol\" \/>\n<meta name=\"twitter:label1\" content=\"Escrito por\" \/>\n\t<meta name=\"twitter:data1\" content=\"contenido\" \/>\n\t<meta name=\"twitter:label2\" content=\"Tiempo de lectura\" \/>\n\t<meta name=\"twitter:data2\" content=\"1 minuto\" \/>\n<script type=\"application\/ld+json\" class=\"yoast-schema-graph\">{\"@context\":\"https:\/\/schema.org\",\"@graph\":[{\"@type\":\"Article\",\"@id\":\"https:\/\/futbolhoy.co\/index.php\/2025\/08\/19\/once-caldas-por-primera-vez-en-cuartos-de-final-de-sudamericana\/#article\",\"isPartOf\":{\"@id\":\"https:\/\/futbolhoy.co\/index.php\/2025\/08\/19\/once-caldas-por-primera-vez-en-cuartos-de-final-de-sudamericana\/\"},\"author\":{\"name\":\"contenido\",\"@id\":\"https:\/\/futbolhoy.co\/#\/schema\/person\/1721b69355b6623eaff15ac7b92d4cc3\"},\"headline\":\"Once Caldas hizo historia: Primera vez en cuartos de final de Sudamericana\",\"datePublished\":\"2025-08-20T00:10:23+00:00\",\"dateModified\":\"2025-08-20T16:59:45+00:00\",\"mainEntityOfPage\":{\"@id\":\"https:\/\/futbolhoy.co\/index.php\/2025\/08\/19\/once-caldas-por-primera-vez-en-cuartos-de-final-de-sudamericana\/\"},\"wordCount\":297,\"commentCount\":0,\"publisher\":{\"@id\":\"https:\/\/futbolhoy.co\/#organization\"},\"image\":{\"@id\":\"https:\/\/futbolhoy.co\/index.php\/2025\/08\/19\/once-caldas-por-primera-vez-en-cuartos-de-final-de-sudamericana\/#primaryimage\"},\"thumbnailUrl\":\"https:\/\/futbolhoy.co\/wp-content\/uploads\/2025\/08\/GywO2KHWAAAbyS0-1.jpg\",\"articleSection\":[\"Sudamericana\"],\"inLanguage\":\"es\",\"potentialAction\":[{\"@type\":\"CommentAction\",\"name\":\"Comment\",\"target\":[\"https:\/\/futbolhoy.co\/index.php\/2025\/08\/19\/once-caldas-por-primera-vez-en-cuartos-de-final-de-sudamericana\/#respond\"]}]},{\"@type\":\"WebPage\",\"@id\":\"https:\/\/futbolhoy.co\/index.php\/2025\/08\/19\/once-caldas-por-primera-vez-en-cuartos-de-final-de-sudamericana\/\",\"url\":\"https:\/\/futbolhoy.co\/index.php\/2025\/08\/19\/once-caldas-por-primera-vez-en-cuartos-de-final-de-sudamericana\/\",\"name\":\"Once Caldas hizo historia: Primera vez en cuartos de final de Sudamericana -\",\"isPartOf\":{\"@id\":\"https:\/\/futbolhoy.co\/#website\"},\"primaryImageOfPage\":{\"@id\":\"https:\/\/futbolhoy.co\/index.php\/2025\/08\/19\/once-caldas-por-primera-vez-en-cuartos-de-final-de-sudamericana\/#primaryimage\"},\"image\":{\"@id\":\"https:\/\/futbolhoy.co\/index.php\/2025\/08\/19\/once-caldas-por-primera-vez-en-cuartos-de-final-de-sudamericana\/#primaryimage\"},\"thumbnailUrl\":\"https:\/\/futbolhoy.co\/wp-content\/uploads\/2025\/08\/GywO2KHWAAAbyS0-1.jpg\",\"datePublished\":\"2025-08-20T00:10:23+00:00\",\"dateModified\":\"2025-08-20T16:59:45+00:00\",\"breadcrumb\":{\"@id\":\"https:\/\/futbolhoy.co\/index.php\/2025\/08\/19\/once-caldas-por-primera-vez-en-cuartos-de-final-de-sudamericana\/#breadcrumb\"},\"inLanguage\":\"es\",\"potentialAction\":[{\"@type\":\"ReadAction\",\"target\":[\"https:\/\/futbolhoy.co\/index.php\/2025\/08\/19\/once-caldas-por-primera-vez-en-cuartos-de-final-de-sudamericana\/\"]}]},{\"@type\":\"ImageObject\",\"inLanguage\":\"es\",\"@id\":\"https:\/\/futbolhoy.co\/index.php\/2025\/08\/19\/once-caldas-por-primera-vez-en-cuartos-de-final-de-sudamericana\/#primaryimage\",\"url\":\"https:\/\/futbolhoy.co\/wp-content\/uploads\/2025\/08\/GywO2KHWAAAbyS0-1.jpg\",\"contentUrl\":\"https:\/\/futbolhoy.co\/wp-content\/uploads\/2025\/08\/GywO2KHWAAAbyS0-1.jpg\",\"width\":948,\"height\":715},{\"@type\":\"BreadcrumbList\",\"@id\":\"https:\/\/futbolhoy.co\/index.php\/2025\/08\/19\/once-caldas-por-primera-vez-en-cuartos-de-final-de-sudamericana\/#breadcrumb\",\"itemListElement\":[{\"@type\":\"ListItem\",\"position\":1,\"name\":\"Portada\",\"item\":\"https:\/\/futbolhoy.co\/\"},{\"@type\":\"ListItem\",\"position\":2,\"name\":\"Once Caldas hizo historia: Primera vez en cuartos de final de Sudamericana\"}]},{\"@type\":\"WebSite\",\"@id\":\"https:\/\/futbolhoy.co\/#website\",\"url\":\"https:\/\/futbolhoy.co\/\",\"name\":\"FutbolHoy\",\"description\":\"\",\"publisher\":{\"@id\":\"https:\/\/futbolhoy.co\/#organization\"},\"potentialAction\":[{\"@type\":\"SearchAction\",\"target\":{\"@type\":\"EntryPoint\",\"urlTemplate\":\"https:\/\/futbolhoy.co\/?s={search_term_string}\"},\"query-input\":{\"@type\":\"PropertyValueSpecification\",\"valueRequired\":true,\"valueName\":\"search_term_string\"}}],\"inLanguage\":\"es\"},{\"@type\":\"Organization\",\"@id\":\"https:\/\/futbolhoy.co\/#organization\",\"name\":\"Futbolhoy.co\",\"url\":\"https:\/\/futbolhoy.co\/\",\"logo\":{\"@type\":\"ImageObject\",\"inLanguage\":\"es\",\"@id\":\"https:\/\/futbolhoy.co\/#\/schema\/logo\/image\/\",\"url\":\"https:\/\/futbolhoy.co\/wp-content\/uploads\/2018\/08\/17426380_1906371736249227_6326180412931521141_n.jpg\",\"contentUrl\":\"https:\/\/futbolhoy.co\/wp-content\/uploads\/2018\/08\/17426380_1906371736249227_6326180412931521141_n.jpg\",\"width\":960,\"height\":960,\"caption\":\"Futbolhoy.co\"},\"image\":{\"@id\":\"https:\/\/futbolhoy.co\/#\/schema\/logo\/image\/\"},\"sameAs\":[\"https:\/\/www.facebook.com\/FutbolHoyCol\/\",\"https:\/\/x.com\/FutbolHoyCol\",\"https:\/\/www.instagram.com\/futbolhoycol\/\"]},{\"@type\":\"Person\",\"@id\":\"https:\/\/futbolhoy.co\/#\/schema\/person\/1721b69355b6623eaff15ac7b92d4cc3\",\"name\":\"contenido\",\"image\":{\"@type\":\"ImageObject\",\"inLanguage\":\"es\",\"@id\":\"https:\/\/futbolhoy.co\/#\/schema\/person\/image\/\",\"url\":\"https:\/\/secure.gravatar.com\/avatar\/4f656d3256f5134f466206e7c3941518?s=96&d=mm&r=g\",\"contentUrl\":\"https:\/\/secure.gravatar.com\/avatar\/4f656d3256f5134f466206e7c3941518?s=96&d=mm&r=g\",\"caption\":\"contenido\"}}]}<\/script>\n<!-- \/ Yoast SEO plugin. -->","yoast_head_json":{"title":"Once Caldas hizo historia: Primera vez en cuartos de final de Sudamericana -","robots":{"index":"index","follow":"follow","max-snippet":"max-snippet:-1","max-image-preview":"max-image-preview:large","max-video-preview":"max-video-preview:-1"},"canonical":"https:\/\/futbolhoy.co\/index.php\/2025\/08\/19\/once-caldas-por-primera-vez-en-cuartos-de-final-de-sudamericana\/","og_locale":"es_ES","og_type":"article","og_title":"Once Caldas hizo historia: Primera vez en cuartos de final de Sudamericana -","og_description":"Once Caldas hizo un partido que ros\u00f3 con la perfecci\u00f3n bajo la lluvia de Buenos Aires, y venci\u00f3 a Hurac\u00e1n 1-3 en el juego de vuelta de los octavos de final de la Copa Sudamericana, luego de la ida 1-0 en Palogrande, para un global de 4-1. Dayro Moreno marc\u00f3 doblete. Inici\u00f3 ganando el equipo [&hellip;]","og_url":"https:\/\/futbolhoy.co\/index.php\/2025\/08\/19\/once-caldas-por-primera-vez-en-cuartos-de-final-de-sudamericana\/","article_publisher":"https:\/\/www.facebook.com\/FutbolHoyCol\/","article_published_time":"2025-08-20T00:10:23+00:00","article_modified_time":"2025-08-20T16:59:45+00:00","og_image":[{"width":948,"height":715,"url":"https:\/\/futbolhoy.co\/wp-content\/uploads\/2025\/08\/GywO2KHWAAAbyS0-1.jpg","type":"image\/jpeg"}],"author":"contenido","twitter_card":"summary_large_image","twitter_creator":"@FutbolHoyCol","twitter_site":"@FutbolHoyCol","twitter_misc":{"Escrito por":"contenido","Tiempo de lectura":"1 minuto"},"schema":{"@context":"https:\/\/schema.org","@graph":[{"@type":"Article","@id":"https:\/\/futbolhoy.co\/index.php\/2025\/08\/19\/once-caldas-por-primera-vez-en-cuartos-de-final-de-sudamericana\/#article","isPartOf":{"@id":"https:\/\/futbolhoy.co\/index.php\/2025\/08\/19\/once-caldas-por-primera-vez-en-cuartos-de-final-de-sudamericana\/"},"author":{"name":"contenido","@id":"https:\/\/futbolhoy.co\/#\/schema\/person\/1721b69355b6623eaff15ac7b92d4cc3"},"headline":"Once Caldas hizo historia: Primera vez en cuartos de final de Sudamericana","datePublished":"2025-08-20T00:10:23+00:00","dateModified":"2025-08-20T16:59:45+00:00","mainEntityOfPage":{"@id":"https:\/\/futbolhoy.co\/index.php\/2025\/08\/19\/once-caldas-por-primera-vez-en-cuartos-de-final-de-sudamericana\/"},"wordCount":297,"commentCount":0,"publisher":{"@id":"https:\/\/futbolhoy.co\/#organization"},"image":{"@id":"https:\/\/futbolhoy.co\/index.php\/2025\/08\/19\/once-caldas-por-primera-vez-en-cuartos-de-final-de-sudamericana\/#primaryimage"},"thumbnailUrl":"https:\/\/futbolhoy.co\/wp-content\/uploads\/2025\/08\/GywO2KHWAAAbyS0-1.jpg","articleSection":["Sudamericana"],"inLanguage":"es","potentialAction":[{"@type":"CommentAction","name":"Comment","target":["https:\/\/futbolhoy.co\/index.php\/2025\/08\/19\/once-caldas-por-primera-vez-en-cuartos-de-final-de-sudamericana\/#respond"]}]},{"@type":"WebPage","@id":"https:\/\/futbolhoy.co\/index.php\/2025\/08\/19\/once-caldas-por-primera-vez-en-cuartos-de-final-de-sudamericana\/","url":"https:\/\/futbolhoy.co\/index.php\/2025\/08\/19\/once-caldas-por-primera-vez-en-cuartos-de-final-de-sudamericana\/","name":"Once Caldas hizo historia: Primera vez en cuartos de final de Sudamericana -","isPartOf":{"@id":"https:\/\/futbolhoy.co\/#website"},"primaryImageOfPage":{"@id":"https:\/\/futbolhoy.co\/index.php\/2025\/08\/19\/once-caldas-por-primera-vez-en-cuartos-de-final-de-sudamericana\/#primaryimage"},"image":{"@id":"https:\/\/futbolhoy.co\/index.php\/2025\/08\/19\/once-caldas-por-primera-vez-en-cuartos-de-final-de-sudamericana\/#primaryimage"},"thumbnailUrl":"https:\/\/futbolhoy.co\/wp-content\/uploads\/2025\/08\/GywO2KHWAAAbyS0-1.jpg","datePublished":"2025-08-20T00:10:23+00:00","dateModified":"2025-08-20T16:59:45+00:00","breadcrumb":{"@id":"https:\/\/futbolhoy.co\/index.php\/2025\/08\/19\/once-caldas-por-primera-vez-en-cuartos-de-final-de-sudamericana\/#breadcrumb"},"inLanguage":"es","potentialAction":[{"@type":"ReadAction","target":["https:\/\/futbolhoy.co\/index.php\/2025\/08\/19\/once-caldas-por-primera-vez-en-cuartos-de-final-de-sudamericana\/"]}]},{"@type":"ImageObject","inLanguage":"es","@id":"https:\/\/futbolhoy.co\/index.php\/2025\/08\/19\/once-caldas-por-primera-vez-en-cuartos-de-final-de-sudamericana\/#primaryimage","url":"https:\/\/futbolhoy.co\/wp-content\/uploads\/2025\/08\/GywO2KHWAAAbyS0-1.jpg","contentUrl":"https:\/\/futbolhoy.co\/wp-content\/uploads\/2025\/08\/GywO2KHWAAAbyS0-1.jpg","width":948,"height":715},{"@type":"BreadcrumbList","@id":"https:\/\/futbolhoy.co\/index.php\/2025\/08\/19\/once-caldas-por-primera-vez-en-cuartos-de-final-de-sudamericana\/#breadcrumb","itemListElement":[{"@type":"ListItem","position":1,"name":"Portada","item":"https:\/\/futbolhoy.co\/"},{"@type":"ListItem","position":2,"name":"Once Caldas hizo historia: Primera vez en cuartos de final de Sudamericana"}]},{"@type":"WebSite","@id":"https:\/\/futbolhoy.co\/#website","url":"https:\/\/futbolhoy.co\/","name":"FutbolHoy","description":"","publisher":{"@id":"https:\/\/futbolhoy.co\/#organization"},"potentialAction":[{"@type":"SearchAction","target":{"@type":"EntryPoint","urlTemplate":"https:\/\/futbolhoy.co\/?s={search_term_string}"},"query-input":{"@type":"PropertyValueSpecification","valueRequired":true,"valueName":"search_term_string"}}],"inLanguage":"es"},{"@type":"Organization","@id":"https:\/\/futbolhoy.co\/#organization","name":"Futbolhoy.co","url":"https:\/\/futbolhoy.co\/","logo":{"@type":"ImageObject","inLanguage":"es","@id":"https:\/\/futbolhoy.co\/#\/schema\/logo\/image\/","url":"https:\/\/futbolhoy.co\/wp-content\/uploads\/2018\/08\/17426380_1906371736249227_6326180412931521141_n.jpg","contentUrl":"https:\/\/futbolhoy.co\/wp-content\/uploads\/2018\/08\/17426380_1906371736249227_6326180412931521141_n.jpg","width":960,"height":960,"caption":"Futbolhoy.co"},"image":{"@id":"https:\/\/futbolhoy.co\/#\/schema\/logo\/image\/"},"sameAs":["https:\/\/www.facebook.com\/FutbolHoyCol\/","https:\/\/x.com\/FutbolHoyCol","https:\/\/www.instagram.com\/futbolhoycol\/"]},{"@type":"Person","@id":"https:\/\/futbolhoy.co\/#\/schema\/person\/1721b69355b6623eaff15ac7b92d4cc3","name":"contenido","image":{"@type":"ImageObject","inLanguage":"es","@id":"https:\/\/futbolhoy.co\/#\/schema\/person\/image\/","url":"https:\/\/secure.gravatar.com\/avatar\/4f656d3256f5134f466206e7c3941518?s=96&d=mm&r=g","contentUrl":"https:\/\/secure.gravatar.com\/avatar\/4f656d3256f5134f466206e7c3941518?s=96&d=mm&r=g","caption":"contenido"}}]}},"publishpress_future_action":{"enabled":false,"date":"2026-05-03 04:47:28","action":"change-status","newStatus":"draft","terms":[],"taxonomy":"category","extraData":[]},"publishpress_future_workflow_manual_trigger":{"enabledWorkflows":[]},"_links":{"self":[{"href":"https:\/\/futbolhoy.co\/index.php\/wp-json\/wp\/v2\/posts\/122037","targetHints":{"allow":["GET"]}}],"collection":[{"href":"https:\/\/futbolhoy.co\/index.php\/wp-json\/wp\/v2\/posts"}],"about":[{"href":"https:\/\/futbolhoy.co\/index.php\/wp-json\/wp\/v2\/types\/post"}],"author":[{"embeddable":true,"href":"https:\/\/futbolhoy.co\/index.php\/wp-json\/wp\/v2\/users\/4"}],"replies":[{"embeddable":true,"href":"https:\/\/futbolhoy.co\/index.php\/wp-json\/wp\/v2\/comments?post=122037"}],"version-history":[{"count":3,"href":"https:\/\/futbolhoy.co\/index.php\/wp-json\/wp\/v2\/posts\/122037\/revisions"}],"predecessor-version":[{"id":122041,"href":"https:\/\/futbolhoy.co\/index.php\/wp-json\/wp\/v2\/posts\/122037\/revisions\/122041"}],"wp:featuredmedia":[{"embeddable":true,"href":"https:\/\/futbolhoy.co\/index.php\/wp-json\/wp\/v2\/media\/122038"}],"wp:attachment":[{"href":"https:\/\/futbolhoy.co\/index.php\/wp-json\/wp\/v2\/media?parent=122037"}],"wp:term":[{"taxonomy":"category","embeddable":true,"href":"https:\/\/futbolhoy.co\/index.php\/wp-json\/wp\/v2\/categories?post=122037"},{"taxonomy":"post_tag","embeddable":true,"href":"https:\/\/futbolhoy.co\/index.php\/wp-json\/wp\/v2\/tags?post=122037"}],"curies":[{"name":"wp","href":"https:\/\/api.w.org\/{rel}","templated":true}]}}