{"id":122049,"date":"2025-08-19T22:07:53","date_gmt":"2025-08-20T03:07:53","guid":{"rendered":"https:\/\/futbolhoy.co\/?p=122049"},"modified":"2025-08-20T21:50:18","modified_gmt":"2025-08-21T02:50:18","slug":"nacional-eliminado-de-la-libertadores-desde-los-penales","status":"publish","type":"post","link":"https:\/\/futbolhoy.co\/index.php\/2025\/08\/19\/nacional-eliminado-de-la-libertadores-desde-los-penales\/","title":{"rendered":"Nacional, eliminado de la Libertadores desde los penales"},"content":{"rendered":"<p style=\"text-align: justify;\"><span style=\"font-family: helvetica, arial, sans-serif;\"><strong>Atl\u00e9tico Nacional<\/strong> cay\u00f3 ante Sao Paulo en la <strong>Copa Libertadores<\/strong> desde los penales (4-3), luego del empate 1-1 en el global, goles conseguidos en el partido de vuelta.<\/span><\/p>\n<p style=\"text-align: justify;\"><span style=\"font-family: helvetica, arial, sans-serif;\">Apenas iban tres minutos de partido cuando <strong>Alan Franco<\/strong> asisti\u00f3 a<strong> Andr\u00e9 Silva<\/strong> y este marc\u00f3 de cabeza, luego del cobro de tiro de esquina.<\/span><\/p>\n<p style=\"text-align: justify;\"><span style=\"font-family: helvetica, arial, sans-serif;\">Nacional mejor\u00f3 y en el segundo tiempo, al 70\u2019,<strong> Enzo D\u00edaz cometi\u00f3 penal sobre Alfredo Morelos<\/strong>, quien se encarg\u00f3 de patear el cobro y lo mand\u00f3 a guardar para el 1-1.<\/span><\/p>\n<p style=\"text-align: justify;\"><span style=\"font-family: helvetica, arial, sans-serif;\">Pero el Verdolaga se qued\u00f3 con uno menos, pues en la celebraci\u00f3n del gol,<strong> Edwin Cardona<\/strong> se lo grit\u00f3 en la cara a <strong>Nahuel Ferraresi<\/strong> y se fue expulsado. Vale la pena mencionar que el \u201810\u2019 fue el que fall\u00f3 los dos cobros en Medell\u00edn que le pudieron haber dado ventaja en la serie a Nacional.<\/span><\/p>\n<p style=\"text-align: justify;\"><span style=\"font-family: helvetica, arial, sans-serif;\">En los penales, inici\u00f3 pateando <strong>Matheus Uribe<\/strong> y fall\u00f3. <strong>Marcos Antonio err\u00f3 el segundo de Sao Paulo,<\/strong> mientras que<strong> Marino Hinestroza lo estrell\u00f3 contra el palo,<\/strong> para el posterior cobro de C\u00e9dric Soares que le dio la clasificaci\u00f3n al cuadro brasile\u00f1o.<\/span><\/p>\n<p style=\"text-align: justify;\"><span style=\"font-family: helvetica, arial, sans-serif;\">Nacional volvi\u00f3 a quedarse en octavos de final de la Libertadores, <strong>instancia en la que tambi\u00e9n cay\u00f3 en 2023.<\/strong><\/span><\/p>\n","protected":false},"excerpt":{"rendered":"<p>Atl\u00e9tico Nacional cay\u00f3 ante Sao Paulo en la Copa Libertadores desde los penales (4-3), luego del empate 1-1 en el global, goles conseguidos en el partido de vuelta. Apenas iban tres minutos de partido cuando Alan Franco asisti\u00f3 a Andr\u00e9 Silva y este marc\u00f3 de cabeza, luego del cobro de tiro de esquina. Nacional mejor\u00f3 [&hellip;]<\/p>\n","protected":false},"author":4,"featured_media":122051,"comment_status":"open","ping_status":"open","sticky":false,"template":"","format":"standard","meta":{"_acf_changed":false,"footnotes":""},"categories":[653],"tags":[],"class_list":{"0":"post-122049","1":"post","2":"type-post","3":"status-publish","4":"format-standard","5":"has-post-thumbnail","7":"category-copa-libertadores"},"acf":[],"yoast_head":"<!-- This site is optimized with the Yoast SEO plugin v26.8 - https:\/\/yoast.com\/product\/yoast-seo-wordpress\/ -->\n<title>Nacional, eliminado de la Libertadores desde los penales -<\/title>\n<meta name=\"robots\" content=\"index, follow, max-snippet:-1, max-image-preview:large, max-video-preview:-1\" \/>\n<link rel=\"canonical\" href=\"https:\/\/futbolhoy.co\/index.php\/2025\/08\/19\/nacional-eliminado-de-la-libertadores-desde-los-penales\/\" \/>\n<meta property=\"og:locale\" content=\"es_ES\" \/>\n<meta property=\"og:type\" content=\"article\" \/>\n<meta property=\"og:title\" content=\"Nacional, eliminado de la Libertadores desde los penales -\" \/>\n<meta property=\"og:description\" content=\"Atl\u00e9tico Nacional cay\u00f3 ante Sao Paulo en la Copa Libertadores desde los penales (4-3), luego del empate 1-1 en el global, goles conseguidos en el partido de vuelta. Apenas iban tres minutos de partido cuando Alan Franco asisti\u00f3 a Andr\u00e9 Silva y este marc\u00f3 de cabeza, luego del cobro de tiro de esquina. Nacional mejor\u00f3 [&hellip;]\" \/>\n<meta property=\"og:url\" content=\"https:\/\/futbolhoy.co\/index.php\/2025\/08\/19\/nacional-eliminado-de-la-libertadores-desde-los-penales\/\" \/>\n<meta property=\"article:publisher\" content=\"https:\/\/www.facebook.com\/FutbolHoyCol\/\" \/>\n<meta property=\"article:published_time\" content=\"2025-08-20T03:07:53+00:00\" \/>\n<meta property=\"article:modified_time\" content=\"2025-08-21T02:50:18+00:00\" \/>\n<meta property=\"og:image\" content=\"https:\/\/futbolhoy.co\/wp-content\/uploads\/2025\/08\/Gywn0NPXsAEwU_Z.jpg\" \/>\n\t<meta property=\"og:image:width\" content=\"1073\" \/>\n\t<meta property=\"og:image:height\" content=\"706\" \/>\n\t<meta property=\"og:image:type\" content=\"image\/jpeg\" \/>\n<meta name=\"author\" content=\"contenido\" \/>\n<meta name=\"twitter:card\" content=\"summary_large_image\" \/>\n<meta name=\"twitter:creator\" content=\"@FutbolHoyCol\" \/>\n<meta name=\"twitter:site\" content=\"@FutbolHoyCol\" \/>\n<meta name=\"twitter:label1\" content=\"Escrito por\" \/>\n\t<meta name=\"twitter:data1\" content=\"contenido\" \/>\n\t<meta name=\"twitter:label2\" content=\"Tiempo de lectura\" \/>\n\t<meta name=\"twitter:data2\" content=\"1 minuto\" \/>\n<script type=\"application\/ld+json\" class=\"yoast-schema-graph\">{\"@context\":\"https:\/\/schema.org\",\"@graph\":[{\"@type\":\"Article\",\"@id\":\"https:\/\/futbolhoy.co\/index.php\/2025\/08\/19\/nacional-eliminado-de-la-libertadores-desde-los-penales\/#article\",\"isPartOf\":{\"@id\":\"https:\/\/futbolhoy.co\/index.php\/2025\/08\/19\/nacional-eliminado-de-la-libertadores-desde-los-penales\/\"},\"author\":{\"name\":\"contenido\",\"@id\":\"https:\/\/futbolhoy.co\/#\/schema\/person\/1721b69355b6623eaff15ac7b92d4cc3\"},\"headline\":\"Nacional, eliminado de la Libertadores desde los penales\",\"datePublished\":\"2025-08-20T03:07:53+00:00\",\"dateModified\":\"2025-08-21T02:50:18+00:00\",\"mainEntityOfPage\":{\"@id\":\"https:\/\/futbolhoy.co\/index.php\/2025\/08\/19\/nacional-eliminado-de-la-libertadores-desde-los-penales\/\"},\"wordCount\":213,\"commentCount\":0,\"publisher\":{\"@id\":\"https:\/\/futbolhoy.co\/#organization\"},\"image\":{\"@id\":\"https:\/\/futbolhoy.co\/index.php\/2025\/08\/19\/nacional-eliminado-de-la-libertadores-desde-los-penales\/#primaryimage\"},\"thumbnailUrl\":\"https:\/\/futbolhoy.co\/wp-content\/uploads\/2025\/08\/Gywn0NPXsAEwU_Z.jpg\",\"articleSection\":[\"Libertadores\"],\"inLanguage\":\"es\",\"potentialAction\":[{\"@type\":\"CommentAction\",\"name\":\"Comment\",\"target\":[\"https:\/\/futbolhoy.co\/index.php\/2025\/08\/19\/nacional-eliminado-de-la-libertadores-desde-los-penales\/#respond\"]}]},{\"@type\":\"WebPage\",\"@id\":\"https:\/\/futbolhoy.co\/index.php\/2025\/08\/19\/nacional-eliminado-de-la-libertadores-desde-los-penales\/\",\"url\":\"https:\/\/futbolhoy.co\/index.php\/2025\/08\/19\/nacional-eliminado-de-la-libertadores-desde-los-penales\/\",\"name\":\"Nacional, eliminado de la Libertadores desde los penales -\",\"isPartOf\":{\"@id\":\"https:\/\/futbolhoy.co\/#website\"},\"primaryImageOfPage\":{\"@id\":\"https:\/\/futbolhoy.co\/index.php\/2025\/08\/19\/nacional-eliminado-de-la-libertadores-desde-los-penales\/#primaryimage\"},\"image\":{\"@id\":\"https:\/\/futbolhoy.co\/index.php\/2025\/08\/19\/nacional-eliminado-de-la-libertadores-desde-los-penales\/#primaryimage\"},\"thumbnailUrl\":\"https:\/\/futbolhoy.co\/wp-content\/uploads\/2025\/08\/Gywn0NPXsAEwU_Z.jpg\",\"datePublished\":\"2025-08-20T03:07:53+00:00\",\"dateModified\":\"2025-08-21T02:50:18+00:00\",\"breadcrumb\":{\"@id\":\"https:\/\/futbolhoy.co\/index.php\/2025\/08\/19\/nacional-eliminado-de-la-libertadores-desde-los-penales\/#breadcrumb\"},\"inLanguage\":\"es\",\"potentialAction\":[{\"@type\":\"ReadAction\",\"target\":[\"https:\/\/futbolhoy.co\/index.php\/2025\/08\/19\/nacional-eliminado-de-la-libertadores-desde-los-penales\/\"]}]},{\"@type\":\"ImageObject\",\"inLanguage\":\"es\",\"@id\":\"https:\/\/futbolhoy.co\/index.php\/2025\/08\/19\/nacional-eliminado-de-la-libertadores-desde-los-penales\/#primaryimage\",\"url\":\"https:\/\/futbolhoy.co\/wp-content\/uploads\/2025\/08\/Gywn0NPXsAEwU_Z.jpg\",\"contentUrl\":\"https:\/\/futbolhoy.co\/wp-content\/uploads\/2025\/08\/Gywn0NPXsAEwU_Z.jpg\",\"width\":1073,\"height\":706},{\"@type\":\"BreadcrumbList\",\"@id\":\"https:\/\/futbolhoy.co\/index.php\/2025\/08\/19\/nacional-eliminado-de-la-libertadores-desde-los-penales\/#breadcrumb\",\"itemListElement\":[{\"@type\":\"ListItem\",\"position\":1,\"name\":\"Portada\",\"item\":\"https:\/\/futbolhoy.co\/\"},{\"@type\":\"ListItem\",\"position\":2,\"name\":\"Nacional, eliminado de la Libertadores desde los penales\"}]},{\"@type\":\"WebSite\",\"@id\":\"https:\/\/futbolhoy.co\/#website\",\"url\":\"https:\/\/futbolhoy.co\/\",\"name\":\"FutbolHoy\",\"description\":\"\",\"publisher\":{\"@id\":\"https:\/\/futbolhoy.co\/#organization\"},\"potentialAction\":[{\"@type\":\"SearchAction\",\"target\":{\"@type\":\"EntryPoint\",\"urlTemplate\":\"https:\/\/futbolhoy.co\/?s={search_term_string}\"},\"query-input\":{\"@type\":\"PropertyValueSpecification\",\"valueRequired\":true,\"valueName\":\"search_term_string\"}}],\"inLanguage\":\"es\"},{\"@type\":\"Organization\",\"@id\":\"https:\/\/futbolhoy.co\/#organization\",\"name\":\"Futbolhoy.co\",\"url\":\"https:\/\/futbolhoy.co\/\",\"logo\":{\"@type\":\"ImageObject\",\"inLanguage\":\"es\",\"@id\":\"https:\/\/futbolhoy.co\/#\/schema\/logo\/image\/\",\"url\":\"https:\/\/futbolhoy.co\/wp-content\/uploads\/2018\/08\/17426380_1906371736249227_6326180412931521141_n.jpg\",\"contentUrl\":\"https:\/\/futbolhoy.co\/wp-content\/uploads\/2018\/08\/17426380_1906371736249227_6326180412931521141_n.jpg\",\"width\":960,\"height\":960,\"caption\":\"Futbolhoy.co\"},\"image\":{\"@id\":\"https:\/\/futbolhoy.co\/#\/schema\/logo\/image\/\"},\"sameAs\":[\"https:\/\/www.facebook.com\/FutbolHoyCol\/\",\"https:\/\/x.com\/FutbolHoyCol\",\"https:\/\/www.instagram.com\/futbolhoycol\/\"]},{\"@type\":\"Person\",\"@id\":\"https:\/\/futbolhoy.co\/#\/schema\/person\/1721b69355b6623eaff15ac7b92d4cc3\",\"name\":\"contenido\",\"image\":{\"@type\":\"ImageObject\",\"inLanguage\":\"es\",\"@id\":\"https:\/\/futbolhoy.co\/#\/schema\/person\/image\/\",\"url\":\"https:\/\/secure.gravatar.com\/avatar\/4f656d3256f5134f466206e7c3941518?s=96&d=mm&r=g\",\"contentUrl\":\"https:\/\/secure.gravatar.com\/avatar\/4f656d3256f5134f466206e7c3941518?s=96&d=mm&r=g\",\"caption\":\"contenido\"}}]}<\/script>\n<!-- \/ Yoast SEO plugin. -->","yoast_head_json":{"title":"Nacional, eliminado de la Libertadores desde los penales -","robots":{"index":"index","follow":"follow","max-snippet":"max-snippet:-1","max-image-preview":"max-image-preview:large","max-video-preview":"max-video-preview:-1"},"canonical":"https:\/\/futbolhoy.co\/index.php\/2025\/08\/19\/nacional-eliminado-de-la-libertadores-desde-los-penales\/","og_locale":"es_ES","og_type":"article","og_title":"Nacional, eliminado de la Libertadores desde los penales -","og_description":"Atl\u00e9tico Nacional cay\u00f3 ante Sao Paulo en la Copa Libertadores desde los penales (4-3), luego del empate 1-1 en el global, goles conseguidos en el partido de vuelta. Apenas iban tres minutos de partido cuando Alan Franco asisti\u00f3 a Andr\u00e9 Silva y este marc\u00f3 de cabeza, luego del cobro de tiro de esquina. Nacional mejor\u00f3 [&hellip;]","og_url":"https:\/\/futbolhoy.co\/index.php\/2025\/08\/19\/nacional-eliminado-de-la-libertadores-desde-los-penales\/","article_publisher":"https:\/\/www.facebook.com\/FutbolHoyCol\/","article_published_time":"2025-08-20T03:07:53+00:00","article_modified_time":"2025-08-21T02:50:18+00:00","og_image":[{"width":1073,"height":706,"url":"https:\/\/futbolhoy.co\/wp-content\/uploads\/2025\/08\/Gywn0NPXsAEwU_Z.jpg","type":"image\/jpeg"}],"author":"contenido","twitter_card":"summary_large_image","twitter_creator":"@FutbolHoyCol","twitter_site":"@FutbolHoyCol","twitter_misc":{"Escrito por":"contenido","Tiempo de lectura":"1 minuto"},"schema":{"@context":"https:\/\/schema.org","@graph":[{"@type":"Article","@id":"https:\/\/futbolhoy.co\/index.php\/2025\/08\/19\/nacional-eliminado-de-la-libertadores-desde-los-penales\/#article","isPartOf":{"@id":"https:\/\/futbolhoy.co\/index.php\/2025\/08\/19\/nacional-eliminado-de-la-libertadores-desde-los-penales\/"},"author":{"name":"contenido","@id":"https:\/\/futbolhoy.co\/#\/schema\/person\/1721b69355b6623eaff15ac7b92d4cc3"},"headline":"Nacional, eliminado de la Libertadores desde los penales","datePublished":"2025-08-20T03:07:53+00:00","dateModified":"2025-08-21T02:50:18+00:00","mainEntityOfPage":{"@id":"https:\/\/futbolhoy.co\/index.php\/2025\/08\/19\/nacional-eliminado-de-la-libertadores-desde-los-penales\/"},"wordCount":213,"commentCount":0,"publisher":{"@id":"https:\/\/futbolhoy.co\/#organization"},"image":{"@id":"https:\/\/futbolhoy.co\/index.php\/2025\/08\/19\/nacional-eliminado-de-la-libertadores-desde-los-penales\/#primaryimage"},"thumbnailUrl":"https:\/\/futbolhoy.co\/wp-content\/uploads\/2025\/08\/Gywn0NPXsAEwU_Z.jpg","articleSection":["Libertadores"],"inLanguage":"es","potentialAction":[{"@type":"CommentAction","name":"Comment","target":["https:\/\/futbolhoy.co\/index.php\/2025\/08\/19\/nacional-eliminado-de-la-libertadores-desde-los-penales\/#respond"]}]},{"@type":"WebPage","@id":"https:\/\/futbolhoy.co\/index.php\/2025\/08\/19\/nacional-eliminado-de-la-libertadores-desde-los-penales\/","url":"https:\/\/futbolhoy.co\/index.php\/2025\/08\/19\/nacional-eliminado-de-la-libertadores-desde-los-penales\/","name":"Nacional, eliminado de la Libertadores desde los penales -","isPartOf":{"@id":"https:\/\/futbolhoy.co\/#website"},"primaryImageOfPage":{"@id":"https:\/\/futbolhoy.co\/index.php\/2025\/08\/19\/nacional-eliminado-de-la-libertadores-desde-los-penales\/#primaryimage"},"image":{"@id":"https:\/\/futbolhoy.co\/index.php\/2025\/08\/19\/nacional-eliminado-de-la-libertadores-desde-los-penales\/#primaryimage"},"thumbnailUrl":"https:\/\/futbolhoy.co\/wp-content\/uploads\/2025\/08\/Gywn0NPXsAEwU_Z.jpg","datePublished":"2025-08-20T03:07:53+00:00","dateModified":"2025-08-21T02:50:18+00:00","breadcrumb":{"@id":"https:\/\/futbolhoy.co\/index.php\/2025\/08\/19\/nacional-eliminado-de-la-libertadores-desde-los-penales\/#breadcrumb"},"inLanguage":"es","potentialAction":[{"@type":"ReadAction","target":["https:\/\/futbolhoy.co\/index.php\/2025\/08\/19\/nacional-eliminado-de-la-libertadores-desde-los-penales\/"]}]},{"@type":"ImageObject","inLanguage":"es","@id":"https:\/\/futbolhoy.co\/index.php\/2025\/08\/19\/nacional-eliminado-de-la-libertadores-desde-los-penales\/#primaryimage","url":"https:\/\/futbolhoy.co\/wp-content\/uploads\/2025\/08\/Gywn0NPXsAEwU_Z.jpg","contentUrl":"https:\/\/futbolhoy.co\/wp-content\/uploads\/2025\/08\/Gywn0NPXsAEwU_Z.jpg","width":1073,"height":706},{"@type":"BreadcrumbList","@id":"https:\/\/futbolhoy.co\/index.php\/2025\/08\/19\/nacional-eliminado-de-la-libertadores-desde-los-penales\/#breadcrumb","itemListElement":[{"@type":"ListItem","position":1,"name":"Portada","item":"https:\/\/futbolhoy.co\/"},{"@type":"ListItem","position":2,"name":"Nacional, eliminado de la Libertadores desde los penales"}]},{"@type":"WebSite","@id":"https:\/\/futbolhoy.co\/#website","url":"https:\/\/futbolhoy.co\/","name":"FutbolHoy","description":"","publisher":{"@id":"https:\/\/futbolhoy.co\/#organization"},"potentialAction":[{"@type":"SearchAction","target":{"@type":"EntryPoint","urlTemplate":"https:\/\/futbolhoy.co\/?s={search_term_string}"},"query-input":{"@type":"PropertyValueSpecification","valueRequired":true,"valueName":"search_term_string"}}],"inLanguage":"es"},{"@type":"Organization","@id":"https:\/\/futbolhoy.co\/#organization","name":"Futbolhoy.co","url":"https:\/\/futbolhoy.co\/","logo":{"@type":"ImageObject","inLanguage":"es","@id":"https:\/\/futbolhoy.co\/#\/schema\/logo\/image\/","url":"https:\/\/futbolhoy.co\/wp-content\/uploads\/2018\/08\/17426380_1906371736249227_6326180412931521141_n.jpg","contentUrl":"https:\/\/futbolhoy.co\/wp-content\/uploads\/2018\/08\/17426380_1906371736249227_6326180412931521141_n.jpg","width":960,"height":960,"caption":"Futbolhoy.co"},"image":{"@id":"https:\/\/futbolhoy.co\/#\/schema\/logo\/image\/"},"sameAs":["https:\/\/www.facebook.com\/FutbolHoyCol\/","https:\/\/x.com\/FutbolHoyCol","https:\/\/www.instagram.com\/futbolhoycol\/"]},{"@type":"Person","@id":"https:\/\/futbolhoy.co\/#\/schema\/person\/1721b69355b6623eaff15ac7b92d4cc3","name":"contenido","image":{"@type":"ImageObject","inLanguage":"es","@id":"https:\/\/futbolhoy.co\/#\/schema\/person\/image\/","url":"https:\/\/secure.gravatar.com\/avatar\/4f656d3256f5134f466206e7c3941518?s=96&d=mm&r=g","contentUrl":"https:\/\/secure.gravatar.com\/avatar\/4f656d3256f5134f466206e7c3941518?s=96&d=mm&r=g","caption":"contenido"}}]}},"publishpress_future_action":{"enabled":false,"date":"2026-05-03 07:23:31","action":"change-status","newStatus":"draft","terms":[],"taxonomy":"category","extraData":[]},"publishpress_future_workflow_manual_trigger":{"enabledWorkflows":[]},"_links":{"self":[{"href":"https:\/\/futbolhoy.co\/index.php\/wp-json\/wp\/v2\/posts\/122049","targetHints":{"allow":["GET"]}}],"collection":[{"href":"https:\/\/futbolhoy.co\/index.php\/wp-json\/wp\/v2\/posts"}],"about":[{"href":"https:\/\/futbolhoy.co\/index.php\/wp-json\/wp\/v2\/types\/post"}],"author":[{"embeddable":true,"href":"https:\/\/futbolhoy.co\/index.php\/wp-json\/wp\/v2\/users\/4"}],"replies":[{"embeddable":true,"href":"https:\/\/futbolhoy.co\/index.php\/wp-json\/wp\/v2\/comments?post=122049"}],"version-history":[{"count":1,"href":"https:\/\/futbolhoy.co\/index.php\/wp-json\/wp\/v2\/posts\/122049\/revisions"}],"predecessor-version":[{"id":122050,"href":"https:\/\/futbolhoy.co\/index.php\/wp-json\/wp\/v2\/posts\/122049\/revisions\/122050"}],"wp:featuredmedia":[{"embeddable":true,"href":"https:\/\/futbolhoy.co\/index.php\/wp-json\/wp\/v2\/media\/122051"}],"wp:attachment":[{"href":"https:\/\/futbolhoy.co\/index.php\/wp-json\/wp\/v2\/media?parent=122049"}],"wp:term":[{"taxonomy":"category","embeddable":true,"href":"https:\/\/futbolhoy.co\/index.php\/wp-json\/wp\/v2\/categories?post=122049"},{"taxonomy":"post_tag","embeddable":true,"href":"https:\/\/futbolhoy.co\/index.php\/wp-json\/wp\/v2\/tags?post=122049"}],"curies":[{"name":"wp","href":"https:\/\/api.w.org\/{rel}","templated":true}]}}