{"id":122062,"date":"2025-08-20T09:01:38","date_gmt":"2025-08-20T14:01:38","guid":{"rendered":"https:\/\/futbolhoy.co\/?p=122062"},"modified":"2025-08-20T23:36:24","modified_gmt":"2025-08-21T04:36:24","slug":"dayro-moreno-aumenta-su-registro-y-se-convierte-en-el-goleador-de-la-sudamericana","status":"publish","type":"post","link":"https:\/\/futbolhoy.co\/index.php\/2025\/08\/20\/dayro-moreno-aumenta-su-registro-y-se-convierte-en-el-goleador-de-la-sudamericana\/","title":{"rendered":"Dayro Moreno aumenta su registro y se convierte en el goleador de la Sudamericana"},"content":{"rendered":"<p><span style=\"font-family: helvetica, arial, sans-serif;\">A sus 39 a\u00f1os de edad,<strong> Dayro Moreno sigue imparable<\/strong> en el f\u00fatbol profesional y mantiene en alto su buen nivel futbol\u00edstico. El goleador de <strong>Once Caldas<\/strong> fue la gran figura en el duelo de vuelta de octavos de <strong>Copa Sudamericana<\/strong> al anotar doblete ante <strong>Hurac\u00e1n<\/strong>.<\/span><\/p>\n<p><span style=\"font-family: helvetica, arial, sans-serif;\">Con sus goles a los minutos 40 y 88 aument\u00f3 su cuenta personal y alcanz\u00f3<strong> una cifra total de 370 anotaciones<\/strong>, estirando su r\u00e9cord hist\u00f3rico como <strong>m\u00e1ximo anotador en la historia del f\u00fatbol colombiano.<\/strong> En el torneo internacional se convirti\u00f3 en el m\u00e1ximo goleador de la actual edici\u00f3n del torneo al marcar <strong>8 anotaciones a Uni\u00f3n Espa\u00f1ola, Gualberto Villarroel, San Antonio Bulo Bulo y Hurac\u00e1n.<\/strong><\/span><\/p>\n<p><span style=\"font-family: helvetica, arial, sans-serif;\">Tras clasificar a cuartos de final, el equipo de Manizales se enfrentar\u00e1 a <strong>Independiente del Valle<\/strong> de Ecuador. A falta de confirmaci\u00f3n, el duelo de ida puede quedar programado<strong> entre el 16 y 18 de septiembre<\/strong>, mientras que<strong> la vuelta ser\u00eda entre el 23 y 25 del mismo mes.<\/strong><\/span><\/p>\n<p><span style=\"font-family: helvetica, arial, sans-serif;\">Moreno estir\u00f3 su diferencia sobre su antecesor<strong>, Radamel Falcao Garc\u00eda,<\/strong> quien qued\u00f3 en segundo lugar con <strong>356 dianas.<\/strong> Hasta el momento se desconoce el pr\u00f3ximo destino del goleador hist\u00f3rico de la Selecci\u00f3n Colombia, quien no ha definido<strong> si continuar\u00e1 con su carrera o se retira del deporte rey.<\/strong><\/span><\/p>\n<p><span style=\"font-family: helvetica, arial, sans-serif;\">A pocas semanas de cumplir 40 a\u00f1os,<strong> Dayro sigue alimentando su cuenta personal de goles<\/strong> y agiganta un importante legado que quedar\u00e1 eterno en la historia. El registro goleador del jugador tolimense qued\u00f3 de la siguiente manera:<\/span><\/p>\n<ul>\n<li><span style=\"font-family: helvetica, arial, sans-serif;\">Once Caldas: 163<\/span><\/li>\n<li><span style=\"font-family: helvetica, arial, sans-serif;\">Atl\u00e9tico Paranaense: 1<\/span><\/li>\n<li><span style=\"font-family: helvetica, arial, sans-serif;\">Steua Bucarest: 13<\/span><\/li>\n<li><span style=\"font-family: helvetica, arial, sans-serif;\">Xolos de Tijuana: 50<\/span><\/li>\n<li><span style=\"font-family: helvetica, arial, sans-serif;\">Junior de Barranquilla: 13<\/span><\/li>\n<li><span style=\"font-family: helvetica, arial, sans-serif;\">Millonarios FC: 34<\/span><\/li>\n<li><span style=\"font-family: helvetica, arial, sans-serif;\">Atl\u00e9tico Nacional: 57<\/span><\/li>\n<li><span style=\"font-family: helvetica, arial, sans-serif;\">Talleres de C\u00f3rdoba: 10<\/span><\/li>\n<li><span style=\"font-family: helvetica, arial, sans-serif;\">Oriente Petrolero: 4<\/span><\/li>\n<li><span style=\"font-family: helvetica, arial, sans-serif;\">Atl\u00e9tico Bucaramanga: 22<\/span><\/li>\n<li><span style=\"font-family: helvetica, arial, sans-serif;\">Selecci\u00f3n Colombia: 3<\/span><\/li>\n<\/ul>\n","protected":false},"excerpt":{"rendered":"<p>A sus 39 a\u00f1os de edad, Dayro Moreno sigue imparable en el f\u00fatbol profesional y mantiene en alto su buen nivel futbol\u00edstico. El goleador de Once Caldas fue la gran figura en el duelo de vuelta de octavos de Copa Sudamericana al anotar doblete ante Hurac\u00e1n. Con sus goles a los minutos 40 y 88 [&hellip;]<\/p>\n","protected":false},"author":4,"featured_media":122063,"comment_status":"open","ping_status":"open","sticky":false,"template":"","format":"standard","meta":{"_acf_changed":false,"footnotes":""},"categories":[1046],"tags":[],"class_list":{"0":"post-122062","1":"post","2":"type-post","3":"status-publish","4":"format-standard","5":"has-post-thumbnail","7":"category-sudamericana"},"acf":[],"yoast_head":"<!-- This site is optimized with the Yoast SEO plugin v26.8 - https:\/\/yoast.com\/product\/yoast-seo-wordpress\/ -->\n<title>Dayro Moreno aumenta su registro y se convierte en el goleador de la Sudamericana -<\/title>\n<meta name=\"robots\" content=\"index, follow, max-snippet:-1, max-image-preview:large, max-video-preview:-1\" \/>\n<link rel=\"canonical\" href=\"https:\/\/futbolhoy.co\/index.php\/2025\/08\/20\/dayro-moreno-aumenta-su-registro-y-se-convierte-en-el-goleador-de-la-sudamericana\/\" \/>\n<meta property=\"og:locale\" content=\"es_ES\" \/>\n<meta property=\"og:type\" content=\"article\" \/>\n<meta property=\"og:title\" content=\"Dayro Moreno aumenta su registro y se convierte en el goleador de la Sudamericana -\" \/>\n<meta property=\"og:description\" content=\"A sus 39 a\u00f1os de edad, Dayro Moreno sigue imparable en el f\u00fatbol profesional y mantiene en alto su buen nivel futbol\u00edstico. El goleador de Once Caldas fue la gran figura en el duelo de vuelta de octavos de Copa Sudamericana al anotar doblete ante Hurac\u00e1n. Con sus goles a los minutos 40 y 88 [&hellip;]\" \/>\n<meta property=\"og:url\" content=\"https:\/\/futbolhoy.co\/index.php\/2025\/08\/20\/dayro-moreno-aumenta-su-registro-y-se-convierte-en-el-goleador-de-la-sudamericana\/\" \/>\n<meta property=\"article:publisher\" content=\"https:\/\/www.facebook.com\/FutbolHoyCol\/\" \/>\n<meta property=\"article:published_time\" content=\"2025-08-20T14:01:38+00:00\" \/>\n<meta property=\"article:modified_time\" content=\"2025-08-21T04:36:24+00:00\" \/>\n<meta property=\"og:image\" content=\"https:\/\/futbolhoy.co\/wp-content\/uploads\/2025\/08\/GywmspMX0AAF9wD.jpeg\" \/>\n\t<meta property=\"og:image:width\" content=\"1000\" \/>\n\t<meta property=\"og:image:height\" content=\"740\" \/>\n\t<meta property=\"og:image:type\" content=\"image\/jpeg\" \/>\n<meta name=\"author\" content=\"contenido\" \/>\n<meta name=\"twitter:card\" content=\"summary_large_image\" \/>\n<meta name=\"twitter:creator\" content=\"@FutbolHoyCol\" \/>\n<meta name=\"twitter:site\" content=\"@FutbolHoyCol\" \/>\n<meta name=\"twitter:label1\" content=\"Escrito por\" \/>\n\t<meta name=\"twitter:data1\" content=\"contenido\" \/>\n\t<meta name=\"twitter:label2\" content=\"Tiempo de lectura\" \/>\n\t<meta name=\"twitter:data2\" content=\"1 minuto\" \/>\n<script type=\"application\/ld+json\" class=\"yoast-schema-graph\">{\"@context\":\"https:\/\/schema.org\",\"@graph\":[{\"@type\":\"Article\",\"@id\":\"https:\/\/futbolhoy.co\/index.php\/2025\/08\/20\/dayro-moreno-aumenta-su-registro-y-se-convierte-en-el-goleador-de-la-sudamericana\/#article\",\"isPartOf\":{\"@id\":\"https:\/\/futbolhoy.co\/index.php\/2025\/08\/20\/dayro-moreno-aumenta-su-registro-y-se-convierte-en-el-goleador-de-la-sudamericana\/\"},\"author\":{\"name\":\"contenido\",\"@id\":\"https:\/\/futbolhoy.co\/#\/schema\/person\/1721b69355b6623eaff15ac7b92d4cc3\"},\"headline\":\"Dayro Moreno aumenta su registro y se convierte en el goleador de la Sudamericana\",\"datePublished\":\"2025-08-20T14:01:38+00:00\",\"dateModified\":\"2025-08-21T04:36:24+00:00\",\"mainEntityOfPage\":{\"@id\":\"https:\/\/futbolhoy.co\/index.php\/2025\/08\/20\/dayro-moreno-aumenta-su-registro-y-se-convierte-en-el-goleador-de-la-sudamericana\/\"},\"wordCount\":298,\"commentCount\":0,\"publisher\":{\"@id\":\"https:\/\/futbolhoy.co\/#organization\"},\"image\":{\"@id\":\"https:\/\/futbolhoy.co\/index.php\/2025\/08\/20\/dayro-moreno-aumenta-su-registro-y-se-convierte-en-el-goleador-de-la-sudamericana\/#primaryimage\"},\"thumbnailUrl\":\"https:\/\/futbolhoy.co\/wp-content\/uploads\/2025\/08\/GywmspMX0AAF9wD.jpeg\",\"articleSection\":[\"Sudamericana\"],\"inLanguage\":\"es\",\"potentialAction\":[{\"@type\":\"CommentAction\",\"name\":\"Comment\",\"target\":[\"https:\/\/futbolhoy.co\/index.php\/2025\/08\/20\/dayro-moreno-aumenta-su-registro-y-se-convierte-en-el-goleador-de-la-sudamericana\/#respond\"]}]},{\"@type\":\"WebPage\",\"@id\":\"https:\/\/futbolhoy.co\/index.php\/2025\/08\/20\/dayro-moreno-aumenta-su-registro-y-se-convierte-en-el-goleador-de-la-sudamericana\/\",\"url\":\"https:\/\/futbolhoy.co\/index.php\/2025\/08\/20\/dayro-moreno-aumenta-su-registro-y-se-convierte-en-el-goleador-de-la-sudamericana\/\",\"name\":\"Dayro Moreno aumenta su registro y se convierte en el goleador de la Sudamericana -\",\"isPartOf\":{\"@id\":\"https:\/\/futbolhoy.co\/#website\"},\"primaryImageOfPage\":{\"@id\":\"https:\/\/futbolhoy.co\/index.php\/2025\/08\/20\/dayro-moreno-aumenta-su-registro-y-se-convierte-en-el-goleador-de-la-sudamericana\/#primaryimage\"},\"image\":{\"@id\":\"https:\/\/futbolhoy.co\/index.php\/2025\/08\/20\/dayro-moreno-aumenta-su-registro-y-se-convierte-en-el-goleador-de-la-sudamericana\/#primaryimage\"},\"thumbnailUrl\":\"https:\/\/futbolhoy.co\/wp-content\/uploads\/2025\/08\/GywmspMX0AAF9wD.jpeg\",\"datePublished\":\"2025-08-20T14:01:38+00:00\",\"dateModified\":\"2025-08-21T04:36:24+00:00\",\"breadcrumb\":{\"@id\":\"https:\/\/futbolhoy.co\/index.php\/2025\/08\/20\/dayro-moreno-aumenta-su-registro-y-se-convierte-en-el-goleador-de-la-sudamericana\/#breadcrumb\"},\"inLanguage\":\"es\",\"potentialAction\":[{\"@type\":\"ReadAction\",\"target\":[\"https:\/\/futbolhoy.co\/index.php\/2025\/08\/20\/dayro-moreno-aumenta-su-registro-y-se-convierte-en-el-goleador-de-la-sudamericana\/\"]}]},{\"@type\":\"ImageObject\",\"inLanguage\":\"es\",\"@id\":\"https:\/\/futbolhoy.co\/index.php\/2025\/08\/20\/dayro-moreno-aumenta-su-registro-y-se-convierte-en-el-goleador-de-la-sudamericana\/#primaryimage\",\"url\":\"https:\/\/futbolhoy.co\/wp-content\/uploads\/2025\/08\/GywmspMX0AAF9wD.jpeg\",\"contentUrl\":\"https:\/\/futbolhoy.co\/wp-content\/uploads\/2025\/08\/GywmspMX0AAF9wD.jpeg\",\"width\":1000,\"height\":740,\"caption\":\"Imagen: @oncecaldas\"},{\"@type\":\"BreadcrumbList\",\"@id\":\"https:\/\/futbolhoy.co\/index.php\/2025\/08\/20\/dayro-moreno-aumenta-su-registro-y-se-convierte-en-el-goleador-de-la-sudamericana\/#breadcrumb\",\"itemListElement\":[{\"@type\":\"ListItem\",\"position\":1,\"name\":\"Portada\",\"item\":\"https:\/\/futbolhoy.co\/\"},{\"@type\":\"ListItem\",\"position\":2,\"name\":\"Dayro Moreno aumenta su registro y se convierte en el goleador de la Sudamericana\"}]},{\"@type\":\"WebSite\",\"@id\":\"https:\/\/futbolhoy.co\/#website\",\"url\":\"https:\/\/futbolhoy.co\/\",\"name\":\"FutbolHoy\",\"description\":\"\",\"publisher\":{\"@id\":\"https:\/\/futbolhoy.co\/#organization\"},\"potentialAction\":[{\"@type\":\"SearchAction\",\"target\":{\"@type\":\"EntryPoint\",\"urlTemplate\":\"https:\/\/futbolhoy.co\/?s={search_term_string}\"},\"query-input\":{\"@type\":\"PropertyValueSpecification\",\"valueRequired\":true,\"valueName\":\"search_term_string\"}}],\"inLanguage\":\"es\"},{\"@type\":\"Organization\",\"@id\":\"https:\/\/futbolhoy.co\/#organization\",\"name\":\"Futbolhoy.co\",\"url\":\"https:\/\/futbolhoy.co\/\",\"logo\":{\"@type\":\"ImageObject\",\"inLanguage\":\"es\",\"@id\":\"https:\/\/futbolhoy.co\/#\/schema\/logo\/image\/\",\"url\":\"https:\/\/futbolhoy.co\/wp-content\/uploads\/2018\/08\/17426380_1906371736249227_6326180412931521141_n.jpg\",\"contentUrl\":\"https:\/\/futbolhoy.co\/wp-content\/uploads\/2018\/08\/17426380_1906371736249227_6326180412931521141_n.jpg\",\"width\":960,\"height\":960,\"caption\":\"Futbolhoy.co\"},\"image\":{\"@id\":\"https:\/\/futbolhoy.co\/#\/schema\/logo\/image\/\"},\"sameAs\":[\"https:\/\/www.facebook.com\/FutbolHoyCol\/\",\"https:\/\/x.com\/FutbolHoyCol\",\"https:\/\/www.instagram.com\/futbolhoycol\/\"]},{\"@type\":\"Person\",\"@id\":\"https:\/\/futbolhoy.co\/#\/schema\/person\/1721b69355b6623eaff15ac7b92d4cc3\",\"name\":\"contenido\",\"image\":{\"@type\":\"ImageObject\",\"inLanguage\":\"es\",\"@id\":\"https:\/\/futbolhoy.co\/#\/schema\/person\/image\/\",\"url\":\"https:\/\/secure.gravatar.com\/avatar\/4f656d3256f5134f466206e7c3941518?s=96&d=mm&r=g\",\"contentUrl\":\"https:\/\/secure.gravatar.com\/avatar\/4f656d3256f5134f466206e7c3941518?s=96&d=mm&r=g\",\"caption\":\"contenido\"}}]}<\/script>\n<!-- \/ Yoast SEO plugin. -->","yoast_head_json":{"title":"Dayro Moreno aumenta su registro y se convierte en el goleador de la Sudamericana -","robots":{"index":"index","follow":"follow","max-snippet":"max-snippet:-1","max-image-preview":"max-image-preview:large","max-video-preview":"max-video-preview:-1"},"canonical":"https:\/\/futbolhoy.co\/index.php\/2025\/08\/20\/dayro-moreno-aumenta-su-registro-y-se-convierte-en-el-goleador-de-la-sudamericana\/","og_locale":"es_ES","og_type":"article","og_title":"Dayro Moreno aumenta su registro y se convierte en el goleador de la Sudamericana -","og_description":"A sus 39 a\u00f1os de edad, Dayro Moreno sigue imparable en el f\u00fatbol profesional y mantiene en alto su buen nivel futbol\u00edstico. El goleador de Once Caldas fue la gran figura en el duelo de vuelta de octavos de Copa Sudamericana al anotar doblete ante Hurac\u00e1n. Con sus goles a los minutos 40 y 88 [&hellip;]","og_url":"https:\/\/futbolhoy.co\/index.php\/2025\/08\/20\/dayro-moreno-aumenta-su-registro-y-se-convierte-en-el-goleador-de-la-sudamericana\/","article_publisher":"https:\/\/www.facebook.com\/FutbolHoyCol\/","article_published_time":"2025-08-20T14:01:38+00:00","article_modified_time":"2025-08-21T04:36:24+00:00","og_image":[{"width":1000,"height":740,"url":"https:\/\/futbolhoy.co\/wp-content\/uploads\/2025\/08\/GywmspMX0AAF9wD.jpeg","type":"image\/jpeg"}],"author":"contenido","twitter_card":"summary_large_image","twitter_creator":"@FutbolHoyCol","twitter_site":"@FutbolHoyCol","twitter_misc":{"Escrito por":"contenido","Tiempo de lectura":"1 minuto"},"schema":{"@context":"https:\/\/schema.org","@graph":[{"@type":"Article","@id":"https:\/\/futbolhoy.co\/index.php\/2025\/08\/20\/dayro-moreno-aumenta-su-registro-y-se-convierte-en-el-goleador-de-la-sudamericana\/#article","isPartOf":{"@id":"https:\/\/futbolhoy.co\/index.php\/2025\/08\/20\/dayro-moreno-aumenta-su-registro-y-se-convierte-en-el-goleador-de-la-sudamericana\/"},"author":{"name":"contenido","@id":"https:\/\/futbolhoy.co\/#\/schema\/person\/1721b69355b6623eaff15ac7b92d4cc3"},"headline":"Dayro Moreno aumenta su registro y se convierte en el goleador de la Sudamericana","datePublished":"2025-08-20T14:01:38+00:00","dateModified":"2025-08-21T04:36:24+00:00","mainEntityOfPage":{"@id":"https:\/\/futbolhoy.co\/index.php\/2025\/08\/20\/dayro-moreno-aumenta-su-registro-y-se-convierte-en-el-goleador-de-la-sudamericana\/"},"wordCount":298,"commentCount":0,"publisher":{"@id":"https:\/\/futbolhoy.co\/#organization"},"image":{"@id":"https:\/\/futbolhoy.co\/index.php\/2025\/08\/20\/dayro-moreno-aumenta-su-registro-y-se-convierte-en-el-goleador-de-la-sudamericana\/#primaryimage"},"thumbnailUrl":"https:\/\/futbolhoy.co\/wp-content\/uploads\/2025\/08\/GywmspMX0AAF9wD.jpeg","articleSection":["Sudamericana"],"inLanguage":"es","potentialAction":[{"@type":"CommentAction","name":"Comment","target":["https:\/\/futbolhoy.co\/index.php\/2025\/08\/20\/dayro-moreno-aumenta-su-registro-y-se-convierte-en-el-goleador-de-la-sudamericana\/#respond"]}]},{"@type":"WebPage","@id":"https:\/\/futbolhoy.co\/index.php\/2025\/08\/20\/dayro-moreno-aumenta-su-registro-y-se-convierte-en-el-goleador-de-la-sudamericana\/","url":"https:\/\/futbolhoy.co\/index.php\/2025\/08\/20\/dayro-moreno-aumenta-su-registro-y-se-convierte-en-el-goleador-de-la-sudamericana\/","name":"Dayro Moreno aumenta su registro y se convierte en el goleador de la Sudamericana -","isPartOf":{"@id":"https:\/\/futbolhoy.co\/#website"},"primaryImageOfPage":{"@id":"https:\/\/futbolhoy.co\/index.php\/2025\/08\/20\/dayro-moreno-aumenta-su-registro-y-se-convierte-en-el-goleador-de-la-sudamericana\/#primaryimage"},"image":{"@id":"https:\/\/futbolhoy.co\/index.php\/2025\/08\/20\/dayro-moreno-aumenta-su-registro-y-se-convierte-en-el-goleador-de-la-sudamericana\/#primaryimage"},"thumbnailUrl":"https:\/\/futbolhoy.co\/wp-content\/uploads\/2025\/08\/GywmspMX0AAF9wD.jpeg","datePublished":"2025-08-20T14:01:38+00:00","dateModified":"2025-08-21T04:36:24+00:00","breadcrumb":{"@id":"https:\/\/futbolhoy.co\/index.php\/2025\/08\/20\/dayro-moreno-aumenta-su-registro-y-se-convierte-en-el-goleador-de-la-sudamericana\/#breadcrumb"},"inLanguage":"es","potentialAction":[{"@type":"ReadAction","target":["https:\/\/futbolhoy.co\/index.php\/2025\/08\/20\/dayro-moreno-aumenta-su-registro-y-se-convierte-en-el-goleador-de-la-sudamericana\/"]}]},{"@type":"ImageObject","inLanguage":"es","@id":"https:\/\/futbolhoy.co\/index.php\/2025\/08\/20\/dayro-moreno-aumenta-su-registro-y-se-convierte-en-el-goleador-de-la-sudamericana\/#primaryimage","url":"https:\/\/futbolhoy.co\/wp-content\/uploads\/2025\/08\/GywmspMX0AAF9wD.jpeg","contentUrl":"https:\/\/futbolhoy.co\/wp-content\/uploads\/2025\/08\/GywmspMX0AAF9wD.jpeg","width":1000,"height":740,"caption":"Imagen: @oncecaldas"},{"@type":"BreadcrumbList","@id":"https:\/\/futbolhoy.co\/index.php\/2025\/08\/20\/dayro-moreno-aumenta-su-registro-y-se-convierte-en-el-goleador-de-la-sudamericana\/#breadcrumb","itemListElement":[{"@type":"ListItem","position":1,"name":"Portada","item":"https:\/\/futbolhoy.co\/"},{"@type":"ListItem","position":2,"name":"Dayro Moreno aumenta su registro y se convierte en el goleador de la Sudamericana"}]},{"@type":"WebSite","@id":"https:\/\/futbolhoy.co\/#website","url":"https:\/\/futbolhoy.co\/","name":"FutbolHoy","description":"","publisher":{"@id":"https:\/\/futbolhoy.co\/#organization"},"potentialAction":[{"@type":"SearchAction","target":{"@type":"EntryPoint","urlTemplate":"https:\/\/futbolhoy.co\/?s={search_term_string}"},"query-input":{"@type":"PropertyValueSpecification","valueRequired":true,"valueName":"search_term_string"}}],"inLanguage":"es"},{"@type":"Organization","@id":"https:\/\/futbolhoy.co\/#organization","name":"Futbolhoy.co","url":"https:\/\/futbolhoy.co\/","logo":{"@type":"ImageObject","inLanguage":"es","@id":"https:\/\/futbolhoy.co\/#\/schema\/logo\/image\/","url":"https:\/\/futbolhoy.co\/wp-content\/uploads\/2018\/08\/17426380_1906371736249227_6326180412931521141_n.jpg","contentUrl":"https:\/\/futbolhoy.co\/wp-content\/uploads\/2018\/08\/17426380_1906371736249227_6326180412931521141_n.jpg","width":960,"height":960,"caption":"Futbolhoy.co"},"image":{"@id":"https:\/\/futbolhoy.co\/#\/schema\/logo\/image\/"},"sameAs":["https:\/\/www.facebook.com\/FutbolHoyCol\/","https:\/\/x.com\/FutbolHoyCol","https:\/\/www.instagram.com\/futbolhoycol\/"]},{"@type":"Person","@id":"https:\/\/futbolhoy.co\/#\/schema\/person\/1721b69355b6623eaff15ac7b92d4cc3","name":"contenido","image":{"@type":"ImageObject","inLanguage":"es","@id":"https:\/\/futbolhoy.co\/#\/schema\/person\/image\/","url":"https:\/\/secure.gravatar.com\/avatar\/4f656d3256f5134f466206e7c3941518?s=96&d=mm&r=g","contentUrl":"https:\/\/secure.gravatar.com\/avatar\/4f656d3256f5134f466206e7c3941518?s=96&d=mm&r=g","caption":"contenido"}}]}},"publishpress_future_action":{"enabled":false,"date":"2026-05-03 15:40:57","action":"change-status","newStatus":"draft","terms":[],"taxonomy":"category","extraData":[]},"publishpress_future_workflow_manual_trigger":{"enabledWorkflows":[]},"_links":{"self":[{"href":"https:\/\/futbolhoy.co\/index.php\/wp-json\/wp\/v2\/posts\/122062","targetHints":{"allow":["GET"]}}],"collection":[{"href":"https:\/\/futbolhoy.co\/index.php\/wp-json\/wp\/v2\/posts"}],"about":[{"href":"https:\/\/futbolhoy.co\/index.php\/wp-json\/wp\/v2\/types\/post"}],"author":[{"embeddable":true,"href":"https:\/\/futbolhoy.co\/index.php\/wp-json\/wp\/v2\/users\/4"}],"replies":[{"embeddable":true,"href":"https:\/\/futbolhoy.co\/index.php\/wp-json\/wp\/v2\/comments?post=122062"}],"version-history":[{"count":1,"href":"https:\/\/futbolhoy.co\/index.php\/wp-json\/wp\/v2\/posts\/122062\/revisions"}],"predecessor-version":[{"id":122064,"href":"https:\/\/futbolhoy.co\/index.php\/wp-json\/wp\/v2\/posts\/122062\/revisions\/122064"}],"wp:featuredmedia":[{"embeddable":true,"href":"https:\/\/futbolhoy.co\/index.php\/wp-json\/wp\/v2\/media\/122063"}],"wp:attachment":[{"href":"https:\/\/futbolhoy.co\/index.php\/wp-json\/wp\/v2\/media?parent=122062"}],"wp:term":[{"taxonomy":"category","embeddable":true,"href":"https:\/\/futbolhoy.co\/index.php\/wp-json\/wp\/v2\/categories?post=122062"},{"taxonomy":"post_tag","embeddable":true,"href":"https:\/\/futbolhoy.co\/index.php\/wp-json\/wp\/v2\/tags?post=122062"}],"curies":[{"name":"wp","href":"https:\/\/api.w.org\/{rel}","templated":true}]}}