{"id":122068,"date":"2025-08-20T11:59:12","date_gmt":"2025-08-20T16:59:12","guid":{"rendered":"https:\/\/futbolhoy.co\/?p=122068"},"modified":"2025-08-21T09:16:26","modified_gmt":"2025-08-21T14:16:26","slug":"james-rodriguez-cuenta-por-que-ha-dejado-de-marcar-goles-le-afecta-el-esquema-de-leon","status":"publish","type":"post","link":"https:\/\/futbolhoy.co\/index.php\/2025\/08\/20\/james-rodriguez-cuenta-por-que-ha-dejado-de-marcar-goles-le-afecta-el-esquema-de-leon\/","title":{"rendered":"James Rodr\u00edguez cuenta por qu\u00e9 ha dejado de marcar goles; \u00bfle afecta el esquema de Le\u00f3n?"},"content":{"rendered":"<p><span style=\"font-family: helvetica, arial, sans-serif;\">Desde su llegada a M\u00e9xico, <strong>James Rodr\u00edguez<\/strong> ha dado de qu\u00e9 hablar por sus jugadas, presentaciones y juego en <strong>Le\u00f3n FC<\/strong>. Las \u00faltimas semanas no han sido de mucha actividad para el jugador cucute\u00f1o, que por problemas f\u00edsicos ha estado fuera de las convocatorias.<\/span><\/p>\n<p><span style=\"font-family: helvetica, arial, sans-serif;\">En una reciente entrevista con el periodista <em>Paco Montes<\/em>, el referente colombiano habl\u00f3 de su presente y<strong> la raz\u00f3n de su ausencia en los \u00faltimos partidos con el equipo del centro de M\u00e9xico.<\/strong><\/span><\/p>\n<p><span style=\"font-family: helvetica, arial, sans-serif;\">\"Los \u00faltimos juegos estuve fuera por problemas f\u00edsicos, no era nada grave, pero<strong> cuando el cuerpo habla tienes que tener cuidado y prefer\u00ed cuidarme con eso<\/strong>. Ten\u00eda un problema f\u00edsico en mi pierna izquierda, entonces<strong> ten\u00eda un poco de l\u00edo para poder patear<\/strong>\", expres\u00f3.<\/span><\/p>\n<p><span style=\"font-family: helvetica, arial, sans-serif;\">Sobre la falta de goles, Rodr\u00edguez coment\u00f3 que por el estilo de juego de Le\u00f3n se ha alejado del arco contrario. Por su actual responsabilidad en el campo de juego, <strong>su producci\u00f3n de gol ha bajado, a comparaci\u00f3n a otros equipos<\/strong> en los que ha tenido m\u00e1s oportunidades de marcar.<\/span><\/p>\n<p><span style=\"font-family: helvetica, arial, sans-serif;\">\"Creo que he tenido chances de poder hacer muchos m\u00e1s goles, que no se ha dado mucho, porque soy alguien que le gusta meter goles. <strong>El modo de juego que hemos tenido hace que est\u00e9 un poco m\u00e1s lejos del arco<\/strong>, no como en otras partes que estoy m\u00e1s cerca. Pero creo que en lo personal ha sido bueno, <strong>he podido ayudar al equipo a ganar partidos<\/strong>\", agreg\u00f3.<\/span><\/p>\n<p>&nbsp;<\/p>\n<p><iframe title=\"YouTube video player\" src=\"https:\/\/www.youtube.com\/embed\/vk3oQcNVqPQ?si=4-E7vYK1iIHBMZmS\" width=\"560\" height=\"315\" frameborder=\"0\" allowfullscreen=\"allowfullscreen\"><\/iframe><\/p>\n<p><span style=\"font-family: helvetica, arial, sans-serif;\">Por \u00faltimo, el colombiano manifest\u00f3 su entrega y compromiso con el plantel dirigido por Eduardo Berizzo. Espera volver al campo de juego y <strong>mejorar el rendimiento del equipo para pelear por un t\u00edtulo<\/strong> en el campeonato mexicano.<\/span><\/p>\n<p><span style=\"font-family: helvetica, arial, sans-serif;\"><strong>\"Para ser campe\u00f3n tienes que estar bien en todo sentido.<\/strong> Tanto f\u00edsica como mentalmente y que tu equipo est\u00e9 bien. <strong>Todos sabemos que va a ser duro, pero vamos a ir partido a partido<\/strong>\", agreg\u00f3<\/span><\/p>\n","protected":false},"excerpt":{"rendered":"<p>Desde su llegada a M\u00e9xico, James Rodr\u00edguez ha dado de qu\u00e9 hablar por sus jugadas, presentaciones y juego en Le\u00f3n FC. Las \u00faltimas semanas no han sido de mucha actividad para el jugador cucute\u00f1o, que por problemas f\u00edsicos ha estado fuera de las convocatorias. En una reciente entrevista con el periodista Paco Montes, el referente [&hellip;]<\/p>\n","protected":false},"author":4,"featured_media":122069,"comment_status":"open","ping_status":"open","sticky":false,"template":"","format":"standard","meta":{"_acf_changed":false,"footnotes":""},"categories":[418],"tags":[],"class_list":{"0":"post-122068","1":"post","2":"type-post","3":"status-publish","4":"format-standard","5":"has-post-thumbnail","7":"category-colombia"},"acf":[],"yoast_head":"<!-- This site is optimized with the Yoast SEO plugin v26.8 - https:\/\/yoast.com\/product\/yoast-seo-wordpress\/ -->\n<title>James Rodr\u00edguez cuenta por qu\u00e9 ha dejado de marcar goles; \u00bfle afecta el esquema de Le\u00f3n? -<\/title>\n<meta name=\"robots\" content=\"index, follow, max-snippet:-1, max-image-preview:large, max-video-preview:-1\" \/>\n<link rel=\"canonical\" href=\"https:\/\/futbolhoy.co\/index.php\/2025\/08\/20\/james-rodriguez-cuenta-por-que-ha-dejado-de-marcar-goles-le-afecta-el-esquema-de-leon\/\" \/>\n<meta property=\"og:locale\" content=\"es_ES\" \/>\n<meta property=\"og:type\" content=\"article\" \/>\n<meta property=\"og:title\" content=\"James Rodr\u00edguez cuenta por qu\u00e9 ha dejado de marcar goles; \u00bfle afecta el esquema de Le\u00f3n? -\" \/>\n<meta property=\"og:description\" content=\"Desde su llegada a M\u00e9xico, James Rodr\u00edguez ha dado de qu\u00e9 hablar por sus jugadas, presentaciones y juego en Le\u00f3n FC. Las \u00faltimas semanas no han sido de mucha actividad para el jugador cucute\u00f1o, que por problemas f\u00edsicos ha estado fuera de las convocatorias. En una reciente entrevista con el periodista Paco Montes, el referente [&hellip;]\" \/>\n<meta property=\"og:url\" content=\"https:\/\/futbolhoy.co\/index.php\/2025\/08\/20\/james-rodriguez-cuenta-por-que-ha-dejado-de-marcar-goles-le-afecta-el-esquema-de-leon\/\" \/>\n<meta property=\"article:publisher\" content=\"https:\/\/www.facebook.com\/FutbolHoyCol\/\" \/>\n<meta property=\"article:published_time\" content=\"2025-08-20T16:59:12+00:00\" \/>\n<meta property=\"article:modified_time\" content=\"2025-08-21T14:16:26+00:00\" \/>\n<meta property=\"og:image\" content=\"https:\/\/futbolhoy.co\/wp-content\/uploads\/2025\/08\/GwUjsitWwAUzZjd.jpeg\" \/>\n\t<meta property=\"og:image:width\" content=\"1968\" \/>\n\t<meta property=\"og:image:height\" content=\"1233\" \/>\n\t<meta property=\"og:image:type\" content=\"image\/jpeg\" \/>\n<meta name=\"author\" content=\"contenido\" \/>\n<meta name=\"twitter:card\" content=\"summary_large_image\" \/>\n<meta name=\"twitter:creator\" content=\"@FutbolHoyCol\" \/>\n<meta name=\"twitter:site\" content=\"@FutbolHoyCol\" \/>\n<meta name=\"twitter:label1\" content=\"Escrito por\" \/>\n\t<meta name=\"twitter:data1\" content=\"contenido\" \/>\n\t<meta name=\"twitter:label2\" content=\"Tiempo de lectura\" \/>\n\t<meta name=\"twitter:data2\" content=\"2 minutos\" \/>\n<script type=\"application\/ld+json\" class=\"yoast-schema-graph\">{\"@context\":\"https:\/\/schema.org\",\"@graph\":[{\"@type\":\"Article\",\"@id\":\"https:\/\/futbolhoy.co\/index.php\/2025\/08\/20\/james-rodriguez-cuenta-por-que-ha-dejado-de-marcar-goles-le-afecta-el-esquema-de-leon\/#article\",\"isPartOf\":{\"@id\":\"https:\/\/futbolhoy.co\/index.php\/2025\/08\/20\/james-rodriguez-cuenta-por-que-ha-dejado-de-marcar-goles-le-afecta-el-esquema-de-leon\/\"},\"author\":{\"name\":\"contenido\",\"@id\":\"https:\/\/futbolhoy.co\/#\/schema\/person\/1721b69355b6623eaff15ac7b92d4cc3\"},\"headline\":\"James Rodr\u00edguez cuenta por qu\u00e9 ha dejado de marcar goles; \u00bfle afecta el esquema de Le\u00f3n?\",\"datePublished\":\"2025-08-20T16:59:12+00:00\",\"dateModified\":\"2025-08-21T14:16:26+00:00\",\"mainEntityOfPage\":{\"@id\":\"https:\/\/futbolhoy.co\/index.php\/2025\/08\/20\/james-rodriguez-cuenta-por-que-ha-dejado-de-marcar-goles-le-afecta-el-esquema-de-leon\/\"},\"wordCount\":353,\"commentCount\":0,\"publisher\":{\"@id\":\"https:\/\/futbolhoy.co\/#organization\"},\"image\":{\"@id\":\"https:\/\/futbolhoy.co\/index.php\/2025\/08\/20\/james-rodriguez-cuenta-por-que-ha-dejado-de-marcar-goles-le-afecta-el-esquema-de-leon\/#primaryimage\"},\"thumbnailUrl\":\"https:\/\/futbolhoy.co\/wp-content\/uploads\/2025\/08\/GwUjsitWwAUzZjd.jpeg\",\"articleSection\":[\"Colombia\"],\"inLanguage\":\"es\",\"potentialAction\":[{\"@type\":\"CommentAction\",\"name\":\"Comment\",\"target\":[\"https:\/\/futbolhoy.co\/index.php\/2025\/08\/20\/james-rodriguez-cuenta-por-que-ha-dejado-de-marcar-goles-le-afecta-el-esquema-de-leon\/#respond\"]}]},{\"@type\":\"WebPage\",\"@id\":\"https:\/\/futbolhoy.co\/index.php\/2025\/08\/20\/james-rodriguez-cuenta-por-que-ha-dejado-de-marcar-goles-le-afecta-el-esquema-de-leon\/\",\"url\":\"https:\/\/futbolhoy.co\/index.php\/2025\/08\/20\/james-rodriguez-cuenta-por-que-ha-dejado-de-marcar-goles-le-afecta-el-esquema-de-leon\/\",\"name\":\"James Rodr\u00edguez cuenta por qu\u00e9 ha dejado de marcar goles; \u00bfle afecta el esquema de Le\u00f3n? -\",\"isPartOf\":{\"@id\":\"https:\/\/futbolhoy.co\/#website\"},\"primaryImageOfPage\":{\"@id\":\"https:\/\/futbolhoy.co\/index.php\/2025\/08\/20\/james-rodriguez-cuenta-por-que-ha-dejado-de-marcar-goles-le-afecta-el-esquema-de-leon\/#primaryimage\"},\"image\":{\"@id\":\"https:\/\/futbolhoy.co\/index.php\/2025\/08\/20\/james-rodriguez-cuenta-por-que-ha-dejado-de-marcar-goles-le-afecta-el-esquema-de-leon\/#primaryimage\"},\"thumbnailUrl\":\"https:\/\/futbolhoy.co\/wp-content\/uploads\/2025\/08\/GwUjsitWwAUzZjd.jpeg\",\"datePublished\":\"2025-08-20T16:59:12+00:00\",\"dateModified\":\"2025-08-21T14:16:26+00:00\",\"breadcrumb\":{\"@id\":\"https:\/\/futbolhoy.co\/index.php\/2025\/08\/20\/james-rodriguez-cuenta-por-que-ha-dejado-de-marcar-goles-le-afecta-el-esquema-de-leon\/#breadcrumb\"},\"inLanguage\":\"es\",\"potentialAction\":[{\"@type\":\"ReadAction\",\"target\":[\"https:\/\/futbolhoy.co\/index.php\/2025\/08\/20\/james-rodriguez-cuenta-por-que-ha-dejado-de-marcar-goles-le-afecta-el-esquema-de-leon\/\"]}]},{\"@type\":\"ImageObject\",\"inLanguage\":\"es\",\"@id\":\"https:\/\/futbolhoy.co\/index.php\/2025\/08\/20\/james-rodriguez-cuenta-por-que-ha-dejado-de-marcar-goles-le-afecta-el-esquema-de-leon\/#primaryimage\",\"url\":\"https:\/\/futbolhoy.co\/wp-content\/uploads\/2025\/08\/GwUjsitWwAUzZjd.jpeg\",\"contentUrl\":\"https:\/\/futbolhoy.co\/wp-content\/uploads\/2025\/08\/GwUjsitWwAUzZjd.jpeg\",\"width\":1968,\"height\":1233,\"caption\":\"Imagen: @jamesdrodriguez\"},{\"@type\":\"BreadcrumbList\",\"@id\":\"https:\/\/futbolhoy.co\/index.php\/2025\/08\/20\/james-rodriguez-cuenta-por-que-ha-dejado-de-marcar-goles-le-afecta-el-esquema-de-leon\/#breadcrumb\",\"itemListElement\":[{\"@type\":\"ListItem\",\"position\":1,\"name\":\"Portada\",\"item\":\"https:\/\/futbolhoy.co\/\"},{\"@type\":\"ListItem\",\"position\":2,\"name\":\"James Rodr\u00edguez cuenta por qu\u00e9 ha dejado de marcar goles; \u00bfle afecta el esquema de Le\u00f3n?\"}]},{\"@type\":\"WebSite\",\"@id\":\"https:\/\/futbolhoy.co\/#website\",\"url\":\"https:\/\/futbolhoy.co\/\",\"name\":\"FutbolHoy\",\"description\":\"\",\"publisher\":{\"@id\":\"https:\/\/futbolhoy.co\/#organization\"},\"potentialAction\":[{\"@type\":\"SearchAction\",\"target\":{\"@type\":\"EntryPoint\",\"urlTemplate\":\"https:\/\/futbolhoy.co\/?s={search_term_string}\"},\"query-input\":{\"@type\":\"PropertyValueSpecification\",\"valueRequired\":true,\"valueName\":\"search_term_string\"}}],\"inLanguage\":\"es\"},{\"@type\":\"Organization\",\"@id\":\"https:\/\/futbolhoy.co\/#organization\",\"name\":\"Futbolhoy.co\",\"url\":\"https:\/\/futbolhoy.co\/\",\"logo\":{\"@type\":\"ImageObject\",\"inLanguage\":\"es\",\"@id\":\"https:\/\/futbolhoy.co\/#\/schema\/logo\/image\/\",\"url\":\"https:\/\/futbolhoy.co\/wp-content\/uploads\/2018\/08\/17426380_1906371736249227_6326180412931521141_n.jpg\",\"contentUrl\":\"https:\/\/futbolhoy.co\/wp-content\/uploads\/2018\/08\/17426380_1906371736249227_6326180412931521141_n.jpg\",\"width\":960,\"height\":960,\"caption\":\"Futbolhoy.co\"},\"image\":{\"@id\":\"https:\/\/futbolhoy.co\/#\/schema\/logo\/image\/\"},\"sameAs\":[\"https:\/\/www.facebook.com\/FutbolHoyCol\/\",\"https:\/\/x.com\/FutbolHoyCol\",\"https:\/\/www.instagram.com\/futbolhoycol\/\"]},{\"@type\":\"Person\",\"@id\":\"https:\/\/futbolhoy.co\/#\/schema\/person\/1721b69355b6623eaff15ac7b92d4cc3\",\"name\":\"contenido\",\"image\":{\"@type\":\"ImageObject\",\"inLanguage\":\"es\",\"@id\":\"https:\/\/futbolhoy.co\/#\/schema\/person\/image\/\",\"url\":\"https:\/\/secure.gravatar.com\/avatar\/4f656d3256f5134f466206e7c3941518?s=96&d=mm&r=g\",\"contentUrl\":\"https:\/\/secure.gravatar.com\/avatar\/4f656d3256f5134f466206e7c3941518?s=96&d=mm&r=g\",\"caption\":\"contenido\"}}]}<\/script>\n<!-- \/ Yoast SEO plugin. -->","yoast_head_json":{"title":"James Rodr\u00edguez cuenta por qu\u00e9 ha dejado de marcar goles; \u00bfle afecta el esquema de Le\u00f3n? -","robots":{"index":"index","follow":"follow","max-snippet":"max-snippet:-1","max-image-preview":"max-image-preview:large","max-video-preview":"max-video-preview:-1"},"canonical":"https:\/\/futbolhoy.co\/index.php\/2025\/08\/20\/james-rodriguez-cuenta-por-que-ha-dejado-de-marcar-goles-le-afecta-el-esquema-de-leon\/","og_locale":"es_ES","og_type":"article","og_title":"James Rodr\u00edguez cuenta por qu\u00e9 ha dejado de marcar goles; \u00bfle afecta el esquema de Le\u00f3n? -","og_description":"Desde su llegada a M\u00e9xico, James Rodr\u00edguez ha dado de qu\u00e9 hablar por sus jugadas, presentaciones y juego en Le\u00f3n FC. Las \u00faltimas semanas no han sido de mucha actividad para el jugador cucute\u00f1o, que por problemas f\u00edsicos ha estado fuera de las convocatorias. En una reciente entrevista con el periodista Paco Montes, el referente [&hellip;]","og_url":"https:\/\/futbolhoy.co\/index.php\/2025\/08\/20\/james-rodriguez-cuenta-por-que-ha-dejado-de-marcar-goles-le-afecta-el-esquema-de-leon\/","article_publisher":"https:\/\/www.facebook.com\/FutbolHoyCol\/","article_published_time":"2025-08-20T16:59:12+00:00","article_modified_time":"2025-08-21T14:16:26+00:00","og_image":[{"width":1968,"height":1233,"url":"https:\/\/futbolhoy.co\/wp-content\/uploads\/2025\/08\/GwUjsitWwAUzZjd.jpeg","type":"image\/jpeg"}],"author":"contenido","twitter_card":"summary_large_image","twitter_creator":"@FutbolHoyCol","twitter_site":"@FutbolHoyCol","twitter_misc":{"Escrito por":"contenido","Tiempo de lectura":"2 minutos"},"schema":{"@context":"https:\/\/schema.org","@graph":[{"@type":"Article","@id":"https:\/\/futbolhoy.co\/index.php\/2025\/08\/20\/james-rodriguez-cuenta-por-que-ha-dejado-de-marcar-goles-le-afecta-el-esquema-de-leon\/#article","isPartOf":{"@id":"https:\/\/futbolhoy.co\/index.php\/2025\/08\/20\/james-rodriguez-cuenta-por-que-ha-dejado-de-marcar-goles-le-afecta-el-esquema-de-leon\/"},"author":{"name":"contenido","@id":"https:\/\/futbolhoy.co\/#\/schema\/person\/1721b69355b6623eaff15ac7b92d4cc3"},"headline":"James Rodr\u00edguez cuenta por qu\u00e9 ha dejado de marcar goles; \u00bfle afecta el esquema de Le\u00f3n?","datePublished":"2025-08-20T16:59:12+00:00","dateModified":"2025-08-21T14:16:26+00:00","mainEntityOfPage":{"@id":"https:\/\/futbolhoy.co\/index.php\/2025\/08\/20\/james-rodriguez-cuenta-por-que-ha-dejado-de-marcar-goles-le-afecta-el-esquema-de-leon\/"},"wordCount":353,"commentCount":0,"publisher":{"@id":"https:\/\/futbolhoy.co\/#organization"},"image":{"@id":"https:\/\/futbolhoy.co\/index.php\/2025\/08\/20\/james-rodriguez-cuenta-por-que-ha-dejado-de-marcar-goles-le-afecta-el-esquema-de-leon\/#primaryimage"},"thumbnailUrl":"https:\/\/futbolhoy.co\/wp-content\/uploads\/2025\/08\/GwUjsitWwAUzZjd.jpeg","articleSection":["Colombia"],"inLanguage":"es","potentialAction":[{"@type":"CommentAction","name":"Comment","target":["https:\/\/futbolhoy.co\/index.php\/2025\/08\/20\/james-rodriguez-cuenta-por-que-ha-dejado-de-marcar-goles-le-afecta-el-esquema-de-leon\/#respond"]}]},{"@type":"WebPage","@id":"https:\/\/futbolhoy.co\/index.php\/2025\/08\/20\/james-rodriguez-cuenta-por-que-ha-dejado-de-marcar-goles-le-afecta-el-esquema-de-leon\/","url":"https:\/\/futbolhoy.co\/index.php\/2025\/08\/20\/james-rodriguez-cuenta-por-que-ha-dejado-de-marcar-goles-le-afecta-el-esquema-de-leon\/","name":"James Rodr\u00edguez cuenta por qu\u00e9 ha dejado de marcar goles; \u00bfle afecta el esquema de Le\u00f3n? -","isPartOf":{"@id":"https:\/\/futbolhoy.co\/#website"},"primaryImageOfPage":{"@id":"https:\/\/futbolhoy.co\/index.php\/2025\/08\/20\/james-rodriguez-cuenta-por-que-ha-dejado-de-marcar-goles-le-afecta-el-esquema-de-leon\/#primaryimage"},"image":{"@id":"https:\/\/futbolhoy.co\/index.php\/2025\/08\/20\/james-rodriguez-cuenta-por-que-ha-dejado-de-marcar-goles-le-afecta-el-esquema-de-leon\/#primaryimage"},"thumbnailUrl":"https:\/\/futbolhoy.co\/wp-content\/uploads\/2025\/08\/GwUjsitWwAUzZjd.jpeg","datePublished":"2025-08-20T16:59:12+00:00","dateModified":"2025-08-21T14:16:26+00:00","breadcrumb":{"@id":"https:\/\/futbolhoy.co\/index.php\/2025\/08\/20\/james-rodriguez-cuenta-por-que-ha-dejado-de-marcar-goles-le-afecta-el-esquema-de-leon\/#breadcrumb"},"inLanguage":"es","potentialAction":[{"@type":"ReadAction","target":["https:\/\/futbolhoy.co\/index.php\/2025\/08\/20\/james-rodriguez-cuenta-por-que-ha-dejado-de-marcar-goles-le-afecta-el-esquema-de-leon\/"]}]},{"@type":"ImageObject","inLanguage":"es","@id":"https:\/\/futbolhoy.co\/index.php\/2025\/08\/20\/james-rodriguez-cuenta-por-que-ha-dejado-de-marcar-goles-le-afecta-el-esquema-de-leon\/#primaryimage","url":"https:\/\/futbolhoy.co\/wp-content\/uploads\/2025\/08\/GwUjsitWwAUzZjd.jpeg","contentUrl":"https:\/\/futbolhoy.co\/wp-content\/uploads\/2025\/08\/GwUjsitWwAUzZjd.jpeg","width":1968,"height":1233,"caption":"Imagen: @jamesdrodriguez"},{"@type":"BreadcrumbList","@id":"https:\/\/futbolhoy.co\/index.php\/2025\/08\/20\/james-rodriguez-cuenta-por-que-ha-dejado-de-marcar-goles-le-afecta-el-esquema-de-leon\/#breadcrumb","itemListElement":[{"@type":"ListItem","position":1,"name":"Portada","item":"https:\/\/futbolhoy.co\/"},{"@type":"ListItem","position":2,"name":"James Rodr\u00edguez cuenta por qu\u00e9 ha dejado de marcar goles; \u00bfle afecta el esquema de Le\u00f3n?"}]},{"@type":"WebSite","@id":"https:\/\/futbolhoy.co\/#website","url":"https:\/\/futbolhoy.co\/","name":"FutbolHoy","description":"","publisher":{"@id":"https:\/\/futbolhoy.co\/#organization"},"potentialAction":[{"@type":"SearchAction","target":{"@type":"EntryPoint","urlTemplate":"https:\/\/futbolhoy.co\/?s={search_term_string}"},"query-input":{"@type":"PropertyValueSpecification","valueRequired":true,"valueName":"search_term_string"}}],"inLanguage":"es"},{"@type":"Organization","@id":"https:\/\/futbolhoy.co\/#organization","name":"Futbolhoy.co","url":"https:\/\/futbolhoy.co\/","logo":{"@type":"ImageObject","inLanguage":"es","@id":"https:\/\/futbolhoy.co\/#\/schema\/logo\/image\/","url":"https:\/\/futbolhoy.co\/wp-content\/uploads\/2018\/08\/17426380_1906371736249227_6326180412931521141_n.jpg","contentUrl":"https:\/\/futbolhoy.co\/wp-content\/uploads\/2018\/08\/17426380_1906371736249227_6326180412931521141_n.jpg","width":960,"height":960,"caption":"Futbolhoy.co"},"image":{"@id":"https:\/\/futbolhoy.co\/#\/schema\/logo\/image\/"},"sameAs":["https:\/\/www.facebook.com\/FutbolHoyCol\/","https:\/\/x.com\/FutbolHoyCol","https:\/\/www.instagram.com\/futbolhoycol\/"]},{"@type":"Person","@id":"https:\/\/futbolhoy.co\/#\/schema\/person\/1721b69355b6623eaff15ac7b92d4cc3","name":"contenido","image":{"@type":"ImageObject","inLanguage":"es","@id":"https:\/\/futbolhoy.co\/#\/schema\/person\/image\/","url":"https:\/\/secure.gravatar.com\/avatar\/4f656d3256f5134f466206e7c3941518?s=96&d=mm&r=g","contentUrl":"https:\/\/secure.gravatar.com\/avatar\/4f656d3256f5134f466206e7c3941518?s=96&d=mm&r=g","caption":"contenido"}}]}},"publishpress_future_action":{"enabled":false,"date":"2026-05-03 19:51:22","action":"change-status","newStatus":"draft","terms":[],"taxonomy":"category","extraData":[]},"publishpress_future_workflow_manual_trigger":{"enabledWorkflows":[]},"_links":{"self":[{"href":"https:\/\/futbolhoy.co\/index.php\/wp-json\/wp\/v2\/posts\/122068","targetHints":{"allow":["GET"]}}],"collection":[{"href":"https:\/\/futbolhoy.co\/index.php\/wp-json\/wp\/v2\/posts"}],"about":[{"href":"https:\/\/futbolhoy.co\/index.php\/wp-json\/wp\/v2\/types\/post"}],"author":[{"embeddable":true,"href":"https:\/\/futbolhoy.co\/index.php\/wp-json\/wp\/v2\/users\/4"}],"replies":[{"embeddable":true,"href":"https:\/\/futbolhoy.co\/index.php\/wp-json\/wp\/v2\/comments?post=122068"}],"version-history":[{"count":1,"href":"https:\/\/futbolhoy.co\/index.php\/wp-json\/wp\/v2\/posts\/122068\/revisions"}],"predecessor-version":[{"id":122070,"href":"https:\/\/futbolhoy.co\/index.php\/wp-json\/wp\/v2\/posts\/122068\/revisions\/122070"}],"wp:featuredmedia":[{"embeddable":true,"href":"https:\/\/futbolhoy.co\/index.php\/wp-json\/wp\/v2\/media\/122069"}],"wp:attachment":[{"href":"https:\/\/futbolhoy.co\/index.php\/wp-json\/wp\/v2\/media?parent=122068"}],"wp:term":[{"taxonomy":"category","embeddable":true,"href":"https:\/\/futbolhoy.co\/index.php\/wp-json\/wp\/v2\/categories?post=122068"},{"taxonomy":"post_tag","embeddable":true,"href":"https:\/\/futbolhoy.co\/index.php\/wp-json\/wp\/v2\/tags?post=122068"}],"curies":[{"name":"wp","href":"https:\/\/api.w.org\/{rel}","templated":true}]}}