{"id":122096,"date":"2025-08-21T08:40:35","date_gmt":"2025-08-21T13:40:35","guid":{"rendered":"https:\/\/futbolhoy.co\/?p=122096"},"modified":"2025-08-21T21:58:07","modified_gmt":"2025-08-22T02:58:07","slug":"la-autocritica-de-jorge-arias-ante-la-crisis-de-millonarios-somos-una-verguenza","status":"publish","type":"post","link":"https:\/\/futbolhoy.co\/index.php\/2025\/08\/21\/la-autocritica-de-jorge-arias-ante-la-crisis-de-millonarios-somos-una-verguenza\/","title":{"rendered":"La autocr\u00edtica de Jorge Ar\u00edas ante la crisis de Millonarios: \"Somos una verg\u00fcenza\""},"content":{"rendered":"<p><span style=\"font-family: helvetica, arial, sans-serif;\"><strong>Millonarios<\/strong> vive una crisis deportiva que hace a\u00f1os no afrontaba en la liga colombiana. <strong>Con 1 punto en 6 partidos jugados <\/strong>en el segundo semestre, la directiva del equipo decidi\u00f3 retirar al t\u00e9cnico <strong>David Gonz\u00e1lez<\/strong> del cargo.<\/span><\/p>\n<p><span style=\"font-family: helvetica, arial, sans-serif;\">El anuncio oficial se dio en rueda de prensa al terminar el partido contra Uni\u00f3n Magdalena. <strong>\"He sido comunicado por parte del club que no contin\u00fao<\/strong>, la situaci\u00f3n es insostenible y es entendible de parte de nuestros directivos\", expres\u00f3 el entrenador antioque\u00f1o.<\/span><\/p>\n<p><span style=\"font-family: helvetica, arial, sans-serif;\"><strong>Jorge Arias<\/strong> acudi\u00f3 junto a Gonz\u00e1lez y fue claro en su autocr\u00edtica por el presente del equipo bogotano. En sus declaraciones <strong>fue enf\u00e1tico al expresar que los jugadores tienen bastante responsabilidad<\/strong> <strong>del mal rendimiento del club<\/strong> y cont\u00f3 que ve complicada la clasificaci\u00f3n a cuadrangulares.<\/span><\/p>\n<p><span style=\"font-family: helvetica, arial, sans-serif;\">\"Hoy por hoy es muy dif\u00edcil. <strong>Siendo sincero, somos una verguenza, lo digo sin ning\u00fan tapujo.<\/strong> Quedan puntos por disputar, obviamente tenemos la esperanza de clasificar pero <strong>si seguimos as\u00ed va a ser muy difici<\/strong>l (...) El profe no tiene la culpa de que erremos goles debajo del arco. <strong>Los culpables somos nosotros que somos los que jugamos\"<\/strong>, declar\u00f3 el defensor.<\/span><\/p>\n<p><iframe title=\"YouTube video player\" src=\"https:\/\/www.youtube.com\/embed\/mdcphjwk240?si=wJ6-EEoLodmkzy2k\" width=\"560\" height=\"315\" frameborder=\"0\" allowfullscreen=\"allowfullscreen\"><\/iframe><\/p>\n<p><span style=\"font-family: helvetica, arial, sans-serif;\">Antes de finalizar la conferencia de prensa, Gonz\u00e1lez envi\u00f3 un mensaje a la hinchada para que acompa\u00f1e al equipo en el pr\u00f3ximo partido.<\/span><\/p>\n<p><span style=\"font-family: helvetica, arial, sans-serif;\">\u201cAprovecho para hacer un llamado a la hinchada de que, ojal\u00e1, el hecho de sacar al t\u00e9cnico<strong>, les permita llegar con otra energ\u00eda el s\u00e1bado, un ambiente menos hostil y m\u00e1s de apoyo.<\/strong> Que el reseteo sea no solo para los jugadores, sino para todo Millonarios. Que digan: \u2018Vamos a apoyar\u2019\", agreg\u00f3 el t\u00e9cnico.<\/span><\/p>\n<p><span style=\"font-family: helvetica, arial, sans-serif;\"><strong>Millonarios<\/strong> entrentar\u00e1 a <strong>Junior de Barranquilla<\/strong> en la octava fecha de la Liga BetPlay el<strong> s\u00e1bado 23 de agosto a las 8:30 p.m.\u00a0<\/strong>en el estadio Nemesio Camacho el Camp\u00edn.<\/span><\/p>\n","protected":false},"excerpt":{"rendered":"<p>Millonarios vive una crisis deportiva que hace a\u00f1os no afrontaba en la liga colombiana. Con 1 punto en 6 partidos jugados en el segundo semestre, la directiva del equipo decidi\u00f3 retirar al t\u00e9cnico David Gonz\u00e1lez del cargo. El anuncio oficial se dio en rueda de prensa al terminar el partido contra Uni\u00f3n Magdalena. \"He sido [&hellip;]<\/p>\n","protected":false},"author":4,"featured_media":122097,"comment_status":"open","ping_status":"open","sticky":false,"template":"","format":"standard","meta":{"_acf_changed":false,"footnotes":""},"categories":[7],"tags":[],"class_list":{"0":"post-122096","1":"post","2":"type-post","3":"status-publish","4":"format-standard","5":"has-post-thumbnail","7":"category-liga-betplay"},"acf":[],"yoast_head":"<!-- This site is optimized with the Yoast SEO plugin v26.8 - https:\/\/yoast.com\/product\/yoast-seo-wordpress\/ -->\n<title>La autocr\u00edtica de Jorge Ar\u00edas ante la crisis de Millonarios: &quot;Somos una verg\u00fcenza&quot; -<\/title>\n<meta name=\"robots\" content=\"index, follow, max-snippet:-1, max-image-preview:large, max-video-preview:-1\" \/>\n<link rel=\"canonical\" href=\"https:\/\/futbolhoy.co\/index.php\/2025\/08\/21\/la-autocritica-de-jorge-arias-ante-la-crisis-de-millonarios-somos-una-verguenza\/\" \/>\n<meta property=\"og:locale\" content=\"es_ES\" \/>\n<meta property=\"og:type\" content=\"article\" \/>\n<meta property=\"og:title\" content=\"La autocr\u00edtica de Jorge Ar\u00edas ante la crisis de Millonarios: &quot;Somos una verg\u00fcenza&quot; -\" \/>\n<meta property=\"og:description\" content=\"Millonarios vive una crisis deportiva que hace a\u00f1os no afrontaba en la liga colombiana. Con 1 punto en 6 partidos jugados en el segundo semestre, la directiva del equipo decidi\u00f3 retirar al t\u00e9cnico David Gonz\u00e1lez del cargo. El anuncio oficial se dio en rueda de prensa al terminar el partido contra Uni\u00f3n Magdalena. &quot;He sido [&hellip;]\" \/>\n<meta property=\"og:url\" content=\"https:\/\/futbolhoy.co\/index.php\/2025\/08\/21\/la-autocritica-de-jorge-arias-ante-la-crisis-de-millonarios-somos-una-verguenza\/\" \/>\n<meta property=\"article:publisher\" content=\"https:\/\/www.facebook.com\/FutbolHoyCol\/\" \/>\n<meta property=\"article:published_time\" content=\"2025-08-21T13:40:35+00:00\" \/>\n<meta property=\"article:modified_time\" content=\"2025-08-22T02:58:07+00:00\" \/>\n<meta property=\"og:image\" content=\"https:\/\/futbolhoy.co\/wp-content\/uploads\/2025\/08\/Jorge-Arias.jpg\" \/>\n\t<meta property=\"og:image:width\" content=\"1200\" \/>\n\t<meta property=\"og:image:height\" content=\"675\" \/>\n\t<meta property=\"og:image:type\" content=\"image\/jpeg\" \/>\n<meta name=\"author\" content=\"contenido\" \/>\n<meta name=\"twitter:card\" content=\"summary_large_image\" \/>\n<meta name=\"twitter:creator\" content=\"@FutbolHoyCol\" \/>\n<meta name=\"twitter:site\" content=\"@FutbolHoyCol\" \/>\n<meta name=\"twitter:label1\" content=\"Escrito por\" \/>\n\t<meta name=\"twitter:data1\" content=\"contenido\" \/>\n\t<meta name=\"twitter:label2\" content=\"Tiempo de lectura\" \/>\n\t<meta name=\"twitter:data2\" content=\"2 minutos\" \/>\n<script type=\"application\/ld+json\" class=\"yoast-schema-graph\">{\"@context\":\"https:\/\/schema.org\",\"@graph\":[{\"@type\":\"Article\",\"@id\":\"https:\/\/futbolhoy.co\/index.php\/2025\/08\/21\/la-autocritica-de-jorge-arias-ante-la-crisis-de-millonarios-somos-una-verguenza\/#article\",\"isPartOf\":{\"@id\":\"https:\/\/futbolhoy.co\/index.php\/2025\/08\/21\/la-autocritica-de-jorge-arias-ante-la-crisis-de-millonarios-somos-una-verguenza\/\"},\"author\":{\"name\":\"contenido\",\"@id\":\"https:\/\/futbolhoy.co\/#\/schema\/person\/1721b69355b6623eaff15ac7b92d4cc3\"},\"headline\":\"La autocr\u00edtica de Jorge Ar\u00edas ante la crisis de Millonarios: \\\"Somos una verg\u00fcenza\\\"\",\"datePublished\":\"2025-08-21T13:40:35+00:00\",\"dateModified\":\"2025-08-22T02:58:07+00:00\",\"mainEntityOfPage\":{\"@id\":\"https:\/\/futbolhoy.co\/index.php\/2025\/08\/21\/la-autocritica-de-jorge-arias-ante-la-crisis-de-millonarios-somos-una-verguenza\/\"},\"wordCount\":327,\"commentCount\":0,\"publisher\":{\"@id\":\"https:\/\/futbolhoy.co\/#organization\"},\"image\":{\"@id\":\"https:\/\/futbolhoy.co\/index.php\/2025\/08\/21\/la-autocritica-de-jorge-arias-ante-la-crisis-de-millonarios-somos-una-verguenza\/#primaryimage\"},\"thumbnailUrl\":\"https:\/\/futbolhoy.co\/wp-content\/uploads\/2025\/08\/Jorge-Arias.jpg\",\"articleSection\":[\"Liga BetPlay\"],\"inLanguage\":\"es\",\"potentialAction\":[{\"@type\":\"CommentAction\",\"name\":\"Comment\",\"target\":[\"https:\/\/futbolhoy.co\/index.php\/2025\/08\/21\/la-autocritica-de-jorge-arias-ante-la-crisis-de-millonarios-somos-una-verguenza\/#respond\"]}]},{\"@type\":\"WebPage\",\"@id\":\"https:\/\/futbolhoy.co\/index.php\/2025\/08\/21\/la-autocritica-de-jorge-arias-ante-la-crisis-de-millonarios-somos-una-verguenza\/\",\"url\":\"https:\/\/futbolhoy.co\/index.php\/2025\/08\/21\/la-autocritica-de-jorge-arias-ante-la-crisis-de-millonarios-somos-una-verguenza\/\",\"name\":\"La autocr\u00edtica de Jorge Ar\u00edas ante la crisis de Millonarios: \\\"Somos una verg\u00fcenza\\\" -\",\"isPartOf\":{\"@id\":\"https:\/\/futbolhoy.co\/#website\"},\"primaryImageOfPage\":{\"@id\":\"https:\/\/futbolhoy.co\/index.php\/2025\/08\/21\/la-autocritica-de-jorge-arias-ante-la-crisis-de-millonarios-somos-una-verguenza\/#primaryimage\"},\"image\":{\"@id\":\"https:\/\/futbolhoy.co\/index.php\/2025\/08\/21\/la-autocritica-de-jorge-arias-ante-la-crisis-de-millonarios-somos-una-verguenza\/#primaryimage\"},\"thumbnailUrl\":\"https:\/\/futbolhoy.co\/wp-content\/uploads\/2025\/08\/Jorge-Arias.jpg\",\"datePublished\":\"2025-08-21T13:40:35+00:00\",\"dateModified\":\"2025-08-22T02:58:07+00:00\",\"breadcrumb\":{\"@id\":\"https:\/\/futbolhoy.co\/index.php\/2025\/08\/21\/la-autocritica-de-jorge-arias-ante-la-crisis-de-millonarios-somos-una-verguenza\/#breadcrumb\"},\"inLanguage\":\"es\",\"potentialAction\":[{\"@type\":\"ReadAction\",\"target\":[\"https:\/\/futbolhoy.co\/index.php\/2025\/08\/21\/la-autocritica-de-jorge-arias-ante-la-crisis-de-millonarios-somos-una-verguenza\/\"]}]},{\"@type\":\"ImageObject\",\"inLanguage\":\"es\",\"@id\":\"https:\/\/futbolhoy.co\/index.php\/2025\/08\/21\/la-autocritica-de-jorge-arias-ante-la-crisis-de-millonarios-somos-una-verguenza\/#primaryimage\",\"url\":\"https:\/\/futbolhoy.co\/wp-content\/uploads\/2025\/08\/Jorge-Arias.jpg\",\"contentUrl\":\"https:\/\/futbolhoy.co\/wp-content\/uploads\/2025\/08\/Jorge-Arias.jpg\",\"width\":1200,\"height\":675,\"caption\":\"Imagen: Captura de pantalla Dimayor\"},{\"@type\":\"BreadcrumbList\",\"@id\":\"https:\/\/futbolhoy.co\/index.php\/2025\/08\/21\/la-autocritica-de-jorge-arias-ante-la-crisis-de-millonarios-somos-una-verguenza\/#breadcrumb\",\"itemListElement\":[{\"@type\":\"ListItem\",\"position\":1,\"name\":\"Portada\",\"item\":\"https:\/\/futbolhoy.co\/\"},{\"@type\":\"ListItem\",\"position\":2,\"name\":\"La autocr\u00edtica de Jorge Ar\u00edas ante la crisis de Millonarios: \\\"Somos una verg\u00fcenza\\\"\"}]},{\"@type\":\"WebSite\",\"@id\":\"https:\/\/futbolhoy.co\/#website\",\"url\":\"https:\/\/futbolhoy.co\/\",\"name\":\"FutbolHoy\",\"description\":\"\",\"publisher\":{\"@id\":\"https:\/\/futbolhoy.co\/#organization\"},\"potentialAction\":[{\"@type\":\"SearchAction\",\"target\":{\"@type\":\"EntryPoint\",\"urlTemplate\":\"https:\/\/futbolhoy.co\/?s={search_term_string}\"},\"query-input\":{\"@type\":\"PropertyValueSpecification\",\"valueRequired\":true,\"valueName\":\"search_term_string\"}}],\"inLanguage\":\"es\"},{\"@type\":\"Organization\",\"@id\":\"https:\/\/futbolhoy.co\/#organization\",\"name\":\"Futbolhoy.co\",\"url\":\"https:\/\/futbolhoy.co\/\",\"logo\":{\"@type\":\"ImageObject\",\"inLanguage\":\"es\",\"@id\":\"https:\/\/futbolhoy.co\/#\/schema\/logo\/image\/\",\"url\":\"https:\/\/futbolhoy.co\/wp-content\/uploads\/2018\/08\/17426380_1906371736249227_6326180412931521141_n.jpg\",\"contentUrl\":\"https:\/\/futbolhoy.co\/wp-content\/uploads\/2018\/08\/17426380_1906371736249227_6326180412931521141_n.jpg\",\"width\":960,\"height\":960,\"caption\":\"Futbolhoy.co\"},\"image\":{\"@id\":\"https:\/\/futbolhoy.co\/#\/schema\/logo\/image\/\"},\"sameAs\":[\"https:\/\/www.facebook.com\/FutbolHoyCol\/\",\"https:\/\/x.com\/FutbolHoyCol\",\"https:\/\/www.instagram.com\/futbolhoycol\/\"]},{\"@type\":\"Person\",\"@id\":\"https:\/\/futbolhoy.co\/#\/schema\/person\/1721b69355b6623eaff15ac7b92d4cc3\",\"name\":\"contenido\",\"image\":{\"@type\":\"ImageObject\",\"inLanguage\":\"es\",\"@id\":\"https:\/\/futbolhoy.co\/#\/schema\/person\/image\/\",\"url\":\"https:\/\/secure.gravatar.com\/avatar\/4f656d3256f5134f466206e7c3941518?s=96&d=mm&r=g\",\"contentUrl\":\"https:\/\/secure.gravatar.com\/avatar\/4f656d3256f5134f466206e7c3941518?s=96&d=mm&r=g\",\"caption\":\"contenido\"}}]}<\/script>\n<!-- \/ Yoast SEO plugin. -->","yoast_head_json":{"title":"La autocr\u00edtica de Jorge Ar\u00edas ante la crisis de Millonarios: \"Somos una verg\u00fcenza\" -","robots":{"index":"index","follow":"follow","max-snippet":"max-snippet:-1","max-image-preview":"max-image-preview:large","max-video-preview":"max-video-preview:-1"},"canonical":"https:\/\/futbolhoy.co\/index.php\/2025\/08\/21\/la-autocritica-de-jorge-arias-ante-la-crisis-de-millonarios-somos-una-verguenza\/","og_locale":"es_ES","og_type":"article","og_title":"La autocr\u00edtica de Jorge Ar\u00edas ante la crisis de Millonarios: \"Somos una verg\u00fcenza\" -","og_description":"Millonarios vive una crisis deportiva que hace a\u00f1os no afrontaba en la liga colombiana. Con 1 punto en 6 partidos jugados en el segundo semestre, la directiva del equipo decidi\u00f3 retirar al t\u00e9cnico David Gonz\u00e1lez del cargo. El anuncio oficial se dio en rueda de prensa al terminar el partido contra Uni\u00f3n Magdalena. \"He sido [&hellip;]","og_url":"https:\/\/futbolhoy.co\/index.php\/2025\/08\/21\/la-autocritica-de-jorge-arias-ante-la-crisis-de-millonarios-somos-una-verguenza\/","article_publisher":"https:\/\/www.facebook.com\/FutbolHoyCol\/","article_published_time":"2025-08-21T13:40:35+00:00","article_modified_time":"2025-08-22T02:58:07+00:00","og_image":[{"width":1200,"height":675,"url":"https:\/\/futbolhoy.co\/wp-content\/uploads\/2025\/08\/Jorge-Arias.jpg","type":"image\/jpeg"}],"author":"contenido","twitter_card":"summary_large_image","twitter_creator":"@FutbolHoyCol","twitter_site":"@FutbolHoyCol","twitter_misc":{"Escrito por":"contenido","Tiempo de lectura":"2 minutos"},"schema":{"@context":"https:\/\/schema.org","@graph":[{"@type":"Article","@id":"https:\/\/futbolhoy.co\/index.php\/2025\/08\/21\/la-autocritica-de-jorge-arias-ante-la-crisis-de-millonarios-somos-una-verguenza\/#article","isPartOf":{"@id":"https:\/\/futbolhoy.co\/index.php\/2025\/08\/21\/la-autocritica-de-jorge-arias-ante-la-crisis-de-millonarios-somos-una-verguenza\/"},"author":{"name":"contenido","@id":"https:\/\/futbolhoy.co\/#\/schema\/person\/1721b69355b6623eaff15ac7b92d4cc3"},"headline":"La autocr\u00edtica de Jorge Ar\u00edas ante la crisis de Millonarios: \"Somos una verg\u00fcenza\"","datePublished":"2025-08-21T13:40:35+00:00","dateModified":"2025-08-22T02:58:07+00:00","mainEntityOfPage":{"@id":"https:\/\/futbolhoy.co\/index.php\/2025\/08\/21\/la-autocritica-de-jorge-arias-ante-la-crisis-de-millonarios-somos-una-verguenza\/"},"wordCount":327,"commentCount":0,"publisher":{"@id":"https:\/\/futbolhoy.co\/#organization"},"image":{"@id":"https:\/\/futbolhoy.co\/index.php\/2025\/08\/21\/la-autocritica-de-jorge-arias-ante-la-crisis-de-millonarios-somos-una-verguenza\/#primaryimage"},"thumbnailUrl":"https:\/\/futbolhoy.co\/wp-content\/uploads\/2025\/08\/Jorge-Arias.jpg","articleSection":["Liga BetPlay"],"inLanguage":"es","potentialAction":[{"@type":"CommentAction","name":"Comment","target":["https:\/\/futbolhoy.co\/index.php\/2025\/08\/21\/la-autocritica-de-jorge-arias-ante-la-crisis-de-millonarios-somos-una-verguenza\/#respond"]}]},{"@type":"WebPage","@id":"https:\/\/futbolhoy.co\/index.php\/2025\/08\/21\/la-autocritica-de-jorge-arias-ante-la-crisis-de-millonarios-somos-una-verguenza\/","url":"https:\/\/futbolhoy.co\/index.php\/2025\/08\/21\/la-autocritica-de-jorge-arias-ante-la-crisis-de-millonarios-somos-una-verguenza\/","name":"La autocr\u00edtica de Jorge Ar\u00edas ante la crisis de Millonarios: \"Somos una verg\u00fcenza\" -","isPartOf":{"@id":"https:\/\/futbolhoy.co\/#website"},"primaryImageOfPage":{"@id":"https:\/\/futbolhoy.co\/index.php\/2025\/08\/21\/la-autocritica-de-jorge-arias-ante-la-crisis-de-millonarios-somos-una-verguenza\/#primaryimage"},"image":{"@id":"https:\/\/futbolhoy.co\/index.php\/2025\/08\/21\/la-autocritica-de-jorge-arias-ante-la-crisis-de-millonarios-somos-una-verguenza\/#primaryimage"},"thumbnailUrl":"https:\/\/futbolhoy.co\/wp-content\/uploads\/2025\/08\/Jorge-Arias.jpg","datePublished":"2025-08-21T13:40:35+00:00","dateModified":"2025-08-22T02:58:07+00:00","breadcrumb":{"@id":"https:\/\/futbolhoy.co\/index.php\/2025\/08\/21\/la-autocritica-de-jorge-arias-ante-la-crisis-de-millonarios-somos-una-verguenza\/#breadcrumb"},"inLanguage":"es","potentialAction":[{"@type":"ReadAction","target":["https:\/\/futbolhoy.co\/index.php\/2025\/08\/21\/la-autocritica-de-jorge-arias-ante-la-crisis-de-millonarios-somos-una-verguenza\/"]}]},{"@type":"ImageObject","inLanguage":"es","@id":"https:\/\/futbolhoy.co\/index.php\/2025\/08\/21\/la-autocritica-de-jorge-arias-ante-la-crisis-de-millonarios-somos-una-verguenza\/#primaryimage","url":"https:\/\/futbolhoy.co\/wp-content\/uploads\/2025\/08\/Jorge-Arias.jpg","contentUrl":"https:\/\/futbolhoy.co\/wp-content\/uploads\/2025\/08\/Jorge-Arias.jpg","width":1200,"height":675,"caption":"Imagen: Captura de pantalla Dimayor"},{"@type":"BreadcrumbList","@id":"https:\/\/futbolhoy.co\/index.php\/2025\/08\/21\/la-autocritica-de-jorge-arias-ante-la-crisis-de-millonarios-somos-una-verguenza\/#breadcrumb","itemListElement":[{"@type":"ListItem","position":1,"name":"Portada","item":"https:\/\/futbolhoy.co\/"},{"@type":"ListItem","position":2,"name":"La autocr\u00edtica de Jorge Ar\u00edas ante la crisis de Millonarios: \"Somos una verg\u00fcenza\""}]},{"@type":"WebSite","@id":"https:\/\/futbolhoy.co\/#website","url":"https:\/\/futbolhoy.co\/","name":"FutbolHoy","description":"","publisher":{"@id":"https:\/\/futbolhoy.co\/#organization"},"potentialAction":[{"@type":"SearchAction","target":{"@type":"EntryPoint","urlTemplate":"https:\/\/futbolhoy.co\/?s={search_term_string}"},"query-input":{"@type":"PropertyValueSpecification","valueRequired":true,"valueName":"search_term_string"}}],"inLanguage":"es"},{"@type":"Organization","@id":"https:\/\/futbolhoy.co\/#organization","name":"Futbolhoy.co","url":"https:\/\/futbolhoy.co\/","logo":{"@type":"ImageObject","inLanguage":"es","@id":"https:\/\/futbolhoy.co\/#\/schema\/logo\/image\/","url":"https:\/\/futbolhoy.co\/wp-content\/uploads\/2018\/08\/17426380_1906371736249227_6326180412931521141_n.jpg","contentUrl":"https:\/\/futbolhoy.co\/wp-content\/uploads\/2018\/08\/17426380_1906371736249227_6326180412931521141_n.jpg","width":960,"height":960,"caption":"Futbolhoy.co"},"image":{"@id":"https:\/\/futbolhoy.co\/#\/schema\/logo\/image\/"},"sameAs":["https:\/\/www.facebook.com\/FutbolHoyCol\/","https:\/\/x.com\/FutbolHoyCol","https:\/\/www.instagram.com\/futbolhoycol\/"]},{"@type":"Person","@id":"https:\/\/futbolhoy.co\/#\/schema\/person\/1721b69355b6623eaff15ac7b92d4cc3","name":"contenido","image":{"@type":"ImageObject","inLanguage":"es","@id":"https:\/\/futbolhoy.co\/#\/schema\/person\/image\/","url":"https:\/\/secure.gravatar.com\/avatar\/4f656d3256f5134f466206e7c3941518?s=96&d=mm&r=g","contentUrl":"https:\/\/secure.gravatar.com\/avatar\/4f656d3256f5134f466206e7c3941518?s=96&d=mm&r=g","caption":"contenido"}}]}},"publishpress_future_action":{"enabled":false,"date":"2026-05-04 03:42:49","action":"change-status","newStatus":"draft","terms":[],"taxonomy":"category","extraData":[]},"publishpress_future_workflow_manual_trigger":{"enabledWorkflows":[]},"_links":{"self":[{"href":"https:\/\/futbolhoy.co\/index.php\/wp-json\/wp\/v2\/posts\/122096","targetHints":{"allow":["GET"]}}],"collection":[{"href":"https:\/\/futbolhoy.co\/index.php\/wp-json\/wp\/v2\/posts"}],"about":[{"href":"https:\/\/futbolhoy.co\/index.php\/wp-json\/wp\/v2\/types\/post"}],"author":[{"embeddable":true,"href":"https:\/\/futbolhoy.co\/index.php\/wp-json\/wp\/v2\/users\/4"}],"replies":[{"embeddable":true,"href":"https:\/\/futbolhoy.co\/index.php\/wp-json\/wp\/v2\/comments?post=122096"}],"version-history":[{"count":2,"href":"https:\/\/futbolhoy.co\/index.php\/wp-json\/wp\/v2\/posts\/122096\/revisions"}],"predecessor-version":[{"id":122120,"href":"https:\/\/futbolhoy.co\/index.php\/wp-json\/wp\/v2\/posts\/122096\/revisions\/122120"}],"wp:featuredmedia":[{"embeddable":true,"href":"https:\/\/futbolhoy.co\/index.php\/wp-json\/wp\/v2\/media\/122097"}],"wp:attachment":[{"href":"https:\/\/futbolhoy.co\/index.php\/wp-json\/wp\/v2\/media?parent=122096"}],"wp:term":[{"taxonomy":"category","embeddable":true,"href":"https:\/\/futbolhoy.co\/index.php\/wp-json\/wp\/v2\/categories?post=122096"},{"taxonomy":"post_tag","embeddable":true,"href":"https:\/\/futbolhoy.co\/index.php\/wp-json\/wp\/v2\/tags?post=122096"}],"curies":[{"name":"wp","href":"https:\/\/api.w.org\/{rel}","templated":true}]}}