{"id":122099,"date":"2025-08-21T09:15:54","date_gmt":"2025-08-21T14:15:54","guid":{"rendered":"https:\/\/futbolhoy.co\/?p=122099"},"modified":"2025-08-22T08:48:24","modified_gmt":"2025-08-22T13:48:24","slug":"luis-sinisterra-sobre-su-proxima-llegada-a-cruzeiro-voy-a-estar-listo-para-competir","status":"publish","type":"post","link":"https:\/\/futbolhoy.co\/index.php\/2025\/08\/21\/luis-sinisterra-sobre-su-proxima-llegada-a-cruzeiro-voy-a-estar-listo-para-competir\/","title":{"rendered":"Luis Sinisterra sobre su pr\u00f3xima llegada a Cruzeiro: \"Voy a estar listo para competir\""},"content":{"rendered":"<p><span style=\"font-family: helvetica, arial, sans-serif;\">En la tarde del mi\u00e9rcoles 20 de agosto, <strong>Luis Sinisterra aterriz\u00f3 en Brasil<\/strong> para concretar su llegada a\u00a0 <strong>Cruzeiro<\/strong>. Luego de jugar m\u00e1s de tres a\u00f1os en la liga inglesa, su carrera deportiva retorna al f\u00fatbol de Latinoam\u00e9rica.<\/span><\/p>\n<p><span style=\"font-family: helvetica, arial, sans-serif;\">En declaraci\u00f3n con medios de comunicaci\u00f3n expres\u00f3 su felicidad por el nuevo cap\u00edtulo que est\u00e1 por comenzar en su carrera deportiva. <strong>\"Estoy muy contento de estar aqu\u00ed en un gran equipo como Cruzeiro,<\/strong> obviamente gracias a los fan\u00e1ticos por el recibimiento. Estoy muy feliz y espero que tengamos muchas alegr\u00edas juntos\", expres\u00f3.<\/span><\/p>\n<p><span style=\"font-family: helvetica, arial, sans-serif;\">Sobre su estado f\u00edsico coment\u00f3 que est\u00e1 bien, aunque le falta intensidad en el campo de juego para estar en su mejor versi\u00f3n. <strong>Espera ponerse a punto lo m\u00e1s pronto posible<\/strong> para debutar en el club dirigido por <strong>Leonardo Jardim<\/strong>.<\/span><\/p>\n<p><span style=\"font-family: helvetica, arial, sans-serif;\">\"Me siento bien. He venido entrenando con mi equipo,<strong> falta un poco ritmo de competencia pero voy a estar listo para competir lo m\u00e1s pronto posible<\/strong>\", a\u00f1adi\u00f3.<\/span><\/p>\n<blockquote class=\"twitter-tweet\">\n<p dir=\"ltr\" lang=\"pt\">NOVO REFOR\u00c7O \ud83c\udde8\ud83c\uddf4 | O atacante Luis Sinisterra falou pela primeira vez ap\u00f3s desembarcar em Belo Horizonte para assinar com o Cruzeiro e afirmou que espera estar pronto para entrar em campo pela Raposa.<\/p>\n<p>O colombiano tamb\u00e9m garantiu estar bem fisicamente e comentou sobre a conversa\u2026 <a href=\"https:\/\/t.co\/HL64CVT6MM\">pic.twitter.com\/HL64CVT6MM<\/a><\/p>\n<p>\u2014 Rede 98 (@Rede98Oficial) <a href=\"https:\/\/twitter.com\/Rede98Oficial\/status\/1958174493467201725?ref_src=twsrc%5Etfw\">August 20, 2025<\/a><\/p><\/blockquote>\n<p><script async src=\"https:\/\/platform.twitter.com\/widgets.js\" charset=\"utf-8\"><\/script><\/p>\n<p><span style=\"font-family: helvetica, arial, sans-serif;\">Por \u00faltimo, revel\u00f3 que <strong>habl\u00f3 con el entrenador antes de llegar a territorio brasile\u00f1o.<\/strong> Su conversaci\u00f3n con el estratega fue un punto clave que lo llev\u00f3 a empacar maletas y tomar rumbo hacia <strong>Belo Horizonte.<\/strong><\/span><\/p>\n<p><span style=\"font-family: helvetica, arial, sans-serif;\">\"El profe me habl\u00f3 y me explic\u00f3 un poco el proyecto,<strong> tiene muchas ganas de ganar cosas grandes aqu\u00ed y por eso decid\u00ed venir a Cruzeiro\"<\/strong>, puntualiz\u00f3.<\/span><\/p>\n","protected":false},"excerpt":{"rendered":"<p>En la tarde del mi\u00e9rcoles 20 de agosto, Luis Sinisterra aterriz\u00f3 en Brasil para concretar su llegada a\u00a0 Cruzeiro. Luego de jugar m\u00e1s de tres a\u00f1os en la liga inglesa, su carrera deportiva retorna al f\u00fatbol de Latinoam\u00e9rica. En declaraci\u00f3n con medios de comunicaci\u00f3n expres\u00f3 su felicidad por el nuevo cap\u00edtulo que est\u00e1 por comenzar [&hellip;]<\/p>\n","protected":false},"author":4,"featured_media":122111,"comment_status":"open","ping_status":"open","sticky":false,"template":"","format":"standard","meta":{"_acf_changed":false,"footnotes":""},"categories":[152],"tags":[],"class_list":{"0":"post-122099","1":"post","2":"type-post","3":"status-publish","4":"format-standard","5":"has-post-thumbnail","7":"category-mundo-futbol"},"acf":[],"yoast_head":"<!-- This site is optimized with the Yoast SEO plugin v26.8 - https:\/\/yoast.com\/product\/yoast-seo-wordpress\/ -->\n<title>Luis Sinisterra sobre su pr\u00f3xima llegada a Cruzeiro: &quot;Voy a estar listo para competir&quot; -<\/title>\n<meta name=\"robots\" content=\"index, follow, max-snippet:-1, max-image-preview:large, max-video-preview:-1\" \/>\n<link rel=\"canonical\" href=\"https:\/\/futbolhoy.co\/index.php\/2025\/08\/21\/luis-sinisterra-sobre-su-proxima-llegada-a-cruzeiro-voy-a-estar-listo-para-competir\/\" \/>\n<meta property=\"og:locale\" content=\"es_ES\" \/>\n<meta property=\"og:type\" content=\"article\" \/>\n<meta property=\"og:title\" content=\"Luis Sinisterra sobre su pr\u00f3xima llegada a Cruzeiro: &quot;Voy a estar listo para competir&quot; -\" \/>\n<meta property=\"og:description\" content=\"En la tarde del mi\u00e9rcoles 20 de agosto, Luis Sinisterra aterriz\u00f3 en Brasil para concretar su llegada a\u00a0 Cruzeiro. Luego de jugar m\u00e1s de tres a\u00f1os en la liga inglesa, su carrera deportiva retorna al f\u00fatbol de Latinoam\u00e9rica. En declaraci\u00f3n con medios de comunicaci\u00f3n expres\u00f3 su felicidad por el nuevo cap\u00edtulo que est\u00e1 por comenzar [&hellip;]\" \/>\n<meta property=\"og:url\" content=\"https:\/\/futbolhoy.co\/index.php\/2025\/08\/21\/luis-sinisterra-sobre-su-proxima-llegada-a-cruzeiro-voy-a-estar-listo-para-competir\/\" \/>\n<meta property=\"article:publisher\" content=\"https:\/\/www.facebook.com\/FutbolHoyCol\/\" \/>\n<meta property=\"article:published_time\" content=\"2025-08-21T14:15:54+00:00\" \/>\n<meta property=\"article:modified_time\" content=\"2025-08-22T13:48:24+00:00\" \/>\n<meta property=\"og:image\" content=\"https:\/\/futbolhoy.co\/wp-content\/uploads\/2025\/08\/515237498_18516845839021082_1191309746459961181_n.jpg\" \/>\n\t<meta property=\"og:image:width\" content=\"787\" \/>\n\t<meta property=\"og:image:height\" content=\"584\" \/>\n\t<meta property=\"og:image:type\" content=\"image\/jpeg\" \/>\n<meta name=\"author\" content=\"contenido\" \/>\n<meta name=\"twitter:card\" content=\"summary_large_image\" \/>\n<meta name=\"twitter:creator\" content=\"@FutbolHoyCol\" \/>\n<meta name=\"twitter:site\" content=\"@FutbolHoyCol\" \/>\n<meta name=\"twitter:label1\" content=\"Escrito por\" \/>\n\t<meta name=\"twitter:data1\" content=\"contenido\" \/>\n\t<meta name=\"twitter:label2\" content=\"Tiempo de lectura\" \/>\n\t<meta name=\"twitter:data2\" content=\"1 minuto\" \/>\n<script type=\"application\/ld+json\" class=\"yoast-schema-graph\">{\"@context\":\"https:\/\/schema.org\",\"@graph\":[{\"@type\":\"Article\",\"@id\":\"https:\/\/futbolhoy.co\/index.php\/2025\/08\/21\/luis-sinisterra-sobre-su-proxima-llegada-a-cruzeiro-voy-a-estar-listo-para-competir\/#article\",\"isPartOf\":{\"@id\":\"https:\/\/futbolhoy.co\/index.php\/2025\/08\/21\/luis-sinisterra-sobre-su-proxima-llegada-a-cruzeiro-voy-a-estar-listo-para-competir\/\"},\"author\":{\"name\":\"contenido\",\"@id\":\"https:\/\/futbolhoy.co\/#\/schema\/person\/1721b69355b6623eaff15ac7b92d4cc3\"},\"headline\":\"Luis Sinisterra sobre su pr\u00f3xima llegada a Cruzeiro: \\\"Voy a estar listo para competir\\\"\",\"datePublished\":\"2025-08-21T14:15:54+00:00\",\"dateModified\":\"2025-08-22T13:48:24+00:00\",\"mainEntityOfPage\":{\"@id\":\"https:\/\/futbolhoy.co\/index.php\/2025\/08\/21\/luis-sinisterra-sobre-su-proxima-llegada-a-cruzeiro-voy-a-estar-listo-para-competir\/\"},\"wordCount\":307,\"commentCount\":0,\"publisher\":{\"@id\":\"https:\/\/futbolhoy.co\/#organization\"},\"image\":{\"@id\":\"https:\/\/futbolhoy.co\/index.php\/2025\/08\/21\/luis-sinisterra-sobre-su-proxima-llegada-a-cruzeiro-voy-a-estar-listo-para-competir\/#primaryimage\"},\"thumbnailUrl\":\"https:\/\/futbolhoy.co\/wp-content\/uploads\/2025\/08\/515237498_18516845839021082_1191309746459961181_n.jpg\",\"articleSection\":[\"Mundo Futbol\"],\"inLanguage\":\"es\",\"potentialAction\":[{\"@type\":\"CommentAction\",\"name\":\"Comment\",\"target\":[\"https:\/\/futbolhoy.co\/index.php\/2025\/08\/21\/luis-sinisterra-sobre-su-proxima-llegada-a-cruzeiro-voy-a-estar-listo-para-competir\/#respond\"]}]},{\"@type\":\"WebPage\",\"@id\":\"https:\/\/futbolhoy.co\/index.php\/2025\/08\/21\/luis-sinisterra-sobre-su-proxima-llegada-a-cruzeiro-voy-a-estar-listo-para-competir\/\",\"url\":\"https:\/\/futbolhoy.co\/index.php\/2025\/08\/21\/luis-sinisterra-sobre-su-proxima-llegada-a-cruzeiro-voy-a-estar-listo-para-competir\/\",\"name\":\"Luis Sinisterra sobre su pr\u00f3xima llegada a Cruzeiro: \\\"Voy a estar listo para competir\\\" -\",\"isPartOf\":{\"@id\":\"https:\/\/futbolhoy.co\/#website\"},\"primaryImageOfPage\":{\"@id\":\"https:\/\/futbolhoy.co\/index.php\/2025\/08\/21\/luis-sinisterra-sobre-su-proxima-llegada-a-cruzeiro-voy-a-estar-listo-para-competir\/#primaryimage\"},\"image\":{\"@id\":\"https:\/\/futbolhoy.co\/index.php\/2025\/08\/21\/luis-sinisterra-sobre-su-proxima-llegada-a-cruzeiro-voy-a-estar-listo-para-competir\/#primaryimage\"},\"thumbnailUrl\":\"https:\/\/futbolhoy.co\/wp-content\/uploads\/2025\/08\/515237498_18516845839021082_1191309746459961181_n.jpg\",\"datePublished\":\"2025-08-21T14:15:54+00:00\",\"dateModified\":\"2025-08-22T13:48:24+00:00\",\"breadcrumb\":{\"@id\":\"https:\/\/futbolhoy.co\/index.php\/2025\/08\/21\/luis-sinisterra-sobre-su-proxima-llegada-a-cruzeiro-voy-a-estar-listo-para-competir\/#breadcrumb\"},\"inLanguage\":\"es\",\"potentialAction\":[{\"@type\":\"ReadAction\",\"target\":[\"https:\/\/futbolhoy.co\/index.php\/2025\/08\/21\/luis-sinisterra-sobre-su-proxima-llegada-a-cruzeiro-voy-a-estar-listo-para-competir\/\"]}]},{\"@type\":\"ImageObject\",\"inLanguage\":\"es\",\"@id\":\"https:\/\/futbolhoy.co\/index.php\/2025\/08\/21\/luis-sinisterra-sobre-su-proxima-llegada-a-cruzeiro-voy-a-estar-listo-para-competir\/#primaryimage\",\"url\":\"https:\/\/futbolhoy.co\/wp-content\/uploads\/2025\/08\/515237498_18516845839021082_1191309746459961181_n.jpg\",\"contentUrl\":\"https:\/\/futbolhoy.co\/wp-content\/uploads\/2025\/08\/515237498_18516845839021082_1191309746459961181_n.jpg\",\"width\":787,\"height\":584,\"caption\":\"Imagen: @afcb\"},{\"@type\":\"BreadcrumbList\",\"@id\":\"https:\/\/futbolhoy.co\/index.php\/2025\/08\/21\/luis-sinisterra-sobre-su-proxima-llegada-a-cruzeiro-voy-a-estar-listo-para-competir\/#breadcrumb\",\"itemListElement\":[{\"@type\":\"ListItem\",\"position\":1,\"name\":\"Portada\",\"item\":\"https:\/\/futbolhoy.co\/\"},{\"@type\":\"ListItem\",\"position\":2,\"name\":\"Luis Sinisterra sobre su pr\u00f3xima llegada a Cruzeiro: \\\"Voy a estar listo para competir\\\"\"}]},{\"@type\":\"WebSite\",\"@id\":\"https:\/\/futbolhoy.co\/#website\",\"url\":\"https:\/\/futbolhoy.co\/\",\"name\":\"FutbolHoy\",\"description\":\"\",\"publisher\":{\"@id\":\"https:\/\/futbolhoy.co\/#organization\"},\"potentialAction\":[{\"@type\":\"SearchAction\",\"target\":{\"@type\":\"EntryPoint\",\"urlTemplate\":\"https:\/\/futbolhoy.co\/?s={search_term_string}\"},\"query-input\":{\"@type\":\"PropertyValueSpecification\",\"valueRequired\":true,\"valueName\":\"search_term_string\"}}],\"inLanguage\":\"es\"},{\"@type\":\"Organization\",\"@id\":\"https:\/\/futbolhoy.co\/#organization\",\"name\":\"Futbolhoy.co\",\"url\":\"https:\/\/futbolhoy.co\/\",\"logo\":{\"@type\":\"ImageObject\",\"inLanguage\":\"es\",\"@id\":\"https:\/\/futbolhoy.co\/#\/schema\/logo\/image\/\",\"url\":\"https:\/\/futbolhoy.co\/wp-content\/uploads\/2018\/08\/17426380_1906371736249227_6326180412931521141_n.jpg\",\"contentUrl\":\"https:\/\/futbolhoy.co\/wp-content\/uploads\/2018\/08\/17426380_1906371736249227_6326180412931521141_n.jpg\",\"width\":960,\"height\":960,\"caption\":\"Futbolhoy.co\"},\"image\":{\"@id\":\"https:\/\/futbolhoy.co\/#\/schema\/logo\/image\/\"},\"sameAs\":[\"https:\/\/www.facebook.com\/FutbolHoyCol\/\",\"https:\/\/x.com\/FutbolHoyCol\",\"https:\/\/www.instagram.com\/futbolhoycol\/\"]},{\"@type\":\"Person\",\"@id\":\"https:\/\/futbolhoy.co\/#\/schema\/person\/1721b69355b6623eaff15ac7b92d4cc3\",\"name\":\"contenido\",\"image\":{\"@type\":\"ImageObject\",\"inLanguage\":\"es\",\"@id\":\"https:\/\/futbolhoy.co\/#\/schema\/person\/image\/\",\"url\":\"https:\/\/secure.gravatar.com\/avatar\/4f656d3256f5134f466206e7c3941518?s=96&d=mm&r=g\",\"contentUrl\":\"https:\/\/secure.gravatar.com\/avatar\/4f656d3256f5134f466206e7c3941518?s=96&d=mm&r=g\",\"caption\":\"contenido\"}}]}<\/script>\n<!-- \/ Yoast SEO plugin. -->","yoast_head_json":{"title":"Luis Sinisterra sobre su pr\u00f3xima llegada a Cruzeiro: \"Voy a estar listo para competir\" -","robots":{"index":"index","follow":"follow","max-snippet":"max-snippet:-1","max-image-preview":"max-image-preview:large","max-video-preview":"max-video-preview:-1"},"canonical":"https:\/\/futbolhoy.co\/index.php\/2025\/08\/21\/luis-sinisterra-sobre-su-proxima-llegada-a-cruzeiro-voy-a-estar-listo-para-competir\/","og_locale":"es_ES","og_type":"article","og_title":"Luis Sinisterra sobre su pr\u00f3xima llegada a Cruzeiro: \"Voy a estar listo para competir\" -","og_description":"En la tarde del mi\u00e9rcoles 20 de agosto, Luis Sinisterra aterriz\u00f3 en Brasil para concretar su llegada a\u00a0 Cruzeiro. Luego de jugar m\u00e1s de tres a\u00f1os en la liga inglesa, su carrera deportiva retorna al f\u00fatbol de Latinoam\u00e9rica. En declaraci\u00f3n con medios de comunicaci\u00f3n expres\u00f3 su felicidad por el nuevo cap\u00edtulo que est\u00e1 por comenzar [&hellip;]","og_url":"https:\/\/futbolhoy.co\/index.php\/2025\/08\/21\/luis-sinisterra-sobre-su-proxima-llegada-a-cruzeiro-voy-a-estar-listo-para-competir\/","article_publisher":"https:\/\/www.facebook.com\/FutbolHoyCol\/","article_published_time":"2025-08-21T14:15:54+00:00","article_modified_time":"2025-08-22T13:48:24+00:00","og_image":[{"width":787,"height":584,"url":"https:\/\/futbolhoy.co\/wp-content\/uploads\/2025\/08\/515237498_18516845839021082_1191309746459961181_n.jpg","type":"image\/jpeg"}],"author":"contenido","twitter_card":"summary_large_image","twitter_creator":"@FutbolHoyCol","twitter_site":"@FutbolHoyCol","twitter_misc":{"Escrito por":"contenido","Tiempo de lectura":"1 minuto"},"schema":{"@context":"https:\/\/schema.org","@graph":[{"@type":"Article","@id":"https:\/\/futbolhoy.co\/index.php\/2025\/08\/21\/luis-sinisterra-sobre-su-proxima-llegada-a-cruzeiro-voy-a-estar-listo-para-competir\/#article","isPartOf":{"@id":"https:\/\/futbolhoy.co\/index.php\/2025\/08\/21\/luis-sinisterra-sobre-su-proxima-llegada-a-cruzeiro-voy-a-estar-listo-para-competir\/"},"author":{"name":"contenido","@id":"https:\/\/futbolhoy.co\/#\/schema\/person\/1721b69355b6623eaff15ac7b92d4cc3"},"headline":"Luis Sinisterra sobre su pr\u00f3xima llegada a Cruzeiro: \"Voy a estar listo para competir\"","datePublished":"2025-08-21T14:15:54+00:00","dateModified":"2025-08-22T13:48:24+00:00","mainEntityOfPage":{"@id":"https:\/\/futbolhoy.co\/index.php\/2025\/08\/21\/luis-sinisterra-sobre-su-proxima-llegada-a-cruzeiro-voy-a-estar-listo-para-competir\/"},"wordCount":307,"commentCount":0,"publisher":{"@id":"https:\/\/futbolhoy.co\/#organization"},"image":{"@id":"https:\/\/futbolhoy.co\/index.php\/2025\/08\/21\/luis-sinisterra-sobre-su-proxima-llegada-a-cruzeiro-voy-a-estar-listo-para-competir\/#primaryimage"},"thumbnailUrl":"https:\/\/futbolhoy.co\/wp-content\/uploads\/2025\/08\/515237498_18516845839021082_1191309746459961181_n.jpg","articleSection":["Mundo Futbol"],"inLanguage":"es","potentialAction":[{"@type":"CommentAction","name":"Comment","target":["https:\/\/futbolhoy.co\/index.php\/2025\/08\/21\/luis-sinisterra-sobre-su-proxima-llegada-a-cruzeiro-voy-a-estar-listo-para-competir\/#respond"]}]},{"@type":"WebPage","@id":"https:\/\/futbolhoy.co\/index.php\/2025\/08\/21\/luis-sinisterra-sobre-su-proxima-llegada-a-cruzeiro-voy-a-estar-listo-para-competir\/","url":"https:\/\/futbolhoy.co\/index.php\/2025\/08\/21\/luis-sinisterra-sobre-su-proxima-llegada-a-cruzeiro-voy-a-estar-listo-para-competir\/","name":"Luis Sinisterra sobre su pr\u00f3xima llegada a Cruzeiro: \"Voy a estar listo para competir\" -","isPartOf":{"@id":"https:\/\/futbolhoy.co\/#website"},"primaryImageOfPage":{"@id":"https:\/\/futbolhoy.co\/index.php\/2025\/08\/21\/luis-sinisterra-sobre-su-proxima-llegada-a-cruzeiro-voy-a-estar-listo-para-competir\/#primaryimage"},"image":{"@id":"https:\/\/futbolhoy.co\/index.php\/2025\/08\/21\/luis-sinisterra-sobre-su-proxima-llegada-a-cruzeiro-voy-a-estar-listo-para-competir\/#primaryimage"},"thumbnailUrl":"https:\/\/futbolhoy.co\/wp-content\/uploads\/2025\/08\/515237498_18516845839021082_1191309746459961181_n.jpg","datePublished":"2025-08-21T14:15:54+00:00","dateModified":"2025-08-22T13:48:24+00:00","breadcrumb":{"@id":"https:\/\/futbolhoy.co\/index.php\/2025\/08\/21\/luis-sinisterra-sobre-su-proxima-llegada-a-cruzeiro-voy-a-estar-listo-para-competir\/#breadcrumb"},"inLanguage":"es","potentialAction":[{"@type":"ReadAction","target":["https:\/\/futbolhoy.co\/index.php\/2025\/08\/21\/luis-sinisterra-sobre-su-proxima-llegada-a-cruzeiro-voy-a-estar-listo-para-competir\/"]}]},{"@type":"ImageObject","inLanguage":"es","@id":"https:\/\/futbolhoy.co\/index.php\/2025\/08\/21\/luis-sinisterra-sobre-su-proxima-llegada-a-cruzeiro-voy-a-estar-listo-para-competir\/#primaryimage","url":"https:\/\/futbolhoy.co\/wp-content\/uploads\/2025\/08\/515237498_18516845839021082_1191309746459961181_n.jpg","contentUrl":"https:\/\/futbolhoy.co\/wp-content\/uploads\/2025\/08\/515237498_18516845839021082_1191309746459961181_n.jpg","width":787,"height":584,"caption":"Imagen: @afcb"},{"@type":"BreadcrumbList","@id":"https:\/\/futbolhoy.co\/index.php\/2025\/08\/21\/luis-sinisterra-sobre-su-proxima-llegada-a-cruzeiro-voy-a-estar-listo-para-competir\/#breadcrumb","itemListElement":[{"@type":"ListItem","position":1,"name":"Portada","item":"https:\/\/futbolhoy.co\/"},{"@type":"ListItem","position":2,"name":"Luis Sinisterra sobre su pr\u00f3xima llegada a Cruzeiro: \"Voy a estar listo para competir\""}]},{"@type":"WebSite","@id":"https:\/\/futbolhoy.co\/#website","url":"https:\/\/futbolhoy.co\/","name":"FutbolHoy","description":"","publisher":{"@id":"https:\/\/futbolhoy.co\/#organization"},"potentialAction":[{"@type":"SearchAction","target":{"@type":"EntryPoint","urlTemplate":"https:\/\/futbolhoy.co\/?s={search_term_string}"},"query-input":{"@type":"PropertyValueSpecification","valueRequired":true,"valueName":"search_term_string"}}],"inLanguage":"es"},{"@type":"Organization","@id":"https:\/\/futbolhoy.co\/#organization","name":"Futbolhoy.co","url":"https:\/\/futbolhoy.co\/","logo":{"@type":"ImageObject","inLanguage":"es","@id":"https:\/\/futbolhoy.co\/#\/schema\/logo\/image\/","url":"https:\/\/futbolhoy.co\/wp-content\/uploads\/2018\/08\/17426380_1906371736249227_6326180412931521141_n.jpg","contentUrl":"https:\/\/futbolhoy.co\/wp-content\/uploads\/2018\/08\/17426380_1906371736249227_6326180412931521141_n.jpg","width":960,"height":960,"caption":"Futbolhoy.co"},"image":{"@id":"https:\/\/futbolhoy.co\/#\/schema\/logo\/image\/"},"sameAs":["https:\/\/www.facebook.com\/FutbolHoyCol\/","https:\/\/x.com\/FutbolHoyCol","https:\/\/www.instagram.com\/futbolhoycol\/"]},{"@type":"Person","@id":"https:\/\/futbolhoy.co\/#\/schema\/person\/1721b69355b6623eaff15ac7b92d4cc3","name":"contenido","image":{"@type":"ImageObject","inLanguage":"es","@id":"https:\/\/futbolhoy.co\/#\/schema\/person\/image\/","url":"https:\/\/secure.gravatar.com\/avatar\/4f656d3256f5134f466206e7c3941518?s=96&d=mm&r=g","contentUrl":"https:\/\/secure.gravatar.com\/avatar\/4f656d3256f5134f466206e7c3941518?s=96&d=mm&r=g","caption":"contenido"}}]}},"publishpress_future_action":{"enabled":false,"date":"2026-05-04 05:22:39","action":"change-status","newStatus":"draft","terms":[],"taxonomy":"category","extraData":[]},"publishpress_future_workflow_manual_trigger":{"enabledWorkflows":[]},"_links":{"self":[{"href":"https:\/\/futbolhoy.co\/index.php\/wp-json\/wp\/v2\/posts\/122099","targetHints":{"allow":["GET"]}}],"collection":[{"href":"https:\/\/futbolhoy.co\/index.php\/wp-json\/wp\/v2\/posts"}],"about":[{"href":"https:\/\/futbolhoy.co\/index.php\/wp-json\/wp\/v2\/types\/post"}],"author":[{"embeddable":true,"href":"https:\/\/futbolhoy.co\/index.php\/wp-json\/wp\/v2\/users\/4"}],"replies":[{"embeddable":true,"href":"https:\/\/futbolhoy.co\/index.php\/wp-json\/wp\/v2\/comments?post=122099"}],"version-history":[{"count":2,"href":"https:\/\/futbolhoy.co\/index.php\/wp-json\/wp\/v2\/posts\/122099\/revisions"}],"predecessor-version":[{"id":122153,"href":"https:\/\/futbolhoy.co\/index.php\/wp-json\/wp\/v2\/posts\/122099\/revisions\/122153"}],"wp:featuredmedia":[{"embeddable":true,"href":"https:\/\/futbolhoy.co\/index.php\/wp-json\/wp\/v2\/media\/122111"}],"wp:attachment":[{"href":"https:\/\/futbolhoy.co\/index.php\/wp-json\/wp\/v2\/media?parent=122099"}],"wp:term":[{"taxonomy":"category","embeddable":true,"href":"https:\/\/futbolhoy.co\/index.php\/wp-json\/wp\/v2\/categories?post=122099"},{"taxonomy":"post_tag","embeddable":true,"href":"https:\/\/futbolhoy.co\/index.php\/wp-json\/wp\/v2\/tags?post=122099"}],"curies":[{"name":"wp","href":"https:\/\/api.w.org\/{rel}","templated":true}]}}