{"id":122238,"date":"2025-08-24T11:52:32","date_gmt":"2025-08-24T16:52:32","guid":{"rendered":"https:\/\/futbolhoy.co\/?p=122238"},"modified":"2025-08-25T15:02:11","modified_gmt":"2025-08-25T20:02:11","slug":"doblete-de-cordoba-en-rusia-en-visperas-de-convocatoria-de-seleccion-colombia","status":"publish","type":"post","link":"https:\/\/futbolhoy.co\/index.php\/2025\/08\/24\/doblete-de-cordoba-en-rusia-en-visperas-de-convocatoria-de-seleccion-colombia\/","title":{"rendered":"Doblete de C\u00f3rdoba en Rusia, en v\u00edsperas de convocatoria de Selecci\u00f3n"},"content":{"rendered":"<p style=\"text-align: justify;\"><span style=\"font-family: helvetica, arial, sans-serif;\"><strong>Jhon C\u00f3rdoba<\/strong> volvi\u00f3 a marcar. Lo hizo por duplicado en la goleada del <strong>Krasnodar 0-6 ante Kyrlya Sovetov,<\/strong> anotaciones con las que se hace notar en v\u00edsperas a que se conozca la convocatoria de la <strong>Selecci\u00f3n Colombia<\/strong> para partidos ante<strong> Bolivia y Venezuela por Eliminatorias.<\/strong><\/span><\/p>\n<p style=\"text-align: justify;\"><span style=\"font-family: helvetica, arial, sans-serif;\">El primero de su cuenta, fue el tercero de la goleada del conjunto visitante. Desborde de Gaeetan Perrin por la zona derecha, centro y posterior pase a la red del colombiano, casi que bajo el arco.<\/span><\/p>\n<blockquote class=\"twitter-tweet\" data-media-max-width=\"560\">\n<p dir=\"ltr\" lang=\"pl\">0-3 Cordoba <a href=\"https:\/\/t.co\/90rR9RyHJy\">pic.twitter.com\/90rR9RyHJy<\/a><\/p>\n<p>\u2014 RPL Sky (@RPLNews_eng) <a href=\"https:\/\/twitter.com\/RPLNews_eng\/status\/1959599096840499634?ref_src=twsrc%5Etfw\">August 24, 2025<\/a><\/p><\/blockquote>\n<p><script async src=\"https:\/\/platform.twitter.com\/widgets.js\" charset=\"utf-8\"><\/script>\u00a0<span style=\"font-family: helvetica, arial, sans-serif;\">El segundo del delantero de 32 a\u00f1os lleg\u00f3 al 86\u2019. Gran pase filtrado de Joao Batxi,<strong> C\u00f3rdoba eludi\u00f3 al arquero dentro del \u00e1rea<\/strong> y luego remat\u00f3 de manera forzada para poner lo que era el 0-5 parcial.<\/span><\/p>\n<blockquote class=\"twitter-tweet\" data-media-max-width=\"560\">\n<p dir=\"ltr\" lang=\"pl\">0-5 Cordoba <a href=\"https:\/\/t.co\/9NjPY7Mqtr\">pic.twitter.com\/9NjPY7Mqtr<\/a><\/p>\n<p>\u2014 RPL Sky (@RPLNews_eng) <a href=\"https:\/\/twitter.com\/RPLNews_eng\/status\/1959614454917709981?ref_src=twsrc%5Etfw\">August 24, 2025<\/a><\/p><\/blockquote>\n<p><script async src=\"https:\/\/platform.twitter.com\/widgets.js\" charset=\"utf-8\"><\/script><span style=\"font-family: helvetica, arial, sans-serif;\">En ocho partidos jugados en lo que va de la temporada, <strong>C\u00f3rdoba ha marcado 3 goles y dio una asistencia.<\/strong><\/span><\/p>\n<p style=\"text-align: justify;\"><span style=\"font-family: helvetica, arial, sans-serif;\">Se estima que su nombre haga parte de la lista del entrenador <strong>N\u00e9stor Lorenzo<\/strong> para los \u00faltimos dos partidos rumbo al Mundial 2026.<\/span><\/p>\n","protected":false},"excerpt":{"rendered":"<p>Jhon C\u00f3rdoba volvi\u00f3 a marcar. Lo hizo por duplicado en la goleada del Krasnodar 0-6 ante Kyrlya Sovetov, anotaciones con las que se hace notar en v\u00edsperas a que se conozca la convocatoria de la Selecci\u00f3n Colombia para partidos ante Bolivia y Venezuela por Eliminatorias. El primero de su cuenta, fue el tercero de la [&hellip;]<\/p>\n","protected":false},"author":4,"featured_media":122242,"comment_status":"open","ping_status":"closed","sticky":false,"template":"","format":"standard","meta":{"_acf_changed":false,"footnotes":""},"categories":[153],"tags":[],"class_list":{"0":"post-122238","1":"post","2":"type-post","3":"status-publish","4":"format-standard","5":"has-post-thumbnail","7":"category-selecion-colombia"},"acf":[],"_links":{"self":[{"href":"https:\/\/futbolhoy.co\/index.php\/wp-json\/wp\/v2\/posts\/122238","targetHints":{"allow":["GET"]}}],"collection":[{"href":"https:\/\/futbolhoy.co\/index.php\/wp-json\/wp\/v2\/posts"}],"about":[{"href":"https:\/\/futbolhoy.co\/index.php\/wp-json\/wp\/v2\/types\/post"}],"author":[{"embeddable":true,"href":"https:\/\/futbolhoy.co\/index.php\/wp-json\/wp\/v2\/users\/4"}],"replies":[{"embeddable":true,"href":"https:\/\/futbolhoy.co\/index.php\/wp-json\/wp\/v2\/comments?post=122238"}],"version-history":[{"count":2,"href":"https:\/\/futbolhoy.co\/index.php\/wp-json\/wp\/v2\/posts\/122238\/revisions"}],"predecessor-version":[{"id":122241,"href":"https:\/\/futbolhoy.co\/index.php\/wp-json\/wp\/v2\/posts\/122238\/revisions\/122241"}],"wp:featuredmedia":[{"embeddable":true,"href":"https:\/\/futbolhoy.co\/index.php\/wp-json\/wp\/v2\/media\/122242"}],"wp:attachment":[{"href":"https:\/\/futbolhoy.co\/index.php\/wp-json\/wp\/v2\/media?parent=122238"}],"wp:term":[{"taxonomy":"category","embeddable":true,"href":"https:\/\/futbolhoy.co\/index.php\/wp-json\/wp\/v2\/categories?post=122238"},{"taxonomy":"post_tag","embeddable":true,"href":"https:\/\/futbolhoy.co\/index.php\/wp-json\/wp\/v2\/tags?post=122238"}],"curies":[{"name":"wp","href":"https:\/\/api.w.org\/{rel}","templated":true}]}}