{"id":122250,"date":"2025-08-24T17:56:40","date_gmt":"2025-08-24T22:56:40","guid":{"rendered":"https:\/\/futbolhoy.co\/?p=122250"},"modified":"2025-08-25T20:00:18","modified_gmt":"2025-08-26T01:00:18","slug":"edwin-cardona-se-disculpa-con-el-mundo-atletico-nacional","status":"publish","type":"post","link":"https:\/\/futbolhoy.co\/index.php\/2025\/08\/24\/edwin-cardona-se-disculpa-con-el-mundo-atletico-nacional\/","title":{"rendered":"Edwin Cardona se disculpa con el mundo Atl\u00e9tico Nacional"},"content":{"rendered":"<p class=\"ydpe4938d1dMsoNormal\"><span lang=\"ES-MX\" style=\"font-family: helvetica, arial, sans-serif;\">El volante <b>Edwin Cardona<\/b> hizo una publicaci\u00f3n en su cuenta de <b>Instagram<\/b> en la que en un extenso texto ofreci\u00f3 disculpas a la afici\u00f3n, sus compa\u00f1eros y dirigentes de <b>Atl\u00e9tico Nacional<\/b> por sus recientes actuaciones y actitudes, las cuales reconoci\u00f3 no han estado a la altura de lo que representa el club.<\/span><\/p>\n<p class=\"ydpe4938d1dMsoNormal\"><span lang=\"ES-MX\" style=\"font-family: helvetica, arial, sans-serif;\">Cardona destac\u00f3 su paso por el equipo con momentos inolvidables y reconoci\u00f3 que tiene mucho m\u00e1s para dar y aportar a la instituci\u00f3n.<\/span><\/p>\n<p class=\"ydpe4938d1dMsoNormal\"><span lang=\"ES-MX\" style=\"font-family: helvetica, arial, sans-serif;\">El jugador se\u00f1al\u00f3 que esta temporada hay mucho por disputar e invit\u00f3 a la uni\u00f3n de toda la familia verdolaga para cumplir las metas y alcanzar los objetivos.<\/span><\/p>\n<figure id=\"attachment_122255\" aria-describedby=\"caption-attachment-122255\" style=\"width: 1080px\" class=\"wp-caption alignnone\"><img fetchpriority=\"high\" decoding=\"async\" class=\"size-full wp-image-122255\" src=\"https:\/\/futbolhoy.co\/wp-content\/uploads\/2025\/08\/IMG_8107.jpeg\" alt=\"\" width=\"1080\" height=\"1320\" srcset=\"https:\/\/futbolhoy.co\/wp-content\/uploads\/2025\/08\/IMG_8107.jpeg 1080w, https:\/\/futbolhoy.co\/wp-content\/uploads\/2025\/08\/IMG_8107-245x300.jpeg 245w, https:\/\/futbolhoy.co\/wp-content\/uploads\/2025\/08\/IMG_8107-838x1024.jpeg 838w, https:\/\/futbolhoy.co\/wp-content\/uploads\/2025\/08\/IMG_8107-768x939.jpeg 768w, https:\/\/futbolhoy.co\/wp-content\/uploads\/2025\/08\/IMG_8107-696x851.jpeg 696w, https:\/\/futbolhoy.co\/wp-content\/uploads\/2025\/08\/IMG_8107-1068x1305.jpeg 1068w, https:\/\/futbolhoy.co\/wp-content\/uploads\/2025\/08\/IMG_8107-105x128.jpeg 105w, https:\/\/futbolhoy.co\/wp-content\/uploads\/2025\/08\/IMG_8107-26x32.jpeg 26w\" sizes=\"(max-width: 1080px) 100vw, 1080px\" \/><figcaption id=\"caption-attachment-122255\" class=\"wp-caption-text\">Imagen: @e.cardona10<\/figcaption><\/figure>\n","protected":false},"excerpt":{"rendered":"<p>El volante Edwin Cardona hizo una publicaci\u00f3n en su cuenta de Instagram en la que en un extenso texto ofreci\u00f3 disculpas a la afici\u00f3n, sus compa\u00f1eros y dirigentes de Atl\u00e9tico Nacional por sus recientes actuaciones y actitudes, las cuales reconoci\u00f3 no han estado a la altura de lo que representa el club. Cardona destac\u00f3 su [&hellip;]<\/p>\n","protected":false},"author":4,"featured_media":122251,"comment_status":"open","ping_status":"closed","sticky":false,"template":"","format":"standard","meta":{"_acf_changed":false,"footnotes":""},"categories":[7],"tags":[],"class_list":{"0":"post-122250","1":"post","2":"type-post","3":"status-publish","4":"format-standard","5":"has-post-thumbnail","7":"category-liga-betplay"},"acf":[],"_links":{"self":[{"href":"https:\/\/futbolhoy.co\/index.php\/wp-json\/wp\/v2\/posts\/122250","targetHints":{"allow":["GET"]}}],"collection":[{"href":"https:\/\/futbolhoy.co\/index.php\/wp-json\/wp\/v2\/posts"}],"about":[{"href":"https:\/\/futbolhoy.co\/index.php\/wp-json\/wp\/v2\/types\/post"}],"author":[{"embeddable":true,"href":"https:\/\/futbolhoy.co\/index.php\/wp-json\/wp\/v2\/users\/4"}],"replies":[{"embeddable":true,"href":"https:\/\/futbolhoy.co\/index.php\/wp-json\/wp\/v2\/comments?post=122250"}],"version-history":[{"count":3,"href":"https:\/\/futbolhoy.co\/index.php\/wp-json\/wp\/v2\/posts\/122250\/revisions"}],"predecessor-version":[{"id":122256,"href":"https:\/\/futbolhoy.co\/index.php\/wp-json\/wp\/v2\/posts\/122250\/revisions\/122256"}],"wp:featuredmedia":[{"embeddable":true,"href":"https:\/\/futbolhoy.co\/index.php\/wp-json\/wp\/v2\/media\/122251"}],"wp:attachment":[{"href":"https:\/\/futbolhoy.co\/index.php\/wp-json\/wp\/v2\/media?parent=122250"}],"wp:term":[{"taxonomy":"category","embeddable":true,"href":"https:\/\/futbolhoy.co\/index.php\/wp-json\/wp\/v2\/categories?post=122250"},{"taxonomy":"post_tag","embeddable":true,"href":"https:\/\/futbolhoy.co\/index.php\/wp-json\/wp\/v2\/tags?post=122250"}],"curies":[{"name":"wp","href":"https:\/\/api.w.org\/{rel}","templated":true}]}}