{"id":122257,"date":"2025-08-24T20:24:39","date_gmt":"2025-08-25T01:24:39","guid":{"rendered":"https:\/\/futbolhoy.co\/?p=122257"},"modified":"2025-08-26T07:30:32","modified_gmt":"2025-08-26T12:30:32","slug":"america-y-nacional-empataron-en-el-pascual-guerrero","status":"publish","type":"post","link":"https:\/\/futbolhoy.co\/index.php\/2025\/08\/24\/america-y-nacional-empataron-en-el-pascual-guerrero\/","title":{"rendered":"Am\u00e9rica y Nacional empataron en el Pascual Guerrero"},"content":{"rendered":"<p><span style=\"font-family: helvetica, arial, sans-serif;\"><strong>Am\u00e9rica<\/strong> cort\u00f3 una racha de cuatro derrotas consecutivas en todas las competiciones y empat\u00f3 en su patio <strong>1-1 con Atl\u00e9tico Nacional<\/strong> en la octava jornada de la Liga colombiana.<\/span><\/p>\n<p><span style=\"font-family: helvetica, arial, sans-serif;\">El cl\u00e1sico de la fecha estuvo deslucido, con dos equipos que<strong> se concentraron m\u00e1s en tener control<\/strong> defensivo del contrario que propuestas ofensivas; y ante una escasa asistencia de p\u00fablico que lleg\u00f3 a <strong>9.471 espectadores<\/strong> en las instalaciones del estadio cale\u00f1o.<\/span><\/p>\n<p><span style=\"font-family: helvetica, arial, sans-serif;\">La visita se fue en ventaja con gol de <strong>Alfredo Morelos a los 18 minutos<\/strong>, aprovechando una asistencia de <strong>Jorman Campuzano<\/strong> que se anticip\u00f3 en salida a un rival y dej\u00f3 solo al \u201cB\u00fafalo\u201d para que definiera ante el portero <strong>Jorge Soto<\/strong>.<\/span><\/p>\n<p><span style=\"font-family: helvetica, arial, sans-serif;\">La igualdad de los<strong> \u201cEscarlatas\u201d f<\/strong>ue obra del peruano <strong>Luis Ramos<\/strong> de golpe de cabeza a los <strong>29<\/strong>\u2019, tras centro desde la derecha del capit\u00e1n <strong>Rafael Carrascal.<\/strong><\/span><\/p>\n<p><span style=\"font-family: helvetica, arial, sans-serif;\">En el conjunto antioque\u00f1o no fue inicialist<strong>a Edwin Cardona,<\/strong> quien ingres\u00f3 a los 60 minutos.<\/span><\/p>\n<p><span style=\"font-family: helvetica, arial, sans-serif;\"><strong>Nacional sum\u00f3 cinco juegos de Liga sin derrotas<\/strong>; mientras que los vallecaucanos volvieron a registrar <strong>un empate despu\u00e9s de nueve compromisos<\/strong> en todos los torneos.<\/span><\/p>\n<p><span style=\"font-family: helvetica, arial, sans-serif;\">Ambos equipos volver\u00e1n a tener actividad el mi\u00e9rcoles<strong>; Am\u00e9rica visitando al Bucaramanga<\/strong> en partido pendiente de Liga y <strong>Nacional recibiendo al Quind\u00edo<\/strong> por la ida de los octavos de final de la <strong>Copa Colombia.<\/strong><\/span><\/p>\n","protected":false},"excerpt":{"rendered":"<p>Am\u00e9rica cort\u00f3 una racha de cuatro derrotas consecutivas en todas las competiciones y empat\u00f3 en su patio 1-1 con Atl\u00e9tico Nacional en la octava jornada de la Liga colombiana. El cl\u00e1sico de la fecha estuvo deslucido, con dos equipos que se concentraron m\u00e1s en tener control defensivo del contrario que propuestas ofensivas; y ante una [&hellip;]<\/p>\n","protected":false},"author":4,"featured_media":122258,"comment_status":"open","ping_status":"closed","sticky":false,"template":"","format":"standard","meta":{"_acf_changed":false,"footnotes":""},"categories":[7],"tags":[],"class_list":{"0":"post-122257","1":"post","2":"type-post","3":"status-publish","4":"format-standard","5":"has-post-thumbnail","7":"category-liga-betplay"},"acf":[],"_links":{"self":[{"href":"https:\/\/futbolhoy.co\/index.php\/wp-json\/wp\/v2\/posts\/122257","targetHints":{"allow":["GET"]}}],"collection":[{"href":"https:\/\/futbolhoy.co\/index.php\/wp-json\/wp\/v2\/posts"}],"about":[{"href":"https:\/\/futbolhoy.co\/index.php\/wp-json\/wp\/v2\/types\/post"}],"author":[{"embeddable":true,"href":"https:\/\/futbolhoy.co\/index.php\/wp-json\/wp\/v2\/users\/4"}],"replies":[{"embeddable":true,"href":"https:\/\/futbolhoy.co\/index.php\/wp-json\/wp\/v2\/comments?post=122257"}],"version-history":[{"count":1,"href":"https:\/\/futbolhoy.co\/index.php\/wp-json\/wp\/v2\/posts\/122257\/revisions"}],"predecessor-version":[{"id":122259,"href":"https:\/\/futbolhoy.co\/index.php\/wp-json\/wp\/v2\/posts\/122257\/revisions\/122259"}],"wp:featuredmedia":[{"embeddable":true,"href":"https:\/\/futbolhoy.co\/index.php\/wp-json\/wp\/v2\/media\/122258"}],"wp:attachment":[{"href":"https:\/\/futbolhoy.co\/index.php\/wp-json\/wp\/v2\/media?parent=122257"}],"wp:term":[{"taxonomy":"category","embeddable":true,"href":"https:\/\/futbolhoy.co\/index.php\/wp-json\/wp\/v2\/categories?post=122257"},{"taxonomy":"post_tag","embeddable":true,"href":"https:\/\/futbolhoy.co\/index.php\/wp-json\/wp\/v2\/tags?post=122257"}],"curies":[{"name":"wp","href":"https:\/\/api.w.org\/{rel}","templated":true}]}}