{"id":122272,"date":"2025-08-25T15:12:10","date_gmt":"2025-08-25T20:12:10","guid":{"rendered":"https:\/\/futbolhoy.co\/?p=122272"},"modified":"2025-08-26T20:15:49","modified_gmt":"2025-08-27T01:15:49","slug":"brasil-de-ancelotti-anuncio-convocatoria-para-eliminatorias-sudamericanas-gran-sorpresa","status":"publish","type":"post","link":"https:\/\/futbolhoy.co\/index.php\/2025\/08\/25\/brasil-de-ancelotti-anuncio-convocatoria-para-eliminatorias-sudamericanas-gran-sorpresa\/","title":{"rendered":"Brasil de Ancelotti anunci\u00f3 convocatoria para Eliminatorias Sudamericanas: Gran sorpresa"},"content":{"rendered":"<p><span style=\"font-family: helvetica, arial, sans-serif;\">El 25 de agosto, en medio de una conferencia de prensa, el director t\u00e9cnico Carlo Ancelotti, entrenador de la Selecci\u00f3n Brasile\u00f1a de F\u00fatbol, anunci\u00f3 la lista de 24 jugadores que estar\u00e1n disponibles para los \u00faltimos dos partidos de Eliminatorias Sudamericanas rumbo al Mundial 2026, que ser\u00e1n<strong> ante Chile en casa, y Bolivia en calidad de visitante<\/strong>.<br \/>\n<\/span><br \/>\n<span style=\"font-family: helvetica, arial, sans-serif;\">Neymar es una de las novedades, pues nuevamente se perder\u00e1 una jornada FIFA, tras quedar por fuera de la elecci\u00f3n del italiano, igual que Rodrygo, delantero de Real Madrid. Por su parte, el equipo estar\u00e1 conformado por figuras como <strong>Vin\u00edcius J\u00fanior, Casemiro, Martinelli, Jo\u00e3o Pedro, Paquet\u00e1, Alisson<\/strong>, entre otros.<br \/>\n<\/span><br \/>\n<span style=\"font-family: helvetica, arial, sans-serif;\">A continuaci\u00f3n, la lista completa de jugadores en la Selecci\u00f3n de Brasil:<br \/>\n<\/span><br \/>\n<span style=\"font-family: helvetica, arial, sans-serif; font-size: 12pt;\">Arqueros<br \/>\n<\/span><span style=\"font-family: helvetica, arial, sans-serif;\">Alisson (Inglaterra &#8211; Liverpool), Bento (Arabia &#8211; Al-Nassr), Hugo Souza (Brasil &#8211; Corinthians).<br \/>\n<\/span><br \/>\n<span style=\"font-family: helvetica, arial, sans-serif; font-size: 12pt;\">Defensores<\/span><br \/>\n<span style=\"font-family: helvetica, arial, sans-serif;\">Alex Sandro (Brasil &#8211; Flamengo), Caio Henrique (Francia &#8211; M\u00f3naco), Douglas Santos (Rusia &#8211; Zenit), Fabricio Bruno (Brasil &#8211; Cruzeiro), Gabriel Magalh\u00e3es (Inglaterra &#8211; Arsenal), Marquinhos (Francia &#8211; Paris Saint Germain), Vanderson (Francia &#8211; M\u00f3naco), Wesley (China &#8211; Shenzhen Peng City).<br \/>\n<\/span><br \/>\n<span style=\"font-family: helvetica, arial, sans-serif; font-size: 12pt;\">Mediocampistas<\/span><br \/>\n<span style=\"font-family: helvetica, arial, sans-serif;\">Casemiro (Inglaterra &#8211; Manchester United), Bruno Guimar\u00e3es (Inglaterra &#8211; Newcastle), Lucas Paquet\u00e1 (Inglaterra &#8211; West Ham), Joelinton (Inglaterra &#8211; Newcastle), Andrey Santos (Inglaterra &#8211; Chelsea).<br \/>\n<\/span><br \/>\n<span style=\"font-family: helvetica, arial, sans-serif; font-size: 12pt;\">Delanteros<\/span><br \/>\n<span style=\"font-family: helvetica, arial, sans-serif;\">Raphinha (Espa\u00f1a &#8211; Barcelona), Gabriel Martinelli (Inglaterra &#8211; Arsenal), Jo\u00e3o Pedro (Inglaterra &#8211; Chelsea), Kaio Jorge (Brasil &#8211; Cruzeiro), Matheus Cunha (Inglaterra &#8211; Manchester United), Luiz Henrique (Rusia &#8211; Zenit), Est\u00eav\u00e3o (Inglaterra &#8211; Chelsea), Richarlison (Inglaterra &#8211; Tottenham).<\/span><br \/>\n<span style=\"font-family: helvetica, arial, sans-serif;\">As\u00ed se jugar\u00e1n las fechas 17 y 18 de las Eliminatorias Sudamericanas:<br \/>\n<\/span><br \/>\nFecha 17 &#8211; jueves 4 de septiembre<br \/>\n6:30 pm \u2013 Paraguay vs. Ecuador.<br \/>\n6:30 pm \u2013 Argentina vs. Venezuela.<br \/>\n6:30 \u2013 Uruguay vs. Per\u00fa.<br \/>\n6:30 pm \u2013 Colombia vs. Bolivia.<br \/>\n7:30 pm \u2013 Brasil vs. Chile.<br \/>\n<strong><br \/>\n<\/strong>Fecha 18 &#8211; martes 9 de septiembre<br \/>\n6:00 pm \u2013 Ecuador vs. Argentina.<br \/>\n6:30 pm \u2013 Chile vs Uruguay.<br \/>\n6:30 pm \u2013 Bolivia vs. Brasil.<br \/>\n6:30 pm\u2013 Venezuela vs. Colombia.<br \/>\n6:30 pm Per\u00fa vs. Paraguay.<\/p>\n<p>As\u00ed, la Selecci\u00f3n de Brasil se convirti\u00f3 en la segunda escuadra sudamericana, por detr\u00e1s de Per\u00fa, en publicar la lista de jugadores que afrontar\u00e1n \u00faltimos duelos por Eliminatorias. En los pr\u00f3ximos d\u00edas se espera que el entrenador de la Selecci\u00f3n Colombia, N\u00e9stor Lorenzo, haga lo propio previo a los duelos ante Bolivia y Venezuela.<\/p>\n","protected":false},"excerpt":{"rendered":"<p>El 25 de agosto, en medio de una conferencia de prensa, el director t\u00e9cnico Carlo Ancelotti, entrenador de la Selecci\u00f3n Brasile\u00f1a de F\u00fatbol, anunci\u00f3 la lista de 24 jugadores que estar\u00e1n disponibles para los \u00faltimos dos partidos de Eliminatorias Sudamericanas rumbo al Mundial 2026, que ser\u00e1n ante Chile en casa, y Bolivia en calidad de [&hellip;]<\/p>\n","protected":false},"author":4,"featured_media":122273,"comment_status":"open","ping_status":"closed","sticky":false,"template":"","format":"standard","meta":{"_acf_changed":false,"footnotes":""},"categories":[6],"tags":[],"class_list":{"0":"post-122272","1":"post","2":"type-post","3":"status-publish","4":"format-standard","5":"has-post-thumbnail","7":"category-mundial"},"acf":[],"_links":{"self":[{"href":"https:\/\/futbolhoy.co\/index.php\/wp-json\/wp\/v2\/posts\/122272","targetHints":{"allow":["GET"]}}],"collection":[{"href":"https:\/\/futbolhoy.co\/index.php\/wp-json\/wp\/v2\/posts"}],"about":[{"href":"https:\/\/futbolhoy.co\/index.php\/wp-json\/wp\/v2\/types\/post"}],"author":[{"embeddable":true,"href":"https:\/\/futbolhoy.co\/index.php\/wp-json\/wp\/v2\/users\/4"}],"replies":[{"embeddable":true,"href":"https:\/\/futbolhoy.co\/index.php\/wp-json\/wp\/v2\/comments?post=122272"}],"version-history":[{"count":4,"href":"https:\/\/futbolhoy.co\/index.php\/wp-json\/wp\/v2\/posts\/122272\/revisions"}],"predecessor-version":[{"id":122288,"href":"https:\/\/futbolhoy.co\/index.php\/wp-json\/wp\/v2\/posts\/122272\/revisions\/122288"}],"wp:featuredmedia":[{"embeddable":true,"href":"https:\/\/futbolhoy.co\/index.php\/wp-json\/wp\/v2\/media\/122273"}],"wp:attachment":[{"href":"https:\/\/futbolhoy.co\/index.php\/wp-json\/wp\/v2\/media?parent=122272"}],"wp:term":[{"taxonomy":"category","embeddable":true,"href":"https:\/\/futbolhoy.co\/index.php\/wp-json\/wp\/v2\/categories?post=122272"},{"taxonomy":"post_tag","embeddable":true,"href":"https:\/\/futbolhoy.co\/index.php\/wp-json\/wp\/v2\/tags?post=122272"}],"curies":[{"name":"wp","href":"https:\/\/api.w.org\/{rel}","templated":true}]}}