{"id":122275,"date":"2025-08-25T16:48:28","date_gmt":"2025-08-25T21:48:28","guid":{"rendered":"https:\/\/futbolhoy.co\/?p=122275"},"modified":"2025-08-26T22:14:33","modified_gmt":"2025-08-27T03:14:33","slug":"tabla-de-liga-espanola-asi-marchan-los-equipos-de-los-colombianos-tras-finalizar-la-fecha-2","status":"publish","type":"post","link":"https:\/\/futbolhoy.co\/index.php\/2025\/08\/25\/tabla-de-liga-espanola-asi-marchan-los-equipos-de-los-colombianos-tras-finalizar-la-fecha-2\/","title":{"rendered":"Tabla de Liga Espa\u00f1ola: as\u00ed marchan los equipos de los colombianos tras finalizar la fecha 2"},"content":{"rendered":"<p style=\"text-align: justify;\"><span style=\"font-family: helvetica, arial, sans-serif;\">Villarreal sorprende en la Liga Espa\u00f1ola tras finalizar la segunda jornada en el primer puesto, mismo puntaje de<strong> Barcelona, Real Madrid, Getafe y Athletic Club<\/strong>, sin embargo, \u2018El Submarino Amarillo\u2019 tiene mejor diferencia de gol. As\u00ed, merengues y catalanes, los principales pretendientes al t\u00edtulo para el final de la temporada, complementan el podio parcial del campeonato, por diferencia de gol. <\/span><br \/>\n<span style=\"font-family: helvetica, arial, sans-serif;\">A continuaci\u00f3n, la zona alta de la tabla de posiciones, tras las dos primeras fechas:<br \/>\n<\/span><br \/>\n<span style=\"font-family: helvetica, arial, sans-serif;\"><img fetchpriority=\"high\" decoding=\"async\" class=\"alignnone size-full wp-image-122277\" src=\"https:\/\/futbolhoy.co\/wp-content\/uploads\/2025\/08\/Captura-de-pantalla-2025-08-25-164534.png\" alt=\"\" width=\"1139\" height=\"546\" srcset=\"https:\/\/futbolhoy.co\/wp-content\/uploads\/2025\/08\/Captura-de-pantalla-2025-08-25-164534.png 1139w, https:\/\/futbolhoy.co\/wp-content\/uploads\/2025\/08\/Captura-de-pantalla-2025-08-25-164534-300x144.png 300w, https:\/\/futbolhoy.co\/wp-content\/uploads\/2025\/08\/Captura-de-pantalla-2025-08-25-164534-1024x491.png 1024w, https:\/\/futbolhoy.co\/wp-content\/uploads\/2025\/08\/Captura-de-pantalla-2025-08-25-164534-768x368.png 768w, https:\/\/futbolhoy.co\/wp-content\/uploads\/2025\/08\/Captura-de-pantalla-2025-08-25-164534-696x334.png 696w, https:\/\/futbolhoy.co\/wp-content\/uploads\/2025\/08\/Captura-de-pantalla-2025-08-25-164534-1068x512.png 1068w, https:\/\/futbolhoy.co\/wp-content\/uploads\/2025\/08\/Captura-de-pantalla-2025-08-25-164534-128x61.png 128w, https:\/\/futbolhoy.co\/wp-content\/uploads\/2025\/08\/Captura-de-pantalla-2025-08-25-164534-32x15.png 32w\" sizes=\"(max-width: 1139px) 100vw, 1139px\" \/><\/span><\/p>\n<p style=\"text-align: justify;\"><span style=\"font-size: 14pt; font-family: helvetica, arial, sans-serif;\"><br \/>\n\u00bfCu\u00e1ndo y c\u00f3mo se jugar\u00e1 la fecha 3?<br \/>\n<\/span><br \/>\n<span style=\"font-family: helvetica, arial, sans-serif;\"><strong>Real Betis de Juan Camilo \u2018Cucho\u2019 Hern\u00e1ndez<\/strong>, visitar\u00e1 a Celta de Vigo el 26 de agosto de las 2:00 pm, en el duelo adelantado de la fecha 6. No obstante, la tercera jornada iniciar\u00e1 el viernes 29 del mismo mes, y finalizar\u00e1 el domingo 31, con el partido de <strong>Barcelona ante Rayo Vallecano<\/strong>. As\u00ed se jugar\u00e1 la fecha 3 de la Liga Espa\u00f1ola (con horario de Colombia):<br \/>\n<\/span><br \/>\n<span style=\"font-family: helvetica, arial, sans-serif;\"><strong>Viernes 29 de agosto<\/strong><\/span><br \/>\n<span style=\"font-family: helvetica, arial, sans-serif;\">12:30 pm \u2013 Elche vs. Levante<\/span><br \/>\n<span style=\"font-family: helvetica, arial, sans-serif;\">2:30 pm \u2013 Valencia vs. Getafe<br \/>\n<\/span><br \/>\n<span style=\"font-family: helvetica, arial, sans-serif;\"><strong>S\u00e1bado 30 de agosto<\/strong><\/span><br \/>\n<span style=\"font-family: helvetica, arial, sans-serif;\">10:00 am \u2013 Deportivo Alav\u00e9s vs. Atl\u00e9tico de Madrid <\/span><br \/>\n<span style=\"font-family: helvetica, arial, sans-serif;\">12:00 pm \u2013 Real Oviedo vs. Real Sociedad<\/span><br \/>\n<span style=\"font-family: helvetica, arial, sans-serif;\">12:00 pm \u2013 <strong>Girona<\/strong> vs. Sevilla<\/span><br \/>\n<span style=\"font-family: helvetica, arial, sans-serif;\">2:30 pm \u2013 Real Madrid vs. <strong>Real Mallorca<br \/>\n<\/strong><\/span><br \/>\n<span style=\"font-family: helvetica, arial, sans-serif;\"><strong>Domingo 31 de agosto<\/strong><\/span><br \/>\n<span style=\"font-family: helvetica, arial, sans-serif;\">10:00 am \u2013 Celta de Vigo vs. Villarreal<\/span><br \/>\n<span style=\"font-family: helvetica, arial, sans-serif;\">12:00 pm \u2013 <strong>Real Betis<\/strong> vs. Athletic Club <\/span><br \/>\n<span style=\"font-family: helvetica, arial, sans-serif;\">12:30 pm \u2013 Espanyol vs. Osasuna <\/span><br \/>\n<span style=\"font-family: helvetica, arial, sans-serif;\">2:30 pm \u2013 Rayo Vallecano vs. Barcelona<\/span><\/p>\n<p>&nbsp;<\/p>\n<p><span style=\"font-size: 14pt; font-family: helvetica, arial, sans-serif;\">Colombianos en la fecha 3 de la Liga Espa\u00f1ola<\/span><br \/>\n<span style=\"font-family: helvetica, arial, sans-serif;\">En las \u00faltimas horas <strong>Nelson Deossa<\/strong> se incorpor\u00f3 por primera vez a los entrenamientos de Real Betis, tras recuperarse de su lesi\u00f3n, donde comparte equipo junto a su compatriota, \u2018El Cucho\u2019 Hern\u00e1ndez. Se estima de Deossa est\u00e9 disponible para <strong>la segunda semana de septiembre<\/strong>; mientras que Hern\u00e1ndez, podr\u00e1 hacer parte de los elegidos por el entrenador Manuel Pellegrini, para recibir el vibrante duelo ante Athletic Club. Por su parte, <strong>Yaser Asprilla y Jhon Sol\u00eds<\/strong>, esperan tener acci\u00f3n el mismo d\u00eda con Girona frente a Sevilla.<br \/>\n<\/span><br \/>\n<span style=\"font-family: helvetica, arial, sans-serif;\">Por \u00faltimo, el turno ser\u00e1 para <strong>Johan Mojica con Mallorca, que enfrentar\u00e1 a Real Madrid<\/strong> de Vin\u00edcius Junior, Kylian Mbapp\u00e9, Rodrygo, entre otros; a quienes deber\u00e1 marcar desde su posici\u00f3n natural como lateral izquierdo. El joven Daniel Luna, quien pertenece a Mallorca, est\u00e1 pr\u00f3ximo a convertirse en nuevo refuerzo de Huesca de la segunda divisi\u00f3n del f\u00fatbol espa\u00f1ol, seg\u00fan fuentes de EFE.<\/span><\/p>\n","protected":false},"excerpt":{"rendered":"<p>Villarreal sorprende en la Liga Espa\u00f1ola tras finalizar la segunda jornada en el primer puesto, mismo puntaje de Barcelona, Real Madrid, Getafe y Athletic Club, sin embargo, \u2018El Submarino Amarillo\u2019 tiene mejor diferencia de gol. As\u00ed, merengues y catalanes, los principales pretendientes al t\u00edtulo para el final de la temporada, complementan el podio parcial del [&hellip;]<\/p>\n","protected":false},"author":4,"featured_media":122282,"comment_status":"open","ping_status":"closed","sticky":false,"template":"","format":"standard","meta":{"_acf_changed":false,"footnotes":""},"categories":[152],"tags":[],"class_list":{"0":"post-122275","1":"post","2":"type-post","3":"status-publish","4":"format-standard","5":"has-post-thumbnail","7":"category-mundo-futbol"},"acf":[],"_links":{"self":[{"href":"https:\/\/futbolhoy.co\/index.php\/wp-json\/wp\/v2\/posts\/122275","targetHints":{"allow":["GET"]}}],"collection":[{"href":"https:\/\/futbolhoy.co\/index.php\/wp-json\/wp\/v2\/posts"}],"about":[{"href":"https:\/\/futbolhoy.co\/index.php\/wp-json\/wp\/v2\/types\/post"}],"author":[{"embeddable":true,"href":"https:\/\/futbolhoy.co\/index.php\/wp-json\/wp\/v2\/users\/4"}],"replies":[{"embeddable":true,"href":"https:\/\/futbolhoy.co\/index.php\/wp-json\/wp\/v2\/comments?post=122275"}],"version-history":[{"count":6,"href":"https:\/\/futbolhoy.co\/index.php\/wp-json\/wp\/v2\/posts\/122275\/revisions"}],"predecessor-version":[{"id":122289,"href":"https:\/\/futbolhoy.co\/index.php\/wp-json\/wp\/v2\/posts\/122275\/revisions\/122289"}],"wp:featuredmedia":[{"embeddable":true,"href":"https:\/\/futbolhoy.co\/index.php\/wp-json\/wp\/v2\/media\/122282"}],"wp:attachment":[{"href":"https:\/\/futbolhoy.co\/index.php\/wp-json\/wp\/v2\/media?parent=122275"}],"wp:term":[{"taxonomy":"category","embeddable":true,"href":"https:\/\/futbolhoy.co\/index.php\/wp-json\/wp\/v2\/categories?post=122275"},{"taxonomy":"post_tag","embeddable":true,"href":"https:\/\/futbolhoy.co\/index.php\/wp-json\/wp\/v2\/tags?post=122275"}],"curies":[{"name":"wp","href":"https:\/\/api.w.org\/{rel}","templated":true}]}}