{"id":123052,"date":"2025-09-11T15:00:35","date_gmt":"2025-09-11T20:00:35","guid":{"rendered":"https:\/\/futbolhoy.co\/?p=123052"},"modified":"2025-09-12T08:40:55","modified_gmt":"2025-09-12T13:40:55","slug":"barranquilla-estaria-aprobada-para-final-de-copa-sudamericana","status":"publish","type":"post","link":"https:\/\/futbolhoy.co\/index.php\/2025\/09\/11\/barranquilla-estaria-aprobada-para-final-de-copa-sudamericana\/","title":{"rendered":"Barranquilla estar\u00eda \"aprobada\" para final de Copa Sudamericana 2026"},"content":{"rendered":"<p style=\"text-align: justify;\"><span style=\"font-family: helvetica, arial, sans-serif;\">Conmebol anunci\u00f3 el cambio de sede para la<strong> final de la Copa Sudamericana 2025<\/strong>, que estaba programada para el 22 de noviembre en el estadio \u201cTahuichi\u201d Ram\u00f3n Aguilera, de Santa Cruz de la Sierra, en Bolivia.<\/span><\/p>\n<p style=\"text-align: justify;\"><span style=\"font-family: helvetica, arial, sans-serif;\">La Confederaci\u00f3n Sudamericana de F\u00fatbol opt\u00f3 por trasladar la sede a <strong>Asunci\u00f3n, Paraguay<\/strong>, ante los \"desalentadores datos con respecto al cumplimiento de los plazos y cronograma de obras y mejoras\", de acuerdo con la organizaci\u00f3n.<\/span><\/p>\n<p style=\"text-align: justify;\"><span style=\"font-family: helvetica, arial, sans-serif;\">Esta alteraci\u00f3n obedece al reglamento para las finales a partido \u00fanico, que establece, \" en caso de necesidad de cambio de sede <strong>se optar\u00e1 por la ciudad de la edici\u00f3n anterior<\/strong>, que ya cuenta con la infraestructura y la experiencia\".<\/span><\/p>\n<p style=\"text-align: justify;\"><span style=\"font-family: helvetica, arial, sans-serif;\">Tras este anuncio, el el presidente de la<strong> Federaci\u00f3n Boliviana de F\u00fatbol (FBF)<\/strong>, Fernando Costa, revel\u00f3 que la final de la Copa Sudamericana de 2026 se jugar\u00e1 en <strong>Barranquilla<\/strong>.<\/span><\/p>\n<h3 style=\"text-align: justify;\"><span style=\"font-family: helvetica, arial, sans-serif;\">Declaraciones del presidente<\/span><\/h3>\n<blockquote class=\"twitter-tweet\" data-media-max-width=\"560\">\n<p dir=\"ltr\" lang=\"es\">El presidente de la Federaci\u00f3n Boliviana de f\u00fatbol Fernando Costa confirma que en el 2026 la final de la <a href=\"https:\/\/twitter.com\/hashtag\/CopaSudamericana?src=hash&amp;ref_src=twsrc%5Etfw\">#CopaSudamericana<\/a> a partido \u00fanico ser\u00e1 en Barranquilla en el estadio Metropilitano<\/p>\n<p>Cr\u00e9dito: el Deber Sports\ud83d\udc47 <a href=\"https:\/\/t.co\/sWwWwH53rL\">pic.twitter.com\/sWwWwH53rL<\/a><\/p>\n<p>\u2014 Felipe Espinal (@espinalpipe) <a href=\"https:\/\/twitter.com\/espinalpipe\/status\/1966196552512450586?ref_src=twsrc%5Etfw\">September 11, 2025<\/a><\/p><\/blockquote>\n<p style=\"text-align: justify;\"><script async src=\"https:\/\/platform.twitter.com\/widgets.js\" charset=\"utf-8\"><\/script><span style=\"font-family: helvetica, arial, sans-serif;\">Estas palabras surgieron despu\u00e9s de expresar su deseo por albergar la final de Copa Sudamericana en 2027, \"puesto que <strong>ya para el a\u00f1o est\u00e1 aprobada la ciudad de Barranquilla<\/strong>\", afirm\u00f3, refiri\u00e9ndose a la final de <strong>2026.<\/strong><\/span><\/p>\n<p style=\"text-align: justify;\"><span style=\"font-family: helvetica, arial, sans-serif;\">El Estadio Metropolitano Roberto Mel\u00e9ndez de Barranquilla se convertir\u00eda en el primer escenario colombiano en albergar una final de esta competencia, desde que son a partido \u00fanico, <strong>desde 2019<\/strong>.<\/span><\/p>\n<p style=\"text-align: justify;\"><span style=\"font-family: helvetica, arial, sans-serif;\"><strong>Independiente Santa Fe<\/strong> es el \u00fanico equipo de la Liga BetPlay en ser campe\u00f3n de la competencia, mientras que Atl\u00e9tico Nacional alcanz\u00f3 la final en 2016 y Junior en 2018.<\/span><\/p>\n","protected":false},"excerpt":{"rendered":"<p>Conmebol anunci\u00f3 el cambio de sede para la final de la Copa Sudamericana 2025, que estaba programada para el 22 de noviembre en el estadio \u201cTahuichi\u201d Ram\u00f3n Aguilera, de Santa Cruz de la Sierra, en Bolivia. La Confederaci\u00f3n Sudamericana de F\u00fatbol opt\u00f3 por trasladar la sede a Asunci\u00f3n, Paraguay, ante los \"desalentadores datos con respecto [&hellip;]<\/p>\n","protected":false},"author":4,"featured_media":123053,"comment_status":"open","ping_status":"open","sticky":false,"template":"","format":"standard","meta":{"_acf_changed":false,"footnotes":""},"categories":[1046],"tags":[],"class_list":{"0":"post-123052","1":"post","2":"type-post","3":"status-publish","4":"format-standard","5":"has-post-thumbnail","7":"category-sudamericana"},"acf":[],"yoast_head":"<!-- This site is optimized with the Yoast SEO plugin v26.8 - https:\/\/yoast.com\/product\/yoast-seo-wordpress\/ -->\n<title>Barranquilla estar\u00eda &quot;aprobada&quot; para final de Copa Sudamericana 2026 -<\/title>\n<meta name=\"robots\" content=\"index, follow, max-snippet:-1, max-image-preview:large, max-video-preview:-1\" \/>\n<link rel=\"canonical\" href=\"https:\/\/futbolhoy.co\/index.php\/2025\/09\/11\/barranquilla-estaria-aprobada-para-final-de-copa-sudamericana\/\" \/>\n<meta property=\"og:locale\" content=\"es_ES\" \/>\n<meta property=\"og:type\" content=\"article\" \/>\n<meta property=\"og:title\" content=\"Barranquilla estar\u00eda &quot;aprobada&quot; para final de Copa Sudamericana 2026 -\" \/>\n<meta property=\"og:description\" content=\"Conmebol anunci\u00f3 el cambio de sede para la final de la Copa Sudamericana 2025, que estaba programada para el 22 de noviembre en el estadio \u201cTahuichi\u201d Ram\u00f3n Aguilera, de Santa Cruz de la Sierra, en Bolivia. La Confederaci\u00f3n Sudamericana de F\u00fatbol opt\u00f3 por trasladar la sede a Asunci\u00f3n, Paraguay, ante los &quot;desalentadores datos con respecto [&hellip;]\" \/>\n<meta property=\"og:url\" content=\"https:\/\/futbolhoy.co\/index.php\/2025\/09\/11\/barranquilla-estaria-aprobada-para-final-de-copa-sudamericana\/\" \/>\n<meta property=\"article:publisher\" content=\"https:\/\/www.facebook.com\/FutbolHoyCol\/\" \/>\n<meta property=\"article:published_time\" content=\"2025-09-11T20:00:35+00:00\" \/>\n<meta property=\"article:modified_time\" content=\"2025-09-12T13:40:55+00:00\" \/>\n<meta property=\"og:image\" content=\"https:\/\/futbolhoy.co\/wp-content\/uploads\/2025\/09\/WhatsApp-Image-2025-09-11-at-2.59.42-PM.jpeg\" \/>\n\t<meta property=\"og:image:width\" content=\"543\" \/>\n\t<meta property=\"og:image:height\" content=\"242\" \/>\n\t<meta property=\"og:image:type\" content=\"image\/jpeg\" \/>\n<meta name=\"author\" content=\"contenido\" \/>\n<meta name=\"twitter:card\" content=\"summary_large_image\" \/>\n<meta name=\"twitter:creator\" content=\"@FutbolHoyCol\" \/>\n<meta name=\"twitter:site\" content=\"@FutbolHoyCol\" \/>\n<meta name=\"twitter:label1\" content=\"Escrito por\" \/>\n\t<meta name=\"twitter:data1\" content=\"contenido\" \/>\n\t<meta name=\"twitter:label2\" content=\"Tiempo de lectura\" \/>\n\t<meta name=\"twitter:data2\" content=\"1 minuto\" \/>\n<script type=\"application\/ld+json\" class=\"yoast-schema-graph\">{\"@context\":\"https:\/\/schema.org\",\"@graph\":[{\"@type\":\"Article\",\"@id\":\"https:\/\/futbolhoy.co\/index.php\/2025\/09\/11\/barranquilla-estaria-aprobada-para-final-de-copa-sudamericana\/#article\",\"isPartOf\":{\"@id\":\"https:\/\/futbolhoy.co\/index.php\/2025\/09\/11\/barranquilla-estaria-aprobada-para-final-de-copa-sudamericana\/\"},\"author\":{\"name\":\"contenido\",\"@id\":\"https:\/\/futbolhoy.co\/#\/schema\/person\/1721b69355b6623eaff15ac7b92d4cc3\"},\"headline\":\"Barranquilla estar\u00eda \\\"aprobada\\\" para final de Copa Sudamericana 2026\",\"datePublished\":\"2025-09-11T20:00:35+00:00\",\"dateModified\":\"2025-09-12T13:40:55+00:00\",\"mainEntityOfPage\":{\"@id\":\"https:\/\/futbolhoy.co\/index.php\/2025\/09\/11\/barranquilla-estaria-aprobada-para-final-de-copa-sudamericana\/\"},\"wordCount\":299,\"commentCount\":0,\"publisher\":{\"@id\":\"https:\/\/futbolhoy.co\/#organization\"},\"image\":{\"@id\":\"https:\/\/futbolhoy.co\/index.php\/2025\/09\/11\/barranquilla-estaria-aprobada-para-final-de-copa-sudamericana\/#primaryimage\"},\"thumbnailUrl\":\"https:\/\/futbolhoy.co\/wp-content\/uploads\/2025\/09\/WhatsApp-Image-2025-09-11-at-2.59.42-PM.jpeg\",\"articleSection\":[\"Sudamericana\"],\"inLanguage\":\"es\",\"potentialAction\":[{\"@type\":\"CommentAction\",\"name\":\"Comment\",\"target\":[\"https:\/\/futbolhoy.co\/index.php\/2025\/09\/11\/barranquilla-estaria-aprobada-para-final-de-copa-sudamericana\/#respond\"]}]},{\"@type\":\"WebPage\",\"@id\":\"https:\/\/futbolhoy.co\/index.php\/2025\/09\/11\/barranquilla-estaria-aprobada-para-final-de-copa-sudamericana\/\",\"url\":\"https:\/\/futbolhoy.co\/index.php\/2025\/09\/11\/barranquilla-estaria-aprobada-para-final-de-copa-sudamericana\/\",\"name\":\"Barranquilla estar\u00eda \\\"aprobada\\\" para final de Copa Sudamericana 2026 -\",\"isPartOf\":{\"@id\":\"https:\/\/futbolhoy.co\/#website\"},\"primaryImageOfPage\":{\"@id\":\"https:\/\/futbolhoy.co\/index.php\/2025\/09\/11\/barranquilla-estaria-aprobada-para-final-de-copa-sudamericana\/#primaryimage\"},\"image\":{\"@id\":\"https:\/\/futbolhoy.co\/index.php\/2025\/09\/11\/barranquilla-estaria-aprobada-para-final-de-copa-sudamericana\/#primaryimage\"},\"thumbnailUrl\":\"https:\/\/futbolhoy.co\/wp-content\/uploads\/2025\/09\/WhatsApp-Image-2025-09-11-at-2.59.42-PM.jpeg\",\"datePublished\":\"2025-09-11T20:00:35+00:00\",\"dateModified\":\"2025-09-12T13:40:55+00:00\",\"breadcrumb\":{\"@id\":\"https:\/\/futbolhoy.co\/index.php\/2025\/09\/11\/barranquilla-estaria-aprobada-para-final-de-copa-sudamericana\/#breadcrumb\"},\"inLanguage\":\"es\",\"potentialAction\":[{\"@type\":\"ReadAction\",\"target\":[\"https:\/\/futbolhoy.co\/index.php\/2025\/09\/11\/barranquilla-estaria-aprobada-para-final-de-copa-sudamericana\/\"]}]},{\"@type\":\"ImageObject\",\"inLanguage\":\"es\",\"@id\":\"https:\/\/futbolhoy.co\/index.php\/2025\/09\/11\/barranquilla-estaria-aprobada-para-final-de-copa-sudamericana\/#primaryimage\",\"url\":\"https:\/\/futbolhoy.co\/wp-content\/uploads\/2025\/09\/WhatsApp-Image-2025-09-11-at-2.59.42-PM.jpeg\",\"contentUrl\":\"https:\/\/futbolhoy.co\/wp-content\/uploads\/2025\/09\/WhatsApp-Image-2025-09-11-at-2.59.42-PM.jpeg\",\"width\":543,\"height\":242},{\"@type\":\"BreadcrumbList\",\"@id\":\"https:\/\/futbolhoy.co\/index.php\/2025\/09\/11\/barranquilla-estaria-aprobada-para-final-de-copa-sudamericana\/#breadcrumb\",\"itemListElement\":[{\"@type\":\"ListItem\",\"position\":1,\"name\":\"Portada\",\"item\":\"https:\/\/futbolhoy.co\/\"},{\"@type\":\"ListItem\",\"position\":2,\"name\":\"Barranquilla estar\u00eda \\\"aprobada\\\" para final de Copa Sudamericana 2026\"}]},{\"@type\":\"WebSite\",\"@id\":\"https:\/\/futbolhoy.co\/#website\",\"url\":\"https:\/\/futbolhoy.co\/\",\"name\":\"FutbolHoy\",\"description\":\"\",\"publisher\":{\"@id\":\"https:\/\/futbolhoy.co\/#organization\"},\"potentialAction\":[{\"@type\":\"SearchAction\",\"target\":{\"@type\":\"EntryPoint\",\"urlTemplate\":\"https:\/\/futbolhoy.co\/?s={search_term_string}\"},\"query-input\":{\"@type\":\"PropertyValueSpecification\",\"valueRequired\":true,\"valueName\":\"search_term_string\"}}],\"inLanguage\":\"es\"},{\"@type\":\"Organization\",\"@id\":\"https:\/\/futbolhoy.co\/#organization\",\"name\":\"Futbolhoy.co\",\"url\":\"https:\/\/futbolhoy.co\/\",\"logo\":{\"@type\":\"ImageObject\",\"inLanguage\":\"es\",\"@id\":\"https:\/\/futbolhoy.co\/#\/schema\/logo\/image\/\",\"url\":\"https:\/\/futbolhoy.co\/wp-content\/uploads\/2018\/08\/17426380_1906371736249227_6326180412931521141_n.jpg\",\"contentUrl\":\"https:\/\/futbolhoy.co\/wp-content\/uploads\/2018\/08\/17426380_1906371736249227_6326180412931521141_n.jpg\",\"width\":960,\"height\":960,\"caption\":\"Futbolhoy.co\"},\"image\":{\"@id\":\"https:\/\/futbolhoy.co\/#\/schema\/logo\/image\/\"},\"sameAs\":[\"https:\/\/www.facebook.com\/FutbolHoyCol\/\",\"https:\/\/x.com\/FutbolHoyCol\",\"https:\/\/www.instagram.com\/futbolhoycol\/\"]},{\"@type\":\"Person\",\"@id\":\"https:\/\/futbolhoy.co\/#\/schema\/person\/1721b69355b6623eaff15ac7b92d4cc3\",\"name\":\"contenido\",\"image\":{\"@type\":\"ImageObject\",\"inLanguage\":\"es\",\"@id\":\"https:\/\/futbolhoy.co\/#\/schema\/person\/image\/\",\"url\":\"https:\/\/secure.gravatar.com\/avatar\/4f656d3256f5134f466206e7c3941518?s=96&d=mm&r=g\",\"contentUrl\":\"https:\/\/secure.gravatar.com\/avatar\/4f656d3256f5134f466206e7c3941518?s=96&d=mm&r=g\",\"caption\":\"contenido\"}}]}<\/script>\n<!-- \/ Yoast SEO plugin. -->","yoast_head_json":{"title":"Barranquilla estar\u00eda \"aprobada\" para final de Copa Sudamericana 2026 -","robots":{"index":"index","follow":"follow","max-snippet":"max-snippet:-1","max-image-preview":"max-image-preview:large","max-video-preview":"max-video-preview:-1"},"canonical":"https:\/\/futbolhoy.co\/index.php\/2025\/09\/11\/barranquilla-estaria-aprobada-para-final-de-copa-sudamericana\/","og_locale":"es_ES","og_type":"article","og_title":"Barranquilla estar\u00eda \"aprobada\" para final de Copa Sudamericana 2026 -","og_description":"Conmebol anunci\u00f3 el cambio de sede para la final de la Copa Sudamericana 2025, que estaba programada para el 22 de noviembre en el estadio \u201cTahuichi\u201d Ram\u00f3n Aguilera, de Santa Cruz de la Sierra, en Bolivia. La Confederaci\u00f3n Sudamericana de F\u00fatbol opt\u00f3 por trasladar la sede a Asunci\u00f3n, Paraguay, ante los \"desalentadores datos con respecto [&hellip;]","og_url":"https:\/\/futbolhoy.co\/index.php\/2025\/09\/11\/barranquilla-estaria-aprobada-para-final-de-copa-sudamericana\/","article_publisher":"https:\/\/www.facebook.com\/FutbolHoyCol\/","article_published_time":"2025-09-11T20:00:35+00:00","article_modified_time":"2025-09-12T13:40:55+00:00","og_image":[{"width":543,"height":242,"url":"https:\/\/futbolhoy.co\/wp-content\/uploads\/2025\/09\/WhatsApp-Image-2025-09-11-at-2.59.42-PM.jpeg","type":"image\/jpeg"}],"author":"contenido","twitter_card":"summary_large_image","twitter_creator":"@FutbolHoyCol","twitter_site":"@FutbolHoyCol","twitter_misc":{"Escrito por":"contenido","Tiempo de lectura":"1 minuto"},"schema":{"@context":"https:\/\/schema.org","@graph":[{"@type":"Article","@id":"https:\/\/futbolhoy.co\/index.php\/2025\/09\/11\/barranquilla-estaria-aprobada-para-final-de-copa-sudamericana\/#article","isPartOf":{"@id":"https:\/\/futbolhoy.co\/index.php\/2025\/09\/11\/barranquilla-estaria-aprobada-para-final-de-copa-sudamericana\/"},"author":{"name":"contenido","@id":"https:\/\/futbolhoy.co\/#\/schema\/person\/1721b69355b6623eaff15ac7b92d4cc3"},"headline":"Barranquilla estar\u00eda \"aprobada\" para final de Copa Sudamericana 2026","datePublished":"2025-09-11T20:00:35+00:00","dateModified":"2025-09-12T13:40:55+00:00","mainEntityOfPage":{"@id":"https:\/\/futbolhoy.co\/index.php\/2025\/09\/11\/barranquilla-estaria-aprobada-para-final-de-copa-sudamericana\/"},"wordCount":299,"commentCount":0,"publisher":{"@id":"https:\/\/futbolhoy.co\/#organization"},"image":{"@id":"https:\/\/futbolhoy.co\/index.php\/2025\/09\/11\/barranquilla-estaria-aprobada-para-final-de-copa-sudamericana\/#primaryimage"},"thumbnailUrl":"https:\/\/futbolhoy.co\/wp-content\/uploads\/2025\/09\/WhatsApp-Image-2025-09-11-at-2.59.42-PM.jpeg","articleSection":["Sudamericana"],"inLanguage":"es","potentialAction":[{"@type":"CommentAction","name":"Comment","target":["https:\/\/futbolhoy.co\/index.php\/2025\/09\/11\/barranquilla-estaria-aprobada-para-final-de-copa-sudamericana\/#respond"]}]},{"@type":"WebPage","@id":"https:\/\/futbolhoy.co\/index.php\/2025\/09\/11\/barranquilla-estaria-aprobada-para-final-de-copa-sudamericana\/","url":"https:\/\/futbolhoy.co\/index.php\/2025\/09\/11\/barranquilla-estaria-aprobada-para-final-de-copa-sudamericana\/","name":"Barranquilla estar\u00eda \"aprobada\" para final de Copa Sudamericana 2026 -","isPartOf":{"@id":"https:\/\/futbolhoy.co\/#website"},"primaryImageOfPage":{"@id":"https:\/\/futbolhoy.co\/index.php\/2025\/09\/11\/barranquilla-estaria-aprobada-para-final-de-copa-sudamericana\/#primaryimage"},"image":{"@id":"https:\/\/futbolhoy.co\/index.php\/2025\/09\/11\/barranquilla-estaria-aprobada-para-final-de-copa-sudamericana\/#primaryimage"},"thumbnailUrl":"https:\/\/futbolhoy.co\/wp-content\/uploads\/2025\/09\/WhatsApp-Image-2025-09-11-at-2.59.42-PM.jpeg","datePublished":"2025-09-11T20:00:35+00:00","dateModified":"2025-09-12T13:40:55+00:00","breadcrumb":{"@id":"https:\/\/futbolhoy.co\/index.php\/2025\/09\/11\/barranquilla-estaria-aprobada-para-final-de-copa-sudamericana\/#breadcrumb"},"inLanguage":"es","potentialAction":[{"@type":"ReadAction","target":["https:\/\/futbolhoy.co\/index.php\/2025\/09\/11\/barranquilla-estaria-aprobada-para-final-de-copa-sudamericana\/"]}]},{"@type":"ImageObject","inLanguage":"es","@id":"https:\/\/futbolhoy.co\/index.php\/2025\/09\/11\/barranquilla-estaria-aprobada-para-final-de-copa-sudamericana\/#primaryimage","url":"https:\/\/futbolhoy.co\/wp-content\/uploads\/2025\/09\/WhatsApp-Image-2025-09-11-at-2.59.42-PM.jpeg","contentUrl":"https:\/\/futbolhoy.co\/wp-content\/uploads\/2025\/09\/WhatsApp-Image-2025-09-11-at-2.59.42-PM.jpeg","width":543,"height":242},{"@type":"BreadcrumbList","@id":"https:\/\/futbolhoy.co\/index.php\/2025\/09\/11\/barranquilla-estaria-aprobada-para-final-de-copa-sudamericana\/#breadcrumb","itemListElement":[{"@type":"ListItem","position":1,"name":"Portada","item":"https:\/\/futbolhoy.co\/"},{"@type":"ListItem","position":2,"name":"Barranquilla estar\u00eda \"aprobada\" para final de Copa Sudamericana 2026"}]},{"@type":"WebSite","@id":"https:\/\/futbolhoy.co\/#website","url":"https:\/\/futbolhoy.co\/","name":"FutbolHoy","description":"","publisher":{"@id":"https:\/\/futbolhoy.co\/#organization"},"potentialAction":[{"@type":"SearchAction","target":{"@type":"EntryPoint","urlTemplate":"https:\/\/futbolhoy.co\/?s={search_term_string}"},"query-input":{"@type":"PropertyValueSpecification","valueRequired":true,"valueName":"search_term_string"}}],"inLanguage":"es"},{"@type":"Organization","@id":"https:\/\/futbolhoy.co\/#organization","name":"Futbolhoy.co","url":"https:\/\/futbolhoy.co\/","logo":{"@type":"ImageObject","inLanguage":"es","@id":"https:\/\/futbolhoy.co\/#\/schema\/logo\/image\/","url":"https:\/\/futbolhoy.co\/wp-content\/uploads\/2018\/08\/17426380_1906371736249227_6326180412931521141_n.jpg","contentUrl":"https:\/\/futbolhoy.co\/wp-content\/uploads\/2018\/08\/17426380_1906371736249227_6326180412931521141_n.jpg","width":960,"height":960,"caption":"Futbolhoy.co"},"image":{"@id":"https:\/\/futbolhoy.co\/#\/schema\/logo\/image\/"},"sameAs":["https:\/\/www.facebook.com\/FutbolHoyCol\/","https:\/\/x.com\/FutbolHoyCol","https:\/\/www.instagram.com\/futbolhoycol\/"]},{"@type":"Person","@id":"https:\/\/futbolhoy.co\/#\/schema\/person\/1721b69355b6623eaff15ac7b92d4cc3","name":"contenido","image":{"@type":"ImageObject","inLanguage":"es","@id":"https:\/\/futbolhoy.co\/#\/schema\/person\/image\/","url":"https:\/\/secure.gravatar.com\/avatar\/4f656d3256f5134f466206e7c3941518?s=96&d=mm&r=g","contentUrl":"https:\/\/secure.gravatar.com\/avatar\/4f656d3256f5134f466206e7c3941518?s=96&d=mm&r=g","caption":"contenido"}}]}},"publishpress_future_action":{"enabled":false,"date":"2026-05-04 05:03:47","action":"change-status","newStatus":"draft","terms":[],"taxonomy":"category","extraData":[]},"publishpress_future_workflow_manual_trigger":{"enabledWorkflows":[]},"_links":{"self":[{"href":"https:\/\/futbolhoy.co\/index.php\/wp-json\/wp\/v2\/posts\/123052","targetHints":{"allow":["GET"]}}],"collection":[{"href":"https:\/\/futbolhoy.co\/index.php\/wp-json\/wp\/v2\/posts"}],"about":[{"href":"https:\/\/futbolhoy.co\/index.php\/wp-json\/wp\/v2\/types\/post"}],"author":[{"embeddable":true,"href":"https:\/\/futbolhoy.co\/index.php\/wp-json\/wp\/v2\/users\/4"}],"replies":[{"embeddable":true,"href":"https:\/\/futbolhoy.co\/index.php\/wp-json\/wp\/v2\/comments?post=123052"}],"version-history":[{"count":4,"href":"https:\/\/futbolhoy.co\/index.php\/wp-json\/wp\/v2\/posts\/123052\/revisions"}],"predecessor-version":[{"id":123057,"href":"https:\/\/futbolhoy.co\/index.php\/wp-json\/wp\/v2\/posts\/123052\/revisions\/123057"}],"wp:featuredmedia":[{"embeddable":true,"href":"https:\/\/futbolhoy.co\/index.php\/wp-json\/wp\/v2\/media\/123053"}],"wp:attachment":[{"href":"https:\/\/futbolhoy.co\/index.php\/wp-json\/wp\/v2\/media?parent=123052"}],"wp:term":[{"taxonomy":"category","embeddable":true,"href":"https:\/\/futbolhoy.co\/index.php\/wp-json\/wp\/v2\/categories?post=123052"},{"taxonomy":"post_tag","embeddable":true,"href":"https:\/\/futbolhoy.co\/index.php\/wp-json\/wp\/v2\/tags?post=123052"}],"curies":[{"name":"wp","href":"https:\/\/api.w.org\/{rel}","templated":true}]}}