{"id":123058,"date":"2025-09-11T16:10:15","date_gmt":"2025-09-11T21:10:15","guid":{"rendered":"https:\/\/futbolhoy.co\/?p=123058"},"modified":"2025-09-12T10:55:10","modified_gmt":"2025-09-12T15:55:10","slug":"seleccion-colombia-suma-3-figuras-al-xi-ideal-de-eliminatorias-sudamericanas","status":"publish","type":"post","link":"https:\/\/futbolhoy.co\/index.php\/2025\/09\/11\/seleccion-colombia-suma-3-figuras-al-xi-ideal-de-eliminatorias-sudamericanas\/","title":{"rendered":"Selecci\u00f3n Colombia suma 3 figuras al XI ideal de Eliminatorias Sudamericanas"},"content":{"rendered":"<p style=\"text-align: justify;\"><span style=\"font-family: helvetica, arial, sans-serif;\">La <strong>Selecci\u00f3n Colombia<\/strong> venci\u00f3 3-0 a Bolivia y gole\u00f3 3-6 a Venezuela en las fechas 17 y 18 de Eliminatorias Sudamericanas, y estar\u00e1 en el Mundial 2026 en Estados Unidos, M\u00e9xico y Canad\u00e1.<\/span><\/p>\n<p style=\"text-align: justify;\"><span style=\"font-family: helvetica, arial, sans-serif;\">Previo al triunfo ante 'La Verde', los dirigidos por el t\u00e9cnico<strong> N\u00e9stor Lorenzo<\/strong> acumularon 6 partidos en l\u00ednea sin ganar por Eliminatorias.<\/span><\/p>\n<p style=\"text-align: justify;\"><span style=\"font-family: helvetica, arial, sans-serif;\">Sin embargo, el rendimiento futbol\u00edstico durante los \u00faltimos compromisos de figuras como James, Su\u00e1rez, D\u00edaz, R\u00edos, entre otros, llevaron al equipo a terminar<strong> tercero en la competencia.<\/strong><\/span><\/p>\n<p style=\"text-align: justify;\"><span style=\"font-family: helvetica, arial, sans-serif;\">Incluso, la Selecci\u00f3n Colombia es el pa\u00eds que m\u00e1s jugadores aport\u00f3 al \u00faltimo <strong>XI ideal de Conmebol<\/strong> previo a la Copa del Mundo 2026.<\/span><\/p>\n<p style=\"text-align: justify;\"><span style=\"font-family: helvetica, arial, sans-serif;\"><strong>Jefferson Lerma<\/strong>,<strong> James Rodr\u00edguez y Luis Su\u00e1rez <\/strong>acompa\u00f1an a dos ecuatorianos, dos paraguayos, un brasilero, un uruguayo, un argentino y un boliviano; en el equipo de las \u00faltimas fechas.<\/span><\/p>\n<h3 style=\"text-align: justify;\"><span style=\"font-family: helvetica, arial, sans-serif;\">XI ideal fechas 17 y 18<\/span><\/h3>\n<blockquote class=\"twitter-tweet\">\n<p dir=\"ltr\" lang=\"es\">\u00a1El equipo ideal de las \u00faltimas fechas en las <a href=\"https:\/\/twitter.com\/hashtag\/EliminatoriasSudamericanas?src=hash&amp;ref_src=twsrc%5Etfw\">#EliminatoriasSudamericanas<\/a>! \ud83d\udd1d<\/p>\n<p>A equipe ideal das \u00faltimas <a href=\"https:\/\/twitter.com\/hashtag\/EliminatoriasSulAmericanas?src=hash&amp;ref_src=twsrc%5Etfw\">#EliminatoriasSulAmericanas<\/a>! \ud83d\udc4f <a href=\"https:\/\/t.co\/kgEknpXXkG\">pic.twitter.com\/kgEknpXXkG<\/a><\/p>\n<p>\u2014 CONMEBOL.com (@CONMEBOL) <a href=\"https:\/\/twitter.com\/CONMEBOL\/status\/1966200071025811901?ref_src=twsrc%5Etfw\">September 11, 2025<\/a><\/p><\/blockquote>\n<p style=\"text-align: justify;\"><script async src=\"https:\/\/platform.twitter.com\/widgets.js\" charset=\"utf-8\"><\/script><span style=\"font-family: helvetica, arial, sans-serif;\"><strong>James Rodr\u00edguez<\/strong> fue el m\u00e1ximo asistidor de las Eliminatorias (7), y <strong>Luis Su\u00e1rez<\/strong> ante Venezuela se convirti\u00f3 en el \u00fanico jugador de la Selecci\u00f3n Colombia en marcar 4 goles en un partido de este certamen.\u00a0<\/span><\/p>\n<p style=\"text-align: justify;\"><span style=\"font-family: helvetica, arial, sans-serif;\">Adem\u00e1s, Su\u00e1rez se sum\u00f3 al selecto grupo de futbolistas que han logrado esta haza\u00f1a, junto a Zico (Brasil), Careca (Brasil), Iv\u00e1n Zamorano (Chile) y Rom\u00e1rio (Brasil).<\/span><\/p>\n<p style=\"text-align: justify;\"><span style=\"font-family: helvetica, arial, sans-serif;\">Por su parte, <strong>Jefferson Lerma<\/strong> fue titular en ambos encuentros, y frente a Bolivia registr\u00f3 82', 33\/38 pases. Ante Venezuela, el mediocampista disput\u00f3 86', complet\u00f3 35\/49 pases, y toc\u00f3 61 veces la pelota.<\/span><\/p>\n","protected":false},"excerpt":{"rendered":"<p>La Selecci\u00f3n Colombia venci\u00f3 3-0 a Bolivia y gole\u00f3 3-6 a Venezuela en las fechas 17 y 18 de Eliminatorias Sudamericanas, y estar\u00e1 en el Mundial 2026 en Estados Unidos, M\u00e9xico y Canad\u00e1. Previo al triunfo ante 'La Verde', los dirigidos por el t\u00e9cnico N\u00e9stor Lorenzo acumularon 6 partidos en l\u00ednea sin ganar por Eliminatorias. [&hellip;]<\/p>\n","protected":false},"author":4,"featured_media":123059,"comment_status":"open","ping_status":"open","sticky":false,"template":"","format":"standard","meta":{"_acf_changed":false,"footnotes":""},"categories":[153],"tags":[],"class_list":{"0":"post-123058","1":"post","2":"type-post","3":"status-publish","4":"format-standard","5":"has-post-thumbnail","7":"category-selecion-colombia"},"acf":[],"yoast_head":"<!-- This site is optimized with the Yoast SEO plugin v26.8 - https:\/\/yoast.com\/product\/yoast-seo-wordpress\/ -->\n<title>Selecci\u00f3n Colombia suma 3 figuras al XI ideal de Eliminatorias Sudamericanas -<\/title>\n<meta name=\"robots\" content=\"index, follow, max-snippet:-1, max-image-preview:large, max-video-preview:-1\" \/>\n<link rel=\"canonical\" href=\"https:\/\/futbolhoy.co\/index.php\/2025\/09\/11\/seleccion-colombia-suma-3-figuras-al-xi-ideal-de-eliminatorias-sudamericanas\/\" \/>\n<meta property=\"og:locale\" content=\"es_ES\" \/>\n<meta property=\"og:type\" content=\"article\" \/>\n<meta property=\"og:title\" content=\"Selecci\u00f3n Colombia suma 3 figuras al XI ideal de Eliminatorias Sudamericanas -\" \/>\n<meta property=\"og:description\" content=\"La Selecci\u00f3n Colombia venci\u00f3 3-0 a Bolivia y gole\u00f3 3-6 a Venezuela en las fechas 17 y 18 de Eliminatorias Sudamericanas, y estar\u00e1 en el Mundial 2026 en Estados Unidos, M\u00e9xico y Canad\u00e1. Previo al triunfo ante &#039;La Verde&#039;, los dirigidos por el t\u00e9cnico N\u00e9stor Lorenzo acumularon 6 partidos en l\u00ednea sin ganar por Eliminatorias. [&hellip;]\" \/>\n<meta property=\"og:url\" content=\"https:\/\/futbolhoy.co\/index.php\/2025\/09\/11\/seleccion-colombia-suma-3-figuras-al-xi-ideal-de-eliminatorias-sudamericanas\/\" \/>\n<meta property=\"article:publisher\" content=\"https:\/\/www.facebook.com\/FutbolHoyCol\/\" \/>\n<meta property=\"article:published_time\" content=\"2025-09-11T21:10:15+00:00\" \/>\n<meta property=\"article:modified_time\" content=\"2025-09-12T15:55:10+00:00\" \/>\n<meta property=\"og:image\" content=\"https:\/\/futbolhoy.co\/wp-content\/uploads\/2025\/09\/WhatsApp-Image-2025-09-11-at-4.05.55-PM.jpeg\" \/>\n\t<meta property=\"og:image:width\" content=\"509\" \/>\n\t<meta property=\"og:image:height\" content=\"326\" \/>\n\t<meta property=\"og:image:type\" content=\"image\/jpeg\" \/>\n<meta name=\"author\" content=\"contenido\" \/>\n<meta name=\"twitter:card\" content=\"summary_large_image\" \/>\n<meta name=\"twitter:creator\" content=\"@FutbolHoyCol\" \/>\n<meta name=\"twitter:site\" content=\"@FutbolHoyCol\" \/>\n<meta name=\"twitter:label1\" content=\"Escrito por\" \/>\n\t<meta name=\"twitter:data1\" content=\"contenido\" \/>\n\t<meta name=\"twitter:label2\" content=\"Tiempo de lectura\" \/>\n\t<meta name=\"twitter:data2\" content=\"1 minuto\" \/>\n<script type=\"application\/ld+json\" class=\"yoast-schema-graph\">{\"@context\":\"https:\/\/schema.org\",\"@graph\":[{\"@type\":\"Article\",\"@id\":\"https:\/\/futbolhoy.co\/index.php\/2025\/09\/11\/seleccion-colombia-suma-3-figuras-al-xi-ideal-de-eliminatorias-sudamericanas\/#article\",\"isPartOf\":{\"@id\":\"https:\/\/futbolhoy.co\/index.php\/2025\/09\/11\/seleccion-colombia-suma-3-figuras-al-xi-ideal-de-eliminatorias-sudamericanas\/\"},\"author\":{\"name\":\"contenido\",\"@id\":\"https:\/\/futbolhoy.co\/#\/schema\/person\/1721b69355b6623eaff15ac7b92d4cc3\"},\"headline\":\"Selecci\u00f3n Colombia suma 3 figuras al XI ideal de Eliminatorias Sudamericanas\",\"datePublished\":\"2025-09-11T21:10:15+00:00\",\"dateModified\":\"2025-09-12T15:55:10+00:00\",\"mainEntityOfPage\":{\"@id\":\"https:\/\/futbolhoy.co\/index.php\/2025\/09\/11\/seleccion-colombia-suma-3-figuras-al-xi-ideal-de-eliminatorias-sudamericanas\/\"},\"wordCount\":282,\"commentCount\":0,\"publisher\":{\"@id\":\"https:\/\/futbolhoy.co\/#organization\"},\"image\":{\"@id\":\"https:\/\/futbolhoy.co\/index.php\/2025\/09\/11\/seleccion-colombia-suma-3-figuras-al-xi-ideal-de-eliminatorias-sudamericanas\/#primaryimage\"},\"thumbnailUrl\":\"https:\/\/futbolhoy.co\/wp-content\/uploads\/2025\/09\/WhatsApp-Image-2025-09-11-at-4.05.55-PM.jpeg\",\"articleSection\":[\"Selecci\u00f3n Colombia\"],\"inLanguage\":\"es\",\"potentialAction\":[{\"@type\":\"CommentAction\",\"name\":\"Comment\",\"target\":[\"https:\/\/futbolhoy.co\/index.php\/2025\/09\/11\/seleccion-colombia-suma-3-figuras-al-xi-ideal-de-eliminatorias-sudamericanas\/#respond\"]}]},{\"@type\":\"WebPage\",\"@id\":\"https:\/\/futbolhoy.co\/index.php\/2025\/09\/11\/seleccion-colombia-suma-3-figuras-al-xi-ideal-de-eliminatorias-sudamericanas\/\",\"url\":\"https:\/\/futbolhoy.co\/index.php\/2025\/09\/11\/seleccion-colombia-suma-3-figuras-al-xi-ideal-de-eliminatorias-sudamericanas\/\",\"name\":\"Selecci\u00f3n Colombia suma 3 figuras al XI ideal de Eliminatorias Sudamericanas -\",\"isPartOf\":{\"@id\":\"https:\/\/futbolhoy.co\/#website\"},\"primaryImageOfPage\":{\"@id\":\"https:\/\/futbolhoy.co\/index.php\/2025\/09\/11\/seleccion-colombia-suma-3-figuras-al-xi-ideal-de-eliminatorias-sudamericanas\/#primaryimage\"},\"image\":{\"@id\":\"https:\/\/futbolhoy.co\/index.php\/2025\/09\/11\/seleccion-colombia-suma-3-figuras-al-xi-ideal-de-eliminatorias-sudamericanas\/#primaryimage\"},\"thumbnailUrl\":\"https:\/\/futbolhoy.co\/wp-content\/uploads\/2025\/09\/WhatsApp-Image-2025-09-11-at-4.05.55-PM.jpeg\",\"datePublished\":\"2025-09-11T21:10:15+00:00\",\"dateModified\":\"2025-09-12T15:55:10+00:00\",\"breadcrumb\":{\"@id\":\"https:\/\/futbolhoy.co\/index.php\/2025\/09\/11\/seleccion-colombia-suma-3-figuras-al-xi-ideal-de-eliminatorias-sudamericanas\/#breadcrumb\"},\"inLanguage\":\"es\",\"potentialAction\":[{\"@type\":\"ReadAction\",\"target\":[\"https:\/\/futbolhoy.co\/index.php\/2025\/09\/11\/seleccion-colombia-suma-3-figuras-al-xi-ideal-de-eliminatorias-sudamericanas\/\"]}]},{\"@type\":\"ImageObject\",\"inLanguage\":\"es\",\"@id\":\"https:\/\/futbolhoy.co\/index.php\/2025\/09\/11\/seleccion-colombia-suma-3-figuras-al-xi-ideal-de-eliminatorias-sudamericanas\/#primaryimage\",\"url\":\"https:\/\/futbolhoy.co\/wp-content\/uploads\/2025\/09\/WhatsApp-Image-2025-09-11-at-4.05.55-PM.jpeg\",\"contentUrl\":\"https:\/\/futbolhoy.co\/wp-content\/uploads\/2025\/09\/WhatsApp-Image-2025-09-11-at-4.05.55-PM.jpeg\",\"width\":509,\"height\":326},{\"@type\":\"BreadcrumbList\",\"@id\":\"https:\/\/futbolhoy.co\/index.php\/2025\/09\/11\/seleccion-colombia-suma-3-figuras-al-xi-ideal-de-eliminatorias-sudamericanas\/#breadcrumb\",\"itemListElement\":[{\"@type\":\"ListItem\",\"position\":1,\"name\":\"Portada\",\"item\":\"https:\/\/futbolhoy.co\/\"},{\"@type\":\"ListItem\",\"position\":2,\"name\":\"Selecci\u00f3n Colombia suma 3 figuras al XI ideal de Eliminatorias Sudamericanas\"}]},{\"@type\":\"WebSite\",\"@id\":\"https:\/\/futbolhoy.co\/#website\",\"url\":\"https:\/\/futbolhoy.co\/\",\"name\":\"FutbolHoy\",\"description\":\"\",\"publisher\":{\"@id\":\"https:\/\/futbolhoy.co\/#organization\"},\"potentialAction\":[{\"@type\":\"SearchAction\",\"target\":{\"@type\":\"EntryPoint\",\"urlTemplate\":\"https:\/\/futbolhoy.co\/?s={search_term_string}\"},\"query-input\":{\"@type\":\"PropertyValueSpecification\",\"valueRequired\":true,\"valueName\":\"search_term_string\"}}],\"inLanguage\":\"es\"},{\"@type\":\"Organization\",\"@id\":\"https:\/\/futbolhoy.co\/#organization\",\"name\":\"Futbolhoy.co\",\"url\":\"https:\/\/futbolhoy.co\/\",\"logo\":{\"@type\":\"ImageObject\",\"inLanguage\":\"es\",\"@id\":\"https:\/\/futbolhoy.co\/#\/schema\/logo\/image\/\",\"url\":\"https:\/\/futbolhoy.co\/wp-content\/uploads\/2018\/08\/17426380_1906371736249227_6326180412931521141_n.jpg\",\"contentUrl\":\"https:\/\/futbolhoy.co\/wp-content\/uploads\/2018\/08\/17426380_1906371736249227_6326180412931521141_n.jpg\",\"width\":960,\"height\":960,\"caption\":\"Futbolhoy.co\"},\"image\":{\"@id\":\"https:\/\/futbolhoy.co\/#\/schema\/logo\/image\/\"},\"sameAs\":[\"https:\/\/www.facebook.com\/FutbolHoyCol\/\",\"https:\/\/x.com\/FutbolHoyCol\",\"https:\/\/www.instagram.com\/futbolhoycol\/\"]},{\"@type\":\"Person\",\"@id\":\"https:\/\/futbolhoy.co\/#\/schema\/person\/1721b69355b6623eaff15ac7b92d4cc3\",\"name\":\"contenido\",\"image\":{\"@type\":\"ImageObject\",\"inLanguage\":\"es\",\"@id\":\"https:\/\/futbolhoy.co\/#\/schema\/person\/image\/\",\"url\":\"https:\/\/secure.gravatar.com\/avatar\/4f656d3256f5134f466206e7c3941518?s=96&d=mm&r=g\",\"contentUrl\":\"https:\/\/secure.gravatar.com\/avatar\/4f656d3256f5134f466206e7c3941518?s=96&d=mm&r=g\",\"caption\":\"contenido\"}}]}<\/script>\n<!-- \/ Yoast SEO plugin. -->","yoast_head_json":{"title":"Selecci\u00f3n Colombia suma 3 figuras al XI ideal de Eliminatorias Sudamericanas -","robots":{"index":"index","follow":"follow","max-snippet":"max-snippet:-1","max-image-preview":"max-image-preview:large","max-video-preview":"max-video-preview:-1"},"canonical":"https:\/\/futbolhoy.co\/index.php\/2025\/09\/11\/seleccion-colombia-suma-3-figuras-al-xi-ideal-de-eliminatorias-sudamericanas\/","og_locale":"es_ES","og_type":"article","og_title":"Selecci\u00f3n Colombia suma 3 figuras al XI ideal de Eliminatorias Sudamericanas -","og_description":"La Selecci\u00f3n Colombia venci\u00f3 3-0 a Bolivia y gole\u00f3 3-6 a Venezuela en las fechas 17 y 18 de Eliminatorias Sudamericanas, y estar\u00e1 en el Mundial 2026 en Estados Unidos, M\u00e9xico y Canad\u00e1. Previo al triunfo ante 'La Verde', los dirigidos por el t\u00e9cnico N\u00e9stor Lorenzo acumularon 6 partidos en l\u00ednea sin ganar por Eliminatorias. [&hellip;]","og_url":"https:\/\/futbolhoy.co\/index.php\/2025\/09\/11\/seleccion-colombia-suma-3-figuras-al-xi-ideal-de-eliminatorias-sudamericanas\/","article_publisher":"https:\/\/www.facebook.com\/FutbolHoyCol\/","article_published_time":"2025-09-11T21:10:15+00:00","article_modified_time":"2025-09-12T15:55:10+00:00","og_image":[{"width":509,"height":326,"url":"https:\/\/futbolhoy.co\/wp-content\/uploads\/2025\/09\/WhatsApp-Image-2025-09-11-at-4.05.55-PM.jpeg","type":"image\/jpeg"}],"author":"contenido","twitter_card":"summary_large_image","twitter_creator":"@FutbolHoyCol","twitter_site":"@FutbolHoyCol","twitter_misc":{"Escrito por":"contenido","Tiempo de lectura":"1 minuto"},"schema":{"@context":"https:\/\/schema.org","@graph":[{"@type":"Article","@id":"https:\/\/futbolhoy.co\/index.php\/2025\/09\/11\/seleccion-colombia-suma-3-figuras-al-xi-ideal-de-eliminatorias-sudamericanas\/#article","isPartOf":{"@id":"https:\/\/futbolhoy.co\/index.php\/2025\/09\/11\/seleccion-colombia-suma-3-figuras-al-xi-ideal-de-eliminatorias-sudamericanas\/"},"author":{"name":"contenido","@id":"https:\/\/futbolhoy.co\/#\/schema\/person\/1721b69355b6623eaff15ac7b92d4cc3"},"headline":"Selecci\u00f3n Colombia suma 3 figuras al XI ideal de Eliminatorias Sudamericanas","datePublished":"2025-09-11T21:10:15+00:00","dateModified":"2025-09-12T15:55:10+00:00","mainEntityOfPage":{"@id":"https:\/\/futbolhoy.co\/index.php\/2025\/09\/11\/seleccion-colombia-suma-3-figuras-al-xi-ideal-de-eliminatorias-sudamericanas\/"},"wordCount":282,"commentCount":0,"publisher":{"@id":"https:\/\/futbolhoy.co\/#organization"},"image":{"@id":"https:\/\/futbolhoy.co\/index.php\/2025\/09\/11\/seleccion-colombia-suma-3-figuras-al-xi-ideal-de-eliminatorias-sudamericanas\/#primaryimage"},"thumbnailUrl":"https:\/\/futbolhoy.co\/wp-content\/uploads\/2025\/09\/WhatsApp-Image-2025-09-11-at-4.05.55-PM.jpeg","articleSection":["Selecci\u00f3n Colombia"],"inLanguage":"es","potentialAction":[{"@type":"CommentAction","name":"Comment","target":["https:\/\/futbolhoy.co\/index.php\/2025\/09\/11\/seleccion-colombia-suma-3-figuras-al-xi-ideal-de-eliminatorias-sudamericanas\/#respond"]}]},{"@type":"WebPage","@id":"https:\/\/futbolhoy.co\/index.php\/2025\/09\/11\/seleccion-colombia-suma-3-figuras-al-xi-ideal-de-eliminatorias-sudamericanas\/","url":"https:\/\/futbolhoy.co\/index.php\/2025\/09\/11\/seleccion-colombia-suma-3-figuras-al-xi-ideal-de-eliminatorias-sudamericanas\/","name":"Selecci\u00f3n Colombia suma 3 figuras al XI ideal de Eliminatorias Sudamericanas -","isPartOf":{"@id":"https:\/\/futbolhoy.co\/#website"},"primaryImageOfPage":{"@id":"https:\/\/futbolhoy.co\/index.php\/2025\/09\/11\/seleccion-colombia-suma-3-figuras-al-xi-ideal-de-eliminatorias-sudamericanas\/#primaryimage"},"image":{"@id":"https:\/\/futbolhoy.co\/index.php\/2025\/09\/11\/seleccion-colombia-suma-3-figuras-al-xi-ideal-de-eliminatorias-sudamericanas\/#primaryimage"},"thumbnailUrl":"https:\/\/futbolhoy.co\/wp-content\/uploads\/2025\/09\/WhatsApp-Image-2025-09-11-at-4.05.55-PM.jpeg","datePublished":"2025-09-11T21:10:15+00:00","dateModified":"2025-09-12T15:55:10+00:00","breadcrumb":{"@id":"https:\/\/futbolhoy.co\/index.php\/2025\/09\/11\/seleccion-colombia-suma-3-figuras-al-xi-ideal-de-eliminatorias-sudamericanas\/#breadcrumb"},"inLanguage":"es","potentialAction":[{"@type":"ReadAction","target":["https:\/\/futbolhoy.co\/index.php\/2025\/09\/11\/seleccion-colombia-suma-3-figuras-al-xi-ideal-de-eliminatorias-sudamericanas\/"]}]},{"@type":"ImageObject","inLanguage":"es","@id":"https:\/\/futbolhoy.co\/index.php\/2025\/09\/11\/seleccion-colombia-suma-3-figuras-al-xi-ideal-de-eliminatorias-sudamericanas\/#primaryimage","url":"https:\/\/futbolhoy.co\/wp-content\/uploads\/2025\/09\/WhatsApp-Image-2025-09-11-at-4.05.55-PM.jpeg","contentUrl":"https:\/\/futbolhoy.co\/wp-content\/uploads\/2025\/09\/WhatsApp-Image-2025-09-11-at-4.05.55-PM.jpeg","width":509,"height":326},{"@type":"BreadcrumbList","@id":"https:\/\/futbolhoy.co\/index.php\/2025\/09\/11\/seleccion-colombia-suma-3-figuras-al-xi-ideal-de-eliminatorias-sudamericanas\/#breadcrumb","itemListElement":[{"@type":"ListItem","position":1,"name":"Portada","item":"https:\/\/futbolhoy.co\/"},{"@type":"ListItem","position":2,"name":"Selecci\u00f3n Colombia suma 3 figuras al XI ideal de Eliminatorias Sudamericanas"}]},{"@type":"WebSite","@id":"https:\/\/futbolhoy.co\/#website","url":"https:\/\/futbolhoy.co\/","name":"FutbolHoy","description":"","publisher":{"@id":"https:\/\/futbolhoy.co\/#organization"},"potentialAction":[{"@type":"SearchAction","target":{"@type":"EntryPoint","urlTemplate":"https:\/\/futbolhoy.co\/?s={search_term_string}"},"query-input":{"@type":"PropertyValueSpecification","valueRequired":true,"valueName":"search_term_string"}}],"inLanguage":"es"},{"@type":"Organization","@id":"https:\/\/futbolhoy.co\/#organization","name":"Futbolhoy.co","url":"https:\/\/futbolhoy.co\/","logo":{"@type":"ImageObject","inLanguage":"es","@id":"https:\/\/futbolhoy.co\/#\/schema\/logo\/image\/","url":"https:\/\/futbolhoy.co\/wp-content\/uploads\/2018\/08\/17426380_1906371736249227_6326180412931521141_n.jpg","contentUrl":"https:\/\/futbolhoy.co\/wp-content\/uploads\/2018\/08\/17426380_1906371736249227_6326180412931521141_n.jpg","width":960,"height":960,"caption":"Futbolhoy.co"},"image":{"@id":"https:\/\/futbolhoy.co\/#\/schema\/logo\/image\/"},"sameAs":["https:\/\/www.facebook.com\/FutbolHoyCol\/","https:\/\/x.com\/FutbolHoyCol","https:\/\/www.instagram.com\/futbolhoycol\/"]},{"@type":"Person","@id":"https:\/\/futbolhoy.co\/#\/schema\/person\/1721b69355b6623eaff15ac7b92d4cc3","name":"contenido","image":{"@type":"ImageObject","inLanguage":"es","@id":"https:\/\/futbolhoy.co\/#\/schema\/person\/image\/","url":"https:\/\/secure.gravatar.com\/avatar\/4f656d3256f5134f466206e7c3941518?s=96&d=mm&r=g","contentUrl":"https:\/\/secure.gravatar.com\/avatar\/4f656d3256f5134f466206e7c3941518?s=96&d=mm&r=g","caption":"contenido"}}]}},"publishpress_future_action":{"enabled":false,"date":"2026-05-04 03:42:22","action":"change-status","newStatus":"draft","terms":[],"taxonomy":"category","extraData":[]},"publishpress_future_workflow_manual_trigger":{"enabledWorkflows":[]},"_links":{"self":[{"href":"https:\/\/futbolhoy.co\/index.php\/wp-json\/wp\/v2\/posts\/123058","targetHints":{"allow":["GET"]}}],"collection":[{"href":"https:\/\/futbolhoy.co\/index.php\/wp-json\/wp\/v2\/posts"}],"about":[{"href":"https:\/\/futbolhoy.co\/index.php\/wp-json\/wp\/v2\/types\/post"}],"author":[{"embeddable":true,"href":"https:\/\/futbolhoy.co\/index.php\/wp-json\/wp\/v2\/users\/4"}],"replies":[{"embeddable":true,"href":"https:\/\/futbolhoy.co\/index.php\/wp-json\/wp\/v2\/comments?post=123058"}],"version-history":[{"count":3,"href":"https:\/\/futbolhoy.co\/index.php\/wp-json\/wp\/v2\/posts\/123058\/revisions"}],"predecessor-version":[{"id":123062,"href":"https:\/\/futbolhoy.co\/index.php\/wp-json\/wp\/v2\/posts\/123058\/revisions\/123062"}],"wp:featuredmedia":[{"embeddable":true,"href":"https:\/\/futbolhoy.co\/index.php\/wp-json\/wp\/v2\/media\/123059"}],"wp:attachment":[{"href":"https:\/\/futbolhoy.co\/index.php\/wp-json\/wp\/v2\/media?parent=123058"}],"wp:term":[{"taxonomy":"category","embeddable":true,"href":"https:\/\/futbolhoy.co\/index.php\/wp-json\/wp\/v2\/categories?post=123058"},{"taxonomy":"post_tag","embeddable":true,"href":"https:\/\/futbolhoy.co\/index.php\/wp-json\/wp\/v2\/tags?post=123058"}],"curies":[{"name":"wp","href":"https:\/\/api.w.org\/{rel}","templated":true}]}}