{"id":123063,"date":"2025-09-11T17:48:59","date_gmt":"2025-09-11T22:48:59","guid":{"rendered":"https:\/\/futbolhoy.co\/?p=123063"},"modified":"2025-09-12T13:31:48","modified_gmt":"2025-09-12T18:31:48","slug":"mundial-con-sabor-a-cafe-colombia-top-solicitante-de-boleteria","status":"publish","type":"post","link":"https:\/\/futbolhoy.co\/index.php\/2025\/09\/11\/mundial-con-sabor-a-cafe-colombia-top-solicitante-de-boleteria\/","title":{"rendered":"Mundial 2026 con sabor a caf\u00e9: Colombia, top en demanda de entradas"},"content":{"rendered":"<p style=\"text-align: justify;\"><span style=\"font-family: helvetica, arial, sans-serif;\">La Selecci\u00f3n Colombia sell\u00f3 su <strong>s\u00e9ptima clasificaci\u00f3n <\/strong>a una Copa del Mundo al derrotar a Bolivia, y la afici\u00f3n no tard\u00f3 en demostrar el apoyo que sentir\u00e1n sus jugadores en Estados Unidos, M\u00e9xico y Canad\u00e1.<\/span><\/p>\n<p style=\"text-align: justify;\"><span style=\"font-family: helvetica, arial, sans-serif;\">La pr\u00f3xima cita mundialista ser\u00e1 entre<strong> junio 11 y julio 19 de 2026<\/strong>, y tras las primeras 24 horas del inicio de periodo de inscripci\u00f3n de la FIFA para un sorteo de preventa, m\u00e1s de 1,5 millones de fan\u00e1ticos de todo el mundo se han inscrito.<\/span><\/p>\n<p style=\"text-align: justify;\"><span style=\"font-family: helvetica, arial, sans-serif;\">La m\u00e1xima autoridad del f\u00fatbol mundial indic\u00f3:<\/span><\/p>\n<p style=\"text-align: justify;\"><span style=\"font-family: helvetica, arial, sans-serif;\">\u201cLa mayor demanda hasta el momento ha venido de los fans de los siguientes pa\u00edses: Estados Unidos, M\u00e9xico y Canad\u00e1, seguidos por sus hom\u00f3logos de Argentina, <strong>Colombia<\/strong>, Brasil, Inglaterra, Espa\u00f1a, Portugal y Alemania\u201d, explic\u00f3.<\/span><\/p>\n<blockquote class=\"twitter-tweet\">\n<p dir=\"ltr\" lang=\"en\">BREAKING: A mere 24 hours into the entry period for the FIFA World Cup 26\u2122 Visa Presale Draw, FIFA has received an impressive number of applications from all over the world, with more than 1.5 million fans from 210 countries having signed up.<\/p>\n<p>The highest demand has thus far\u2026 <a href=\"https:\/\/t.co\/w4zhu1axqp\">pic.twitter.com\/w4zhu1axqp<\/a><\/p>\n<p>\u2014 FIFA Media (@fifamedia) <a href=\"https:\/\/twitter.com\/fifamedia\/status\/1966223635405774889?ref_src=twsrc%5Etfw\">September 11, 2025<\/a><\/p><\/blockquote>\n<p style=\"text-align: justify;\"><script async src=\"https:\/\/platform.twitter.com\/widgets.js\" charset=\"utf-8\"><\/script><span style=\"font-family: helvetica, arial, sans-serif;\">Para el Mundial 2026 habr\u00e1 m\u00e1s presencia latinoamericana que nunca, ya que Am\u00e9rica aument\u00f3 sus plazas fijas en <strong data-start=\"164\" data-end=\"182\">cuatro equipos<\/strong> respecto a Qatar 2022.<\/span><\/p>\n<p style=\"text-align: justify;\"><span style=\"font-family: helvetica, arial, sans-serif;\">Esto sin considerar las selecciones que podr\u00edan avanzar por medio del repechaje intercontinental.<\/span><\/p>\n<p style=\"text-align: justify;\"><span style=\"font-family: helvetica, arial, sans-serif;\">La afici\u00f3n de \u2018La Tricolor\u2019 se ha destacado por el constante acompa\u00f1amiento a su equipo en las copas del mundo. Durante su \u00faltima participaci\u00f3n en Rusia 2018, siete d\u00edas antes de iniciar, era la<strong> cuarta selecci\u00f3n<\/strong> con m\u00e1s entradas adquiridas, seg\u00fan FIFA (65.234).<\/span><\/p>\n","protected":false},"excerpt":{"rendered":"<p>La Selecci\u00f3n Colombia sell\u00f3 su s\u00e9ptima clasificaci\u00f3n a una Copa del Mundo al derrotar a Bolivia, y la afici\u00f3n no tard\u00f3 en demostrar el apoyo que sentir\u00e1n sus jugadores en Estados Unidos, M\u00e9xico y Canad\u00e1. La pr\u00f3xima cita mundialista ser\u00e1 entre junio 11 y julio 19 de 2026, y tras las primeras 24 horas del [&hellip;]<\/p>\n","protected":false},"author":4,"featured_media":123068,"comment_status":"open","ping_status":"open","sticky":false,"template":"","format":"standard","meta":{"_acf_changed":false,"footnotes":""},"categories":[153],"tags":[],"class_list":{"0":"post-123063","1":"post","2":"type-post","3":"status-publish","4":"format-standard","5":"has-post-thumbnail","7":"category-selecion-colombia"},"acf":[],"yoast_head":"<!-- This site is optimized with the Yoast SEO plugin v26.8 - https:\/\/yoast.com\/product\/yoast-seo-wordpress\/ -->\n<title>Mundial 2026 con sabor a caf\u00e9: Colombia, top en demanda de entradas -<\/title>\n<meta name=\"robots\" content=\"index, follow, max-snippet:-1, max-image-preview:large, max-video-preview:-1\" \/>\n<link rel=\"canonical\" href=\"https:\/\/futbolhoy.co\/index.php\/2025\/09\/11\/mundial-con-sabor-a-cafe-colombia-top-solicitante-de-boleteria\/\" \/>\n<meta property=\"og:locale\" content=\"es_ES\" \/>\n<meta property=\"og:type\" content=\"article\" \/>\n<meta property=\"og:title\" content=\"Mundial 2026 con sabor a caf\u00e9: Colombia, top en demanda de entradas -\" \/>\n<meta property=\"og:description\" content=\"La Selecci\u00f3n Colombia sell\u00f3 su s\u00e9ptima clasificaci\u00f3n a una Copa del Mundo al derrotar a Bolivia, y la afici\u00f3n no tard\u00f3 en demostrar el apoyo que sentir\u00e1n sus jugadores en Estados Unidos, M\u00e9xico y Canad\u00e1. La pr\u00f3xima cita mundialista ser\u00e1 entre junio 11 y julio 19 de 2026, y tras las primeras 24 horas del [&hellip;]\" \/>\n<meta property=\"og:url\" content=\"https:\/\/futbolhoy.co\/index.php\/2025\/09\/11\/mundial-con-sabor-a-cafe-colombia-top-solicitante-de-boleteria\/\" \/>\n<meta property=\"article:publisher\" content=\"https:\/\/www.facebook.com\/FutbolHoyCol\/\" \/>\n<meta property=\"article:published_time\" content=\"2025-09-11T22:48:59+00:00\" \/>\n<meta property=\"article:modified_time\" content=\"2025-09-12T18:31:48+00:00\" \/>\n<meta property=\"og:image\" content=\"https:\/\/futbolhoy.co\/wp-content\/uploads\/2025\/09\/WhatsApp-Image-2025-09-11-at-5.58.57-PM.jpeg\" \/>\n\t<meta property=\"og:image:width\" content=\"563\" \/>\n\t<meta property=\"og:image:height\" content=\"365\" \/>\n\t<meta property=\"og:image:type\" content=\"image\/jpeg\" \/>\n<meta name=\"author\" content=\"contenido\" \/>\n<meta name=\"twitter:card\" content=\"summary_large_image\" \/>\n<meta name=\"twitter:creator\" content=\"@FutbolHoyCol\" \/>\n<meta name=\"twitter:site\" content=\"@FutbolHoyCol\" \/>\n<meta name=\"twitter:label1\" content=\"Escrito por\" \/>\n\t<meta name=\"twitter:data1\" content=\"contenido\" \/>\n\t<meta name=\"twitter:label2\" content=\"Tiempo de lectura\" \/>\n\t<meta name=\"twitter:data2\" content=\"1 minuto\" \/>\n<script type=\"application\/ld+json\" class=\"yoast-schema-graph\">{\"@context\":\"https:\/\/schema.org\",\"@graph\":[{\"@type\":\"Article\",\"@id\":\"https:\/\/futbolhoy.co\/index.php\/2025\/09\/11\/mundial-con-sabor-a-cafe-colombia-top-solicitante-de-boleteria\/#article\",\"isPartOf\":{\"@id\":\"https:\/\/futbolhoy.co\/index.php\/2025\/09\/11\/mundial-con-sabor-a-cafe-colombia-top-solicitante-de-boleteria\/\"},\"author\":{\"name\":\"contenido\",\"@id\":\"https:\/\/futbolhoy.co\/#\/schema\/person\/1721b69355b6623eaff15ac7b92d4cc3\"},\"headline\":\"Mundial 2026 con sabor a caf\u00e9: Colombia, top en demanda de entradas\",\"datePublished\":\"2025-09-11T22:48:59+00:00\",\"dateModified\":\"2025-09-12T18:31:48+00:00\",\"mainEntityOfPage\":{\"@id\":\"https:\/\/futbolhoy.co\/index.php\/2025\/09\/11\/mundial-con-sabor-a-cafe-colombia-top-solicitante-de-boleteria\/\"},\"wordCount\":285,\"commentCount\":0,\"publisher\":{\"@id\":\"https:\/\/futbolhoy.co\/#organization\"},\"image\":{\"@id\":\"https:\/\/futbolhoy.co\/index.php\/2025\/09\/11\/mundial-con-sabor-a-cafe-colombia-top-solicitante-de-boleteria\/#primaryimage\"},\"thumbnailUrl\":\"https:\/\/futbolhoy.co\/wp-content\/uploads\/2025\/09\/WhatsApp-Image-2025-09-11-at-5.58.57-PM.jpeg\",\"articleSection\":[\"Selecci\u00f3n Colombia\"],\"inLanguage\":\"es\",\"potentialAction\":[{\"@type\":\"CommentAction\",\"name\":\"Comment\",\"target\":[\"https:\/\/futbolhoy.co\/index.php\/2025\/09\/11\/mundial-con-sabor-a-cafe-colombia-top-solicitante-de-boleteria\/#respond\"]}]},{\"@type\":\"WebPage\",\"@id\":\"https:\/\/futbolhoy.co\/index.php\/2025\/09\/11\/mundial-con-sabor-a-cafe-colombia-top-solicitante-de-boleteria\/\",\"url\":\"https:\/\/futbolhoy.co\/index.php\/2025\/09\/11\/mundial-con-sabor-a-cafe-colombia-top-solicitante-de-boleteria\/\",\"name\":\"Mundial 2026 con sabor a caf\u00e9: Colombia, top en demanda de entradas -\",\"isPartOf\":{\"@id\":\"https:\/\/futbolhoy.co\/#website\"},\"primaryImageOfPage\":{\"@id\":\"https:\/\/futbolhoy.co\/index.php\/2025\/09\/11\/mundial-con-sabor-a-cafe-colombia-top-solicitante-de-boleteria\/#primaryimage\"},\"image\":{\"@id\":\"https:\/\/futbolhoy.co\/index.php\/2025\/09\/11\/mundial-con-sabor-a-cafe-colombia-top-solicitante-de-boleteria\/#primaryimage\"},\"thumbnailUrl\":\"https:\/\/futbolhoy.co\/wp-content\/uploads\/2025\/09\/WhatsApp-Image-2025-09-11-at-5.58.57-PM.jpeg\",\"datePublished\":\"2025-09-11T22:48:59+00:00\",\"dateModified\":\"2025-09-12T18:31:48+00:00\",\"breadcrumb\":{\"@id\":\"https:\/\/futbolhoy.co\/index.php\/2025\/09\/11\/mundial-con-sabor-a-cafe-colombia-top-solicitante-de-boleteria\/#breadcrumb\"},\"inLanguage\":\"es\",\"potentialAction\":[{\"@type\":\"ReadAction\",\"target\":[\"https:\/\/futbolhoy.co\/index.php\/2025\/09\/11\/mundial-con-sabor-a-cafe-colombia-top-solicitante-de-boleteria\/\"]}]},{\"@type\":\"ImageObject\",\"inLanguage\":\"es\",\"@id\":\"https:\/\/futbolhoy.co\/index.php\/2025\/09\/11\/mundial-con-sabor-a-cafe-colombia-top-solicitante-de-boleteria\/#primaryimage\",\"url\":\"https:\/\/futbolhoy.co\/wp-content\/uploads\/2025\/09\/WhatsApp-Image-2025-09-11-at-5.58.57-PM.jpeg\",\"contentUrl\":\"https:\/\/futbolhoy.co\/wp-content\/uploads\/2025\/09\/WhatsApp-Image-2025-09-11-at-5.58.57-PM.jpeg\",\"width\":563,\"height\":365},{\"@type\":\"BreadcrumbList\",\"@id\":\"https:\/\/futbolhoy.co\/index.php\/2025\/09\/11\/mundial-con-sabor-a-cafe-colombia-top-solicitante-de-boleteria\/#breadcrumb\",\"itemListElement\":[{\"@type\":\"ListItem\",\"position\":1,\"name\":\"Portada\",\"item\":\"https:\/\/futbolhoy.co\/\"},{\"@type\":\"ListItem\",\"position\":2,\"name\":\"Mundial 2026 con sabor a caf\u00e9: Colombia, top en demanda de entradas\"}]},{\"@type\":\"WebSite\",\"@id\":\"https:\/\/futbolhoy.co\/#website\",\"url\":\"https:\/\/futbolhoy.co\/\",\"name\":\"FutbolHoy\",\"description\":\"\",\"publisher\":{\"@id\":\"https:\/\/futbolhoy.co\/#organization\"},\"potentialAction\":[{\"@type\":\"SearchAction\",\"target\":{\"@type\":\"EntryPoint\",\"urlTemplate\":\"https:\/\/futbolhoy.co\/?s={search_term_string}\"},\"query-input\":{\"@type\":\"PropertyValueSpecification\",\"valueRequired\":true,\"valueName\":\"search_term_string\"}}],\"inLanguage\":\"es\"},{\"@type\":\"Organization\",\"@id\":\"https:\/\/futbolhoy.co\/#organization\",\"name\":\"Futbolhoy.co\",\"url\":\"https:\/\/futbolhoy.co\/\",\"logo\":{\"@type\":\"ImageObject\",\"inLanguage\":\"es\",\"@id\":\"https:\/\/futbolhoy.co\/#\/schema\/logo\/image\/\",\"url\":\"https:\/\/futbolhoy.co\/wp-content\/uploads\/2018\/08\/17426380_1906371736249227_6326180412931521141_n.jpg\",\"contentUrl\":\"https:\/\/futbolhoy.co\/wp-content\/uploads\/2018\/08\/17426380_1906371736249227_6326180412931521141_n.jpg\",\"width\":960,\"height\":960,\"caption\":\"Futbolhoy.co\"},\"image\":{\"@id\":\"https:\/\/futbolhoy.co\/#\/schema\/logo\/image\/\"},\"sameAs\":[\"https:\/\/www.facebook.com\/FutbolHoyCol\/\",\"https:\/\/x.com\/FutbolHoyCol\",\"https:\/\/www.instagram.com\/futbolhoycol\/\"]},{\"@type\":\"Person\",\"@id\":\"https:\/\/futbolhoy.co\/#\/schema\/person\/1721b69355b6623eaff15ac7b92d4cc3\",\"name\":\"contenido\",\"image\":{\"@type\":\"ImageObject\",\"inLanguage\":\"es\",\"@id\":\"https:\/\/futbolhoy.co\/#\/schema\/person\/image\/\",\"url\":\"https:\/\/secure.gravatar.com\/avatar\/4f656d3256f5134f466206e7c3941518?s=96&d=mm&r=g\",\"contentUrl\":\"https:\/\/secure.gravatar.com\/avatar\/4f656d3256f5134f466206e7c3941518?s=96&d=mm&r=g\",\"caption\":\"contenido\"}}]}<\/script>\n<!-- \/ Yoast SEO plugin. -->","yoast_head_json":{"title":"Mundial 2026 con sabor a caf\u00e9: Colombia, top en demanda de entradas -","robots":{"index":"index","follow":"follow","max-snippet":"max-snippet:-1","max-image-preview":"max-image-preview:large","max-video-preview":"max-video-preview:-1"},"canonical":"https:\/\/futbolhoy.co\/index.php\/2025\/09\/11\/mundial-con-sabor-a-cafe-colombia-top-solicitante-de-boleteria\/","og_locale":"es_ES","og_type":"article","og_title":"Mundial 2026 con sabor a caf\u00e9: Colombia, top en demanda de entradas -","og_description":"La Selecci\u00f3n Colombia sell\u00f3 su s\u00e9ptima clasificaci\u00f3n a una Copa del Mundo al derrotar a Bolivia, y la afici\u00f3n no tard\u00f3 en demostrar el apoyo que sentir\u00e1n sus jugadores en Estados Unidos, M\u00e9xico y Canad\u00e1. La pr\u00f3xima cita mundialista ser\u00e1 entre junio 11 y julio 19 de 2026, y tras las primeras 24 horas del [&hellip;]","og_url":"https:\/\/futbolhoy.co\/index.php\/2025\/09\/11\/mundial-con-sabor-a-cafe-colombia-top-solicitante-de-boleteria\/","article_publisher":"https:\/\/www.facebook.com\/FutbolHoyCol\/","article_published_time":"2025-09-11T22:48:59+00:00","article_modified_time":"2025-09-12T18:31:48+00:00","og_image":[{"width":563,"height":365,"url":"https:\/\/futbolhoy.co\/wp-content\/uploads\/2025\/09\/WhatsApp-Image-2025-09-11-at-5.58.57-PM.jpeg","type":"image\/jpeg"}],"author":"contenido","twitter_card":"summary_large_image","twitter_creator":"@FutbolHoyCol","twitter_site":"@FutbolHoyCol","twitter_misc":{"Escrito por":"contenido","Tiempo de lectura":"1 minuto"},"schema":{"@context":"https:\/\/schema.org","@graph":[{"@type":"Article","@id":"https:\/\/futbolhoy.co\/index.php\/2025\/09\/11\/mundial-con-sabor-a-cafe-colombia-top-solicitante-de-boleteria\/#article","isPartOf":{"@id":"https:\/\/futbolhoy.co\/index.php\/2025\/09\/11\/mundial-con-sabor-a-cafe-colombia-top-solicitante-de-boleteria\/"},"author":{"name":"contenido","@id":"https:\/\/futbolhoy.co\/#\/schema\/person\/1721b69355b6623eaff15ac7b92d4cc3"},"headline":"Mundial 2026 con sabor a caf\u00e9: Colombia, top en demanda de entradas","datePublished":"2025-09-11T22:48:59+00:00","dateModified":"2025-09-12T18:31:48+00:00","mainEntityOfPage":{"@id":"https:\/\/futbolhoy.co\/index.php\/2025\/09\/11\/mundial-con-sabor-a-cafe-colombia-top-solicitante-de-boleteria\/"},"wordCount":285,"commentCount":0,"publisher":{"@id":"https:\/\/futbolhoy.co\/#organization"},"image":{"@id":"https:\/\/futbolhoy.co\/index.php\/2025\/09\/11\/mundial-con-sabor-a-cafe-colombia-top-solicitante-de-boleteria\/#primaryimage"},"thumbnailUrl":"https:\/\/futbolhoy.co\/wp-content\/uploads\/2025\/09\/WhatsApp-Image-2025-09-11-at-5.58.57-PM.jpeg","articleSection":["Selecci\u00f3n Colombia"],"inLanguage":"es","potentialAction":[{"@type":"CommentAction","name":"Comment","target":["https:\/\/futbolhoy.co\/index.php\/2025\/09\/11\/mundial-con-sabor-a-cafe-colombia-top-solicitante-de-boleteria\/#respond"]}]},{"@type":"WebPage","@id":"https:\/\/futbolhoy.co\/index.php\/2025\/09\/11\/mundial-con-sabor-a-cafe-colombia-top-solicitante-de-boleteria\/","url":"https:\/\/futbolhoy.co\/index.php\/2025\/09\/11\/mundial-con-sabor-a-cafe-colombia-top-solicitante-de-boleteria\/","name":"Mundial 2026 con sabor a caf\u00e9: Colombia, top en demanda de entradas -","isPartOf":{"@id":"https:\/\/futbolhoy.co\/#website"},"primaryImageOfPage":{"@id":"https:\/\/futbolhoy.co\/index.php\/2025\/09\/11\/mundial-con-sabor-a-cafe-colombia-top-solicitante-de-boleteria\/#primaryimage"},"image":{"@id":"https:\/\/futbolhoy.co\/index.php\/2025\/09\/11\/mundial-con-sabor-a-cafe-colombia-top-solicitante-de-boleteria\/#primaryimage"},"thumbnailUrl":"https:\/\/futbolhoy.co\/wp-content\/uploads\/2025\/09\/WhatsApp-Image-2025-09-11-at-5.58.57-PM.jpeg","datePublished":"2025-09-11T22:48:59+00:00","dateModified":"2025-09-12T18:31:48+00:00","breadcrumb":{"@id":"https:\/\/futbolhoy.co\/index.php\/2025\/09\/11\/mundial-con-sabor-a-cafe-colombia-top-solicitante-de-boleteria\/#breadcrumb"},"inLanguage":"es","potentialAction":[{"@type":"ReadAction","target":["https:\/\/futbolhoy.co\/index.php\/2025\/09\/11\/mundial-con-sabor-a-cafe-colombia-top-solicitante-de-boleteria\/"]}]},{"@type":"ImageObject","inLanguage":"es","@id":"https:\/\/futbolhoy.co\/index.php\/2025\/09\/11\/mundial-con-sabor-a-cafe-colombia-top-solicitante-de-boleteria\/#primaryimage","url":"https:\/\/futbolhoy.co\/wp-content\/uploads\/2025\/09\/WhatsApp-Image-2025-09-11-at-5.58.57-PM.jpeg","contentUrl":"https:\/\/futbolhoy.co\/wp-content\/uploads\/2025\/09\/WhatsApp-Image-2025-09-11-at-5.58.57-PM.jpeg","width":563,"height":365},{"@type":"BreadcrumbList","@id":"https:\/\/futbolhoy.co\/index.php\/2025\/09\/11\/mundial-con-sabor-a-cafe-colombia-top-solicitante-de-boleteria\/#breadcrumb","itemListElement":[{"@type":"ListItem","position":1,"name":"Portada","item":"https:\/\/futbolhoy.co\/"},{"@type":"ListItem","position":2,"name":"Mundial 2026 con sabor a caf\u00e9: Colombia, top en demanda de entradas"}]},{"@type":"WebSite","@id":"https:\/\/futbolhoy.co\/#website","url":"https:\/\/futbolhoy.co\/","name":"FutbolHoy","description":"","publisher":{"@id":"https:\/\/futbolhoy.co\/#organization"},"potentialAction":[{"@type":"SearchAction","target":{"@type":"EntryPoint","urlTemplate":"https:\/\/futbolhoy.co\/?s={search_term_string}"},"query-input":{"@type":"PropertyValueSpecification","valueRequired":true,"valueName":"search_term_string"}}],"inLanguage":"es"},{"@type":"Organization","@id":"https:\/\/futbolhoy.co\/#organization","name":"Futbolhoy.co","url":"https:\/\/futbolhoy.co\/","logo":{"@type":"ImageObject","inLanguage":"es","@id":"https:\/\/futbolhoy.co\/#\/schema\/logo\/image\/","url":"https:\/\/futbolhoy.co\/wp-content\/uploads\/2018\/08\/17426380_1906371736249227_6326180412931521141_n.jpg","contentUrl":"https:\/\/futbolhoy.co\/wp-content\/uploads\/2018\/08\/17426380_1906371736249227_6326180412931521141_n.jpg","width":960,"height":960,"caption":"Futbolhoy.co"},"image":{"@id":"https:\/\/futbolhoy.co\/#\/schema\/logo\/image\/"},"sameAs":["https:\/\/www.facebook.com\/FutbolHoyCol\/","https:\/\/x.com\/FutbolHoyCol","https:\/\/www.instagram.com\/futbolhoycol\/"]},{"@type":"Person","@id":"https:\/\/futbolhoy.co\/#\/schema\/person\/1721b69355b6623eaff15ac7b92d4cc3","name":"contenido","image":{"@type":"ImageObject","inLanguage":"es","@id":"https:\/\/futbolhoy.co\/#\/schema\/person\/image\/","url":"https:\/\/secure.gravatar.com\/avatar\/4f656d3256f5134f466206e7c3941518?s=96&d=mm&r=g","contentUrl":"https:\/\/secure.gravatar.com\/avatar\/4f656d3256f5134f466206e7c3941518?s=96&d=mm&r=g","caption":"contenido"}}]}},"publishpress_future_action":{"enabled":false,"date":"2026-05-04 01:39:45","action":"change-status","newStatus":"draft","terms":[],"taxonomy":"category","extraData":[]},"publishpress_future_workflow_manual_trigger":{"enabledWorkflows":[]},"_links":{"self":[{"href":"https:\/\/futbolhoy.co\/index.php\/wp-json\/wp\/v2\/posts\/123063","targetHints":{"allow":["GET"]}}],"collection":[{"href":"https:\/\/futbolhoy.co\/index.php\/wp-json\/wp\/v2\/posts"}],"about":[{"href":"https:\/\/futbolhoy.co\/index.php\/wp-json\/wp\/v2\/types\/post"}],"author":[{"embeddable":true,"href":"https:\/\/futbolhoy.co\/index.php\/wp-json\/wp\/v2\/users\/4"}],"replies":[{"embeddable":true,"href":"https:\/\/futbolhoy.co\/index.php\/wp-json\/wp\/v2\/comments?post=123063"}],"version-history":[{"count":5,"href":"https:\/\/futbolhoy.co\/index.php\/wp-json\/wp\/v2\/posts\/123063\/revisions"}],"predecessor-version":[{"id":123070,"href":"https:\/\/futbolhoy.co\/index.php\/wp-json\/wp\/v2\/posts\/123063\/revisions\/123070"}],"wp:featuredmedia":[{"embeddable":true,"href":"https:\/\/futbolhoy.co\/index.php\/wp-json\/wp\/v2\/media\/123068"}],"wp:attachment":[{"href":"https:\/\/futbolhoy.co\/index.php\/wp-json\/wp\/v2\/media?parent=123063"}],"wp:term":[{"taxonomy":"category","embeddable":true,"href":"https:\/\/futbolhoy.co\/index.php\/wp-json\/wp\/v2\/categories?post=123063"},{"taxonomy":"post_tag","embeddable":true,"href":"https:\/\/futbolhoy.co\/index.php\/wp-json\/wp\/v2\/tags?post=123063"}],"curies":[{"name":"wp","href":"https:\/\/api.w.org\/{rel}","templated":true}]}}