{"id":123083,"date":"2025-09-12T08:35:50","date_gmt":"2025-09-12T13:35:50","guid":{"rendered":"https:\/\/futbolhoy.co\/?p=123083"},"modified":"2025-09-12T17:32:37","modified_gmt":"2025-09-12T22:32:37","slug":"juan-cuadrado-suena-con-el-mundial-2026-tras-su-inesperada-llegada-a-pisa","status":"publish","type":"post","link":"https:\/\/futbolhoy.co\/index.php\/2025\/09\/12\/juan-cuadrado-suena-con-el-mundial-2026-tras-su-inesperada-llegada-a-pisa\/","title":{"rendered":"Juan Cuadrado sue\u00f1a con el Mundial 2026 tras su inesperada llegada a Pisa"},"content":{"rendered":"<p style=\"text-align: justify;\"><span style=\"font-family: helvetica, arial, sans-serif;\">El colombiano <strong>Juan Guillermo Cuadrado<\/strong>, jugador del Pisa, asegur\u00f3 este viernes que su principal objetivo esta temporada con el club italiano es que le permita llegar \"al 100% al Mundial\" que se disputar\u00e1 en 2026 en Estados Unidos, M\u00e9xico y Canad\u00e1.<\/span><\/p>\n<p style=\"text-align: justify;\"><span style=\"font-family: helvetica, arial, sans-serif;\">\"La claridad del proyecto del Pisa me convenci\u00f3. Dije que s\u00ed en dos d\u00edas. Mi objetivo es la salvaci\u00f3n y el Mundial con Colombia\", asegur\u00f3. <\/span><\/p>\n<p style=\"text-align: justify;\"><span style=\"font-family: helvetica, arial, sans-serif;\">\"Estoy trabajando duro para llegar al 100 % y Gilardino me est\u00e1 ayudando. Se convertir\u00e1 en un gran entrenador\", dijo en una entrevista con 'La Gazzetta dello Sport'.<\/span><\/p>\n<p style=\"text-align: justify;\"><span style=\"font-family: helvetica, arial, sans-serif;\">Tras pasar las dos \u00faltimas temporadas en dos equipos distintos, <strong>Inter de Mil\u00e1n y Atalanta<\/strong>, donde disput\u00f3 la Champions League y gan\u00f3 el 'Scudetto' con el Inter, lleg\u00f3 este verano al Pisa, reci\u00e9n ascendido, con el que ha sido suplente en los tres primeros partidos de la temporada, uno de Copa Italia y dos de <strong>Serie A<\/strong>.<\/span><\/p>\n<p style=\"text-align: justify;\"><span style=\"font-family: helvetica, arial, sans-serif;\">Pisa negoci\u00f3 con Cuadrado, que estaba como<strong> agente libre<\/strong> tras su paso por el equipo de B\u00e9rgamo.<\/span><\/p>\n<p style=\"text-align: justify;\"><span style=\"font-family: helvetica, arial, sans-serif;\">A sus 37 a\u00f1os, ya tiene claro c\u00f3mo ser\u00e1 su retirada: \"Tengo una fundaci\u00f3n en Colombia donde se juega al f\u00fatbol y, adem\u00e1s, hay m\u00fasica, teatro... cosas as\u00ed. Cuando recibes tanto, tambi\u00e9n puedes dar. Me gustar\u00eda continuar con esta actividad\", apunt\u00f3.<\/span><\/p>\n<p style=\"text-align: justify;\"><span style=\"font-family: helvetica, arial, sans-serif;\">Cuadrado ha pasado la mayor parte de su carrera, salvo dos a\u00f1os en el <strong>Chelsea<\/strong>, en Italia. Comenz\u00f3 en el Udinese y continu\u00f3 en el Lecce, Fiorentina, Juventus Tur\u00edn, Inter de Mil\u00e1n y Atalanta.<\/span><\/p>\n<p style=\"text-align: justify;\"><span style=\"font-family: helvetica, arial, sans-serif;\">Sin embargo, pudo llegar a Espa\u00f1a este mismo verano: \"Tuve la oportunidad de irme a Espa\u00f1a, LaLiga siempre me ha gustado, pero decid\u00ed quedarme aqu\u00ed tambi\u00e9n por mi familia\" explic\u00f3.<\/span><\/p>\n<p style=\"text-align: justify;\"><span style=\"font-family: helvetica, arial, sans-serif;\">\"Mi madre nunca se ha ido de <strong>Tur\u00edn<\/strong>\", desvel\u00f3 el antioque\u00f1o con relaci\u00f3n a la escuadra donde m\u00e1s tiempo estuvo (ocho temporadas en la 'Juve).<\/span><\/p>\n<p style=\"text-align: justify;\"><span style=\"font-family: helvetica, arial, sans-serif;\">\"Me he convertido en hincha de la Juventus. Mis hijos nacieron en Tur\u00edn. Lucas tiene seis a\u00f1os y Luc\u00eda nueve. He vivido ocho temporadas m\u00e1gicas, he ganado <strong>cinco ligas<\/strong> y varias copas. Lo \u00fanico que lamento es la final de la 'Champions' que perdimos en Cardiff (ante el <strong>Real Madrid<\/strong>)\", coment\u00f3.<\/span><\/p>\n<p style=\"text-align: justify;\"><span style=\"font-family: helvetica, arial, sans-serif;\">Su salida del club 'bianconero' fue algo inesperada: \"Allegri quer\u00eda que me quedara. Por mi parte, no ten\u00eda ninguna duda:<strong> me habr\u00eda quedado<\/strong>\".<\/span><\/p>\n<p style=\"text-align: justify;\"><span style=\"font-family: helvetica, arial, sans-serif;\">\"Pero cambi\u00f3 la directiva, el entrenador se march\u00f3 y yo me qued\u00e9 a la espera de una llamada\" afirm\u00f3. <\/span><\/p>\n<p style=\"text-align: justify;\"><span style=\"font-family: helvetica, arial, sans-serif;\">\"Mientras, le\u00ed en las redes sociales que mi aventura con la 'Juve' hab\u00eda terminado\", manifest\u00f3 el jugador.<\/span><\/p>\n<p style=\"text-align: justify;\"><span style=\"font-family: helvetica, arial, sans-serif;\">\"Hubiera preferido una llamada o un mensaje privado.<strong> Me sent\u00ed mal<\/strong>, fue muy triste. Pero as\u00ed es el f\u00fatbol. Los aficionados est\u00e1n y siempre estar\u00e1n en mi coraz\u00f3n\", finaliz\u00f3.<\/span><\/p>\n<p style=\"text-align: justify;\"><span style=\"font-family: helvetica, arial, sans-serif;\">A lo largo de su carrera deportiva como lateral, extremo e interior por derecha, Juan Cuadrado suma 541 partidos, <strong>55 goles y 94 asistencias<\/strong>.<\/span><\/p>\n","protected":false},"excerpt":{"rendered":"<p>El colombiano Juan Guillermo Cuadrado, jugador del Pisa, asegur\u00f3 este viernes que su principal objetivo esta temporada con el club italiano es que le permita llegar \"al 100% al Mundial\" que se disputar\u00e1 en 2026 en Estados Unidos, M\u00e9xico y Canad\u00e1. \"La claridad del proyecto del Pisa me convenci\u00f3. Dije que s\u00ed en dos d\u00edas. [&hellip;]<\/p>\n","protected":false},"author":4,"featured_media":123084,"comment_status":"open","ping_status":"open","sticky":false,"template":"","format":"standard","meta":{"_acf_changed":false,"footnotes":""},"categories":[153],"tags":[],"class_list":{"0":"post-123083","1":"post","2":"type-post","3":"status-publish","4":"format-standard","5":"has-post-thumbnail","7":"category-selecion-colombia"},"acf":[],"yoast_head":"<!-- This site is optimized with the Yoast SEO plugin v26.8 - https:\/\/yoast.com\/product\/yoast-seo-wordpress\/ -->\n<title>Juan Cuadrado sue\u00f1a con el Mundial 2026 tras su inesperada llegada a Pisa -<\/title>\n<meta name=\"robots\" content=\"index, follow, max-snippet:-1, max-image-preview:large, max-video-preview:-1\" \/>\n<link rel=\"canonical\" href=\"https:\/\/futbolhoy.co\/index.php\/2025\/09\/12\/juan-cuadrado-suena-con-el-mundial-2026-tras-su-inesperada-llegada-a-pisa\/\" \/>\n<meta property=\"og:locale\" content=\"es_ES\" \/>\n<meta property=\"og:type\" content=\"article\" \/>\n<meta property=\"og:title\" content=\"Juan Cuadrado sue\u00f1a con el Mundial 2026 tras su inesperada llegada a Pisa -\" \/>\n<meta property=\"og:description\" content=\"El colombiano Juan Guillermo Cuadrado, jugador del Pisa, asegur\u00f3 este viernes que su principal objetivo esta temporada con el club italiano es que le permita llegar &quot;al 100% al Mundial&quot; que se disputar\u00e1 en 2026 en Estados Unidos, M\u00e9xico y Canad\u00e1. &quot;La claridad del proyecto del Pisa me convenci\u00f3. Dije que s\u00ed en dos d\u00edas. [&hellip;]\" \/>\n<meta property=\"og:url\" content=\"https:\/\/futbolhoy.co\/index.php\/2025\/09\/12\/juan-cuadrado-suena-con-el-mundial-2026-tras-su-inesperada-llegada-a-pisa\/\" \/>\n<meta property=\"article:publisher\" content=\"https:\/\/www.facebook.com\/FutbolHoyCol\/\" \/>\n<meta property=\"article:published_time\" content=\"2025-09-12T13:35:50+00:00\" \/>\n<meta property=\"article:modified_time\" content=\"2025-09-12T22:32:37+00:00\" \/>\n<meta property=\"og:image\" content=\"https:\/\/futbolhoy.co\/wp-content\/uploads\/2025\/09\/WhatsApp-Image-2025-09-12-at-8.34.44-AM.jpeg\" \/>\n\t<meta property=\"og:image:width\" content=\"767\" \/>\n\t<meta property=\"og:image:height\" content=\"534\" \/>\n\t<meta property=\"og:image:type\" content=\"image\/jpeg\" \/>\n<meta name=\"author\" content=\"contenido\" \/>\n<meta name=\"twitter:card\" content=\"summary_large_image\" \/>\n<meta name=\"twitter:creator\" content=\"@FutbolHoyCol\" \/>\n<meta name=\"twitter:site\" content=\"@FutbolHoyCol\" \/>\n<meta name=\"twitter:label1\" content=\"Escrito por\" \/>\n\t<meta name=\"twitter:data1\" content=\"contenido\" \/>\n\t<meta name=\"twitter:label2\" content=\"Tiempo de lectura\" \/>\n\t<meta name=\"twitter:data2\" content=\"2 minutos\" \/>\n<script type=\"application\/ld+json\" class=\"yoast-schema-graph\">{\"@context\":\"https:\/\/schema.org\",\"@graph\":[{\"@type\":\"Article\",\"@id\":\"https:\/\/futbolhoy.co\/index.php\/2025\/09\/12\/juan-cuadrado-suena-con-el-mundial-2026-tras-su-inesperada-llegada-a-pisa\/#article\",\"isPartOf\":{\"@id\":\"https:\/\/futbolhoy.co\/index.php\/2025\/09\/12\/juan-cuadrado-suena-con-el-mundial-2026-tras-su-inesperada-llegada-a-pisa\/\"},\"author\":{\"name\":\"contenido\",\"@id\":\"https:\/\/futbolhoy.co\/#\/schema\/person\/1721b69355b6623eaff15ac7b92d4cc3\"},\"headline\":\"Juan Cuadrado sue\u00f1a con el Mundial 2026 tras su inesperada llegada a Pisa\",\"datePublished\":\"2025-09-12T13:35:50+00:00\",\"dateModified\":\"2025-09-12T22:32:37+00:00\",\"mainEntityOfPage\":{\"@id\":\"https:\/\/futbolhoy.co\/index.php\/2025\/09\/12\/juan-cuadrado-suena-con-el-mundial-2026-tras-su-inesperada-llegada-a-pisa\/\"},\"wordCount\":502,\"commentCount\":0,\"publisher\":{\"@id\":\"https:\/\/futbolhoy.co\/#organization\"},\"image\":{\"@id\":\"https:\/\/futbolhoy.co\/index.php\/2025\/09\/12\/juan-cuadrado-suena-con-el-mundial-2026-tras-su-inesperada-llegada-a-pisa\/#primaryimage\"},\"thumbnailUrl\":\"https:\/\/futbolhoy.co\/wp-content\/uploads\/2025\/09\/WhatsApp-Image-2025-09-12-at-8.34.44-AM.jpeg\",\"articleSection\":[\"Selecci\u00f3n Colombia\"],\"inLanguage\":\"es\",\"potentialAction\":[{\"@type\":\"CommentAction\",\"name\":\"Comment\",\"target\":[\"https:\/\/futbolhoy.co\/index.php\/2025\/09\/12\/juan-cuadrado-suena-con-el-mundial-2026-tras-su-inesperada-llegada-a-pisa\/#respond\"]}]},{\"@type\":\"WebPage\",\"@id\":\"https:\/\/futbolhoy.co\/index.php\/2025\/09\/12\/juan-cuadrado-suena-con-el-mundial-2026-tras-su-inesperada-llegada-a-pisa\/\",\"url\":\"https:\/\/futbolhoy.co\/index.php\/2025\/09\/12\/juan-cuadrado-suena-con-el-mundial-2026-tras-su-inesperada-llegada-a-pisa\/\",\"name\":\"Juan Cuadrado sue\u00f1a con el Mundial 2026 tras su inesperada llegada a Pisa -\",\"isPartOf\":{\"@id\":\"https:\/\/futbolhoy.co\/#website\"},\"primaryImageOfPage\":{\"@id\":\"https:\/\/futbolhoy.co\/index.php\/2025\/09\/12\/juan-cuadrado-suena-con-el-mundial-2026-tras-su-inesperada-llegada-a-pisa\/#primaryimage\"},\"image\":{\"@id\":\"https:\/\/futbolhoy.co\/index.php\/2025\/09\/12\/juan-cuadrado-suena-con-el-mundial-2026-tras-su-inesperada-llegada-a-pisa\/#primaryimage\"},\"thumbnailUrl\":\"https:\/\/futbolhoy.co\/wp-content\/uploads\/2025\/09\/WhatsApp-Image-2025-09-12-at-8.34.44-AM.jpeg\",\"datePublished\":\"2025-09-12T13:35:50+00:00\",\"dateModified\":\"2025-09-12T22:32:37+00:00\",\"breadcrumb\":{\"@id\":\"https:\/\/futbolhoy.co\/index.php\/2025\/09\/12\/juan-cuadrado-suena-con-el-mundial-2026-tras-su-inesperada-llegada-a-pisa\/#breadcrumb\"},\"inLanguage\":\"es\",\"potentialAction\":[{\"@type\":\"ReadAction\",\"target\":[\"https:\/\/futbolhoy.co\/index.php\/2025\/09\/12\/juan-cuadrado-suena-con-el-mundial-2026-tras-su-inesperada-llegada-a-pisa\/\"]}]},{\"@type\":\"ImageObject\",\"inLanguage\":\"es\",\"@id\":\"https:\/\/futbolhoy.co\/index.php\/2025\/09\/12\/juan-cuadrado-suena-con-el-mundial-2026-tras-su-inesperada-llegada-a-pisa\/#primaryimage\",\"url\":\"https:\/\/futbolhoy.co\/wp-content\/uploads\/2025\/09\/WhatsApp-Image-2025-09-12-at-8.34.44-AM.jpeg\",\"contentUrl\":\"https:\/\/futbolhoy.co\/wp-content\/uploads\/2025\/09\/WhatsApp-Image-2025-09-12-at-8.34.44-AM.jpeg\",\"width\":767,\"height\":534},{\"@type\":\"BreadcrumbList\",\"@id\":\"https:\/\/futbolhoy.co\/index.php\/2025\/09\/12\/juan-cuadrado-suena-con-el-mundial-2026-tras-su-inesperada-llegada-a-pisa\/#breadcrumb\",\"itemListElement\":[{\"@type\":\"ListItem\",\"position\":1,\"name\":\"Portada\",\"item\":\"https:\/\/futbolhoy.co\/\"},{\"@type\":\"ListItem\",\"position\":2,\"name\":\"Juan Cuadrado sue\u00f1a con el Mundial 2026 tras su inesperada llegada a Pisa\"}]},{\"@type\":\"WebSite\",\"@id\":\"https:\/\/futbolhoy.co\/#website\",\"url\":\"https:\/\/futbolhoy.co\/\",\"name\":\"FutbolHoy\",\"description\":\"\",\"publisher\":{\"@id\":\"https:\/\/futbolhoy.co\/#organization\"},\"potentialAction\":[{\"@type\":\"SearchAction\",\"target\":{\"@type\":\"EntryPoint\",\"urlTemplate\":\"https:\/\/futbolhoy.co\/?s={search_term_string}\"},\"query-input\":{\"@type\":\"PropertyValueSpecification\",\"valueRequired\":true,\"valueName\":\"search_term_string\"}}],\"inLanguage\":\"es\"},{\"@type\":\"Organization\",\"@id\":\"https:\/\/futbolhoy.co\/#organization\",\"name\":\"Futbolhoy.co\",\"url\":\"https:\/\/futbolhoy.co\/\",\"logo\":{\"@type\":\"ImageObject\",\"inLanguage\":\"es\",\"@id\":\"https:\/\/futbolhoy.co\/#\/schema\/logo\/image\/\",\"url\":\"https:\/\/futbolhoy.co\/wp-content\/uploads\/2018\/08\/17426380_1906371736249227_6326180412931521141_n.jpg\",\"contentUrl\":\"https:\/\/futbolhoy.co\/wp-content\/uploads\/2018\/08\/17426380_1906371736249227_6326180412931521141_n.jpg\",\"width\":960,\"height\":960,\"caption\":\"Futbolhoy.co\"},\"image\":{\"@id\":\"https:\/\/futbolhoy.co\/#\/schema\/logo\/image\/\"},\"sameAs\":[\"https:\/\/www.facebook.com\/FutbolHoyCol\/\",\"https:\/\/x.com\/FutbolHoyCol\",\"https:\/\/www.instagram.com\/futbolhoycol\/\"]},{\"@type\":\"Person\",\"@id\":\"https:\/\/futbolhoy.co\/#\/schema\/person\/1721b69355b6623eaff15ac7b92d4cc3\",\"name\":\"contenido\",\"image\":{\"@type\":\"ImageObject\",\"inLanguage\":\"es\",\"@id\":\"https:\/\/futbolhoy.co\/#\/schema\/person\/image\/\",\"url\":\"https:\/\/secure.gravatar.com\/avatar\/4f656d3256f5134f466206e7c3941518?s=96&d=mm&r=g\",\"contentUrl\":\"https:\/\/secure.gravatar.com\/avatar\/4f656d3256f5134f466206e7c3941518?s=96&d=mm&r=g\",\"caption\":\"contenido\"}}]}<\/script>\n<!-- \/ Yoast SEO plugin. -->","yoast_head_json":{"title":"Juan Cuadrado sue\u00f1a con el Mundial 2026 tras su inesperada llegada a Pisa -","robots":{"index":"index","follow":"follow","max-snippet":"max-snippet:-1","max-image-preview":"max-image-preview:large","max-video-preview":"max-video-preview:-1"},"canonical":"https:\/\/futbolhoy.co\/index.php\/2025\/09\/12\/juan-cuadrado-suena-con-el-mundial-2026-tras-su-inesperada-llegada-a-pisa\/","og_locale":"es_ES","og_type":"article","og_title":"Juan Cuadrado sue\u00f1a con el Mundial 2026 tras su inesperada llegada a Pisa -","og_description":"El colombiano Juan Guillermo Cuadrado, jugador del Pisa, asegur\u00f3 este viernes que su principal objetivo esta temporada con el club italiano es que le permita llegar \"al 100% al Mundial\" que se disputar\u00e1 en 2026 en Estados Unidos, M\u00e9xico y Canad\u00e1. \"La claridad del proyecto del Pisa me convenci\u00f3. Dije que s\u00ed en dos d\u00edas. [&hellip;]","og_url":"https:\/\/futbolhoy.co\/index.php\/2025\/09\/12\/juan-cuadrado-suena-con-el-mundial-2026-tras-su-inesperada-llegada-a-pisa\/","article_publisher":"https:\/\/www.facebook.com\/FutbolHoyCol\/","article_published_time":"2025-09-12T13:35:50+00:00","article_modified_time":"2025-09-12T22:32:37+00:00","og_image":[{"width":767,"height":534,"url":"https:\/\/futbolhoy.co\/wp-content\/uploads\/2025\/09\/WhatsApp-Image-2025-09-12-at-8.34.44-AM.jpeg","type":"image\/jpeg"}],"author":"contenido","twitter_card":"summary_large_image","twitter_creator":"@FutbolHoyCol","twitter_site":"@FutbolHoyCol","twitter_misc":{"Escrito por":"contenido","Tiempo de lectura":"2 minutos"},"schema":{"@context":"https:\/\/schema.org","@graph":[{"@type":"Article","@id":"https:\/\/futbolhoy.co\/index.php\/2025\/09\/12\/juan-cuadrado-suena-con-el-mundial-2026-tras-su-inesperada-llegada-a-pisa\/#article","isPartOf":{"@id":"https:\/\/futbolhoy.co\/index.php\/2025\/09\/12\/juan-cuadrado-suena-con-el-mundial-2026-tras-su-inesperada-llegada-a-pisa\/"},"author":{"name":"contenido","@id":"https:\/\/futbolhoy.co\/#\/schema\/person\/1721b69355b6623eaff15ac7b92d4cc3"},"headline":"Juan Cuadrado sue\u00f1a con el Mundial 2026 tras su inesperada llegada a Pisa","datePublished":"2025-09-12T13:35:50+00:00","dateModified":"2025-09-12T22:32:37+00:00","mainEntityOfPage":{"@id":"https:\/\/futbolhoy.co\/index.php\/2025\/09\/12\/juan-cuadrado-suena-con-el-mundial-2026-tras-su-inesperada-llegada-a-pisa\/"},"wordCount":502,"commentCount":0,"publisher":{"@id":"https:\/\/futbolhoy.co\/#organization"},"image":{"@id":"https:\/\/futbolhoy.co\/index.php\/2025\/09\/12\/juan-cuadrado-suena-con-el-mundial-2026-tras-su-inesperada-llegada-a-pisa\/#primaryimage"},"thumbnailUrl":"https:\/\/futbolhoy.co\/wp-content\/uploads\/2025\/09\/WhatsApp-Image-2025-09-12-at-8.34.44-AM.jpeg","articleSection":["Selecci\u00f3n Colombia"],"inLanguage":"es","potentialAction":[{"@type":"CommentAction","name":"Comment","target":["https:\/\/futbolhoy.co\/index.php\/2025\/09\/12\/juan-cuadrado-suena-con-el-mundial-2026-tras-su-inesperada-llegada-a-pisa\/#respond"]}]},{"@type":"WebPage","@id":"https:\/\/futbolhoy.co\/index.php\/2025\/09\/12\/juan-cuadrado-suena-con-el-mundial-2026-tras-su-inesperada-llegada-a-pisa\/","url":"https:\/\/futbolhoy.co\/index.php\/2025\/09\/12\/juan-cuadrado-suena-con-el-mundial-2026-tras-su-inesperada-llegada-a-pisa\/","name":"Juan Cuadrado sue\u00f1a con el Mundial 2026 tras su inesperada llegada a Pisa -","isPartOf":{"@id":"https:\/\/futbolhoy.co\/#website"},"primaryImageOfPage":{"@id":"https:\/\/futbolhoy.co\/index.php\/2025\/09\/12\/juan-cuadrado-suena-con-el-mundial-2026-tras-su-inesperada-llegada-a-pisa\/#primaryimage"},"image":{"@id":"https:\/\/futbolhoy.co\/index.php\/2025\/09\/12\/juan-cuadrado-suena-con-el-mundial-2026-tras-su-inesperada-llegada-a-pisa\/#primaryimage"},"thumbnailUrl":"https:\/\/futbolhoy.co\/wp-content\/uploads\/2025\/09\/WhatsApp-Image-2025-09-12-at-8.34.44-AM.jpeg","datePublished":"2025-09-12T13:35:50+00:00","dateModified":"2025-09-12T22:32:37+00:00","breadcrumb":{"@id":"https:\/\/futbolhoy.co\/index.php\/2025\/09\/12\/juan-cuadrado-suena-con-el-mundial-2026-tras-su-inesperada-llegada-a-pisa\/#breadcrumb"},"inLanguage":"es","potentialAction":[{"@type":"ReadAction","target":["https:\/\/futbolhoy.co\/index.php\/2025\/09\/12\/juan-cuadrado-suena-con-el-mundial-2026-tras-su-inesperada-llegada-a-pisa\/"]}]},{"@type":"ImageObject","inLanguage":"es","@id":"https:\/\/futbolhoy.co\/index.php\/2025\/09\/12\/juan-cuadrado-suena-con-el-mundial-2026-tras-su-inesperada-llegada-a-pisa\/#primaryimage","url":"https:\/\/futbolhoy.co\/wp-content\/uploads\/2025\/09\/WhatsApp-Image-2025-09-12-at-8.34.44-AM.jpeg","contentUrl":"https:\/\/futbolhoy.co\/wp-content\/uploads\/2025\/09\/WhatsApp-Image-2025-09-12-at-8.34.44-AM.jpeg","width":767,"height":534},{"@type":"BreadcrumbList","@id":"https:\/\/futbolhoy.co\/index.php\/2025\/09\/12\/juan-cuadrado-suena-con-el-mundial-2026-tras-su-inesperada-llegada-a-pisa\/#breadcrumb","itemListElement":[{"@type":"ListItem","position":1,"name":"Portada","item":"https:\/\/futbolhoy.co\/"},{"@type":"ListItem","position":2,"name":"Juan Cuadrado sue\u00f1a con el Mundial 2026 tras su inesperada llegada a Pisa"}]},{"@type":"WebSite","@id":"https:\/\/futbolhoy.co\/#website","url":"https:\/\/futbolhoy.co\/","name":"FutbolHoy","description":"","publisher":{"@id":"https:\/\/futbolhoy.co\/#organization"},"potentialAction":[{"@type":"SearchAction","target":{"@type":"EntryPoint","urlTemplate":"https:\/\/futbolhoy.co\/?s={search_term_string}"},"query-input":{"@type":"PropertyValueSpecification","valueRequired":true,"valueName":"search_term_string"}}],"inLanguage":"es"},{"@type":"Organization","@id":"https:\/\/futbolhoy.co\/#organization","name":"Futbolhoy.co","url":"https:\/\/futbolhoy.co\/","logo":{"@type":"ImageObject","inLanguage":"es","@id":"https:\/\/futbolhoy.co\/#\/schema\/logo\/image\/","url":"https:\/\/futbolhoy.co\/wp-content\/uploads\/2018\/08\/17426380_1906371736249227_6326180412931521141_n.jpg","contentUrl":"https:\/\/futbolhoy.co\/wp-content\/uploads\/2018\/08\/17426380_1906371736249227_6326180412931521141_n.jpg","width":960,"height":960,"caption":"Futbolhoy.co"},"image":{"@id":"https:\/\/futbolhoy.co\/#\/schema\/logo\/image\/"},"sameAs":["https:\/\/www.facebook.com\/FutbolHoyCol\/","https:\/\/x.com\/FutbolHoyCol","https:\/\/www.instagram.com\/futbolhoycol\/"]},{"@type":"Person","@id":"https:\/\/futbolhoy.co\/#\/schema\/person\/1721b69355b6623eaff15ac7b92d4cc3","name":"contenido","image":{"@type":"ImageObject","inLanguage":"es","@id":"https:\/\/futbolhoy.co\/#\/schema\/person\/image\/","url":"https:\/\/secure.gravatar.com\/avatar\/4f656d3256f5134f466206e7c3941518?s=96&d=mm&r=g","contentUrl":"https:\/\/secure.gravatar.com\/avatar\/4f656d3256f5134f466206e7c3941518?s=96&d=mm&r=g","caption":"contenido"}}]}},"publishpress_future_action":{"enabled":false,"date":"2026-05-04 01:39:55","action":"change-status","newStatus":"draft","terms":[],"taxonomy":"category","extraData":[]},"publishpress_future_workflow_manual_trigger":{"enabledWorkflows":[]},"_links":{"self":[{"href":"https:\/\/futbolhoy.co\/index.php\/wp-json\/wp\/v2\/posts\/123083","targetHints":{"allow":["GET"]}}],"collection":[{"href":"https:\/\/futbolhoy.co\/index.php\/wp-json\/wp\/v2\/posts"}],"about":[{"href":"https:\/\/futbolhoy.co\/index.php\/wp-json\/wp\/v2\/types\/post"}],"author":[{"embeddable":true,"href":"https:\/\/futbolhoy.co\/index.php\/wp-json\/wp\/v2\/users\/4"}],"replies":[{"embeddable":true,"href":"https:\/\/futbolhoy.co\/index.php\/wp-json\/wp\/v2\/comments?post=123083"}],"version-history":[{"count":1,"href":"https:\/\/futbolhoy.co\/index.php\/wp-json\/wp\/v2\/posts\/123083\/revisions"}],"predecessor-version":[{"id":123085,"href":"https:\/\/futbolhoy.co\/index.php\/wp-json\/wp\/v2\/posts\/123083\/revisions\/123085"}],"wp:featuredmedia":[{"embeddable":true,"href":"https:\/\/futbolhoy.co\/index.php\/wp-json\/wp\/v2\/media\/123084"}],"wp:attachment":[{"href":"https:\/\/futbolhoy.co\/index.php\/wp-json\/wp\/v2\/media?parent=123083"}],"wp:term":[{"taxonomy":"category","embeddable":true,"href":"https:\/\/futbolhoy.co\/index.php\/wp-json\/wp\/v2\/categories?post=123083"},{"taxonomy":"post_tag","embeddable":true,"href":"https:\/\/futbolhoy.co\/index.php\/wp-json\/wp\/v2\/tags?post=123083"}],"curies":[{"name":"wp","href":"https:\/\/api.w.org\/{rel}","templated":true}]}}