{"id":123086,"date":"2025-09-12T09:46:55","date_gmt":"2025-09-12T14:46:55","guid":{"rendered":"https:\/\/futbolhoy.co\/?p=123086"},"modified":"2025-09-12T20:49:10","modified_gmt":"2025-09-13T01:49:10","slug":"presidente-de-fcf-afirma-que-colombia-ira-al-mundial-2026-con-el-objetivo-de-ser-campeones","status":"publish","type":"post","link":"https:\/\/futbolhoy.co\/index.php\/2025\/09\/12\/presidente-de-fcf-afirma-que-colombia-ira-al-mundial-2026-con-el-objetivo-de-ser-campeones\/","title":{"rendered":"Presidente de FCF confirma el objetivo de Colombia en el Mundial 2026: \"ser campeones\""},"content":{"rendered":"<p style=\"text-align: justify;\"><span style=\"font-family: helvetica, arial, sans-serif;\">El presidente de la<strong> Federaci\u00f3n Colombiana de F\u00fatbol<\/strong> (FCF), Ram\u00f3n Jesur\u00fan, afirm\u00f3 en una entrevista con EFE que su pa\u00eds ir\u00e1 al Mundial de 2026 con el objetivo de conquistarlo, para lo cual est\u00e1n \"cambiando el chip a una mentalidad ganadora\".<\/span><\/p>\n<p style=\"text-align: justify;\"><span style=\"font-family: helvetica, arial, sans-serif;\">\"A m\u00ed particularmente no me tiembla la voz en decir que si estamos cambiando el chip a una mentalidad ganadora, a una mentalidad campeona, tambi\u00e9n tiene que aplicarse para la Selecci\u00f3n Colombia de mayores\", explic\u00f3. <\/span><\/p>\n<p style=\"text-align: justify;\"><span style=\"font-family: helvetica, arial, sans-serif;\">\"Al Mundial de f\u00fatbol, por qu\u00e9 no, vamos a ir<strong> con el objetivo de ser campeones<\/strong>\", expres\u00f3 Jesur\u00fan.<\/span><\/p>\n<p style=\"text-align: justify;\"><span style=\"font-family: helvetica, arial, sans-serif;\">El directivo habl\u00f3 sobre ese prop\u00f3sito luego de que la selecci\u00f3n se clasificara para la Copa del Mundo esta semana tras golear por 3-0 a Bolivia en Barranquilla, y 3-6 a Venezuela en Matur\u00edn en las \u00faltimas dos jornadas de las Eliminatorias Sudamericanas.<\/span><\/p>\n<p style=\"text-align: justify;\"><span style=\"font-family: helvetica, arial, sans-serif;\">Estas victorias le ayudaron a 'La Tricolor' a terminar en el <strong>tercer puesto<\/strong> con 28 puntos.<\/span><\/p>\n<p style=\"text-align: justify;\"><span style=\"font-family: helvetica, arial, sans-serif;\">\"Ya esa primera parte tan dif\u00edcil (las eliminatorias) la superamos con creces y ahora viene trabajo, trabajo, trabajo, mucho trabajo\", declar\u00f3. <\/span><\/p>\n<p style=\"text-align: justify;\"><span style=\"font-family: helvetica, arial, sans-serif;\">\"Nosotros hace rato en la Federaci\u00f3n venimos hablando de que mentalmente es importante pensar en <strong>ser campeones<\/strong>, en buscar t\u00edtulos en todas las categor\u00edas y en todos los g\u00e9neros\", asegur\u00f3 Ram\u00f3n Jesur\u00fan.<\/span><\/p>\n<h3 style=\"text-align: justify;\"><span style=\"font-family: helvetica, arial, sans-serif;\">Cambio de mentalidad<\/span><\/h3>\n<figure id=\"attachment_123088\" aria-describedby=\"caption-attachment-123088\" style=\"width: 1095px\" class=\"wp-caption alignnone\"><img fetchpriority=\"high\" decoding=\"async\" class=\"wp-image-123088 size-full\" src=\"https:\/\/futbolhoy.co\/wp-content\/uploads\/2025\/09\/480447013_1163466615143309_5275399481797893287_n.jpg\" alt=\"\" width=\"1095\" height=\"1369\" srcset=\"https:\/\/futbolhoy.co\/wp-content\/uploads\/2025\/09\/480447013_1163466615143309_5275399481797893287_n.jpg 1095w, https:\/\/futbolhoy.co\/wp-content\/uploads\/2025\/09\/480447013_1163466615143309_5275399481797893287_n-240x300.jpg 240w, https:\/\/futbolhoy.co\/wp-content\/uploads\/2025\/09\/480447013_1163466615143309_5275399481797893287_n-819x1024.jpg 819w, https:\/\/futbolhoy.co\/wp-content\/uploads\/2025\/09\/480447013_1163466615143309_5275399481797893287_n-768x960.jpg 768w, https:\/\/futbolhoy.co\/wp-content\/uploads\/2025\/09\/480447013_1163466615143309_5275399481797893287_n-696x870.jpg 696w, https:\/\/futbolhoy.co\/wp-content\/uploads\/2025\/09\/480447013_1163466615143309_5275399481797893287_n-1068x1335.jpg 1068w, https:\/\/futbolhoy.co\/wp-content\/uploads\/2025\/09\/480447013_1163466615143309_5275399481797893287_n-102x128.jpg 102w, https:\/\/futbolhoy.co\/wp-content\/uploads\/2025\/09\/480447013_1163466615143309_5275399481797893287_n-26x32.jpg 26w\" sizes=\"(max-width: 1095px) 100vw, 1095px\" \/><figcaption id=\"caption-attachment-123088\" class=\"wp-caption-text\">Selecci\u00f3n Colombia oficial.<\/figcaption><\/figure>\n<p style=\"text-align: justify;\"><span style=\"font-family: helvetica, arial, sans-serif;\">Las selecciones colombianas masculinas y femeninas han sido criticadas en los \u00faltimos a\u00f1os porque \"<strong>se les quema el pan en la puerta del horno<\/strong>\", pues aunque han llegado a finales, acaban en el segundo lugar.<\/span><\/p>\n<p style=\"text-align: justify;\"><span style=\"font-family: helvetica, arial, sans-serif;\">Los mejores ejemplos de eso son los subcampeonatos del Mundial Femenino Sub-17 de <strong>2022<\/strong>, al caer con Espa\u00f1a; la Copa Am\u00e9rica femenina de<strong> 2022<\/strong> y<strong> 2025<\/strong> perdidas ambas ante Brasil; la Copa Am\u00e9rica masculina de <strong>2024<\/strong>, luego de ceder con Argentina, y el Sudamericano Sub-17 masculino de este a\u00f1o, con otra derrota ante la Canarinha.<\/span><\/p>\n<p style=\"text-align: justify;\"><img decoding=\"async\" class=\"alignnone size-full wp-image-123093\" src=\"https:\/\/futbolhoy.co\/wp-content\/uploads\/2025\/09\/WhatsApp-Image-2025-09-12-at-9.38.24-AM-2.jpeg\" alt=\"\" width=\"828\" height=\"516\" srcset=\"https:\/\/futbolhoy.co\/wp-content\/uploads\/2025\/09\/WhatsApp-Image-2025-09-12-at-9.38.24-AM-2.jpeg 828w, https:\/\/futbolhoy.co\/wp-content\/uploads\/2025\/09\/WhatsApp-Image-2025-09-12-at-9.38.24-AM-2-300x187.jpeg 300w, https:\/\/futbolhoy.co\/wp-content\/uploads\/2025\/09\/WhatsApp-Image-2025-09-12-at-9.38.24-AM-2-768x479.jpeg 768w, https:\/\/futbolhoy.co\/wp-content\/uploads\/2025\/09\/WhatsApp-Image-2025-09-12-at-9.38.24-AM-2-696x434.jpeg 696w, https:\/\/futbolhoy.co\/wp-content\/uploads\/2025\/09\/WhatsApp-Image-2025-09-12-at-9.38.24-AM-2-128x80.jpeg 128w, https:\/\/futbolhoy.co\/wp-content\/uploads\/2025\/09\/WhatsApp-Image-2025-09-12-at-9.38.24-AM-2-32x20.jpeg 32w\" sizes=\"(max-width: 828px) 100vw, 828px\" \/><span style=\"font-family: helvetica, arial, sans-serif;\">\"Es cierto, el pan se quem\u00f3 la puerta del horno, pero es que <strong>antes ni siquiera ten\u00edamos pan<\/strong>, antes ni siquiera \u00edbamos al horno\", expres\u00f3 Jesur\u00fan y agreg\u00f3: \"Ya hoy estamos llegando a la final. Y de llegar a la final a ser campe\u00f3n hay un pasito, que s\u00ed, es dif\u00edcil, complicado, pero estamos trabajando para eso\".<\/span><\/p>\n<p style=\"text-align: justify;\"><span style=\"font-family: helvetica, arial, sans-serif;\">Para el directivo, el f\u00fatbol colombiano \"ha evolucionado\" y hoy es \"m\u00e1s reconocido internacionalmente que internamente\".<\/span><\/p>\n<p style=\"text-align: justify;\"><span style=\"font-family: helvetica, arial, sans-serif;\">\"Ese es el trabajo que hemos venido haciendo y cr\u00e9ame que en el momento menos esperado vamos a tener unos resultados que nos van a llenar\", afirm\u00f3.<\/span><\/p>\n<h3 style=\"text-align: justify;\"><span style=\"font-family: helvetica, arial, sans-serif;\">\"Consulados\" en todas partes<\/span><\/h3>\n<p style=\"text-align: justify;\"><span style=\"font-family: helvetica, arial, sans-serif;\">Al ser preguntado sobre si tiene alguna preferencia de <strong>sede para la fase de grupos<\/strong> del Mundial, teniendo en cuenta que en 2026 la Copa del Mundo se disputar\u00e1 en Estados Unidos, Canad\u00e1 y M\u00e9xico.<\/span><\/p>\n<p style=\"text-align: justify;\"><span style=\"font-family: helvetica, arial, sans-serif;\"> Jesur\u00fan afirm\u00f3 que Colombia tiene aficionados en todas partes, por lo que sea cual sea el lugar donde juegue, el equipo estar\u00e1 apoyado por sus hinchas.<\/span><\/p>\n<p style=\"text-align: justify;\"><span style=\"font-family: helvetica, arial, sans-serif;\">\"Nosotros tenemos una gran particularidad, en Colombia y como colombianos, y es que tenemos consulados en todas partes y no hablo de los consulados de Gobierno, me refiero a que <strong>en todas partes hay gente nuestra<\/strong>\", respondi\u00f3 el presidente.<\/span><\/p>\n<p style=\"text-align: justify;\"><span style=\"font-family: helvetica, arial, sans-serif;\">Jesur\u00fan record\u00f3 lo ocurrido en el Mundial femenino de Australia y Nueva Zelanda en 2023, en el que la Selecci\u00f3n Colombia tuvo el apoyo de m\u00e1s de <strong>20.000 aficionados<\/strong> en cada partido pese a que se jug\u00f3 al otro lado del mundo.<\/span><\/p>\n<p style=\"text-align: justify;\"><span style=\"font-family: helvetica, arial, sans-serif;\">\"F\u00edjense que hay un hecho que llam\u00f3 mucho la atenci\u00f3n, sobre todo a la FIFA. En el Mundial Femenino de Australia nunca hubo menos de 20.000 colombianos. Estoy hablando de Australia, un pa\u00eds muy lejano, hermoso, pero muy lejano, detall\u00f3.<\/span><\/p>\n<p style=\"text-align: justify;\"><span style=\"font-family: helvetica, arial, sans-serif;\">Por esa raz\u00f3n, el presidente de la FCF afirm\u00f3: \"En Estados Unidos, M\u00e9xico y Canad\u00e1, seguramente vamos a contar con el doble de paisanos nuestros que van a apoyar a la selecci\u00f3n. As\u00ed es que cualquiera de las sedes que nos toque al azar, para nosotros es bienvenida\", manifest\u00f3.<\/span><\/p>\n<h3 style=\"text-align: justify;\"><span style=\"font-family: helvetica, arial, sans-serif;\">Continuidad de N\u00e9stor Lorenzo<\/span><\/h3>\n<p style=\"text-align: justify;\"><span style=\"font-family: helvetica, arial, sans-serif;\">El seleccionador de Colombia, el argentino<strong> N\u00e9stor Lorenzo<\/strong>, tiene contrato vigente hasta que finalice el <strong>Mundial de 2026<\/strong> y Jesur\u00fan confes\u00f3 que, si fuera por \u00e9l, renovar\u00eda su contrato hoy mismo.<\/span><\/p>\n<p style=\"text-align: justify;\"><span style=\"font-family: helvetica, arial, sans-serif;\">\"El profesor Lorenzo tiene contrato con nosotros hasta finalizar el Mundial de f\u00fatbol. Ya los tiempos ser\u00e1n sabios para conversar con \u00e9l\", declar\u00f3.<\/span><\/p>\n<p style=\"text-align: justify;\"><span style=\"font-family: helvetica, arial, sans-serif;\">\"Ojal\u00e1 se quedara mucho tiempo porque \u00e9l es un colombiano m\u00e1s, conoce muy bien el pa\u00eds, conoce nuestra idiosincrasia, conoce a todos los jugadores que est\u00e1n regados en el pa\u00eds y en el mundo. <strong>Estamos muy contentos con \u00e9l<\/strong>\", expres\u00f3.<\/span><\/p>\n<p style=\"text-align: justify;\"><span style=\"font-family: helvetica, arial, sans-serif;\">Sin embargo, el presidente de la Federaci\u00f3n sabe que este es \"un tema de ida y vuelta\" y que debe preguntarle al estratega argentino \"qu\u00e9 est\u00e1 pensando\".<\/span><\/p>\n<p style=\"text-align: justify;\"><span style=\"font-family: helvetica, arial, sans-serif;\">\"Si es por m\u00ed,<strong> yo le renovar\u00eda de una vez<\/strong>. Pero bueno, yo no creo que haya que acelerar los procesos (...) que en un momento determinado nos pueden hasta distraer\",enfatiz\u00f3.<\/span><\/p>\n<p style=\"text-align: justify;\"><span style=\"font-family: helvetica, arial, sans-serif;\">El profesor Lorenzo hoy es nuestro t\u00e9cnico, su cuerpo t\u00e9cnico tambi\u00e9n, y ellos tienen su compromiso de trabajar con nosotros hasta final del Mundial. Ya despu\u00e9s de eso miraremos qu\u00e9 sucede\", concluy\u00f3 Ram\u00f3n Jesur\u00fan.<\/span><\/p>\n","protected":false},"excerpt":{"rendered":"<p>El presidente de la Federaci\u00f3n Colombiana de F\u00fatbol (FCF), Ram\u00f3n Jesur\u00fan, afirm\u00f3 en una entrevista con EFE que su pa\u00eds ir\u00e1 al Mundial de 2026 con el objetivo de conquistarlo, para lo cual est\u00e1n \"cambiando el chip a una mentalidad ganadora\". \"A m\u00ed particularmente no me tiembla la voz en decir que si estamos cambiando [&hellip;]<\/p>\n","protected":false},"author":4,"featured_media":123091,"comment_status":"open","ping_status":"open","sticky":false,"template":"","format":"standard","meta":{"_acf_changed":false,"footnotes":""},"categories":[153],"tags":[],"class_list":{"0":"post-123086","1":"post","2":"type-post","3":"status-publish","4":"format-standard","5":"has-post-thumbnail","7":"category-selecion-colombia"},"acf":[],"yoast_head":"<!-- This site is optimized with the Yoast SEO plugin v26.8 - https:\/\/yoast.com\/product\/yoast-seo-wordpress\/ -->\n<title>Presidente de FCF confirma el objetivo de Colombia en el Mundial 2026: &quot;ser campeones&quot; -<\/title>\n<meta name=\"robots\" content=\"index, follow, max-snippet:-1, max-image-preview:large, max-video-preview:-1\" \/>\n<link rel=\"canonical\" href=\"https:\/\/futbolhoy.co\/index.php\/2025\/09\/12\/presidente-de-fcf-afirma-que-colombia-ira-al-mundial-2026-con-el-objetivo-de-ser-campeones\/\" \/>\n<meta property=\"og:locale\" content=\"es_ES\" \/>\n<meta property=\"og:type\" content=\"article\" \/>\n<meta property=\"og:title\" content=\"Presidente de FCF confirma el objetivo de Colombia en el Mundial 2026: &quot;ser campeones&quot; -\" \/>\n<meta property=\"og:description\" content=\"El presidente de la Federaci\u00f3n Colombiana de F\u00fatbol (FCF), Ram\u00f3n Jesur\u00fan, afirm\u00f3 en una entrevista con EFE que su pa\u00eds ir\u00e1 al Mundial de 2026 con el objetivo de conquistarlo, para lo cual est\u00e1n &quot;cambiando el chip a una mentalidad ganadora&quot;. &quot;A m\u00ed particularmente no me tiembla la voz en decir que si estamos cambiando [&hellip;]\" \/>\n<meta property=\"og:url\" content=\"https:\/\/futbolhoy.co\/index.php\/2025\/09\/12\/presidente-de-fcf-afirma-que-colombia-ira-al-mundial-2026-con-el-objetivo-de-ser-campeones\/\" \/>\n<meta property=\"article:publisher\" content=\"https:\/\/www.facebook.com\/FutbolHoyCol\/\" \/>\n<meta property=\"article:published_time\" content=\"2025-09-12T14:46:55+00:00\" \/>\n<meta property=\"article:modified_time\" content=\"2025-09-13T01:49:10+00:00\" \/>\n<meta property=\"og:image\" content=\"https:\/\/futbolhoy.co\/wp-content\/uploads\/2025\/09\/WhatsApp-Image-2025-09-12-at-9.42.10-AM.jpeg\" \/>\n\t<meta property=\"og:image:width\" content=\"544\" \/>\n\t<meta property=\"og:image:height\" content=\"407\" \/>\n\t<meta property=\"og:image:type\" content=\"image\/jpeg\" \/>\n<meta name=\"author\" content=\"contenido\" \/>\n<meta name=\"twitter:card\" content=\"summary_large_image\" \/>\n<meta name=\"twitter:creator\" content=\"@FutbolHoyCol\" \/>\n<meta name=\"twitter:site\" content=\"@FutbolHoyCol\" \/>\n<meta name=\"twitter:label1\" content=\"Escrito por\" \/>\n\t<meta name=\"twitter:data1\" content=\"contenido\" \/>\n\t<meta name=\"twitter:label2\" content=\"Tiempo de lectura\" \/>\n\t<meta name=\"twitter:data2\" content=\"4 minutos\" \/>\n<script type=\"application\/ld+json\" class=\"yoast-schema-graph\">{\"@context\":\"https:\/\/schema.org\",\"@graph\":[{\"@type\":\"Article\",\"@id\":\"https:\/\/futbolhoy.co\/index.php\/2025\/09\/12\/presidente-de-fcf-afirma-que-colombia-ira-al-mundial-2026-con-el-objetivo-de-ser-campeones\/#article\",\"isPartOf\":{\"@id\":\"https:\/\/futbolhoy.co\/index.php\/2025\/09\/12\/presidente-de-fcf-afirma-que-colombia-ira-al-mundial-2026-con-el-objetivo-de-ser-campeones\/\"},\"author\":{\"name\":\"contenido\",\"@id\":\"https:\/\/futbolhoy.co\/#\/schema\/person\/1721b69355b6623eaff15ac7b92d4cc3\"},\"headline\":\"Presidente de FCF confirma el objetivo de Colombia en el Mundial 2026: \\\"ser campeones\\\"\",\"datePublished\":\"2025-09-12T14:46:55+00:00\",\"dateModified\":\"2025-09-13T01:49:10+00:00\",\"mainEntityOfPage\":{\"@id\":\"https:\/\/futbolhoy.co\/index.php\/2025\/09\/12\/presidente-de-fcf-afirma-que-colombia-ira-al-mundial-2026-con-el-objetivo-de-ser-campeones\/\"},\"wordCount\":898,\"commentCount\":0,\"publisher\":{\"@id\":\"https:\/\/futbolhoy.co\/#organization\"},\"image\":{\"@id\":\"https:\/\/futbolhoy.co\/index.php\/2025\/09\/12\/presidente-de-fcf-afirma-que-colombia-ira-al-mundial-2026-con-el-objetivo-de-ser-campeones\/#primaryimage\"},\"thumbnailUrl\":\"https:\/\/futbolhoy.co\/wp-content\/uploads\/2025\/09\/WhatsApp-Image-2025-09-12-at-9.42.10-AM.jpeg\",\"articleSection\":[\"Selecci\u00f3n Colombia\"],\"inLanguage\":\"es\",\"potentialAction\":[{\"@type\":\"CommentAction\",\"name\":\"Comment\",\"target\":[\"https:\/\/futbolhoy.co\/index.php\/2025\/09\/12\/presidente-de-fcf-afirma-que-colombia-ira-al-mundial-2026-con-el-objetivo-de-ser-campeones\/#respond\"]}]},{\"@type\":\"WebPage\",\"@id\":\"https:\/\/futbolhoy.co\/index.php\/2025\/09\/12\/presidente-de-fcf-afirma-que-colombia-ira-al-mundial-2026-con-el-objetivo-de-ser-campeones\/\",\"url\":\"https:\/\/futbolhoy.co\/index.php\/2025\/09\/12\/presidente-de-fcf-afirma-que-colombia-ira-al-mundial-2026-con-el-objetivo-de-ser-campeones\/\",\"name\":\"Presidente de FCF confirma el objetivo de Colombia en el Mundial 2026: \\\"ser campeones\\\" -\",\"isPartOf\":{\"@id\":\"https:\/\/futbolhoy.co\/#website\"},\"primaryImageOfPage\":{\"@id\":\"https:\/\/futbolhoy.co\/index.php\/2025\/09\/12\/presidente-de-fcf-afirma-que-colombia-ira-al-mundial-2026-con-el-objetivo-de-ser-campeones\/#primaryimage\"},\"image\":{\"@id\":\"https:\/\/futbolhoy.co\/index.php\/2025\/09\/12\/presidente-de-fcf-afirma-que-colombia-ira-al-mundial-2026-con-el-objetivo-de-ser-campeones\/#primaryimage\"},\"thumbnailUrl\":\"https:\/\/futbolhoy.co\/wp-content\/uploads\/2025\/09\/WhatsApp-Image-2025-09-12-at-9.42.10-AM.jpeg\",\"datePublished\":\"2025-09-12T14:46:55+00:00\",\"dateModified\":\"2025-09-13T01:49:10+00:00\",\"breadcrumb\":{\"@id\":\"https:\/\/futbolhoy.co\/index.php\/2025\/09\/12\/presidente-de-fcf-afirma-que-colombia-ira-al-mundial-2026-con-el-objetivo-de-ser-campeones\/#breadcrumb\"},\"inLanguage\":\"es\",\"potentialAction\":[{\"@type\":\"ReadAction\",\"target\":[\"https:\/\/futbolhoy.co\/index.php\/2025\/09\/12\/presidente-de-fcf-afirma-que-colombia-ira-al-mundial-2026-con-el-objetivo-de-ser-campeones\/\"]}]},{\"@type\":\"ImageObject\",\"inLanguage\":\"es\",\"@id\":\"https:\/\/futbolhoy.co\/index.php\/2025\/09\/12\/presidente-de-fcf-afirma-que-colombia-ira-al-mundial-2026-con-el-objetivo-de-ser-campeones\/#primaryimage\",\"url\":\"https:\/\/futbolhoy.co\/wp-content\/uploads\/2025\/09\/WhatsApp-Image-2025-09-12-at-9.42.10-AM.jpeg\",\"contentUrl\":\"https:\/\/futbolhoy.co\/wp-content\/uploads\/2025\/09\/WhatsApp-Image-2025-09-12-at-9.42.10-AM.jpeg\",\"width\":544,\"height\":407},{\"@type\":\"BreadcrumbList\",\"@id\":\"https:\/\/futbolhoy.co\/index.php\/2025\/09\/12\/presidente-de-fcf-afirma-que-colombia-ira-al-mundial-2026-con-el-objetivo-de-ser-campeones\/#breadcrumb\",\"itemListElement\":[{\"@type\":\"ListItem\",\"position\":1,\"name\":\"Portada\",\"item\":\"https:\/\/futbolhoy.co\/\"},{\"@type\":\"ListItem\",\"position\":2,\"name\":\"Presidente de FCF confirma el objetivo de Colombia en el Mundial 2026: \\\"ser campeones\\\"\"}]},{\"@type\":\"WebSite\",\"@id\":\"https:\/\/futbolhoy.co\/#website\",\"url\":\"https:\/\/futbolhoy.co\/\",\"name\":\"FutbolHoy\",\"description\":\"\",\"publisher\":{\"@id\":\"https:\/\/futbolhoy.co\/#organization\"},\"potentialAction\":[{\"@type\":\"SearchAction\",\"target\":{\"@type\":\"EntryPoint\",\"urlTemplate\":\"https:\/\/futbolhoy.co\/?s={search_term_string}\"},\"query-input\":{\"@type\":\"PropertyValueSpecification\",\"valueRequired\":true,\"valueName\":\"search_term_string\"}}],\"inLanguage\":\"es\"},{\"@type\":\"Organization\",\"@id\":\"https:\/\/futbolhoy.co\/#organization\",\"name\":\"Futbolhoy.co\",\"url\":\"https:\/\/futbolhoy.co\/\",\"logo\":{\"@type\":\"ImageObject\",\"inLanguage\":\"es\",\"@id\":\"https:\/\/futbolhoy.co\/#\/schema\/logo\/image\/\",\"url\":\"https:\/\/futbolhoy.co\/wp-content\/uploads\/2018\/08\/17426380_1906371736249227_6326180412931521141_n.jpg\",\"contentUrl\":\"https:\/\/futbolhoy.co\/wp-content\/uploads\/2018\/08\/17426380_1906371736249227_6326180412931521141_n.jpg\",\"width\":960,\"height\":960,\"caption\":\"Futbolhoy.co\"},\"image\":{\"@id\":\"https:\/\/futbolhoy.co\/#\/schema\/logo\/image\/\"},\"sameAs\":[\"https:\/\/www.facebook.com\/FutbolHoyCol\/\",\"https:\/\/x.com\/FutbolHoyCol\",\"https:\/\/www.instagram.com\/futbolhoycol\/\"]},{\"@type\":\"Person\",\"@id\":\"https:\/\/futbolhoy.co\/#\/schema\/person\/1721b69355b6623eaff15ac7b92d4cc3\",\"name\":\"contenido\",\"image\":{\"@type\":\"ImageObject\",\"inLanguage\":\"es\",\"@id\":\"https:\/\/futbolhoy.co\/#\/schema\/person\/image\/\",\"url\":\"https:\/\/secure.gravatar.com\/avatar\/4f656d3256f5134f466206e7c3941518?s=96&d=mm&r=g\",\"contentUrl\":\"https:\/\/secure.gravatar.com\/avatar\/4f656d3256f5134f466206e7c3941518?s=96&d=mm&r=g\",\"caption\":\"contenido\"}}]}<\/script>\n<!-- \/ Yoast SEO plugin. -->","yoast_head_json":{"title":"Presidente de FCF confirma el objetivo de Colombia en el Mundial 2026: \"ser campeones\" -","robots":{"index":"index","follow":"follow","max-snippet":"max-snippet:-1","max-image-preview":"max-image-preview:large","max-video-preview":"max-video-preview:-1"},"canonical":"https:\/\/futbolhoy.co\/index.php\/2025\/09\/12\/presidente-de-fcf-afirma-que-colombia-ira-al-mundial-2026-con-el-objetivo-de-ser-campeones\/","og_locale":"es_ES","og_type":"article","og_title":"Presidente de FCF confirma el objetivo de Colombia en el Mundial 2026: \"ser campeones\" -","og_description":"El presidente de la Federaci\u00f3n Colombiana de F\u00fatbol (FCF), Ram\u00f3n Jesur\u00fan, afirm\u00f3 en una entrevista con EFE que su pa\u00eds ir\u00e1 al Mundial de 2026 con el objetivo de conquistarlo, para lo cual est\u00e1n \"cambiando el chip a una mentalidad ganadora\". \"A m\u00ed particularmente no me tiembla la voz en decir que si estamos cambiando [&hellip;]","og_url":"https:\/\/futbolhoy.co\/index.php\/2025\/09\/12\/presidente-de-fcf-afirma-que-colombia-ira-al-mundial-2026-con-el-objetivo-de-ser-campeones\/","article_publisher":"https:\/\/www.facebook.com\/FutbolHoyCol\/","article_published_time":"2025-09-12T14:46:55+00:00","article_modified_time":"2025-09-13T01:49:10+00:00","og_image":[{"width":544,"height":407,"url":"https:\/\/futbolhoy.co\/wp-content\/uploads\/2025\/09\/WhatsApp-Image-2025-09-12-at-9.42.10-AM.jpeg","type":"image\/jpeg"}],"author":"contenido","twitter_card":"summary_large_image","twitter_creator":"@FutbolHoyCol","twitter_site":"@FutbolHoyCol","twitter_misc":{"Escrito por":"contenido","Tiempo de lectura":"4 minutos"},"schema":{"@context":"https:\/\/schema.org","@graph":[{"@type":"Article","@id":"https:\/\/futbolhoy.co\/index.php\/2025\/09\/12\/presidente-de-fcf-afirma-que-colombia-ira-al-mundial-2026-con-el-objetivo-de-ser-campeones\/#article","isPartOf":{"@id":"https:\/\/futbolhoy.co\/index.php\/2025\/09\/12\/presidente-de-fcf-afirma-que-colombia-ira-al-mundial-2026-con-el-objetivo-de-ser-campeones\/"},"author":{"name":"contenido","@id":"https:\/\/futbolhoy.co\/#\/schema\/person\/1721b69355b6623eaff15ac7b92d4cc3"},"headline":"Presidente de FCF confirma el objetivo de Colombia en el Mundial 2026: \"ser campeones\"","datePublished":"2025-09-12T14:46:55+00:00","dateModified":"2025-09-13T01:49:10+00:00","mainEntityOfPage":{"@id":"https:\/\/futbolhoy.co\/index.php\/2025\/09\/12\/presidente-de-fcf-afirma-que-colombia-ira-al-mundial-2026-con-el-objetivo-de-ser-campeones\/"},"wordCount":898,"commentCount":0,"publisher":{"@id":"https:\/\/futbolhoy.co\/#organization"},"image":{"@id":"https:\/\/futbolhoy.co\/index.php\/2025\/09\/12\/presidente-de-fcf-afirma-que-colombia-ira-al-mundial-2026-con-el-objetivo-de-ser-campeones\/#primaryimage"},"thumbnailUrl":"https:\/\/futbolhoy.co\/wp-content\/uploads\/2025\/09\/WhatsApp-Image-2025-09-12-at-9.42.10-AM.jpeg","articleSection":["Selecci\u00f3n Colombia"],"inLanguage":"es","potentialAction":[{"@type":"CommentAction","name":"Comment","target":["https:\/\/futbolhoy.co\/index.php\/2025\/09\/12\/presidente-de-fcf-afirma-que-colombia-ira-al-mundial-2026-con-el-objetivo-de-ser-campeones\/#respond"]}]},{"@type":"WebPage","@id":"https:\/\/futbolhoy.co\/index.php\/2025\/09\/12\/presidente-de-fcf-afirma-que-colombia-ira-al-mundial-2026-con-el-objetivo-de-ser-campeones\/","url":"https:\/\/futbolhoy.co\/index.php\/2025\/09\/12\/presidente-de-fcf-afirma-que-colombia-ira-al-mundial-2026-con-el-objetivo-de-ser-campeones\/","name":"Presidente de FCF confirma el objetivo de Colombia en el Mundial 2026: \"ser campeones\" -","isPartOf":{"@id":"https:\/\/futbolhoy.co\/#website"},"primaryImageOfPage":{"@id":"https:\/\/futbolhoy.co\/index.php\/2025\/09\/12\/presidente-de-fcf-afirma-que-colombia-ira-al-mundial-2026-con-el-objetivo-de-ser-campeones\/#primaryimage"},"image":{"@id":"https:\/\/futbolhoy.co\/index.php\/2025\/09\/12\/presidente-de-fcf-afirma-que-colombia-ira-al-mundial-2026-con-el-objetivo-de-ser-campeones\/#primaryimage"},"thumbnailUrl":"https:\/\/futbolhoy.co\/wp-content\/uploads\/2025\/09\/WhatsApp-Image-2025-09-12-at-9.42.10-AM.jpeg","datePublished":"2025-09-12T14:46:55+00:00","dateModified":"2025-09-13T01:49:10+00:00","breadcrumb":{"@id":"https:\/\/futbolhoy.co\/index.php\/2025\/09\/12\/presidente-de-fcf-afirma-que-colombia-ira-al-mundial-2026-con-el-objetivo-de-ser-campeones\/#breadcrumb"},"inLanguage":"es","potentialAction":[{"@type":"ReadAction","target":["https:\/\/futbolhoy.co\/index.php\/2025\/09\/12\/presidente-de-fcf-afirma-que-colombia-ira-al-mundial-2026-con-el-objetivo-de-ser-campeones\/"]}]},{"@type":"ImageObject","inLanguage":"es","@id":"https:\/\/futbolhoy.co\/index.php\/2025\/09\/12\/presidente-de-fcf-afirma-que-colombia-ira-al-mundial-2026-con-el-objetivo-de-ser-campeones\/#primaryimage","url":"https:\/\/futbolhoy.co\/wp-content\/uploads\/2025\/09\/WhatsApp-Image-2025-09-12-at-9.42.10-AM.jpeg","contentUrl":"https:\/\/futbolhoy.co\/wp-content\/uploads\/2025\/09\/WhatsApp-Image-2025-09-12-at-9.42.10-AM.jpeg","width":544,"height":407},{"@type":"BreadcrumbList","@id":"https:\/\/futbolhoy.co\/index.php\/2025\/09\/12\/presidente-de-fcf-afirma-que-colombia-ira-al-mundial-2026-con-el-objetivo-de-ser-campeones\/#breadcrumb","itemListElement":[{"@type":"ListItem","position":1,"name":"Portada","item":"https:\/\/futbolhoy.co\/"},{"@type":"ListItem","position":2,"name":"Presidente de FCF confirma el objetivo de Colombia en el Mundial 2026: \"ser campeones\""}]},{"@type":"WebSite","@id":"https:\/\/futbolhoy.co\/#website","url":"https:\/\/futbolhoy.co\/","name":"FutbolHoy","description":"","publisher":{"@id":"https:\/\/futbolhoy.co\/#organization"},"potentialAction":[{"@type":"SearchAction","target":{"@type":"EntryPoint","urlTemplate":"https:\/\/futbolhoy.co\/?s={search_term_string}"},"query-input":{"@type":"PropertyValueSpecification","valueRequired":true,"valueName":"search_term_string"}}],"inLanguage":"es"},{"@type":"Organization","@id":"https:\/\/futbolhoy.co\/#organization","name":"Futbolhoy.co","url":"https:\/\/futbolhoy.co\/","logo":{"@type":"ImageObject","inLanguage":"es","@id":"https:\/\/futbolhoy.co\/#\/schema\/logo\/image\/","url":"https:\/\/futbolhoy.co\/wp-content\/uploads\/2018\/08\/17426380_1906371736249227_6326180412931521141_n.jpg","contentUrl":"https:\/\/futbolhoy.co\/wp-content\/uploads\/2018\/08\/17426380_1906371736249227_6326180412931521141_n.jpg","width":960,"height":960,"caption":"Futbolhoy.co"},"image":{"@id":"https:\/\/futbolhoy.co\/#\/schema\/logo\/image\/"},"sameAs":["https:\/\/www.facebook.com\/FutbolHoyCol\/","https:\/\/x.com\/FutbolHoyCol","https:\/\/www.instagram.com\/futbolhoycol\/"]},{"@type":"Person","@id":"https:\/\/futbolhoy.co\/#\/schema\/person\/1721b69355b6623eaff15ac7b92d4cc3","name":"contenido","image":{"@type":"ImageObject","inLanguage":"es","@id":"https:\/\/futbolhoy.co\/#\/schema\/person\/image\/","url":"https:\/\/secure.gravatar.com\/avatar\/4f656d3256f5134f466206e7c3941518?s=96&d=mm&r=g","contentUrl":"https:\/\/secure.gravatar.com\/avatar\/4f656d3256f5134f466206e7c3941518?s=96&d=mm&r=g","caption":"contenido"}}]}},"publishpress_future_action":{"enabled":false,"date":"2026-05-03 20:04:30","action":"change-status","newStatus":"draft","terms":[],"taxonomy":"category","extraData":[]},"publishpress_future_workflow_manual_trigger":{"enabledWorkflows":[]},"_links":{"self":[{"href":"https:\/\/futbolhoy.co\/index.php\/wp-json\/wp\/v2\/posts\/123086","targetHints":{"allow":["GET"]}}],"collection":[{"href":"https:\/\/futbolhoy.co\/index.php\/wp-json\/wp\/v2\/posts"}],"about":[{"href":"https:\/\/futbolhoy.co\/index.php\/wp-json\/wp\/v2\/types\/post"}],"author":[{"embeddable":true,"href":"https:\/\/futbolhoy.co\/index.php\/wp-json\/wp\/v2\/users\/4"}],"replies":[{"embeddable":true,"href":"https:\/\/futbolhoy.co\/index.php\/wp-json\/wp\/v2\/comments?post=123086"}],"version-history":[{"count":3,"href":"https:\/\/futbolhoy.co\/index.php\/wp-json\/wp\/v2\/posts\/123086\/revisions"}],"predecessor-version":[{"id":123096,"href":"https:\/\/futbolhoy.co\/index.php\/wp-json\/wp\/v2\/posts\/123086\/revisions\/123096"}],"wp:featuredmedia":[{"embeddable":true,"href":"https:\/\/futbolhoy.co\/index.php\/wp-json\/wp\/v2\/media\/123091"}],"wp:attachment":[{"href":"https:\/\/futbolhoy.co\/index.php\/wp-json\/wp\/v2\/media?parent=123086"}],"wp:term":[{"taxonomy":"category","embeddable":true,"href":"https:\/\/futbolhoy.co\/index.php\/wp-json\/wp\/v2\/categories?post=123086"},{"taxonomy":"post_tag","embeddable":true,"href":"https:\/\/futbolhoy.co\/index.php\/wp-json\/wp\/v2\/tags?post=123086"}],"curies":[{"name":"wp","href":"https:\/\/api.w.org\/{rel}","templated":true}]}}