{"id":123097,"date":"2025-09-12T11:18:22","date_gmt":"2025-09-12T16:18:22","guid":{"rendered":"https:\/\/futbolhoy.co\/?p=123097"},"modified":"2025-09-13T06:42:44","modified_gmt":"2025-09-13T11:42:44","slug":"en-liverpool-no-se-olvidan-de-luis-diaz-gran-arranque-en-bayern","status":"publish","type":"post","link":"https:\/\/futbolhoy.co\/index.php\/2025\/09\/12\/en-liverpool-no-se-olvidan-de-luis-diaz-gran-arranque-en-bayern\/","title":{"rendered":"Liverpool no se olvida de Luis D\u00edaz: \"gran arranque en Bayern M\u00fanich\""},"content":{"rendered":"<p style=\"text-align: justify;\"><span style=\"font-family: helvetica, arial, sans-serif;\">El 30 de julio <strong>Luis Fernando D\u00edaz<\/strong> <strong>Marulanda<\/strong> fue traspasado hasta 2029 a Bayern M\u00fanich por 75 millones de euros, luego de jugar tres temporadas con Liverpool.<\/span><\/p>\n<p style=\"text-align: justify;\"><span style=\"font-family: helvetica, arial, sans-serif;\">El guajiro suma tres anotaciones y dos asistencias en 360\u2019 minutos con el conjunto 'B\u00e1varo', adem\u00e1s del t\u00edtulo obtenido en la final de la<strong> supercopa<\/strong> ante Stuttgart.<\/span><\/p>\n<p style=\"text-align: justify;\"><span style=\"font-family: helvetica, arial, sans-serif;\">Su anterior entrenador, Arne Slot, recibi\u00f3 el premio al DT del mes en la Premier League, producto de que es el \u00fanico equipo con puntaje perfecto tras tres jornadas disputadas.<\/span><\/p>\n<blockquote class=\"twitter-tweet\">\n<p dir=\"ltr\" lang=\"en\">The only side with a 100% record \ud83d\udcaf<\/p>\n<p>Arne Slot is <a href=\"https:\/\/twitter.com\/BarclaysFooty?ref_src=twsrc%5Etfw\">@BarclaysFooty<\/a> Manager of the Month after three wins in three matches in August \ud83d\udd34 <a href=\"https:\/\/t.co\/06lE8RpiP4\">pic.twitter.com\/06lE8RpiP4<\/a><\/p>\n<p>\u2014 Premier League (@premierleague) <a href=\"https:\/\/twitter.com\/premierleague\/status\/1966456773482602860?ref_src=twsrc%5Etfw\">September 12, 2025<\/a><\/p><\/blockquote>\n<p style=\"text-align: justify;\"><script async src=\"https:\/\/platform.twitter.com\/widgets.js\" charset=\"utf-8\"><\/script><span style=\"font-family: helvetica, arial, sans-serif;\">El neerland\u00e9s se refiri\u00f3 a las salidas de Harvey Elliot, nuevo jugador de Aston Villa, y a la de<strong> \u2018Lucho\u2019<\/strong> en rueda de prensa. Estas fueron sus declaraciones:<\/span><\/p>\n<p style=\"text-align: justify;\"><span style=\"font-family: helvetica, arial, sans-serif;\">\u201cCreo que eso es otra cosa positiva. No solo Harvey, sino tambi\u00e9n Luis D\u00edaz y su <strong>gran arranque en el Bayern de M\u00fanich<\/strong>\u201d, agreg\u00f3.<\/span><\/p>\n<p style=\"text-align: justify;\"><span style=\"font-family: helvetica, arial, sans-serif;\">\u201cEs un gran elogio para nuestro equipo de rendimiento y la gente que trabaja aqu\u00ed, cada vez que un jugador se marcha, demuestra c\u00f3mo llegan a otros clubes\u201d, finaliz\u00f3.<\/span><\/p>\n<p style=\"text-align: justify;\"><span style=\"font-family: helvetica, arial, sans-serif;\">Con \u2018The Reds\u2019, D\u00edaz conquist\u00f3 la Premier League, FA Cup, Community Shield y Carabao Cup. Sin embargo, tras su marcha a la Bundesliga y las llegadas de Isak y Wirtz a Liverpool, el equipo perdi\u00f3 la final de la supercopa ante <strong>Newcastle<\/strong>.<\/span><\/p>\n<p style=\"text-align: justify;\"><span style=\"font-family: helvetica, arial, sans-serif;\">El pr\u00f3ximo desaf\u00edo del colombiano en Bayern M\u00fanich ser\u00e1 el s\u00e1bado 13 de septiembre a las 11:30 am (hora Colombia), cuando reciba a <strong>Hamburger<\/strong> en la tercera fecha de la Liga dom\u00e9stica.\u00a0<\/span><\/p>\n<p style=\"text-align: justify;\"><span style=\"font-family: helvetica, arial, sans-serif;\">Adicionalmente, los dirigidos por el t\u00e9cnico <strong>Vincent Kompany<\/strong> tienen presente el debut en la nueva temporada de Liga de Campeones, donde se enfrentar\u00e1n al campe\u00f3n del mundo.<\/span><\/p>\n<p style=\"text-align: justify;\"><span style=\"font-family: helvetica, arial, sans-serif;\">El duelo ante <strong>Chelsea<\/strong> est\u00e1 programado para el mi\u00e9rcoles 17 de septiembre desde las<strong> 2:00 pm<\/strong> (hora Colombia).<\/span><\/p>\n","protected":false},"excerpt":{"rendered":"<p>El 30 de julio Luis Fernando D\u00edaz Marulanda fue traspasado hasta 2029 a Bayern M\u00fanich por 75 millones de euros, luego de jugar tres temporadas con Liverpool. El guajiro suma tres anotaciones y dos asistencias en 360\u2019 minutos con el conjunto 'B\u00e1varo', adem\u00e1s del t\u00edtulo obtenido en la final de la supercopa ante Stuttgart. Su [&hellip;]<\/p>\n","protected":false},"author":4,"featured_media":123098,"comment_status":"open","ping_status":"open","sticky":false,"template":"","format":"standard","meta":{"_acf_changed":false,"footnotes":""},"categories":[418],"tags":[],"class_list":{"0":"post-123097","1":"post","2":"type-post","3":"status-publish","4":"format-standard","5":"has-post-thumbnail","7":"category-colombia"},"acf":[],"yoast_head":"<!-- This site is optimized with the Yoast SEO plugin v26.8 - https:\/\/yoast.com\/product\/yoast-seo-wordpress\/ -->\n<title>Liverpool no se olvida de Luis D\u00edaz: &quot;gran arranque en Bayern M\u00fanich&quot; -<\/title>\n<meta name=\"robots\" content=\"index, follow, max-snippet:-1, max-image-preview:large, max-video-preview:-1\" \/>\n<link rel=\"canonical\" href=\"https:\/\/futbolhoy.co\/index.php\/2025\/09\/12\/en-liverpool-no-se-olvidan-de-luis-diaz-gran-arranque-en-bayern\/\" \/>\n<meta property=\"og:locale\" content=\"es_ES\" \/>\n<meta property=\"og:type\" content=\"article\" \/>\n<meta property=\"og:title\" content=\"Liverpool no se olvida de Luis D\u00edaz: &quot;gran arranque en Bayern M\u00fanich&quot; -\" \/>\n<meta property=\"og:description\" content=\"El 30 de julio Luis Fernando D\u00edaz Marulanda fue traspasado hasta 2029 a Bayern M\u00fanich por 75 millones de euros, luego de jugar tres temporadas con Liverpool. El guajiro suma tres anotaciones y dos asistencias en 360\u2019 minutos con el conjunto &#039;B\u00e1varo&#039;, adem\u00e1s del t\u00edtulo obtenido en la final de la supercopa ante Stuttgart. Su [&hellip;]\" \/>\n<meta property=\"og:url\" content=\"https:\/\/futbolhoy.co\/index.php\/2025\/09\/12\/en-liverpool-no-se-olvidan-de-luis-diaz-gran-arranque-en-bayern\/\" \/>\n<meta property=\"article:publisher\" content=\"https:\/\/www.facebook.com\/FutbolHoyCol\/\" \/>\n<meta property=\"article:published_time\" content=\"2025-09-12T16:18:22+00:00\" \/>\n<meta property=\"article:modified_time\" content=\"2025-09-13T11:42:44+00:00\" \/>\n<meta property=\"og:image\" content=\"https:\/\/futbolhoy.co\/wp-content\/uploads\/2025\/09\/WhatsApp-Image-2025-09-12-at-11.17.22-AM.jpeg\" \/>\n\t<meta property=\"og:image:width\" content=\"756\" \/>\n\t<meta property=\"og:image:height\" content=\"528\" \/>\n\t<meta property=\"og:image:type\" content=\"image\/jpeg\" \/>\n<meta name=\"author\" content=\"contenido\" \/>\n<meta name=\"twitter:card\" content=\"summary_large_image\" \/>\n<meta name=\"twitter:creator\" content=\"@FutbolHoyCol\" \/>\n<meta name=\"twitter:site\" content=\"@FutbolHoyCol\" \/>\n<meta name=\"twitter:label1\" content=\"Escrito por\" \/>\n\t<meta name=\"twitter:data1\" content=\"contenido\" \/>\n\t<meta name=\"twitter:label2\" content=\"Tiempo de lectura\" \/>\n\t<meta name=\"twitter:data2\" content=\"2 minutos\" \/>\n<script type=\"application\/ld+json\" class=\"yoast-schema-graph\">{\"@context\":\"https:\/\/schema.org\",\"@graph\":[{\"@type\":\"Article\",\"@id\":\"https:\/\/futbolhoy.co\/index.php\/2025\/09\/12\/en-liverpool-no-se-olvidan-de-luis-diaz-gran-arranque-en-bayern\/#article\",\"isPartOf\":{\"@id\":\"https:\/\/futbolhoy.co\/index.php\/2025\/09\/12\/en-liverpool-no-se-olvidan-de-luis-diaz-gran-arranque-en-bayern\/\"},\"author\":{\"name\":\"contenido\",\"@id\":\"https:\/\/futbolhoy.co\/#\/schema\/person\/1721b69355b6623eaff15ac7b92d4cc3\"},\"headline\":\"Liverpool no se olvida de Luis D\u00edaz: \\\"gran arranque en Bayern M\u00fanich\\\"\",\"datePublished\":\"2025-09-12T16:18:22+00:00\",\"dateModified\":\"2025-09-13T11:42:44+00:00\",\"mainEntityOfPage\":{\"@id\":\"https:\/\/futbolhoy.co\/index.php\/2025\/09\/12\/en-liverpool-no-se-olvidan-de-luis-diaz-gran-arranque-en-bayern\/\"},\"wordCount\":341,\"commentCount\":0,\"publisher\":{\"@id\":\"https:\/\/futbolhoy.co\/#organization\"},\"image\":{\"@id\":\"https:\/\/futbolhoy.co\/index.php\/2025\/09\/12\/en-liverpool-no-se-olvidan-de-luis-diaz-gran-arranque-en-bayern\/#primaryimage\"},\"thumbnailUrl\":\"https:\/\/futbolhoy.co\/wp-content\/uploads\/2025\/09\/WhatsApp-Image-2025-09-12-at-11.17.22-AM.jpeg\",\"articleSection\":[\"Colombia\"],\"inLanguage\":\"es\",\"potentialAction\":[{\"@type\":\"CommentAction\",\"name\":\"Comment\",\"target\":[\"https:\/\/futbolhoy.co\/index.php\/2025\/09\/12\/en-liverpool-no-se-olvidan-de-luis-diaz-gran-arranque-en-bayern\/#respond\"]}]},{\"@type\":\"WebPage\",\"@id\":\"https:\/\/futbolhoy.co\/index.php\/2025\/09\/12\/en-liverpool-no-se-olvidan-de-luis-diaz-gran-arranque-en-bayern\/\",\"url\":\"https:\/\/futbolhoy.co\/index.php\/2025\/09\/12\/en-liverpool-no-se-olvidan-de-luis-diaz-gran-arranque-en-bayern\/\",\"name\":\"Liverpool no se olvida de Luis D\u00edaz: \\\"gran arranque en Bayern M\u00fanich\\\" -\",\"isPartOf\":{\"@id\":\"https:\/\/futbolhoy.co\/#website\"},\"primaryImageOfPage\":{\"@id\":\"https:\/\/futbolhoy.co\/index.php\/2025\/09\/12\/en-liverpool-no-se-olvidan-de-luis-diaz-gran-arranque-en-bayern\/#primaryimage\"},\"image\":{\"@id\":\"https:\/\/futbolhoy.co\/index.php\/2025\/09\/12\/en-liverpool-no-se-olvidan-de-luis-diaz-gran-arranque-en-bayern\/#primaryimage\"},\"thumbnailUrl\":\"https:\/\/futbolhoy.co\/wp-content\/uploads\/2025\/09\/WhatsApp-Image-2025-09-12-at-11.17.22-AM.jpeg\",\"datePublished\":\"2025-09-12T16:18:22+00:00\",\"dateModified\":\"2025-09-13T11:42:44+00:00\",\"breadcrumb\":{\"@id\":\"https:\/\/futbolhoy.co\/index.php\/2025\/09\/12\/en-liverpool-no-se-olvidan-de-luis-diaz-gran-arranque-en-bayern\/#breadcrumb\"},\"inLanguage\":\"es\",\"potentialAction\":[{\"@type\":\"ReadAction\",\"target\":[\"https:\/\/futbolhoy.co\/index.php\/2025\/09\/12\/en-liverpool-no-se-olvidan-de-luis-diaz-gran-arranque-en-bayern\/\"]}]},{\"@type\":\"ImageObject\",\"inLanguage\":\"es\",\"@id\":\"https:\/\/futbolhoy.co\/index.php\/2025\/09\/12\/en-liverpool-no-se-olvidan-de-luis-diaz-gran-arranque-en-bayern\/#primaryimage\",\"url\":\"https:\/\/futbolhoy.co\/wp-content\/uploads\/2025\/09\/WhatsApp-Image-2025-09-12-at-11.17.22-AM.jpeg\",\"contentUrl\":\"https:\/\/futbolhoy.co\/wp-content\/uploads\/2025\/09\/WhatsApp-Image-2025-09-12-at-11.17.22-AM.jpeg\",\"width\":756,\"height\":528},{\"@type\":\"BreadcrumbList\",\"@id\":\"https:\/\/futbolhoy.co\/index.php\/2025\/09\/12\/en-liverpool-no-se-olvidan-de-luis-diaz-gran-arranque-en-bayern\/#breadcrumb\",\"itemListElement\":[{\"@type\":\"ListItem\",\"position\":1,\"name\":\"Portada\",\"item\":\"https:\/\/futbolhoy.co\/\"},{\"@type\":\"ListItem\",\"position\":2,\"name\":\"Liverpool no se olvida de Luis D\u00edaz: \\\"gran arranque en Bayern M\u00fanich\\\"\"}]},{\"@type\":\"WebSite\",\"@id\":\"https:\/\/futbolhoy.co\/#website\",\"url\":\"https:\/\/futbolhoy.co\/\",\"name\":\"FutbolHoy\",\"description\":\"\",\"publisher\":{\"@id\":\"https:\/\/futbolhoy.co\/#organization\"},\"potentialAction\":[{\"@type\":\"SearchAction\",\"target\":{\"@type\":\"EntryPoint\",\"urlTemplate\":\"https:\/\/futbolhoy.co\/?s={search_term_string}\"},\"query-input\":{\"@type\":\"PropertyValueSpecification\",\"valueRequired\":true,\"valueName\":\"search_term_string\"}}],\"inLanguage\":\"es\"},{\"@type\":\"Organization\",\"@id\":\"https:\/\/futbolhoy.co\/#organization\",\"name\":\"Futbolhoy.co\",\"url\":\"https:\/\/futbolhoy.co\/\",\"logo\":{\"@type\":\"ImageObject\",\"inLanguage\":\"es\",\"@id\":\"https:\/\/futbolhoy.co\/#\/schema\/logo\/image\/\",\"url\":\"https:\/\/futbolhoy.co\/wp-content\/uploads\/2018\/08\/17426380_1906371736249227_6326180412931521141_n.jpg\",\"contentUrl\":\"https:\/\/futbolhoy.co\/wp-content\/uploads\/2018\/08\/17426380_1906371736249227_6326180412931521141_n.jpg\",\"width\":960,\"height\":960,\"caption\":\"Futbolhoy.co\"},\"image\":{\"@id\":\"https:\/\/futbolhoy.co\/#\/schema\/logo\/image\/\"},\"sameAs\":[\"https:\/\/www.facebook.com\/FutbolHoyCol\/\",\"https:\/\/x.com\/FutbolHoyCol\",\"https:\/\/www.instagram.com\/futbolhoycol\/\"]},{\"@type\":\"Person\",\"@id\":\"https:\/\/futbolhoy.co\/#\/schema\/person\/1721b69355b6623eaff15ac7b92d4cc3\",\"name\":\"contenido\",\"image\":{\"@type\":\"ImageObject\",\"inLanguage\":\"es\",\"@id\":\"https:\/\/futbolhoy.co\/#\/schema\/person\/image\/\",\"url\":\"https:\/\/secure.gravatar.com\/avatar\/4f656d3256f5134f466206e7c3941518?s=96&d=mm&r=g\",\"contentUrl\":\"https:\/\/secure.gravatar.com\/avatar\/4f656d3256f5134f466206e7c3941518?s=96&d=mm&r=g\",\"caption\":\"contenido\"}}]}<\/script>\n<!-- \/ Yoast SEO plugin. -->","yoast_head_json":{"title":"Liverpool no se olvida de Luis D\u00edaz: \"gran arranque en Bayern M\u00fanich\" -","robots":{"index":"index","follow":"follow","max-snippet":"max-snippet:-1","max-image-preview":"max-image-preview:large","max-video-preview":"max-video-preview:-1"},"canonical":"https:\/\/futbolhoy.co\/index.php\/2025\/09\/12\/en-liverpool-no-se-olvidan-de-luis-diaz-gran-arranque-en-bayern\/","og_locale":"es_ES","og_type":"article","og_title":"Liverpool no se olvida de Luis D\u00edaz: \"gran arranque en Bayern M\u00fanich\" -","og_description":"El 30 de julio Luis Fernando D\u00edaz Marulanda fue traspasado hasta 2029 a Bayern M\u00fanich por 75 millones de euros, luego de jugar tres temporadas con Liverpool. El guajiro suma tres anotaciones y dos asistencias en 360\u2019 minutos con el conjunto 'B\u00e1varo', adem\u00e1s del t\u00edtulo obtenido en la final de la supercopa ante Stuttgart. Su [&hellip;]","og_url":"https:\/\/futbolhoy.co\/index.php\/2025\/09\/12\/en-liverpool-no-se-olvidan-de-luis-diaz-gran-arranque-en-bayern\/","article_publisher":"https:\/\/www.facebook.com\/FutbolHoyCol\/","article_published_time":"2025-09-12T16:18:22+00:00","article_modified_time":"2025-09-13T11:42:44+00:00","og_image":[{"width":756,"height":528,"url":"https:\/\/futbolhoy.co\/wp-content\/uploads\/2025\/09\/WhatsApp-Image-2025-09-12-at-11.17.22-AM.jpeg","type":"image\/jpeg"}],"author":"contenido","twitter_card":"summary_large_image","twitter_creator":"@FutbolHoyCol","twitter_site":"@FutbolHoyCol","twitter_misc":{"Escrito por":"contenido","Tiempo de lectura":"2 minutos"},"schema":{"@context":"https:\/\/schema.org","@graph":[{"@type":"Article","@id":"https:\/\/futbolhoy.co\/index.php\/2025\/09\/12\/en-liverpool-no-se-olvidan-de-luis-diaz-gran-arranque-en-bayern\/#article","isPartOf":{"@id":"https:\/\/futbolhoy.co\/index.php\/2025\/09\/12\/en-liverpool-no-se-olvidan-de-luis-diaz-gran-arranque-en-bayern\/"},"author":{"name":"contenido","@id":"https:\/\/futbolhoy.co\/#\/schema\/person\/1721b69355b6623eaff15ac7b92d4cc3"},"headline":"Liverpool no se olvida de Luis D\u00edaz: \"gran arranque en Bayern M\u00fanich\"","datePublished":"2025-09-12T16:18:22+00:00","dateModified":"2025-09-13T11:42:44+00:00","mainEntityOfPage":{"@id":"https:\/\/futbolhoy.co\/index.php\/2025\/09\/12\/en-liverpool-no-se-olvidan-de-luis-diaz-gran-arranque-en-bayern\/"},"wordCount":341,"commentCount":0,"publisher":{"@id":"https:\/\/futbolhoy.co\/#organization"},"image":{"@id":"https:\/\/futbolhoy.co\/index.php\/2025\/09\/12\/en-liverpool-no-se-olvidan-de-luis-diaz-gran-arranque-en-bayern\/#primaryimage"},"thumbnailUrl":"https:\/\/futbolhoy.co\/wp-content\/uploads\/2025\/09\/WhatsApp-Image-2025-09-12-at-11.17.22-AM.jpeg","articleSection":["Colombia"],"inLanguage":"es","potentialAction":[{"@type":"CommentAction","name":"Comment","target":["https:\/\/futbolhoy.co\/index.php\/2025\/09\/12\/en-liverpool-no-se-olvidan-de-luis-diaz-gran-arranque-en-bayern\/#respond"]}]},{"@type":"WebPage","@id":"https:\/\/futbolhoy.co\/index.php\/2025\/09\/12\/en-liverpool-no-se-olvidan-de-luis-diaz-gran-arranque-en-bayern\/","url":"https:\/\/futbolhoy.co\/index.php\/2025\/09\/12\/en-liverpool-no-se-olvidan-de-luis-diaz-gran-arranque-en-bayern\/","name":"Liverpool no se olvida de Luis D\u00edaz: \"gran arranque en Bayern M\u00fanich\" -","isPartOf":{"@id":"https:\/\/futbolhoy.co\/#website"},"primaryImageOfPage":{"@id":"https:\/\/futbolhoy.co\/index.php\/2025\/09\/12\/en-liverpool-no-se-olvidan-de-luis-diaz-gran-arranque-en-bayern\/#primaryimage"},"image":{"@id":"https:\/\/futbolhoy.co\/index.php\/2025\/09\/12\/en-liverpool-no-se-olvidan-de-luis-diaz-gran-arranque-en-bayern\/#primaryimage"},"thumbnailUrl":"https:\/\/futbolhoy.co\/wp-content\/uploads\/2025\/09\/WhatsApp-Image-2025-09-12-at-11.17.22-AM.jpeg","datePublished":"2025-09-12T16:18:22+00:00","dateModified":"2025-09-13T11:42:44+00:00","breadcrumb":{"@id":"https:\/\/futbolhoy.co\/index.php\/2025\/09\/12\/en-liverpool-no-se-olvidan-de-luis-diaz-gran-arranque-en-bayern\/#breadcrumb"},"inLanguage":"es","potentialAction":[{"@type":"ReadAction","target":["https:\/\/futbolhoy.co\/index.php\/2025\/09\/12\/en-liverpool-no-se-olvidan-de-luis-diaz-gran-arranque-en-bayern\/"]}]},{"@type":"ImageObject","inLanguage":"es","@id":"https:\/\/futbolhoy.co\/index.php\/2025\/09\/12\/en-liverpool-no-se-olvidan-de-luis-diaz-gran-arranque-en-bayern\/#primaryimage","url":"https:\/\/futbolhoy.co\/wp-content\/uploads\/2025\/09\/WhatsApp-Image-2025-09-12-at-11.17.22-AM.jpeg","contentUrl":"https:\/\/futbolhoy.co\/wp-content\/uploads\/2025\/09\/WhatsApp-Image-2025-09-12-at-11.17.22-AM.jpeg","width":756,"height":528},{"@type":"BreadcrumbList","@id":"https:\/\/futbolhoy.co\/index.php\/2025\/09\/12\/en-liverpool-no-se-olvidan-de-luis-diaz-gran-arranque-en-bayern\/#breadcrumb","itemListElement":[{"@type":"ListItem","position":1,"name":"Portada","item":"https:\/\/futbolhoy.co\/"},{"@type":"ListItem","position":2,"name":"Liverpool no se olvida de Luis D\u00edaz: \"gran arranque en Bayern M\u00fanich\""}]},{"@type":"WebSite","@id":"https:\/\/futbolhoy.co\/#website","url":"https:\/\/futbolhoy.co\/","name":"FutbolHoy","description":"","publisher":{"@id":"https:\/\/futbolhoy.co\/#organization"},"potentialAction":[{"@type":"SearchAction","target":{"@type":"EntryPoint","urlTemplate":"https:\/\/futbolhoy.co\/?s={search_term_string}"},"query-input":{"@type":"PropertyValueSpecification","valueRequired":true,"valueName":"search_term_string"}}],"inLanguage":"es"},{"@type":"Organization","@id":"https:\/\/futbolhoy.co\/#organization","name":"Futbolhoy.co","url":"https:\/\/futbolhoy.co\/","logo":{"@type":"ImageObject","inLanguage":"es","@id":"https:\/\/futbolhoy.co\/#\/schema\/logo\/image\/","url":"https:\/\/futbolhoy.co\/wp-content\/uploads\/2018\/08\/17426380_1906371736249227_6326180412931521141_n.jpg","contentUrl":"https:\/\/futbolhoy.co\/wp-content\/uploads\/2018\/08\/17426380_1906371736249227_6326180412931521141_n.jpg","width":960,"height":960,"caption":"Futbolhoy.co"},"image":{"@id":"https:\/\/futbolhoy.co\/#\/schema\/logo\/image\/"},"sameAs":["https:\/\/www.facebook.com\/FutbolHoyCol\/","https:\/\/x.com\/FutbolHoyCol","https:\/\/www.instagram.com\/futbolhoycol\/"]},{"@type":"Person","@id":"https:\/\/futbolhoy.co\/#\/schema\/person\/1721b69355b6623eaff15ac7b92d4cc3","name":"contenido","image":{"@type":"ImageObject","inLanguage":"es","@id":"https:\/\/futbolhoy.co\/#\/schema\/person\/image\/","url":"https:\/\/secure.gravatar.com\/avatar\/4f656d3256f5134f466206e7c3941518?s=96&d=mm&r=g","contentUrl":"https:\/\/secure.gravatar.com\/avatar\/4f656d3256f5134f466206e7c3941518?s=96&d=mm&r=g","caption":"contenido"}}]}},"publishpress_future_action":{"enabled":false,"date":"2026-05-03 17:22:03","action":"change-status","newStatus":"draft","terms":[],"taxonomy":"category","extraData":[]},"publishpress_future_workflow_manual_trigger":{"enabledWorkflows":[]},"_links":{"self":[{"href":"https:\/\/futbolhoy.co\/index.php\/wp-json\/wp\/v2\/posts\/123097","targetHints":{"allow":["GET"]}}],"collection":[{"href":"https:\/\/futbolhoy.co\/index.php\/wp-json\/wp\/v2\/posts"}],"about":[{"href":"https:\/\/futbolhoy.co\/index.php\/wp-json\/wp\/v2\/types\/post"}],"author":[{"embeddable":true,"href":"https:\/\/futbolhoy.co\/index.php\/wp-json\/wp\/v2\/users\/4"}],"replies":[{"embeddable":true,"href":"https:\/\/futbolhoy.co\/index.php\/wp-json\/wp\/v2\/comments?post=123097"}],"version-history":[{"count":5,"href":"https:\/\/futbolhoy.co\/index.php\/wp-json\/wp\/v2\/posts\/123097\/revisions"}],"predecessor-version":[{"id":123103,"href":"https:\/\/futbolhoy.co\/index.php\/wp-json\/wp\/v2\/posts\/123097\/revisions\/123103"}],"wp:featuredmedia":[{"embeddable":true,"href":"https:\/\/futbolhoy.co\/index.php\/wp-json\/wp\/v2\/media\/123098"}],"wp:attachment":[{"href":"https:\/\/futbolhoy.co\/index.php\/wp-json\/wp\/v2\/media?parent=123097"}],"wp:term":[{"taxonomy":"category","embeddable":true,"href":"https:\/\/futbolhoy.co\/index.php\/wp-json\/wp\/v2\/categories?post=123097"},{"taxonomy":"post_tag","embeddable":true,"href":"https:\/\/futbolhoy.co\/index.php\/wp-json\/wp\/v2\/tags?post=123097"}],"curies":[{"name":"wp","href":"https:\/\/api.w.org\/{rel}","templated":true}]}}