{"id":123104,"date":"2025-09-12T13:44:14","date_gmt":"2025-09-12T18:44:14","guid":{"rendered":"https:\/\/futbolhoy.co\/?p=123104"},"modified":"2025-09-13T08:14:01","modified_gmt":"2025-09-13T13:14:01","slug":"real-madrid-confirma-sensible-baja-por-lesion","status":"publish","type":"post","link":"https:\/\/futbolhoy.co\/index.php\/2025\/09\/12\/real-madrid-confirma-sensible-baja-por-lesion\/","title":{"rendered":"Antonio R\u00fcdiger, lesionado de \u00faltimo momento en Real Madrid: \u00bfCu\u00e1ndo regresa?"},"content":{"rendered":"<p style=\"text-align: justify;\"><span style=\"font-family: helvetica, arial, sans-serif;\">A trav\u00e9s de sus redes sociales, <strong>Real Madrid<\/strong> confirm\u00f3 que el defensor de 32 a\u00f1os, <strong>Antonio R\u00fcdiger<\/strong>, fue diagnosticado de una lesi\u00f3n \u201cen el recto anterior de su pierna izquierda\u201d.<\/span><\/p>\n<p style=\"text-align: justify;\"><span style=\"font-family: helvetica, arial, sans-serif;\">R\u00fcdiger entren\u00f3 con normalidad durante la sesi\u00f3n del viernes 12 de septiembre, pero tras sentir unas molestias f\u00edsicas en la recta final, el Servicio M\u00e9dico de Real Madrid opt\u00f3 por realizarle unas pruebas.<\/span><\/p>\n<blockquote class=\"twitter-tweet\">\n<p dir=\"ltr\" lang=\"und\">Parte m\u00e9dico de R\u00fcdiger.<\/p>\n<p>\u2014 Real Madrid C.F. (@realmadrid) <a href=\"https:\/\/twitter.com\/realmadrid\/status\/1966542555618914806?ref_src=twsrc%5Etfw\">September 12, 2025<\/a><\/p><\/blockquote>\n<p style=\"text-align: justify;\"><script async src=\"https:\/\/platform.twitter.com\/widgets.js\" charset=\"utf-8\"><\/script><span style=\"font-family: helvetica, arial, sans-serif;\">Aunque en el comunicado del club se menciona que el tiempo que estar\u00e1 de baja ser\u00e1 conforme vaya evolucionando, de acuerdo con Marca, diario deportivo espa\u00f1ol, el jugador estar\u00eda \u201c<strong>entre dos meses y medio, y tres<\/strong>\u201d, alejado de las canchas.<\/span><\/p>\n<p style=\"text-align: justify;\"><span style=\"font-family: helvetica, arial, sans-serif;\"><strong>Alaba, Asencio y Militao<\/strong> son algunos de los llamados a reemplazar a 'Tony', que la \u00faltima temporada fue clave para el equipo al sumar 55 partidos, 3 goles y 1 asistencia desde su posici\u00f3n como defensor central.<\/span><\/p>\n<blockquote class=\"twitter-tweet\">\n<p dir=\"ltr\" lang=\"und\">\ud83d\udc99\ud83d\ude01\ud83e\udd0d<a href=\"https:\/\/twitter.com\/adidasfootball?ref_src=twsrc%5Etfw\">@adidasfootball<\/a> | <a href=\"https:\/\/twitter.com\/hashtag\/TerraceIcons?src=hash&amp;ref_src=twsrc%5Etfw\">#TerraceIcons<\/a> <a href=\"https:\/\/t.co\/szSrZQBGJD\">pic.twitter.com\/szSrZQBGJD<\/a><\/p>\n<p>\u2014 Real Madrid C.F. (@realmadrid) <a href=\"https:\/\/twitter.com\/realmadrid\/status\/1966556164218364349?ref_src=twsrc%5Etfw\">September 12, 2025<\/a><\/p><\/blockquote>\n<p style=\"text-align: justify;\"><script async src=\"https:\/\/platform.twitter.com\/widgets.js\" charset=\"utf-8\"><\/script><span style=\"font-family: helvetica, arial, sans-serif;\">El espa\u00f1ol <strong>Huijsen<\/strong>, de 20 a\u00f1os, se uni\u00f3 a \u2018La Casa Blanca\u2019 previo al \u00faltimo Mundial de Clubes procedente de Bournemouth en un traspaso de 59,4 millones de euros, tambi\u00e9n estar\u00e1 disponible para el t\u00e9cnico <strong>Xabi Alonso<\/strong>.<\/span><\/p>\n<p style=\"text-align: justify;\"><span style=\"font-family: helvetica, arial, sans-serif;\">Real Madrid lleg\u00f3 a San Sebasti\u00e1n para disputar el compromiso ante Real Sociedad, v\u00e1lido por la fecha 4 de la Liga Espa\u00f1ola. El duelo iniciar\u00e1 el s\u00e1bado 12 de septiembre desde las <strong>9:15 am<\/strong> (hora Colombia).<\/span><\/p>\n<h4 style=\"text-align: justify;\"><span style=\"font-family: helvetica, arial, sans-serif;\">Convocados para el partido:<\/span><\/h4>\n<blockquote class=\"twitter-tweet\">\n<p dir=\"ltr\" lang=\"es\">\ud83d\udccb\u2705 \u00a1Nuestros convocados!<br \/>\n\ud83c\udd9a <a href=\"https:\/\/twitter.com\/RealSociedad?ref_src=twsrc%5Etfw\">@RealSociedad<\/a> <a href=\"https:\/\/t.co\/mbwWTwv2Bb\">pic.twitter.com\/mbwWTwv2Bb<\/a><\/p>\n<p>\u2014 Real Madrid C.F. (@realmadrid) <a href=\"https:\/\/twitter.com\/realmadrid\/status\/1966536912736321985?ref_src=twsrc%5Etfw\">September 12, 2025<\/a><\/p><\/blockquote>\n<p style=\"text-align: justify;\"><script async src=\"https:\/\/platform.twitter.com\/widgets.js\" charset=\"utf-8\"><\/script><span style=\"font-family: helvetica, arial, sans-serif;\">Una vez finalice el encuentro, el conjunto merengue recibir\u00e1 a Olympique de Marseille en el Santiago Bernab\u00e9u durante el inicio de la Fase de Liga de la<strong> Champions League<\/strong>.<\/span><\/p>\n","protected":false},"excerpt":{"rendered":"<p>A trav\u00e9s de sus redes sociales, Real Madrid confirm\u00f3 que el defensor de 32 a\u00f1os, Antonio R\u00fcdiger, fue diagnosticado de una lesi\u00f3n \u201cen el recto anterior de su pierna izquierda\u201d. R\u00fcdiger entren\u00f3 con normalidad durante la sesi\u00f3n del viernes 12 de septiembre, pero tras sentir unas molestias f\u00edsicas en la recta final, el Servicio M\u00e9dico [&hellip;]<\/p>\n","protected":false},"author":4,"featured_media":123108,"comment_status":"open","ping_status":"open","sticky":false,"template":"","format":"standard","meta":{"_acf_changed":false,"footnotes":""},"categories":[152],"tags":[],"class_list":{"0":"post-123104","1":"post","2":"type-post","3":"status-publish","4":"format-standard","5":"has-post-thumbnail","7":"category-mundo-futbol"},"acf":[],"yoast_head":"<!-- This site is optimized with the Yoast SEO plugin v26.8 - https:\/\/yoast.com\/product\/yoast-seo-wordpress\/ -->\n<title>Antonio R\u00fcdiger, lesionado de \u00faltimo momento en Real Madrid: \u00bfCu\u00e1ndo regresa? -<\/title>\n<meta name=\"robots\" content=\"index, follow, max-snippet:-1, max-image-preview:large, max-video-preview:-1\" \/>\n<link rel=\"canonical\" href=\"https:\/\/futbolhoy.co\/index.php\/2025\/09\/12\/real-madrid-confirma-sensible-baja-por-lesion\/\" \/>\n<meta property=\"og:locale\" content=\"es_ES\" \/>\n<meta property=\"og:type\" content=\"article\" \/>\n<meta property=\"og:title\" content=\"Antonio R\u00fcdiger, lesionado de \u00faltimo momento en Real Madrid: \u00bfCu\u00e1ndo regresa? -\" \/>\n<meta property=\"og:description\" content=\"A trav\u00e9s de sus redes sociales, Real Madrid confirm\u00f3 que el defensor de 32 a\u00f1os, Antonio R\u00fcdiger, fue diagnosticado de una lesi\u00f3n \u201cen el recto anterior de su pierna izquierda\u201d. R\u00fcdiger entren\u00f3 con normalidad durante la sesi\u00f3n del viernes 12 de septiembre, pero tras sentir unas molestias f\u00edsicas en la recta final, el Servicio M\u00e9dico [&hellip;]\" \/>\n<meta property=\"og:url\" content=\"https:\/\/futbolhoy.co\/index.php\/2025\/09\/12\/real-madrid-confirma-sensible-baja-por-lesion\/\" \/>\n<meta property=\"article:publisher\" content=\"https:\/\/www.facebook.com\/FutbolHoyCol\/\" \/>\n<meta property=\"article:published_time\" content=\"2025-09-12T18:44:14+00:00\" \/>\n<meta property=\"article:modified_time\" content=\"2025-09-13T13:14:01+00:00\" \/>\n<meta property=\"og:image\" content=\"https:\/\/futbolhoy.co\/wp-content\/uploads\/2025\/09\/WhatsApp-Image-2025-09-12-at-1.48.33-PM.jpeg\" \/>\n\t<meta property=\"og:image:width\" content=\"1047\" \/>\n\t<meta property=\"og:image:height\" content=\"656\" \/>\n\t<meta property=\"og:image:type\" content=\"image\/jpeg\" \/>\n<meta name=\"author\" content=\"contenido\" \/>\n<meta name=\"twitter:card\" content=\"summary_large_image\" \/>\n<meta name=\"twitter:creator\" content=\"@FutbolHoyCol\" \/>\n<meta name=\"twitter:site\" content=\"@FutbolHoyCol\" \/>\n<meta name=\"twitter:label1\" content=\"Escrito por\" \/>\n\t<meta name=\"twitter:data1\" content=\"contenido\" \/>\n\t<meta name=\"twitter:label2\" content=\"Tiempo de lectura\" \/>\n\t<meta name=\"twitter:data2\" content=\"1 minuto\" \/>\n<script type=\"application\/ld+json\" class=\"yoast-schema-graph\">{\"@context\":\"https:\/\/schema.org\",\"@graph\":[{\"@type\":\"Article\",\"@id\":\"https:\/\/futbolhoy.co\/index.php\/2025\/09\/12\/real-madrid-confirma-sensible-baja-por-lesion\/#article\",\"isPartOf\":{\"@id\":\"https:\/\/futbolhoy.co\/index.php\/2025\/09\/12\/real-madrid-confirma-sensible-baja-por-lesion\/\"},\"author\":{\"name\":\"contenido\",\"@id\":\"https:\/\/futbolhoy.co\/#\/schema\/person\/1721b69355b6623eaff15ac7b92d4cc3\"},\"headline\":\"Antonio R\u00fcdiger, lesionado de \u00faltimo momento en Real Madrid: \u00bfCu\u00e1ndo regresa?\",\"datePublished\":\"2025-09-12T18:44:14+00:00\",\"dateModified\":\"2025-09-13T13:14:01+00:00\",\"mainEntityOfPage\":{\"@id\":\"https:\/\/futbolhoy.co\/index.php\/2025\/09\/12\/real-madrid-confirma-sensible-baja-por-lesion\/\"},\"wordCount\":307,\"commentCount\":0,\"publisher\":{\"@id\":\"https:\/\/futbolhoy.co\/#organization\"},\"image\":{\"@id\":\"https:\/\/futbolhoy.co\/index.php\/2025\/09\/12\/real-madrid-confirma-sensible-baja-por-lesion\/#primaryimage\"},\"thumbnailUrl\":\"https:\/\/futbolhoy.co\/wp-content\/uploads\/2025\/09\/WhatsApp-Image-2025-09-12-at-1.48.33-PM.jpeg\",\"articleSection\":[\"Mundo Futbol\"],\"inLanguage\":\"es\",\"potentialAction\":[{\"@type\":\"CommentAction\",\"name\":\"Comment\",\"target\":[\"https:\/\/futbolhoy.co\/index.php\/2025\/09\/12\/real-madrid-confirma-sensible-baja-por-lesion\/#respond\"]}]},{\"@type\":\"WebPage\",\"@id\":\"https:\/\/futbolhoy.co\/index.php\/2025\/09\/12\/real-madrid-confirma-sensible-baja-por-lesion\/\",\"url\":\"https:\/\/futbolhoy.co\/index.php\/2025\/09\/12\/real-madrid-confirma-sensible-baja-por-lesion\/\",\"name\":\"Antonio R\u00fcdiger, lesionado de \u00faltimo momento en Real Madrid: \u00bfCu\u00e1ndo regresa? -\",\"isPartOf\":{\"@id\":\"https:\/\/futbolhoy.co\/#website\"},\"primaryImageOfPage\":{\"@id\":\"https:\/\/futbolhoy.co\/index.php\/2025\/09\/12\/real-madrid-confirma-sensible-baja-por-lesion\/#primaryimage\"},\"image\":{\"@id\":\"https:\/\/futbolhoy.co\/index.php\/2025\/09\/12\/real-madrid-confirma-sensible-baja-por-lesion\/#primaryimage\"},\"thumbnailUrl\":\"https:\/\/futbolhoy.co\/wp-content\/uploads\/2025\/09\/WhatsApp-Image-2025-09-12-at-1.48.33-PM.jpeg\",\"datePublished\":\"2025-09-12T18:44:14+00:00\",\"dateModified\":\"2025-09-13T13:14:01+00:00\",\"breadcrumb\":{\"@id\":\"https:\/\/futbolhoy.co\/index.php\/2025\/09\/12\/real-madrid-confirma-sensible-baja-por-lesion\/#breadcrumb\"},\"inLanguage\":\"es\",\"potentialAction\":[{\"@type\":\"ReadAction\",\"target\":[\"https:\/\/futbolhoy.co\/index.php\/2025\/09\/12\/real-madrid-confirma-sensible-baja-por-lesion\/\"]}]},{\"@type\":\"ImageObject\",\"inLanguage\":\"es\",\"@id\":\"https:\/\/futbolhoy.co\/index.php\/2025\/09\/12\/real-madrid-confirma-sensible-baja-por-lesion\/#primaryimage\",\"url\":\"https:\/\/futbolhoy.co\/wp-content\/uploads\/2025\/09\/WhatsApp-Image-2025-09-12-at-1.48.33-PM.jpeg\",\"contentUrl\":\"https:\/\/futbolhoy.co\/wp-content\/uploads\/2025\/09\/WhatsApp-Image-2025-09-12-at-1.48.33-PM.jpeg\",\"width\":1047,\"height\":656},{\"@type\":\"BreadcrumbList\",\"@id\":\"https:\/\/futbolhoy.co\/index.php\/2025\/09\/12\/real-madrid-confirma-sensible-baja-por-lesion\/#breadcrumb\",\"itemListElement\":[{\"@type\":\"ListItem\",\"position\":1,\"name\":\"Portada\",\"item\":\"https:\/\/futbolhoy.co\/\"},{\"@type\":\"ListItem\",\"position\":2,\"name\":\"Antonio R\u00fcdiger, lesionado de \u00faltimo momento en Real Madrid: \u00bfCu\u00e1ndo regresa?\"}]},{\"@type\":\"WebSite\",\"@id\":\"https:\/\/futbolhoy.co\/#website\",\"url\":\"https:\/\/futbolhoy.co\/\",\"name\":\"FutbolHoy\",\"description\":\"\",\"publisher\":{\"@id\":\"https:\/\/futbolhoy.co\/#organization\"},\"potentialAction\":[{\"@type\":\"SearchAction\",\"target\":{\"@type\":\"EntryPoint\",\"urlTemplate\":\"https:\/\/futbolhoy.co\/?s={search_term_string}\"},\"query-input\":{\"@type\":\"PropertyValueSpecification\",\"valueRequired\":true,\"valueName\":\"search_term_string\"}}],\"inLanguage\":\"es\"},{\"@type\":\"Organization\",\"@id\":\"https:\/\/futbolhoy.co\/#organization\",\"name\":\"Futbolhoy.co\",\"url\":\"https:\/\/futbolhoy.co\/\",\"logo\":{\"@type\":\"ImageObject\",\"inLanguage\":\"es\",\"@id\":\"https:\/\/futbolhoy.co\/#\/schema\/logo\/image\/\",\"url\":\"https:\/\/futbolhoy.co\/wp-content\/uploads\/2018\/08\/17426380_1906371736249227_6326180412931521141_n.jpg\",\"contentUrl\":\"https:\/\/futbolhoy.co\/wp-content\/uploads\/2018\/08\/17426380_1906371736249227_6326180412931521141_n.jpg\",\"width\":960,\"height\":960,\"caption\":\"Futbolhoy.co\"},\"image\":{\"@id\":\"https:\/\/futbolhoy.co\/#\/schema\/logo\/image\/\"},\"sameAs\":[\"https:\/\/www.facebook.com\/FutbolHoyCol\/\",\"https:\/\/x.com\/FutbolHoyCol\",\"https:\/\/www.instagram.com\/futbolhoycol\/\"]},{\"@type\":\"Person\",\"@id\":\"https:\/\/futbolhoy.co\/#\/schema\/person\/1721b69355b6623eaff15ac7b92d4cc3\",\"name\":\"contenido\",\"image\":{\"@type\":\"ImageObject\",\"inLanguage\":\"es\",\"@id\":\"https:\/\/futbolhoy.co\/#\/schema\/person\/image\/\",\"url\":\"https:\/\/secure.gravatar.com\/avatar\/4f656d3256f5134f466206e7c3941518?s=96&d=mm&r=g\",\"contentUrl\":\"https:\/\/secure.gravatar.com\/avatar\/4f656d3256f5134f466206e7c3941518?s=96&d=mm&r=g\",\"caption\":\"contenido\"}}]}<\/script>\n<!-- \/ Yoast SEO plugin. -->","yoast_head_json":{"title":"Antonio R\u00fcdiger, lesionado de \u00faltimo momento en Real Madrid: \u00bfCu\u00e1ndo regresa? -","robots":{"index":"index","follow":"follow","max-snippet":"max-snippet:-1","max-image-preview":"max-image-preview:large","max-video-preview":"max-video-preview:-1"},"canonical":"https:\/\/futbolhoy.co\/index.php\/2025\/09\/12\/real-madrid-confirma-sensible-baja-por-lesion\/","og_locale":"es_ES","og_type":"article","og_title":"Antonio R\u00fcdiger, lesionado de \u00faltimo momento en Real Madrid: \u00bfCu\u00e1ndo regresa? -","og_description":"A trav\u00e9s de sus redes sociales, Real Madrid confirm\u00f3 que el defensor de 32 a\u00f1os, Antonio R\u00fcdiger, fue diagnosticado de una lesi\u00f3n \u201cen el recto anterior de su pierna izquierda\u201d. R\u00fcdiger entren\u00f3 con normalidad durante la sesi\u00f3n del viernes 12 de septiembre, pero tras sentir unas molestias f\u00edsicas en la recta final, el Servicio M\u00e9dico [&hellip;]","og_url":"https:\/\/futbolhoy.co\/index.php\/2025\/09\/12\/real-madrid-confirma-sensible-baja-por-lesion\/","article_publisher":"https:\/\/www.facebook.com\/FutbolHoyCol\/","article_published_time":"2025-09-12T18:44:14+00:00","article_modified_time":"2025-09-13T13:14:01+00:00","og_image":[{"width":1047,"height":656,"url":"https:\/\/futbolhoy.co\/wp-content\/uploads\/2025\/09\/WhatsApp-Image-2025-09-12-at-1.48.33-PM.jpeg","type":"image\/jpeg"}],"author":"contenido","twitter_card":"summary_large_image","twitter_creator":"@FutbolHoyCol","twitter_site":"@FutbolHoyCol","twitter_misc":{"Escrito por":"contenido","Tiempo de lectura":"1 minuto"},"schema":{"@context":"https:\/\/schema.org","@graph":[{"@type":"Article","@id":"https:\/\/futbolhoy.co\/index.php\/2025\/09\/12\/real-madrid-confirma-sensible-baja-por-lesion\/#article","isPartOf":{"@id":"https:\/\/futbolhoy.co\/index.php\/2025\/09\/12\/real-madrid-confirma-sensible-baja-por-lesion\/"},"author":{"name":"contenido","@id":"https:\/\/futbolhoy.co\/#\/schema\/person\/1721b69355b6623eaff15ac7b92d4cc3"},"headline":"Antonio R\u00fcdiger, lesionado de \u00faltimo momento en Real Madrid: \u00bfCu\u00e1ndo regresa?","datePublished":"2025-09-12T18:44:14+00:00","dateModified":"2025-09-13T13:14:01+00:00","mainEntityOfPage":{"@id":"https:\/\/futbolhoy.co\/index.php\/2025\/09\/12\/real-madrid-confirma-sensible-baja-por-lesion\/"},"wordCount":307,"commentCount":0,"publisher":{"@id":"https:\/\/futbolhoy.co\/#organization"},"image":{"@id":"https:\/\/futbolhoy.co\/index.php\/2025\/09\/12\/real-madrid-confirma-sensible-baja-por-lesion\/#primaryimage"},"thumbnailUrl":"https:\/\/futbolhoy.co\/wp-content\/uploads\/2025\/09\/WhatsApp-Image-2025-09-12-at-1.48.33-PM.jpeg","articleSection":["Mundo Futbol"],"inLanguage":"es","potentialAction":[{"@type":"CommentAction","name":"Comment","target":["https:\/\/futbolhoy.co\/index.php\/2025\/09\/12\/real-madrid-confirma-sensible-baja-por-lesion\/#respond"]}]},{"@type":"WebPage","@id":"https:\/\/futbolhoy.co\/index.php\/2025\/09\/12\/real-madrid-confirma-sensible-baja-por-lesion\/","url":"https:\/\/futbolhoy.co\/index.php\/2025\/09\/12\/real-madrid-confirma-sensible-baja-por-lesion\/","name":"Antonio R\u00fcdiger, lesionado de \u00faltimo momento en Real Madrid: \u00bfCu\u00e1ndo regresa? -","isPartOf":{"@id":"https:\/\/futbolhoy.co\/#website"},"primaryImageOfPage":{"@id":"https:\/\/futbolhoy.co\/index.php\/2025\/09\/12\/real-madrid-confirma-sensible-baja-por-lesion\/#primaryimage"},"image":{"@id":"https:\/\/futbolhoy.co\/index.php\/2025\/09\/12\/real-madrid-confirma-sensible-baja-por-lesion\/#primaryimage"},"thumbnailUrl":"https:\/\/futbolhoy.co\/wp-content\/uploads\/2025\/09\/WhatsApp-Image-2025-09-12-at-1.48.33-PM.jpeg","datePublished":"2025-09-12T18:44:14+00:00","dateModified":"2025-09-13T13:14:01+00:00","breadcrumb":{"@id":"https:\/\/futbolhoy.co\/index.php\/2025\/09\/12\/real-madrid-confirma-sensible-baja-por-lesion\/#breadcrumb"},"inLanguage":"es","potentialAction":[{"@type":"ReadAction","target":["https:\/\/futbolhoy.co\/index.php\/2025\/09\/12\/real-madrid-confirma-sensible-baja-por-lesion\/"]}]},{"@type":"ImageObject","inLanguage":"es","@id":"https:\/\/futbolhoy.co\/index.php\/2025\/09\/12\/real-madrid-confirma-sensible-baja-por-lesion\/#primaryimage","url":"https:\/\/futbolhoy.co\/wp-content\/uploads\/2025\/09\/WhatsApp-Image-2025-09-12-at-1.48.33-PM.jpeg","contentUrl":"https:\/\/futbolhoy.co\/wp-content\/uploads\/2025\/09\/WhatsApp-Image-2025-09-12-at-1.48.33-PM.jpeg","width":1047,"height":656},{"@type":"BreadcrumbList","@id":"https:\/\/futbolhoy.co\/index.php\/2025\/09\/12\/real-madrid-confirma-sensible-baja-por-lesion\/#breadcrumb","itemListElement":[{"@type":"ListItem","position":1,"name":"Portada","item":"https:\/\/futbolhoy.co\/"},{"@type":"ListItem","position":2,"name":"Antonio R\u00fcdiger, lesionado de \u00faltimo momento en Real Madrid: \u00bfCu\u00e1ndo regresa?"}]},{"@type":"WebSite","@id":"https:\/\/futbolhoy.co\/#website","url":"https:\/\/futbolhoy.co\/","name":"FutbolHoy","description":"","publisher":{"@id":"https:\/\/futbolhoy.co\/#organization"},"potentialAction":[{"@type":"SearchAction","target":{"@type":"EntryPoint","urlTemplate":"https:\/\/futbolhoy.co\/?s={search_term_string}"},"query-input":{"@type":"PropertyValueSpecification","valueRequired":true,"valueName":"search_term_string"}}],"inLanguage":"es"},{"@type":"Organization","@id":"https:\/\/futbolhoy.co\/#organization","name":"Futbolhoy.co","url":"https:\/\/futbolhoy.co\/","logo":{"@type":"ImageObject","inLanguage":"es","@id":"https:\/\/futbolhoy.co\/#\/schema\/logo\/image\/","url":"https:\/\/futbolhoy.co\/wp-content\/uploads\/2018\/08\/17426380_1906371736249227_6326180412931521141_n.jpg","contentUrl":"https:\/\/futbolhoy.co\/wp-content\/uploads\/2018\/08\/17426380_1906371736249227_6326180412931521141_n.jpg","width":960,"height":960,"caption":"Futbolhoy.co"},"image":{"@id":"https:\/\/futbolhoy.co\/#\/schema\/logo\/image\/"},"sameAs":["https:\/\/www.facebook.com\/FutbolHoyCol\/","https:\/\/x.com\/FutbolHoyCol","https:\/\/www.instagram.com\/futbolhoycol\/"]},{"@type":"Person","@id":"https:\/\/futbolhoy.co\/#\/schema\/person\/1721b69355b6623eaff15ac7b92d4cc3","name":"contenido","image":{"@type":"ImageObject","inLanguage":"es","@id":"https:\/\/futbolhoy.co\/#\/schema\/person\/image\/","url":"https:\/\/secure.gravatar.com\/avatar\/4f656d3256f5134f466206e7c3941518?s=96&d=mm&r=g","contentUrl":"https:\/\/secure.gravatar.com\/avatar\/4f656d3256f5134f466206e7c3941518?s=96&d=mm&r=g","caption":"contenido"}}]}},"publishpress_future_action":{"enabled":false,"date":"2026-05-03 17:07:40","action":"change-status","newStatus":"draft","terms":[],"taxonomy":"category","extraData":[]},"publishpress_future_workflow_manual_trigger":{"enabledWorkflows":[]},"_links":{"self":[{"href":"https:\/\/futbolhoy.co\/index.php\/wp-json\/wp\/v2\/posts\/123104","targetHints":{"allow":["GET"]}}],"collection":[{"href":"https:\/\/futbolhoy.co\/index.php\/wp-json\/wp\/v2\/posts"}],"about":[{"href":"https:\/\/futbolhoy.co\/index.php\/wp-json\/wp\/v2\/types\/post"}],"author":[{"embeddable":true,"href":"https:\/\/futbolhoy.co\/index.php\/wp-json\/wp\/v2\/users\/4"}],"replies":[{"embeddable":true,"href":"https:\/\/futbolhoy.co\/index.php\/wp-json\/wp\/v2\/comments?post=123104"}],"version-history":[{"count":3,"href":"https:\/\/futbolhoy.co\/index.php\/wp-json\/wp\/v2\/posts\/123104\/revisions"}],"predecessor-version":[{"id":123109,"href":"https:\/\/futbolhoy.co\/index.php\/wp-json\/wp\/v2\/posts\/123104\/revisions\/123109"}],"wp:featuredmedia":[{"embeddable":true,"href":"https:\/\/futbolhoy.co\/index.php\/wp-json\/wp\/v2\/media\/123108"}],"wp:attachment":[{"href":"https:\/\/futbolhoy.co\/index.php\/wp-json\/wp\/v2\/media?parent=123104"}],"wp:term":[{"taxonomy":"category","embeddable":true,"href":"https:\/\/futbolhoy.co\/index.php\/wp-json\/wp\/v2\/categories?post=123104"},{"taxonomy":"post_tag","embeddable":true,"href":"https:\/\/futbolhoy.co\/index.php\/wp-json\/wp\/v2\/tags?post=123104"}],"curies":[{"name":"wp","href":"https:\/\/api.w.org\/{rel}","templated":true}]}}