{"id":123110,"date":"2025-09-12T15:45:16","date_gmt":"2025-09-12T20:45:16","guid":{"rendered":"https:\/\/futbolhoy.co\/?p=123110"},"modified":"2025-09-13T10:41:59","modified_gmt":"2025-09-13T15:41:59","slug":"seleccion-colombia-sub-17-confirmo-amistosos-y-convocados-previo-al-mundial-2025","status":"publish","type":"post","link":"https:\/\/futbolhoy.co\/index.php\/2025\/09\/12\/seleccion-colombia-sub-17-confirmo-amistosos-y-convocados-previo-al-mundial-2025\/","title":{"rendered":"Selecci\u00f3n Colombia Sub-17 confirm\u00f3 amistosos y convocados previo al Mundial 2025"},"content":{"rendered":"<p style=\"text-align: justify;\"><span style=\"font-family: helvetica, arial, sans-serif;\">Luego del Campeonato Sudamericano Sub 17, donde la <strong>Selecci\u00f3n Colombia<\/strong> logr\u00f3 un subt\u00edtulo ante Brasil tras caer por penaltis, el t\u00e9cnico <strong>Fredy Hurtado<\/strong> public\u00f3 la lista de convocados para el microciclo en septiembre.<\/span><\/p>\n<p style=\"text-align: justify;\"><span style=\"font-family: helvetica, arial, sans-serif;\">La lista de 22 jugadores solo incluye a uno que juega en el extranjero, puntualmente en la segunda divisi\u00f3n de Inglaterra, en <strong>Queens Park Rangers<\/strong>.<\/span><\/p>\n<h3 style=\"text-align: justify;\"><span style=\"font-family: helvetica, arial, sans-serif;\">Jugadores convocados<\/span><\/h3>\n<blockquote class=\"twitter-tweet\">\n<p dir=\"ltr\" lang=\"es\">\ud835\uddd6\ud835\uddfc\ud835\uddfb\ud835\ude03\ud835\uddfc\ud835\uddf0\ud835\uddee\ud835\ude01\ud835\uddfc\ud835\uddff\ud835\uddf6\ud835\uddee \ud835\udde6\ud835\uddf2\ud835\uddf9\ud835\uddf2\ud835\uddf0\ud835\uddf0\ud835\uddf6\ud835\uddfc\u0301\ud835\uddfb \ud835\uddd6\ud835\uddfc\ud835\uddf9\ud835\uddfc\ud835\uddfa\ud835\uddef\ud835\uddf6\ud835\uddee \ud835\udde0\ud835\uddee\ud835\ude00\ud835\uddf0\ud835\ude02\ud835\uddf9\ud835\uddf6\ud835\uddfb\ud835\uddee \ud835\udde6\ud835\ude02\ud835\uddef-\ud835\udfed\ud835\udff3 \ud835\uddfd\ud835\uddee\ud835\uddff\ud835\uddee \ud835\uddfa\ud835\uddf6\ud835\uddf0\ud835\uddff\ud835\uddfc\ud835\uddf0\ud835\uddf6\ud835\uddf0\ud835\uddf9\ud835\uddfc \ud835\uddf1\ud835\uddf2 \ud835\ude01\ud835\uddff\ud835\uddee\ud835\uddef\ud835\uddee\ud835\uddf7\ud835\uddfc \u2013 \ud835\ude00\ud835\uddf2\ud835\uddfd\ud835\ude01\ud835\uddf6\ud835\uddf2\ud835\uddfa\ud835\uddef\ud835\uddff\ud835\uddf2 \ud835\udfee\ud835\udfec\ud835\udfee\ud835\udff1 \ud83e\udd19\ud83d\ude03<\/p>\n<p>\ud83d\udd17<a href=\"https:\/\/t.co\/VqK4aOrkUv\">https:\/\/t.co\/VqK4aOrkUv<\/a><a href=\"https:\/\/twitter.com\/hashtag\/LaSeleNosUne?src=hash&amp;ref_src=twsrc%5Etfw\">#LaSeleNosUne<\/a>\ud83c\udde8\ud83c\uddf4 <a href=\"https:\/\/t.co\/uUMVq0RSV7\">pic.twitter.com\/uUMVq0RSV7<\/a><\/p>\n<p>\u2014 Selecci\u00f3n Colombia (@FCFSeleccionCol) <a href=\"https:\/\/twitter.com\/FCFSeleccionCol\/status\/1966592558609432843?ref_src=twsrc%5Etfw\">September 12, 2025<\/a><\/p><\/blockquote>\n<p style=\"text-align: justify;\"><script async src=\"https:\/\/platform.twitter.com\/widgets.js\" charset=\"utf-8\"><\/script><span style=\"font-family: helvetica, arial, sans-serif;\">Porteros:<\/span><\/p>\n<p style=\"text-align: justify;\"><span style=\"font-family: helvetica, arial, sans-serif;\">Jorman Camilo Mendoza Garrido (Envigado Fc), Juan Sebastian Covilla Gonz\u00e1lez (Deportes Tolima) y David Eduardo Rodr\u00edguez Burbano (Millonarios FC).<\/span><\/p>\n<p style=\"text-align: justify;\"><span style=\"font-family: helvetica, arial, sans-serif;\">Defensores:<\/span><\/p>\n<p style=\"text-align: justify;\"><span style=\"font-family: helvetica, arial, sans-serif;\">Brait Garc\u00eda Lobo (Deportivo Cali), Cristian David Fl\u00f3rez Palacios (Real Soacha Cundinamarca), Jes\u00fas David Pe\u00f1aloza Fragozo (Uni\u00f3n Magdalena), Camilo Andr\u00e9s Amu Solarte (Am\u00e9rica de Cali), Miguel \u00c1ngel Solarte Arboleda (Atl\u00e9tico Boca Juniors), Didier Fabian Henao Beitar (Atl\u00e9tico Boca Juniors), Edwin Estrella De La Rosa (Bel\u00e9n en la Nubia\u2013Arco Zaragoza) y Santiago Valencilla Gonz\u00e1lez (Deportivo Cali).<\/span><\/p>\n<p style=\"text-align: justify;\"><span style=\"font-family: helvetica, arial, sans-serif;\">Mediocampistas<\/span><\/p>\n<p style=\"text-align: justify;\"><span style=\"font-family: helvetica, arial, sans-serif;\">Criss Angel Mac\u00edas Besinger (Millonarios), Cristian Camilo Orozco Vald\u00e9s (Fortaleza), Juan Jos\u00e9 Cata\u00f1o Vahos (Envigado), Edmilson Yosue Herazo Torres (Barranquilla Fc), Ashley Trujillo Casta\u00f1o (Queens Park Rangers Fc) y Mat\u00edas Lozano Quiroz (Atl\u00e9tico Nacional).<\/span><\/p>\n<p style=\"text-align: justify;\"><span style=\"font-family: helvetica, arial, sans-serif;\">Delanteros:<\/span><\/p>\n<p style=\"text-align: justify;\"><span style=\"font-family: helvetica, arial, sans-serif;\">Kevin Angulo Angulo (Am\u00e9rica De Cali), Geronimo Mancilla Vidal (Independiente Medell\u00edn), Jhon Keiner Sevillano Torres (Atl\u00e9tico Nacional), \u00c1ngel Santiago Mora Barrera (Independiente Santa Fe), Santiago Londo\u00f1o Gonz\u00e1lez (Envigado Fc) y Jos\u00e9 Rafael Escorcia De La Cruz (Atl\u00e9tico Nacional).<\/span><\/p>\n<p style=\"text-align: justify;\"><span style=\"font-family: helvetica, arial, sans-serif;\">Los futbolistas se unir\u00e1n a la concentraci\u00f3n en <strong>C\u00facuta desde el 12 al 21 de septiembre<\/strong>, salvo algunas excepciones como Jorman Mendoza, Jos\u00e9 Cata\u00f1o, Jhon Sevillano, Santiago Londo\u00f1o y Mat\u00edas Lozano quienes se unir\u00e1n a partir del 14.<\/span><\/p>\n<p style=\"text-align: justify;\"><span style=\"font-family: helvetica, arial, sans-serif;\">Posteriormente, la<strong> Selecci\u00f3n Colombia<\/strong> confirm\u00f3 las fechas para los partidos durante el microciclo, donde su rival ser\u00e1 Venezuela.<\/span><\/p>\n<blockquote class=\"twitter-tweet\">\n<p dir=\"ltr\" lang=\"es\">\ud835\udc0b\ud835\udc1a \ud835\udc05\ud835\udc1e\ud835\udc1d\ud835\udc1e\ud835\udc2b\ud835\udc1a\ud835\udc1c\ud835\udc22\ud835\udc28\u0301\ud835\udc27 \ud835\udc02\ud835\udc28\ud835\udc25\ud835\udc28\ud835\udc26\ud835\udc1b\ud835\udc22\ud835\udc1a\ud835\udc27\ud835\udc1a \ud835\udc1d\ud835\udc1e \ud835\udc05\ud835\udc2e\u0301\ud835\udc2d\ud835\udc1b\ud835\udc28\ud835\udc25 \ud835\udc29\ud835\udc2b\ud835\udc1e\ud835\udc2c\ud835\udc1e\ud835\udc27\ud835\udc2d\ud835\udc1e \ud835\udc1e\ud835\udc27 \ud835\udc1e\ud835\udc25 \ud835\udc02\ud835\udc1a\ud835\udc2d\ud835\udc1a\ud835\udc2d\ud835\udc2e\ud835\udc26\ud835\udc1b\ud835\udc28 \ud835\udc1c\ud835\udc28\ud835\udc27 \ud835\udc29\ud835\udc1a\ud835\udc2b\ud835\udc2d\ud835\udc22\ud835\udc1d\ud835\udc28\ud835\udc2c \ud835\udc1d\ud835\udc1e \ud835\udc25\ud835\udc1a \ud835\udc12\ud835\udc1e\ud835\udc25\ud835\udc1e\ud835\udc1c\ud835\udc1c\ud835\udc22\ud835\udc28\u0301\ud835\udc27 \u270c\ufe0f\ud83d\ude01<\/p>\n<p>La Selecci\u00f3n Colombia Masculina Sub 17 disputar\u00e1 dos partidos amistosos contra su similar de Venezuela los\u2026 <a href=\"https:\/\/t.co\/zC7IHRJWga\">pic.twitter.com\/zC7IHRJWga<\/a><\/p>\n<p>\u2014 Selecci\u00f3n Colombia (@FCFSeleccionCol) <a href=\"https:\/\/twitter.com\/FCFSeleccionCol\/status\/1966597352900489459?ref_src=twsrc%5Etfw\">September 12, 2025<\/a><\/p><\/blockquote>\n<h3 style=\"text-align: justify;\"><script async src=\"https:\/\/platform.twitter.com\/widgets.js\" charset=\"utf-8\"><\/script><span style=\"font-family: helvetica, arial, sans-serif;\">Amistosos de Colombia Sub-17<\/span><\/h3>\n<p style=\"text-align: justify;\"><span style=\"font-family: helvetica, arial, sans-serif;\">Con la mira puesta en la Copa Mundial de la FIFA Sub-17 2025, que se disputar\u00e1 en Catar del 3 al 27 de noviembre, as\u00ed ser\u00e1n los partidos amistosos de la Selecci\u00f3n Colombia:<\/span><\/p>\n<p style=\"text-align: justify;\"><span style=\"font-family: helvetica, arial, sans-serif;\">Mi\u00e9rcoles 17 de septiembre:<\/span><\/p>\n<p style=\"text-align: justify;\"><span style=\"font-family: helvetica, arial, sans-serif;\">4:00 pm -<strong> Selecci\u00f3n Colombia<\/strong> vs. Venezuela<\/span><\/p>\n<p style=\"text-align: justify;\"><span style=\"font-family: helvetica, arial, sans-serif;\">Estadio: General Santander, C\u00facuta.<\/span><\/p>\n<p style=\"text-align: justify;\"><span style=\"font-family: helvetica, arial, sans-serif;\">S\u00e1bado 20 de septiembre:<\/span><\/p>\n<p style=\"text-align: justify;\"><span style=\"font-family: helvetica, arial, sans-serif;\">3:30 pm - <strong>Selecci\u00f3n Colombia<\/strong> vs. Venezuela<\/span><\/p>\n<p style=\"text-align: justify;\"><span style=\"font-family: helvetica, arial, sans-serif;\">Estadio: Hermides Padilla, Oca\u00f1a.<\/span><\/p>\n","protected":false},"excerpt":{"rendered":"<p>Luego del Campeonato Sudamericano Sub 17, donde la Selecci\u00f3n Colombia logr\u00f3 un subt\u00edtulo ante Brasil tras caer por penaltis, el t\u00e9cnico Fredy Hurtado public\u00f3 la lista de convocados para el microciclo en septiembre. La lista de 22 jugadores solo incluye a uno que juega en el extranjero, puntualmente en la segunda divisi\u00f3n de Inglaterra, en [&hellip;]<\/p>\n","protected":false},"author":4,"featured_media":123111,"comment_status":"open","ping_status":"open","sticky":false,"template":"","format":"standard","meta":{"_acf_changed":false,"footnotes":""},"categories":[153],"tags":[],"class_list":{"0":"post-123110","1":"post","2":"type-post","3":"status-publish","4":"format-standard","5":"has-post-thumbnail","7":"category-selecion-colombia"},"acf":[],"yoast_head":"<!-- This site is optimized with the Yoast SEO plugin v26.8 - https:\/\/yoast.com\/product\/yoast-seo-wordpress\/ -->\n<title>Selecci\u00f3n Colombia Sub-17 confirm\u00f3 amistosos y convocados previo al Mundial 2025 -<\/title>\n<meta name=\"robots\" content=\"index, follow, max-snippet:-1, max-image-preview:large, max-video-preview:-1\" \/>\n<link rel=\"canonical\" href=\"https:\/\/futbolhoy.co\/index.php\/2025\/09\/12\/seleccion-colombia-sub-17-confirmo-amistosos-y-convocados-previo-al-mundial-2025\/\" \/>\n<meta property=\"og:locale\" content=\"es_ES\" \/>\n<meta property=\"og:type\" content=\"article\" \/>\n<meta property=\"og:title\" content=\"Selecci\u00f3n Colombia Sub-17 confirm\u00f3 amistosos y convocados previo al Mundial 2025 -\" \/>\n<meta property=\"og:description\" content=\"Luego del Campeonato Sudamericano Sub 17, donde la Selecci\u00f3n Colombia logr\u00f3 un subt\u00edtulo ante Brasil tras caer por penaltis, el t\u00e9cnico Fredy Hurtado public\u00f3 la lista de convocados para el microciclo en septiembre. La lista de 22 jugadores solo incluye a uno que juega en el extranjero, puntualmente en la segunda divisi\u00f3n de Inglaterra, en [&hellip;]\" \/>\n<meta property=\"og:url\" content=\"https:\/\/futbolhoy.co\/index.php\/2025\/09\/12\/seleccion-colombia-sub-17-confirmo-amistosos-y-convocados-previo-al-mundial-2025\/\" \/>\n<meta property=\"article:publisher\" content=\"https:\/\/www.facebook.com\/FutbolHoyCol\/\" \/>\n<meta property=\"article:published_time\" content=\"2025-09-12T20:45:16+00:00\" \/>\n<meta property=\"article:modified_time\" content=\"2025-09-13T15:41:59+00:00\" \/>\n<meta property=\"og:image\" content=\"https:\/\/futbolhoy.co\/wp-content\/uploads\/2025\/09\/WhatsApp-Image-2025-09-12-at-3.43.40-PM.jpeg\" \/>\n\t<meta property=\"og:image:width\" content=\"763\" \/>\n\t<meta property=\"og:image:height\" content=\"434\" \/>\n\t<meta property=\"og:image:type\" content=\"image\/jpeg\" \/>\n<meta name=\"author\" content=\"contenido\" \/>\n<meta name=\"twitter:card\" content=\"summary_large_image\" \/>\n<meta name=\"twitter:creator\" content=\"@FutbolHoyCol\" \/>\n<meta name=\"twitter:site\" content=\"@FutbolHoyCol\" \/>\n<meta name=\"twitter:label1\" content=\"Escrito por\" \/>\n\t<meta name=\"twitter:data1\" content=\"contenido\" \/>\n\t<meta name=\"twitter:label2\" content=\"Tiempo de lectura\" \/>\n\t<meta name=\"twitter:data2\" content=\"2 minutos\" \/>\n<script type=\"application\/ld+json\" class=\"yoast-schema-graph\">{\"@context\":\"https:\/\/schema.org\",\"@graph\":[{\"@type\":\"Article\",\"@id\":\"https:\/\/futbolhoy.co\/index.php\/2025\/09\/12\/seleccion-colombia-sub-17-confirmo-amistosos-y-convocados-previo-al-mundial-2025\/#article\",\"isPartOf\":{\"@id\":\"https:\/\/futbolhoy.co\/index.php\/2025\/09\/12\/seleccion-colombia-sub-17-confirmo-amistosos-y-convocados-previo-al-mundial-2025\/\"},\"author\":{\"name\":\"contenido\",\"@id\":\"https:\/\/futbolhoy.co\/#\/schema\/person\/1721b69355b6623eaff15ac7b92d4cc3\"},\"headline\":\"Selecci\u00f3n Colombia Sub-17 confirm\u00f3 amistosos y convocados previo al Mundial 2025\",\"datePublished\":\"2025-09-12T20:45:16+00:00\",\"dateModified\":\"2025-09-13T15:41:59+00:00\",\"mainEntityOfPage\":{\"@id\":\"https:\/\/futbolhoy.co\/index.php\/2025\/09\/12\/seleccion-colombia-sub-17-confirmo-amistosos-y-convocados-previo-al-mundial-2025\/\"},\"wordCount\":421,\"commentCount\":0,\"publisher\":{\"@id\":\"https:\/\/futbolhoy.co\/#organization\"},\"image\":{\"@id\":\"https:\/\/futbolhoy.co\/index.php\/2025\/09\/12\/seleccion-colombia-sub-17-confirmo-amistosos-y-convocados-previo-al-mundial-2025\/#primaryimage\"},\"thumbnailUrl\":\"https:\/\/futbolhoy.co\/wp-content\/uploads\/2025\/09\/WhatsApp-Image-2025-09-12-at-3.43.40-PM.jpeg\",\"articleSection\":[\"Selecci\u00f3n Colombia\"],\"inLanguage\":\"es\",\"potentialAction\":[{\"@type\":\"CommentAction\",\"name\":\"Comment\",\"target\":[\"https:\/\/futbolhoy.co\/index.php\/2025\/09\/12\/seleccion-colombia-sub-17-confirmo-amistosos-y-convocados-previo-al-mundial-2025\/#respond\"]}]},{\"@type\":\"WebPage\",\"@id\":\"https:\/\/futbolhoy.co\/index.php\/2025\/09\/12\/seleccion-colombia-sub-17-confirmo-amistosos-y-convocados-previo-al-mundial-2025\/\",\"url\":\"https:\/\/futbolhoy.co\/index.php\/2025\/09\/12\/seleccion-colombia-sub-17-confirmo-amistosos-y-convocados-previo-al-mundial-2025\/\",\"name\":\"Selecci\u00f3n Colombia Sub-17 confirm\u00f3 amistosos y convocados previo al Mundial 2025 -\",\"isPartOf\":{\"@id\":\"https:\/\/futbolhoy.co\/#website\"},\"primaryImageOfPage\":{\"@id\":\"https:\/\/futbolhoy.co\/index.php\/2025\/09\/12\/seleccion-colombia-sub-17-confirmo-amistosos-y-convocados-previo-al-mundial-2025\/#primaryimage\"},\"image\":{\"@id\":\"https:\/\/futbolhoy.co\/index.php\/2025\/09\/12\/seleccion-colombia-sub-17-confirmo-amistosos-y-convocados-previo-al-mundial-2025\/#primaryimage\"},\"thumbnailUrl\":\"https:\/\/futbolhoy.co\/wp-content\/uploads\/2025\/09\/WhatsApp-Image-2025-09-12-at-3.43.40-PM.jpeg\",\"datePublished\":\"2025-09-12T20:45:16+00:00\",\"dateModified\":\"2025-09-13T15:41:59+00:00\",\"breadcrumb\":{\"@id\":\"https:\/\/futbolhoy.co\/index.php\/2025\/09\/12\/seleccion-colombia-sub-17-confirmo-amistosos-y-convocados-previo-al-mundial-2025\/#breadcrumb\"},\"inLanguage\":\"es\",\"potentialAction\":[{\"@type\":\"ReadAction\",\"target\":[\"https:\/\/futbolhoy.co\/index.php\/2025\/09\/12\/seleccion-colombia-sub-17-confirmo-amistosos-y-convocados-previo-al-mundial-2025\/\"]}]},{\"@type\":\"ImageObject\",\"inLanguage\":\"es\",\"@id\":\"https:\/\/futbolhoy.co\/index.php\/2025\/09\/12\/seleccion-colombia-sub-17-confirmo-amistosos-y-convocados-previo-al-mundial-2025\/#primaryimage\",\"url\":\"https:\/\/futbolhoy.co\/wp-content\/uploads\/2025\/09\/WhatsApp-Image-2025-09-12-at-3.43.40-PM.jpeg\",\"contentUrl\":\"https:\/\/futbolhoy.co\/wp-content\/uploads\/2025\/09\/WhatsApp-Image-2025-09-12-at-3.43.40-PM.jpeg\",\"width\":763,\"height\":434},{\"@type\":\"BreadcrumbList\",\"@id\":\"https:\/\/futbolhoy.co\/index.php\/2025\/09\/12\/seleccion-colombia-sub-17-confirmo-amistosos-y-convocados-previo-al-mundial-2025\/#breadcrumb\",\"itemListElement\":[{\"@type\":\"ListItem\",\"position\":1,\"name\":\"Portada\",\"item\":\"https:\/\/futbolhoy.co\/\"},{\"@type\":\"ListItem\",\"position\":2,\"name\":\"Selecci\u00f3n Colombia Sub-17 confirm\u00f3 amistosos y convocados previo al Mundial 2025\"}]},{\"@type\":\"WebSite\",\"@id\":\"https:\/\/futbolhoy.co\/#website\",\"url\":\"https:\/\/futbolhoy.co\/\",\"name\":\"FutbolHoy\",\"description\":\"\",\"publisher\":{\"@id\":\"https:\/\/futbolhoy.co\/#organization\"},\"potentialAction\":[{\"@type\":\"SearchAction\",\"target\":{\"@type\":\"EntryPoint\",\"urlTemplate\":\"https:\/\/futbolhoy.co\/?s={search_term_string}\"},\"query-input\":{\"@type\":\"PropertyValueSpecification\",\"valueRequired\":true,\"valueName\":\"search_term_string\"}}],\"inLanguage\":\"es\"},{\"@type\":\"Organization\",\"@id\":\"https:\/\/futbolhoy.co\/#organization\",\"name\":\"Futbolhoy.co\",\"url\":\"https:\/\/futbolhoy.co\/\",\"logo\":{\"@type\":\"ImageObject\",\"inLanguage\":\"es\",\"@id\":\"https:\/\/futbolhoy.co\/#\/schema\/logo\/image\/\",\"url\":\"https:\/\/futbolhoy.co\/wp-content\/uploads\/2018\/08\/17426380_1906371736249227_6326180412931521141_n.jpg\",\"contentUrl\":\"https:\/\/futbolhoy.co\/wp-content\/uploads\/2018\/08\/17426380_1906371736249227_6326180412931521141_n.jpg\",\"width\":960,\"height\":960,\"caption\":\"Futbolhoy.co\"},\"image\":{\"@id\":\"https:\/\/futbolhoy.co\/#\/schema\/logo\/image\/\"},\"sameAs\":[\"https:\/\/www.facebook.com\/FutbolHoyCol\/\",\"https:\/\/x.com\/FutbolHoyCol\",\"https:\/\/www.instagram.com\/futbolhoycol\/\"]},{\"@type\":\"Person\",\"@id\":\"https:\/\/futbolhoy.co\/#\/schema\/person\/1721b69355b6623eaff15ac7b92d4cc3\",\"name\":\"contenido\",\"image\":{\"@type\":\"ImageObject\",\"inLanguage\":\"es\",\"@id\":\"https:\/\/futbolhoy.co\/#\/schema\/person\/image\/\",\"url\":\"https:\/\/secure.gravatar.com\/avatar\/4f656d3256f5134f466206e7c3941518?s=96&d=mm&r=g\",\"contentUrl\":\"https:\/\/secure.gravatar.com\/avatar\/4f656d3256f5134f466206e7c3941518?s=96&d=mm&r=g\",\"caption\":\"contenido\"}}]}<\/script>\n<!-- \/ Yoast SEO plugin. -->","yoast_head_json":{"title":"Selecci\u00f3n Colombia Sub-17 confirm\u00f3 amistosos y convocados previo al Mundial 2025 -","robots":{"index":"index","follow":"follow","max-snippet":"max-snippet:-1","max-image-preview":"max-image-preview:large","max-video-preview":"max-video-preview:-1"},"canonical":"https:\/\/futbolhoy.co\/index.php\/2025\/09\/12\/seleccion-colombia-sub-17-confirmo-amistosos-y-convocados-previo-al-mundial-2025\/","og_locale":"es_ES","og_type":"article","og_title":"Selecci\u00f3n Colombia Sub-17 confirm\u00f3 amistosos y convocados previo al Mundial 2025 -","og_description":"Luego del Campeonato Sudamericano Sub 17, donde la Selecci\u00f3n Colombia logr\u00f3 un subt\u00edtulo ante Brasil tras caer por penaltis, el t\u00e9cnico Fredy Hurtado public\u00f3 la lista de convocados para el microciclo en septiembre. La lista de 22 jugadores solo incluye a uno que juega en el extranjero, puntualmente en la segunda divisi\u00f3n de Inglaterra, en [&hellip;]","og_url":"https:\/\/futbolhoy.co\/index.php\/2025\/09\/12\/seleccion-colombia-sub-17-confirmo-amistosos-y-convocados-previo-al-mundial-2025\/","article_publisher":"https:\/\/www.facebook.com\/FutbolHoyCol\/","article_published_time":"2025-09-12T20:45:16+00:00","article_modified_time":"2025-09-13T15:41:59+00:00","og_image":[{"width":763,"height":434,"url":"https:\/\/futbolhoy.co\/wp-content\/uploads\/2025\/09\/WhatsApp-Image-2025-09-12-at-3.43.40-PM.jpeg","type":"image\/jpeg"}],"author":"contenido","twitter_card":"summary_large_image","twitter_creator":"@FutbolHoyCol","twitter_site":"@FutbolHoyCol","twitter_misc":{"Escrito por":"contenido","Tiempo de lectura":"2 minutos"},"schema":{"@context":"https:\/\/schema.org","@graph":[{"@type":"Article","@id":"https:\/\/futbolhoy.co\/index.php\/2025\/09\/12\/seleccion-colombia-sub-17-confirmo-amistosos-y-convocados-previo-al-mundial-2025\/#article","isPartOf":{"@id":"https:\/\/futbolhoy.co\/index.php\/2025\/09\/12\/seleccion-colombia-sub-17-confirmo-amistosos-y-convocados-previo-al-mundial-2025\/"},"author":{"name":"contenido","@id":"https:\/\/futbolhoy.co\/#\/schema\/person\/1721b69355b6623eaff15ac7b92d4cc3"},"headline":"Selecci\u00f3n Colombia Sub-17 confirm\u00f3 amistosos y convocados previo al Mundial 2025","datePublished":"2025-09-12T20:45:16+00:00","dateModified":"2025-09-13T15:41:59+00:00","mainEntityOfPage":{"@id":"https:\/\/futbolhoy.co\/index.php\/2025\/09\/12\/seleccion-colombia-sub-17-confirmo-amistosos-y-convocados-previo-al-mundial-2025\/"},"wordCount":421,"commentCount":0,"publisher":{"@id":"https:\/\/futbolhoy.co\/#organization"},"image":{"@id":"https:\/\/futbolhoy.co\/index.php\/2025\/09\/12\/seleccion-colombia-sub-17-confirmo-amistosos-y-convocados-previo-al-mundial-2025\/#primaryimage"},"thumbnailUrl":"https:\/\/futbolhoy.co\/wp-content\/uploads\/2025\/09\/WhatsApp-Image-2025-09-12-at-3.43.40-PM.jpeg","articleSection":["Selecci\u00f3n Colombia"],"inLanguage":"es","potentialAction":[{"@type":"CommentAction","name":"Comment","target":["https:\/\/futbolhoy.co\/index.php\/2025\/09\/12\/seleccion-colombia-sub-17-confirmo-amistosos-y-convocados-previo-al-mundial-2025\/#respond"]}]},{"@type":"WebPage","@id":"https:\/\/futbolhoy.co\/index.php\/2025\/09\/12\/seleccion-colombia-sub-17-confirmo-amistosos-y-convocados-previo-al-mundial-2025\/","url":"https:\/\/futbolhoy.co\/index.php\/2025\/09\/12\/seleccion-colombia-sub-17-confirmo-amistosos-y-convocados-previo-al-mundial-2025\/","name":"Selecci\u00f3n Colombia Sub-17 confirm\u00f3 amistosos y convocados previo al Mundial 2025 -","isPartOf":{"@id":"https:\/\/futbolhoy.co\/#website"},"primaryImageOfPage":{"@id":"https:\/\/futbolhoy.co\/index.php\/2025\/09\/12\/seleccion-colombia-sub-17-confirmo-amistosos-y-convocados-previo-al-mundial-2025\/#primaryimage"},"image":{"@id":"https:\/\/futbolhoy.co\/index.php\/2025\/09\/12\/seleccion-colombia-sub-17-confirmo-amistosos-y-convocados-previo-al-mundial-2025\/#primaryimage"},"thumbnailUrl":"https:\/\/futbolhoy.co\/wp-content\/uploads\/2025\/09\/WhatsApp-Image-2025-09-12-at-3.43.40-PM.jpeg","datePublished":"2025-09-12T20:45:16+00:00","dateModified":"2025-09-13T15:41:59+00:00","breadcrumb":{"@id":"https:\/\/futbolhoy.co\/index.php\/2025\/09\/12\/seleccion-colombia-sub-17-confirmo-amistosos-y-convocados-previo-al-mundial-2025\/#breadcrumb"},"inLanguage":"es","potentialAction":[{"@type":"ReadAction","target":["https:\/\/futbolhoy.co\/index.php\/2025\/09\/12\/seleccion-colombia-sub-17-confirmo-amistosos-y-convocados-previo-al-mundial-2025\/"]}]},{"@type":"ImageObject","inLanguage":"es","@id":"https:\/\/futbolhoy.co\/index.php\/2025\/09\/12\/seleccion-colombia-sub-17-confirmo-amistosos-y-convocados-previo-al-mundial-2025\/#primaryimage","url":"https:\/\/futbolhoy.co\/wp-content\/uploads\/2025\/09\/WhatsApp-Image-2025-09-12-at-3.43.40-PM.jpeg","contentUrl":"https:\/\/futbolhoy.co\/wp-content\/uploads\/2025\/09\/WhatsApp-Image-2025-09-12-at-3.43.40-PM.jpeg","width":763,"height":434},{"@type":"BreadcrumbList","@id":"https:\/\/futbolhoy.co\/index.php\/2025\/09\/12\/seleccion-colombia-sub-17-confirmo-amistosos-y-convocados-previo-al-mundial-2025\/#breadcrumb","itemListElement":[{"@type":"ListItem","position":1,"name":"Portada","item":"https:\/\/futbolhoy.co\/"},{"@type":"ListItem","position":2,"name":"Selecci\u00f3n Colombia Sub-17 confirm\u00f3 amistosos y convocados previo al Mundial 2025"}]},{"@type":"WebSite","@id":"https:\/\/futbolhoy.co\/#website","url":"https:\/\/futbolhoy.co\/","name":"FutbolHoy","description":"","publisher":{"@id":"https:\/\/futbolhoy.co\/#organization"},"potentialAction":[{"@type":"SearchAction","target":{"@type":"EntryPoint","urlTemplate":"https:\/\/futbolhoy.co\/?s={search_term_string}"},"query-input":{"@type":"PropertyValueSpecification","valueRequired":true,"valueName":"search_term_string"}}],"inLanguage":"es"},{"@type":"Organization","@id":"https:\/\/futbolhoy.co\/#organization","name":"Futbolhoy.co","url":"https:\/\/futbolhoy.co\/","logo":{"@type":"ImageObject","inLanguage":"es","@id":"https:\/\/futbolhoy.co\/#\/schema\/logo\/image\/","url":"https:\/\/futbolhoy.co\/wp-content\/uploads\/2018\/08\/17426380_1906371736249227_6326180412931521141_n.jpg","contentUrl":"https:\/\/futbolhoy.co\/wp-content\/uploads\/2018\/08\/17426380_1906371736249227_6326180412931521141_n.jpg","width":960,"height":960,"caption":"Futbolhoy.co"},"image":{"@id":"https:\/\/futbolhoy.co\/#\/schema\/logo\/image\/"},"sameAs":["https:\/\/www.facebook.com\/FutbolHoyCol\/","https:\/\/x.com\/FutbolHoyCol","https:\/\/www.instagram.com\/futbolhoycol\/"]},{"@type":"Person","@id":"https:\/\/futbolhoy.co\/#\/schema\/person\/1721b69355b6623eaff15ac7b92d4cc3","name":"contenido","image":{"@type":"ImageObject","inLanguage":"es","@id":"https:\/\/futbolhoy.co\/#\/schema\/person\/image\/","url":"https:\/\/secure.gravatar.com\/avatar\/4f656d3256f5134f466206e7c3941518?s=96&d=mm&r=g","contentUrl":"https:\/\/secure.gravatar.com\/avatar\/4f656d3256f5134f466206e7c3941518?s=96&d=mm&r=g","caption":"contenido"}}]}},"publishpress_future_action":{"enabled":false,"date":"2026-05-03 12:51:21","action":"change-status","newStatus":"draft","terms":[],"taxonomy":"category","extraData":[]},"publishpress_future_workflow_manual_trigger":{"enabledWorkflows":[]},"_links":{"self":[{"href":"https:\/\/futbolhoy.co\/index.php\/wp-json\/wp\/v2\/posts\/123110","targetHints":{"allow":["GET"]}}],"collection":[{"href":"https:\/\/futbolhoy.co\/index.php\/wp-json\/wp\/v2\/posts"}],"about":[{"href":"https:\/\/futbolhoy.co\/index.php\/wp-json\/wp\/v2\/types\/post"}],"author":[{"embeddable":true,"href":"https:\/\/futbolhoy.co\/index.php\/wp-json\/wp\/v2\/users\/4"}],"replies":[{"embeddable":true,"href":"https:\/\/futbolhoy.co\/index.php\/wp-json\/wp\/v2\/comments?post=123110"}],"version-history":[{"count":4,"href":"https:\/\/futbolhoy.co\/index.php\/wp-json\/wp\/v2\/posts\/123110\/revisions"}],"predecessor-version":[{"id":123115,"href":"https:\/\/futbolhoy.co\/index.php\/wp-json\/wp\/v2\/posts\/123110\/revisions\/123115"}],"wp:featuredmedia":[{"embeddable":true,"href":"https:\/\/futbolhoy.co\/index.php\/wp-json\/wp\/v2\/media\/123111"}],"wp:attachment":[{"href":"https:\/\/futbolhoy.co\/index.php\/wp-json\/wp\/v2\/media?parent=123110"}],"wp:term":[{"taxonomy":"category","embeddable":true,"href":"https:\/\/futbolhoy.co\/index.php\/wp-json\/wp\/v2\/categories?post=123110"},{"taxonomy":"post_tag","embeddable":true,"href":"https:\/\/futbolhoy.co\/index.php\/wp-json\/wp\/v2\/tags?post=123110"}],"curies":[{"name":"wp","href":"https:\/\/api.w.org\/{rel}","templated":true}]}}