{"id":123130,"date":"2025-09-13T06:56:43","date_gmt":"2025-09-13T11:56:43","guid":{"rendered":"https:\/\/futbolhoy.co\/?p=123130"},"modified":"2025-09-13T15:34:48","modified_gmt":"2025-09-13T20:34:48","slug":"dt-alfredo-arias-sobre-el-empate-con-equidad-pagamos-carisimo","status":"publish","type":"post","link":"https:\/\/futbolhoy.co\/index.php\/2025\/09\/13\/dt-alfredo-arias-sobre-el-empate-con-equidad-pagamos-carisimo\/","title":{"rendered":"DT Alfredo Arias sobre el empate con Equidad: \"pagamos car\u00edsimo\""},"content":{"rendered":"<p style=\"text-align: justify;\"><span style=\"font-family: helvetica, arial, sans-serif;\"><strong>Junior<\/strong> y Equidad empataron 1-1 en el primer compromiso de la fecha 11 de la <strong>Liga<\/strong> <strong>BetPlay<\/strong> y contin\u00faa l\u00edder con 21 puntos, uno m\u00e1s que Medell\u00edn, que no jugar\u00e1 durante el fin de semana debido al aplazamiento de su partido ante \u00c1guilas.<\/span><\/p>\n<p style=\"text-align: justify;\"><span style=\"font-family: helvetica, arial, sans-serif;\"><strong>Guillermo Paiva<\/strong> marc\u00f2 el primer gol del partido para 'El Tibur\u00f2n', y el empate asegurador lleg\u00f3 dos minutos antes del 90\u2019 desde los pies de <strong>Jovanny Bol\u00edvar<\/strong>.<\/span><\/p>\n<p style=\"text-align: justify;\"><span style=\"font-family: helvetica, arial, sans-serif;\">Con este panorama, el t\u00e9cnico<strong> Alfredo Arias<\/strong> ofreci\u00f3 su lectura del juego en rueda de prensa, y manifest\u00f3:<\/span><\/p>\n<p style=\"text-align: justify;\"><span style=\"font-family: helvetica, arial, sans-serif;\">\u201cLa explicaci\u00f3n del resultado est\u00e1 en la cantidad de goles que fallamos, en otros partidos he venido, incluso ganando, y he dicho: \u2018no jugamos bien\u2019,<strong> hoy el equipo jug\u00f3 bien<\/strong>\", aclar\u00f3.<\/span><\/p>\n<p><span style=\"font-family: helvetica, arial, sans-serif;\">\"<strong>No es f\u00e1cil<\/strong> jugar contra un rival que tiene a los once jugadores est\u00e1n en cancha propia todo el partido y una l\u00ednea de 4 o 5, m\u00e1s los 4 siguientes al borde del \u00e1rea\", explic\u00f3.<\/span><\/p>\n<p style=\"text-align: justify;\"><span style=\"font-family: helvetica, arial, sans-serif;\">\u201cLes cuesta a los equipos m\u00e1s encumbrados abrir esas defensas, nosotros la abrimos y en el primer tempo tuvimos 2 o 3 chances, en el segundo 2 o m\u00e1s y no lo liquidamos\", declar\u00f3.<\/span><\/p>\n<p style=\"text-align: justify;\"><span style=\"font-family: helvetica, arial, sans-serif;\">\"En una jugada <strong>pagamos car\u00edsimo algunos errores<\/strong>, pero hay que seguir en el camino de intentar y jugar mejor que el rival, de atacar para hacer una segunda parte del campeonato similar a la que hemos hecho y con eso vamos a estar bien\u201d, asegur\u00f3.<\/span><\/p>\n<p style=\"text-align: justify;\"><span style=\"font-family: helvetica, arial, sans-serif;\">Durante la pr\u00f3xima fecha el conjunto barranquillero visitar\u00e1 a <strong>Independiente Medell\u00edn<\/strong> en el Estadio Atanasio Girardot, el domingo 21 de septiembre desde las 6:20 pm.<\/span><\/p>\n<p style=\"text-align: justify;\"><span style=\"font-family: helvetica, arial, sans-serif;\">Adem\u00e1s, el equipo se instal\u00f3 en cuartos de final de Copa BetPlay tras superar en penaltis a Atl\u00e9tico Cali, y chocar\u00e1 ante<strong> Am\u00e9rica<\/strong> <strong>de Cali<\/strong> por un cupo a la semifinal.<\/span><\/p>\n<p style=\"text-align: justify;\"><span style=\"font-family: helvetica, arial, sans-serif;\">Sin embargo, esta fase a\u00fan no tiene fecha y hora establecida por Dimayor.<\/span><\/p>\n","protected":false},"excerpt":{"rendered":"<p>Junior y Equidad empataron 1-1 en el primer compromiso de la fecha 11 de la Liga BetPlay y contin\u00faa l\u00edder con 21 puntos, uno m\u00e1s que Medell\u00edn, que no jugar\u00e1 durante el fin de semana debido al aplazamiento de su partido ante \u00c1guilas. Guillermo Paiva marc\u00f2 el primer gol del partido para 'El Tibur\u00f2n', y [&hellip;]<\/p>\n","protected":false},"author":4,"featured_media":123131,"comment_status":"open","ping_status":"open","sticky":false,"template":"","format":"standard","meta":{"_acf_changed":false,"footnotes":""},"categories":[7],"tags":[],"class_list":{"0":"post-123130","1":"post","2":"type-post","3":"status-publish","4":"format-standard","5":"has-post-thumbnail","7":"category-liga-betplay"},"acf":[],"yoast_head":"<!-- This site is optimized with the Yoast SEO plugin v26.8 - https:\/\/yoast.com\/product\/yoast-seo-wordpress\/ -->\n<title>DT Alfredo Arias sobre el empate con Equidad: &quot;pagamos car\u00edsimo&quot; -<\/title>\n<meta name=\"robots\" content=\"index, follow, max-snippet:-1, max-image-preview:large, max-video-preview:-1\" \/>\n<link rel=\"canonical\" href=\"https:\/\/futbolhoy.co\/index.php\/2025\/09\/13\/dt-alfredo-arias-sobre-el-empate-con-equidad-pagamos-carisimo\/\" \/>\n<meta property=\"og:locale\" content=\"es_ES\" \/>\n<meta property=\"og:type\" content=\"article\" \/>\n<meta property=\"og:title\" content=\"DT Alfredo Arias sobre el empate con Equidad: &quot;pagamos car\u00edsimo&quot; -\" \/>\n<meta property=\"og:description\" content=\"Junior y Equidad empataron 1-1 en el primer compromiso de la fecha 11 de la Liga BetPlay y contin\u00faa l\u00edder con 21 puntos, uno m\u00e1s que Medell\u00edn, que no jugar\u00e1 durante el fin de semana debido al aplazamiento de su partido ante \u00c1guilas. Guillermo Paiva marc\u00f2 el primer gol del partido para &#039;El Tibur\u00f2n&#039;, y [&hellip;]\" \/>\n<meta property=\"og:url\" content=\"https:\/\/futbolhoy.co\/index.php\/2025\/09\/13\/dt-alfredo-arias-sobre-el-empate-con-equidad-pagamos-carisimo\/\" \/>\n<meta property=\"article:publisher\" content=\"https:\/\/www.facebook.com\/FutbolHoyCol\/\" \/>\n<meta property=\"article:published_time\" content=\"2025-09-13T11:56:43+00:00\" \/>\n<meta property=\"article:modified_time\" content=\"2025-09-13T20:34:48+00:00\" \/>\n<meta property=\"og:image\" content=\"https:\/\/futbolhoy.co\/wp-content\/uploads\/2025\/09\/WhatsApp-Image-2025-09-13-at-6.55.25-AM.jpeg\" \/>\n\t<meta property=\"og:image:width\" content=\"772\" \/>\n\t<meta property=\"og:image:height\" content=\"622\" \/>\n\t<meta property=\"og:image:type\" content=\"image\/jpeg\" \/>\n<meta name=\"author\" content=\"contenido\" \/>\n<meta name=\"twitter:card\" content=\"summary_large_image\" \/>\n<meta name=\"twitter:creator\" content=\"@FutbolHoyCol\" \/>\n<meta name=\"twitter:site\" content=\"@FutbolHoyCol\" \/>\n<meta name=\"twitter:label1\" content=\"Escrito por\" \/>\n\t<meta name=\"twitter:data1\" content=\"contenido\" \/>\n\t<meta name=\"twitter:label2\" content=\"Tiempo de lectura\" \/>\n\t<meta name=\"twitter:data2\" content=\"2 minutos\" \/>\n<script type=\"application\/ld+json\" class=\"yoast-schema-graph\">{\"@context\":\"https:\/\/schema.org\",\"@graph\":[{\"@type\":\"Article\",\"@id\":\"https:\/\/futbolhoy.co\/index.php\/2025\/09\/13\/dt-alfredo-arias-sobre-el-empate-con-equidad-pagamos-carisimo\/#article\",\"isPartOf\":{\"@id\":\"https:\/\/futbolhoy.co\/index.php\/2025\/09\/13\/dt-alfredo-arias-sobre-el-empate-con-equidad-pagamos-carisimo\/\"},\"author\":{\"name\":\"contenido\",\"@id\":\"https:\/\/futbolhoy.co\/#\/schema\/person\/1721b69355b6623eaff15ac7b92d4cc3\"},\"headline\":\"DT Alfredo Arias sobre el empate con Equidad: \\\"pagamos car\u00edsimo\\\"\",\"datePublished\":\"2025-09-13T11:56:43+00:00\",\"dateModified\":\"2025-09-13T20:34:48+00:00\",\"mainEntityOfPage\":{\"@id\":\"https:\/\/futbolhoy.co\/index.php\/2025\/09\/13\/dt-alfredo-arias-sobre-el-empate-con-equidad-pagamos-carisimo\/\"},\"wordCount\":324,\"commentCount\":0,\"publisher\":{\"@id\":\"https:\/\/futbolhoy.co\/#organization\"},\"image\":{\"@id\":\"https:\/\/futbolhoy.co\/index.php\/2025\/09\/13\/dt-alfredo-arias-sobre-el-empate-con-equidad-pagamos-carisimo\/#primaryimage\"},\"thumbnailUrl\":\"https:\/\/futbolhoy.co\/wp-content\/uploads\/2025\/09\/WhatsApp-Image-2025-09-13-at-6.55.25-AM.jpeg\",\"articleSection\":[\"Liga BetPlay\"],\"inLanguage\":\"es\",\"potentialAction\":[{\"@type\":\"CommentAction\",\"name\":\"Comment\",\"target\":[\"https:\/\/futbolhoy.co\/index.php\/2025\/09\/13\/dt-alfredo-arias-sobre-el-empate-con-equidad-pagamos-carisimo\/#respond\"]}]},{\"@type\":\"WebPage\",\"@id\":\"https:\/\/futbolhoy.co\/index.php\/2025\/09\/13\/dt-alfredo-arias-sobre-el-empate-con-equidad-pagamos-carisimo\/\",\"url\":\"https:\/\/futbolhoy.co\/index.php\/2025\/09\/13\/dt-alfredo-arias-sobre-el-empate-con-equidad-pagamos-carisimo\/\",\"name\":\"DT Alfredo Arias sobre el empate con Equidad: \\\"pagamos car\u00edsimo\\\" -\",\"isPartOf\":{\"@id\":\"https:\/\/futbolhoy.co\/#website\"},\"primaryImageOfPage\":{\"@id\":\"https:\/\/futbolhoy.co\/index.php\/2025\/09\/13\/dt-alfredo-arias-sobre-el-empate-con-equidad-pagamos-carisimo\/#primaryimage\"},\"image\":{\"@id\":\"https:\/\/futbolhoy.co\/index.php\/2025\/09\/13\/dt-alfredo-arias-sobre-el-empate-con-equidad-pagamos-carisimo\/#primaryimage\"},\"thumbnailUrl\":\"https:\/\/futbolhoy.co\/wp-content\/uploads\/2025\/09\/WhatsApp-Image-2025-09-13-at-6.55.25-AM.jpeg\",\"datePublished\":\"2025-09-13T11:56:43+00:00\",\"dateModified\":\"2025-09-13T20:34:48+00:00\",\"breadcrumb\":{\"@id\":\"https:\/\/futbolhoy.co\/index.php\/2025\/09\/13\/dt-alfredo-arias-sobre-el-empate-con-equidad-pagamos-carisimo\/#breadcrumb\"},\"inLanguage\":\"es\",\"potentialAction\":[{\"@type\":\"ReadAction\",\"target\":[\"https:\/\/futbolhoy.co\/index.php\/2025\/09\/13\/dt-alfredo-arias-sobre-el-empate-con-equidad-pagamos-carisimo\/\"]}]},{\"@type\":\"ImageObject\",\"inLanguage\":\"es\",\"@id\":\"https:\/\/futbolhoy.co\/index.php\/2025\/09\/13\/dt-alfredo-arias-sobre-el-empate-con-equidad-pagamos-carisimo\/#primaryimage\",\"url\":\"https:\/\/futbolhoy.co\/wp-content\/uploads\/2025\/09\/WhatsApp-Image-2025-09-13-at-6.55.25-AM.jpeg\",\"contentUrl\":\"https:\/\/futbolhoy.co\/wp-content\/uploads\/2025\/09\/WhatsApp-Image-2025-09-13-at-6.55.25-AM.jpeg\",\"width\":772,\"height\":622},{\"@type\":\"BreadcrumbList\",\"@id\":\"https:\/\/futbolhoy.co\/index.php\/2025\/09\/13\/dt-alfredo-arias-sobre-el-empate-con-equidad-pagamos-carisimo\/#breadcrumb\",\"itemListElement\":[{\"@type\":\"ListItem\",\"position\":1,\"name\":\"Portada\",\"item\":\"https:\/\/futbolhoy.co\/\"},{\"@type\":\"ListItem\",\"position\":2,\"name\":\"DT Alfredo Arias sobre el empate con Equidad: \\\"pagamos car\u00edsimo\\\"\"}]},{\"@type\":\"WebSite\",\"@id\":\"https:\/\/futbolhoy.co\/#website\",\"url\":\"https:\/\/futbolhoy.co\/\",\"name\":\"FutbolHoy\",\"description\":\"\",\"publisher\":{\"@id\":\"https:\/\/futbolhoy.co\/#organization\"},\"potentialAction\":[{\"@type\":\"SearchAction\",\"target\":{\"@type\":\"EntryPoint\",\"urlTemplate\":\"https:\/\/futbolhoy.co\/?s={search_term_string}\"},\"query-input\":{\"@type\":\"PropertyValueSpecification\",\"valueRequired\":true,\"valueName\":\"search_term_string\"}}],\"inLanguage\":\"es\"},{\"@type\":\"Organization\",\"@id\":\"https:\/\/futbolhoy.co\/#organization\",\"name\":\"Futbolhoy.co\",\"url\":\"https:\/\/futbolhoy.co\/\",\"logo\":{\"@type\":\"ImageObject\",\"inLanguage\":\"es\",\"@id\":\"https:\/\/futbolhoy.co\/#\/schema\/logo\/image\/\",\"url\":\"https:\/\/futbolhoy.co\/wp-content\/uploads\/2018\/08\/17426380_1906371736249227_6326180412931521141_n.jpg\",\"contentUrl\":\"https:\/\/futbolhoy.co\/wp-content\/uploads\/2018\/08\/17426380_1906371736249227_6326180412931521141_n.jpg\",\"width\":960,\"height\":960,\"caption\":\"Futbolhoy.co\"},\"image\":{\"@id\":\"https:\/\/futbolhoy.co\/#\/schema\/logo\/image\/\"},\"sameAs\":[\"https:\/\/www.facebook.com\/FutbolHoyCol\/\",\"https:\/\/x.com\/FutbolHoyCol\",\"https:\/\/www.instagram.com\/futbolhoycol\/\"]},{\"@type\":\"Person\",\"@id\":\"https:\/\/futbolhoy.co\/#\/schema\/person\/1721b69355b6623eaff15ac7b92d4cc3\",\"name\":\"contenido\",\"image\":{\"@type\":\"ImageObject\",\"inLanguage\":\"es\",\"@id\":\"https:\/\/futbolhoy.co\/#\/schema\/person\/image\/\",\"url\":\"https:\/\/secure.gravatar.com\/avatar\/4f656d3256f5134f466206e7c3941518?s=96&d=mm&r=g\",\"contentUrl\":\"https:\/\/secure.gravatar.com\/avatar\/4f656d3256f5134f466206e7c3941518?s=96&d=mm&r=g\",\"caption\":\"contenido\"}}]}<\/script>\n<!-- \/ Yoast SEO plugin. -->","yoast_head_json":{"title":"DT Alfredo Arias sobre el empate con Equidad: \"pagamos car\u00edsimo\" -","robots":{"index":"index","follow":"follow","max-snippet":"max-snippet:-1","max-image-preview":"max-image-preview:large","max-video-preview":"max-video-preview:-1"},"canonical":"https:\/\/futbolhoy.co\/index.php\/2025\/09\/13\/dt-alfredo-arias-sobre-el-empate-con-equidad-pagamos-carisimo\/","og_locale":"es_ES","og_type":"article","og_title":"DT Alfredo Arias sobre el empate con Equidad: \"pagamos car\u00edsimo\" -","og_description":"Junior y Equidad empataron 1-1 en el primer compromiso de la fecha 11 de la Liga BetPlay y contin\u00faa l\u00edder con 21 puntos, uno m\u00e1s que Medell\u00edn, que no jugar\u00e1 durante el fin de semana debido al aplazamiento de su partido ante \u00c1guilas. Guillermo Paiva marc\u00f2 el primer gol del partido para 'El Tibur\u00f2n', y [&hellip;]","og_url":"https:\/\/futbolhoy.co\/index.php\/2025\/09\/13\/dt-alfredo-arias-sobre-el-empate-con-equidad-pagamos-carisimo\/","article_publisher":"https:\/\/www.facebook.com\/FutbolHoyCol\/","article_published_time":"2025-09-13T11:56:43+00:00","article_modified_time":"2025-09-13T20:34:48+00:00","og_image":[{"width":772,"height":622,"url":"https:\/\/futbolhoy.co\/wp-content\/uploads\/2025\/09\/WhatsApp-Image-2025-09-13-at-6.55.25-AM.jpeg","type":"image\/jpeg"}],"author":"contenido","twitter_card":"summary_large_image","twitter_creator":"@FutbolHoyCol","twitter_site":"@FutbolHoyCol","twitter_misc":{"Escrito por":"contenido","Tiempo de lectura":"2 minutos"},"schema":{"@context":"https:\/\/schema.org","@graph":[{"@type":"Article","@id":"https:\/\/futbolhoy.co\/index.php\/2025\/09\/13\/dt-alfredo-arias-sobre-el-empate-con-equidad-pagamos-carisimo\/#article","isPartOf":{"@id":"https:\/\/futbolhoy.co\/index.php\/2025\/09\/13\/dt-alfredo-arias-sobre-el-empate-con-equidad-pagamos-carisimo\/"},"author":{"name":"contenido","@id":"https:\/\/futbolhoy.co\/#\/schema\/person\/1721b69355b6623eaff15ac7b92d4cc3"},"headline":"DT Alfredo Arias sobre el empate con Equidad: \"pagamos car\u00edsimo\"","datePublished":"2025-09-13T11:56:43+00:00","dateModified":"2025-09-13T20:34:48+00:00","mainEntityOfPage":{"@id":"https:\/\/futbolhoy.co\/index.php\/2025\/09\/13\/dt-alfredo-arias-sobre-el-empate-con-equidad-pagamos-carisimo\/"},"wordCount":324,"commentCount":0,"publisher":{"@id":"https:\/\/futbolhoy.co\/#organization"},"image":{"@id":"https:\/\/futbolhoy.co\/index.php\/2025\/09\/13\/dt-alfredo-arias-sobre-el-empate-con-equidad-pagamos-carisimo\/#primaryimage"},"thumbnailUrl":"https:\/\/futbolhoy.co\/wp-content\/uploads\/2025\/09\/WhatsApp-Image-2025-09-13-at-6.55.25-AM.jpeg","articleSection":["Liga BetPlay"],"inLanguage":"es","potentialAction":[{"@type":"CommentAction","name":"Comment","target":["https:\/\/futbolhoy.co\/index.php\/2025\/09\/13\/dt-alfredo-arias-sobre-el-empate-con-equidad-pagamos-carisimo\/#respond"]}]},{"@type":"WebPage","@id":"https:\/\/futbolhoy.co\/index.php\/2025\/09\/13\/dt-alfredo-arias-sobre-el-empate-con-equidad-pagamos-carisimo\/","url":"https:\/\/futbolhoy.co\/index.php\/2025\/09\/13\/dt-alfredo-arias-sobre-el-empate-con-equidad-pagamos-carisimo\/","name":"DT Alfredo Arias sobre el empate con Equidad: \"pagamos car\u00edsimo\" -","isPartOf":{"@id":"https:\/\/futbolhoy.co\/#website"},"primaryImageOfPage":{"@id":"https:\/\/futbolhoy.co\/index.php\/2025\/09\/13\/dt-alfredo-arias-sobre-el-empate-con-equidad-pagamos-carisimo\/#primaryimage"},"image":{"@id":"https:\/\/futbolhoy.co\/index.php\/2025\/09\/13\/dt-alfredo-arias-sobre-el-empate-con-equidad-pagamos-carisimo\/#primaryimage"},"thumbnailUrl":"https:\/\/futbolhoy.co\/wp-content\/uploads\/2025\/09\/WhatsApp-Image-2025-09-13-at-6.55.25-AM.jpeg","datePublished":"2025-09-13T11:56:43+00:00","dateModified":"2025-09-13T20:34:48+00:00","breadcrumb":{"@id":"https:\/\/futbolhoy.co\/index.php\/2025\/09\/13\/dt-alfredo-arias-sobre-el-empate-con-equidad-pagamos-carisimo\/#breadcrumb"},"inLanguage":"es","potentialAction":[{"@type":"ReadAction","target":["https:\/\/futbolhoy.co\/index.php\/2025\/09\/13\/dt-alfredo-arias-sobre-el-empate-con-equidad-pagamos-carisimo\/"]}]},{"@type":"ImageObject","inLanguage":"es","@id":"https:\/\/futbolhoy.co\/index.php\/2025\/09\/13\/dt-alfredo-arias-sobre-el-empate-con-equidad-pagamos-carisimo\/#primaryimage","url":"https:\/\/futbolhoy.co\/wp-content\/uploads\/2025\/09\/WhatsApp-Image-2025-09-13-at-6.55.25-AM.jpeg","contentUrl":"https:\/\/futbolhoy.co\/wp-content\/uploads\/2025\/09\/WhatsApp-Image-2025-09-13-at-6.55.25-AM.jpeg","width":772,"height":622},{"@type":"BreadcrumbList","@id":"https:\/\/futbolhoy.co\/index.php\/2025\/09\/13\/dt-alfredo-arias-sobre-el-empate-con-equidad-pagamos-carisimo\/#breadcrumb","itemListElement":[{"@type":"ListItem","position":1,"name":"Portada","item":"https:\/\/futbolhoy.co\/"},{"@type":"ListItem","position":2,"name":"DT Alfredo Arias sobre el empate con Equidad: \"pagamos car\u00edsimo\""}]},{"@type":"WebSite","@id":"https:\/\/futbolhoy.co\/#website","url":"https:\/\/futbolhoy.co\/","name":"FutbolHoy","description":"","publisher":{"@id":"https:\/\/futbolhoy.co\/#organization"},"potentialAction":[{"@type":"SearchAction","target":{"@type":"EntryPoint","urlTemplate":"https:\/\/futbolhoy.co\/?s={search_term_string}"},"query-input":{"@type":"PropertyValueSpecification","valueRequired":true,"valueName":"search_term_string"}}],"inLanguage":"es"},{"@type":"Organization","@id":"https:\/\/futbolhoy.co\/#organization","name":"Futbolhoy.co","url":"https:\/\/futbolhoy.co\/","logo":{"@type":"ImageObject","inLanguage":"es","@id":"https:\/\/futbolhoy.co\/#\/schema\/logo\/image\/","url":"https:\/\/futbolhoy.co\/wp-content\/uploads\/2018\/08\/17426380_1906371736249227_6326180412931521141_n.jpg","contentUrl":"https:\/\/futbolhoy.co\/wp-content\/uploads\/2018\/08\/17426380_1906371736249227_6326180412931521141_n.jpg","width":960,"height":960,"caption":"Futbolhoy.co"},"image":{"@id":"https:\/\/futbolhoy.co\/#\/schema\/logo\/image\/"},"sameAs":["https:\/\/www.facebook.com\/FutbolHoyCol\/","https:\/\/x.com\/FutbolHoyCol","https:\/\/www.instagram.com\/futbolhoycol\/"]},{"@type":"Person","@id":"https:\/\/futbolhoy.co\/#\/schema\/person\/1721b69355b6623eaff15ac7b92d4cc3","name":"contenido","image":{"@type":"ImageObject","inLanguage":"es","@id":"https:\/\/futbolhoy.co\/#\/schema\/person\/image\/","url":"https:\/\/secure.gravatar.com\/avatar\/4f656d3256f5134f466206e7c3941518?s=96&d=mm&r=g","contentUrl":"https:\/\/secure.gravatar.com\/avatar\/4f656d3256f5134f466206e7c3941518?s=96&d=mm&r=g","caption":"contenido"}}]}},"publishpress_future_action":{"enabled":false,"date":"2026-05-03 06:36:01","action":"change-status","newStatus":"draft","terms":[],"taxonomy":"category","extraData":[]},"publishpress_future_workflow_manual_trigger":{"enabledWorkflows":[]},"_links":{"self":[{"href":"https:\/\/futbolhoy.co\/index.php\/wp-json\/wp\/v2\/posts\/123130","targetHints":{"allow":["GET"]}}],"collection":[{"href":"https:\/\/futbolhoy.co\/index.php\/wp-json\/wp\/v2\/posts"}],"about":[{"href":"https:\/\/futbolhoy.co\/index.php\/wp-json\/wp\/v2\/types\/post"}],"author":[{"embeddable":true,"href":"https:\/\/futbolhoy.co\/index.php\/wp-json\/wp\/v2\/users\/4"}],"replies":[{"embeddable":true,"href":"https:\/\/futbolhoy.co\/index.php\/wp-json\/wp\/v2\/comments?post=123130"}],"version-history":[{"count":3,"href":"https:\/\/futbolhoy.co\/index.php\/wp-json\/wp\/v2\/posts\/123130\/revisions"}],"predecessor-version":[{"id":123134,"href":"https:\/\/futbolhoy.co\/index.php\/wp-json\/wp\/v2\/posts\/123130\/revisions\/123134"}],"wp:featuredmedia":[{"embeddable":true,"href":"https:\/\/futbolhoy.co\/index.php\/wp-json\/wp\/v2\/media\/123131"}],"wp:attachment":[{"href":"https:\/\/futbolhoy.co\/index.php\/wp-json\/wp\/v2\/media?parent=123130"}],"wp:term":[{"taxonomy":"category","embeddable":true,"href":"https:\/\/futbolhoy.co\/index.php\/wp-json\/wp\/v2\/categories?post=123130"},{"taxonomy":"post_tag","embeddable":true,"href":"https:\/\/futbolhoy.co\/index.php\/wp-json\/wp\/v2\/tags?post=123130"}],"curies":[{"name":"wp","href":"https:\/\/api.w.org\/{rel}","templated":true}]}}