{"id":123154,"date":"2025-09-13T08:24:18","date_gmt":"2025-09-13T13:24:18","guid":{"rendered":"https:\/\/futbolhoy.co\/?p=123154"},"modified":"2025-09-13T17:45:03","modified_gmt":"2025-09-13T22:45:03","slug":"seleccion-colombia-sub-20-confirmo-amistosos-ante-mexico-y-paraguay","status":"publish","type":"post","link":"https:\/\/futbolhoy.co\/index.php\/2025\/09\/13\/seleccion-colombia-sub-20-confirmo-amistosos-ante-mexico-y-paraguay\/","title":{"rendered":"Selecci\u00f3n Colombia Sub 20 confirm\u00f3 amistosos ante M\u00e9xico y Paraguay"},"content":{"rendered":"<p style=\"text-align: justify;\"><span style=\"font-family: helvetica, arial, sans-serif;\">El combinado nacional, dirigido por el t\u00e9cnico<strong> C\u00e9sar Torres<\/strong>, viajar\u00e1 este s\u00e1bado 13 de septiembre a Paraguay para completar su preparaci\u00f3n antes del debut en la Copa del Mundo.<\/span><\/p>\n<p style=\"text-align: justify;\"><span style=\"font-family: helvetica, arial, sans-serif;\">Este certamen comenzar\u00e1 el <strong>27 de septiembre<\/strong> y finalizar\u00e1 el 19 de octubre de 2025.<\/span><\/p>\n<p style=\"text-align: justify;\"><span style=\"font-family: helvetica, arial, sans-serif;\">De esta manera, la <strong>Selecci\u00f3n Colombia Masculina Sub-20<\/strong> disputar\u00e1 dos encuentros amistosos internacionales frente a sus hom\u00f3logas de Paraguay y M\u00e9xico en Asunci\u00f3n.<\/span><\/p>\n<p style=\"text-align: justify;\"><span style=\"font-family: helvetica, arial, sans-serif;\">A continuaci\u00f3n la informaci\u00f3n completa y actualizada de los compromisos:<\/span><\/p>\n<blockquote class=\"twitter-tweet\">\n<p dir=\"ltr\" lang=\"es\">\ud835\uddd4\ud835\uddfa\ud835\uddf6\ud835\ude00\ud835\ude01\ud835\uddfc\ud835\ude00\ud835\uddfc\ud835\ude00 \ud835\uddf6\ud835\uddfb\ud835\ude01\ud835\uddf2\ud835\uddff\ud835\uddfb\ud835\uddee\ud835\uddf0\ud835\uddf6\ud835\uddfc\ud835\uddfb\ud835\uddee\ud835\uddf9\ud835\uddf2\ud835\ude00: \ud835\uddf9\ud835\uddee \ud835\udde6\ud835\uddf2\ud835\uddf9\ud835\uddf2\ud835\uddf0\ud835\uddf0\ud835\uddf6\ud835\uddfc\u0301\ud835\uddfb \ud835\uddd6\ud835\uddfc\ud835\uddf9\ud835\uddfc\ud835\uddfa\ud835\uddef\ud835\uddf6\ud835\uddee \ud835\udde0\ud835\uddee\ud835\ude00\ud835\uddf0\ud835\ude02\ud835\uddf9\ud835\uddf6\ud835\uddfb\ud835\uddee \ud835\udde6\ud835\ude02\ud835\uddef\ud835\udfee\ud835\udfec \ud835\uddf0\ud835\uddfc\ud835\uddfa\ud835\uddfd\ud835\uddf2\ud835\ude01\ud835\uddf6\ud835\uddff\ud835\uddee\u0301 \ud835\uddee\ud835\uddfb\ud835\ude01\ud835\uddf2 \ud835\udde3\ud835\uddee\ud835\uddff\ud835\uddee\ud835\uddf4\ud835\ude02\ud835\uddee\ud835\ude06 \ud835\ude06 \ud835\udde0\ud835\uddf2\u0301\ud835\ude05\ud835\uddf6\ud835\uddf0\ud835\uddfc, \ud835\uddfd\ud835\uddff\ud835\uddf2\ud835\ude03\ud835\uddf6\ud835\uddfc \ud835\uddee \ud835\uddf9\ud835\uddee \ud835\uddd6\ud835\uddfc\ud835\uddfd\ud835\uddee \ud835\udde0\ud835\ude02\ud835\uddfb\ud835\uddf1\ud835\uddf6\ud835\uddee\ud835\uddf9 \ud835\uddf1\ud835\uddf2 \ud835\uddf9\ud835\uddee \ud835\uddd9\ud835\udddc\ud835\uddd9\ud835\uddd4 \ud835\uddd6\ud835\uddf5\ud835\uddf6\ud835\uddf9\ud835\uddf2 \ud835\udfee\ud835\udfec\ud835\udfee\ud835\udff1 \ud83d\udd1c\ud83c\udfc6\u2026 <a href=\"https:\/\/t.co\/hpc2D5eGNs\">pic.twitter.com\/hpc2D5eGNs<\/a><\/p>\n<p>\u2014 Selecci\u00f3n Colombia (@FCFSeleccionCol) <a href=\"https:\/\/twitter.com\/FCFSeleccionCol\/status\/1966835640030412934?ref_src=twsrc%5Etfw\">September 13, 2025<\/a><\/p><\/blockquote>\n<h4 style=\"text-align: justify;\"><script async src=\"https:\/\/platform.twitter.com\/widgets.js\" charset=\"utf-8\"><\/script><span style=\"font-family: helvetica, arial, sans-serif;\">Mi\u00e9rcoles 17 de septiembre<\/span><\/h4>\n<ul style=\"text-align: justify;\">\n<li><span style=\"font-family: helvetica, arial, sans-serif;\">Selecci\u00f3n Colombia Masculina Sub-20 vs. Paraguay<\/span><\/li>\n<\/ul>\n<p style=\"text-align: justify;\"><span style=\"font-family: helvetica, arial, sans-serif;\">Hora: 4:00 p.m (HORA COL)<\/span><\/p>\n<p style=\"text-align: justify;\"><span style=\"font-family: helvetica, arial, sans-serif;\">Lugar: Carfem, Ypan\u00e9, Paraguay<\/span><\/p>\n<h4 style=\"text-align: justify;\"><span style=\"font-family: helvetica, arial, sans-serif;\">Martes 23 de septiembre<\/span><\/h4>\n<ul style=\"text-align: justify;\">\n<li><span style=\"font-family: helvetica, arial, sans-serif;\">Selecci\u00f3n Colombia Masculina Sub-20 vs. M\u00e9xico<\/span><\/li>\n<\/ul>\n<p style=\"text-align: justify;\"><span style=\"font-family: helvetica, arial, sans-serif;\">Hora: Por confirmar<\/span><\/p>\n<p style=\"text-align: justify;\"><span style=\"font-family: helvetica, arial, sans-serif;\">Lugar: Carfem, Ypan\u00e9, Paraguay<\/span><\/p>\n","protected":false},"excerpt":{"rendered":"<p>El combinado nacional, dirigido por el t\u00e9cnico C\u00e9sar Torres, viajar\u00e1 este s\u00e1bado 13 de septiembre a Paraguay para completar su preparaci\u00f3n antes del debut en la Copa del Mundo. Este certamen comenzar\u00e1 el 27 de septiembre y finalizar\u00e1 el 19 de octubre de 2025. De esta manera, la Selecci\u00f3n Colombia Masculina Sub-20 disputar\u00e1 dos encuentros [&hellip;]<\/p>\n","protected":false},"author":4,"featured_media":123155,"comment_status":"open","ping_status":"open","sticky":false,"template":"","format":"standard","meta":{"_acf_changed":false,"footnotes":""},"categories":[153],"tags":[],"class_list":{"0":"post-123154","1":"post","2":"type-post","3":"status-publish","4":"format-standard","5":"has-post-thumbnail","7":"category-selecion-colombia"},"acf":[],"yoast_head":"<!-- This site is optimized with the Yoast SEO plugin v26.8 - https:\/\/yoast.com\/product\/yoast-seo-wordpress\/ -->\n<title>Selecci\u00f3n Colombia Sub 20 confirm\u00f3 amistosos ante M\u00e9xico y Paraguay -<\/title>\n<meta name=\"robots\" content=\"index, follow, max-snippet:-1, max-image-preview:large, max-video-preview:-1\" \/>\n<link rel=\"canonical\" href=\"https:\/\/futbolhoy.co\/index.php\/2025\/09\/13\/seleccion-colombia-sub-20-confirmo-amistosos-ante-mexico-y-paraguay\/\" \/>\n<meta property=\"og:locale\" content=\"es_ES\" \/>\n<meta property=\"og:type\" content=\"article\" \/>\n<meta property=\"og:title\" content=\"Selecci\u00f3n Colombia Sub 20 confirm\u00f3 amistosos ante M\u00e9xico y Paraguay -\" \/>\n<meta property=\"og:description\" content=\"El combinado nacional, dirigido por el t\u00e9cnico C\u00e9sar Torres, viajar\u00e1 este s\u00e1bado 13 de septiembre a Paraguay para completar su preparaci\u00f3n antes del debut en la Copa del Mundo. Este certamen comenzar\u00e1 el 27 de septiembre y finalizar\u00e1 el 19 de octubre de 2025. De esta manera, la Selecci\u00f3n Colombia Masculina Sub-20 disputar\u00e1 dos encuentros [&hellip;]\" \/>\n<meta property=\"og:url\" content=\"https:\/\/futbolhoy.co\/index.php\/2025\/09\/13\/seleccion-colombia-sub-20-confirmo-amistosos-ante-mexico-y-paraguay\/\" \/>\n<meta property=\"article:publisher\" content=\"https:\/\/www.facebook.com\/FutbolHoyCol\/\" \/>\n<meta property=\"article:published_time\" content=\"2025-09-13T13:24:18+00:00\" \/>\n<meta property=\"article:modified_time\" content=\"2025-09-13T22:45:03+00:00\" \/>\n<meta property=\"og:image\" content=\"https:\/\/futbolhoy.co\/wp-content\/uploads\/2025\/09\/WhatsApp-Image-2025-09-13-at-8.21.39-AM.jpeg\" \/>\n\t<meta property=\"og:image:width\" content=\"551\" \/>\n\t<meta property=\"og:image:height\" content=\"297\" \/>\n\t<meta property=\"og:image:type\" content=\"image\/jpeg\" \/>\n<meta name=\"author\" content=\"contenido\" \/>\n<meta name=\"twitter:card\" content=\"summary_large_image\" \/>\n<meta name=\"twitter:creator\" content=\"@FutbolHoyCol\" \/>\n<meta name=\"twitter:site\" content=\"@FutbolHoyCol\" \/>\n<meta name=\"twitter:label1\" content=\"Escrito por\" \/>\n\t<meta name=\"twitter:data1\" content=\"contenido\" \/>\n\t<meta name=\"twitter:label2\" content=\"Tiempo de lectura\" \/>\n\t<meta name=\"twitter:data2\" content=\"1 minuto\" \/>\n<script type=\"application\/ld+json\" class=\"yoast-schema-graph\">{\"@context\":\"https:\/\/schema.org\",\"@graph\":[{\"@type\":\"Article\",\"@id\":\"https:\/\/futbolhoy.co\/index.php\/2025\/09\/13\/seleccion-colombia-sub-20-confirmo-amistosos-ante-mexico-y-paraguay\/#article\",\"isPartOf\":{\"@id\":\"https:\/\/futbolhoy.co\/index.php\/2025\/09\/13\/seleccion-colombia-sub-20-confirmo-amistosos-ante-mexico-y-paraguay\/\"},\"author\":{\"name\":\"contenido\",\"@id\":\"https:\/\/futbolhoy.co\/#\/schema\/person\/1721b69355b6623eaff15ac7b92d4cc3\"},\"headline\":\"Selecci\u00f3n Colombia Sub 20 confirm\u00f3 amistosos ante M\u00e9xico y Paraguay\",\"datePublished\":\"2025-09-13T13:24:18+00:00\",\"dateModified\":\"2025-09-13T22:45:03+00:00\",\"mainEntityOfPage\":{\"@id\":\"https:\/\/futbolhoy.co\/index.php\/2025\/09\/13\/seleccion-colombia-sub-20-confirmo-amistosos-ante-mexico-y-paraguay\/\"},\"wordCount\":143,\"commentCount\":0,\"publisher\":{\"@id\":\"https:\/\/futbolhoy.co\/#organization\"},\"image\":{\"@id\":\"https:\/\/futbolhoy.co\/index.php\/2025\/09\/13\/seleccion-colombia-sub-20-confirmo-amistosos-ante-mexico-y-paraguay\/#primaryimage\"},\"thumbnailUrl\":\"https:\/\/futbolhoy.co\/wp-content\/uploads\/2025\/09\/WhatsApp-Image-2025-09-13-at-8.21.39-AM.jpeg\",\"articleSection\":[\"Selecci\u00f3n Colombia\"],\"inLanguage\":\"es\",\"potentialAction\":[{\"@type\":\"CommentAction\",\"name\":\"Comment\",\"target\":[\"https:\/\/futbolhoy.co\/index.php\/2025\/09\/13\/seleccion-colombia-sub-20-confirmo-amistosos-ante-mexico-y-paraguay\/#respond\"]}]},{\"@type\":\"WebPage\",\"@id\":\"https:\/\/futbolhoy.co\/index.php\/2025\/09\/13\/seleccion-colombia-sub-20-confirmo-amistosos-ante-mexico-y-paraguay\/\",\"url\":\"https:\/\/futbolhoy.co\/index.php\/2025\/09\/13\/seleccion-colombia-sub-20-confirmo-amistosos-ante-mexico-y-paraguay\/\",\"name\":\"Selecci\u00f3n Colombia Sub 20 confirm\u00f3 amistosos ante M\u00e9xico y Paraguay -\",\"isPartOf\":{\"@id\":\"https:\/\/futbolhoy.co\/#website\"},\"primaryImageOfPage\":{\"@id\":\"https:\/\/futbolhoy.co\/index.php\/2025\/09\/13\/seleccion-colombia-sub-20-confirmo-amistosos-ante-mexico-y-paraguay\/#primaryimage\"},\"image\":{\"@id\":\"https:\/\/futbolhoy.co\/index.php\/2025\/09\/13\/seleccion-colombia-sub-20-confirmo-amistosos-ante-mexico-y-paraguay\/#primaryimage\"},\"thumbnailUrl\":\"https:\/\/futbolhoy.co\/wp-content\/uploads\/2025\/09\/WhatsApp-Image-2025-09-13-at-8.21.39-AM.jpeg\",\"datePublished\":\"2025-09-13T13:24:18+00:00\",\"dateModified\":\"2025-09-13T22:45:03+00:00\",\"breadcrumb\":{\"@id\":\"https:\/\/futbolhoy.co\/index.php\/2025\/09\/13\/seleccion-colombia-sub-20-confirmo-amistosos-ante-mexico-y-paraguay\/#breadcrumb\"},\"inLanguage\":\"es\",\"potentialAction\":[{\"@type\":\"ReadAction\",\"target\":[\"https:\/\/futbolhoy.co\/index.php\/2025\/09\/13\/seleccion-colombia-sub-20-confirmo-amistosos-ante-mexico-y-paraguay\/\"]}]},{\"@type\":\"ImageObject\",\"inLanguage\":\"es\",\"@id\":\"https:\/\/futbolhoy.co\/index.php\/2025\/09\/13\/seleccion-colombia-sub-20-confirmo-amistosos-ante-mexico-y-paraguay\/#primaryimage\",\"url\":\"https:\/\/futbolhoy.co\/wp-content\/uploads\/2025\/09\/WhatsApp-Image-2025-09-13-at-8.21.39-AM.jpeg\",\"contentUrl\":\"https:\/\/futbolhoy.co\/wp-content\/uploads\/2025\/09\/WhatsApp-Image-2025-09-13-at-8.21.39-AM.jpeg\",\"width\":551,\"height\":297},{\"@type\":\"BreadcrumbList\",\"@id\":\"https:\/\/futbolhoy.co\/index.php\/2025\/09\/13\/seleccion-colombia-sub-20-confirmo-amistosos-ante-mexico-y-paraguay\/#breadcrumb\",\"itemListElement\":[{\"@type\":\"ListItem\",\"position\":1,\"name\":\"Portada\",\"item\":\"https:\/\/futbolhoy.co\/\"},{\"@type\":\"ListItem\",\"position\":2,\"name\":\"Selecci\u00f3n Colombia Sub 20 confirm\u00f3 amistosos ante M\u00e9xico y Paraguay\"}]},{\"@type\":\"WebSite\",\"@id\":\"https:\/\/futbolhoy.co\/#website\",\"url\":\"https:\/\/futbolhoy.co\/\",\"name\":\"FutbolHoy\",\"description\":\"\",\"publisher\":{\"@id\":\"https:\/\/futbolhoy.co\/#organization\"},\"potentialAction\":[{\"@type\":\"SearchAction\",\"target\":{\"@type\":\"EntryPoint\",\"urlTemplate\":\"https:\/\/futbolhoy.co\/?s={search_term_string}\"},\"query-input\":{\"@type\":\"PropertyValueSpecification\",\"valueRequired\":true,\"valueName\":\"search_term_string\"}}],\"inLanguage\":\"es\"},{\"@type\":\"Organization\",\"@id\":\"https:\/\/futbolhoy.co\/#organization\",\"name\":\"Futbolhoy.co\",\"url\":\"https:\/\/futbolhoy.co\/\",\"logo\":{\"@type\":\"ImageObject\",\"inLanguage\":\"es\",\"@id\":\"https:\/\/futbolhoy.co\/#\/schema\/logo\/image\/\",\"url\":\"https:\/\/futbolhoy.co\/wp-content\/uploads\/2018\/08\/17426380_1906371736249227_6326180412931521141_n.jpg\",\"contentUrl\":\"https:\/\/futbolhoy.co\/wp-content\/uploads\/2018\/08\/17426380_1906371736249227_6326180412931521141_n.jpg\",\"width\":960,\"height\":960,\"caption\":\"Futbolhoy.co\"},\"image\":{\"@id\":\"https:\/\/futbolhoy.co\/#\/schema\/logo\/image\/\"},\"sameAs\":[\"https:\/\/www.facebook.com\/FutbolHoyCol\/\",\"https:\/\/x.com\/FutbolHoyCol\",\"https:\/\/www.instagram.com\/futbolhoycol\/\"]},{\"@type\":\"Person\",\"@id\":\"https:\/\/futbolhoy.co\/#\/schema\/person\/1721b69355b6623eaff15ac7b92d4cc3\",\"name\":\"contenido\",\"image\":{\"@type\":\"ImageObject\",\"inLanguage\":\"es\",\"@id\":\"https:\/\/futbolhoy.co\/#\/schema\/person\/image\/\",\"url\":\"https:\/\/secure.gravatar.com\/avatar\/4f656d3256f5134f466206e7c3941518?s=96&d=mm&r=g\",\"contentUrl\":\"https:\/\/secure.gravatar.com\/avatar\/4f656d3256f5134f466206e7c3941518?s=96&d=mm&r=g\",\"caption\":\"contenido\"}}]}<\/script>\n<!-- \/ Yoast SEO plugin. -->","yoast_head_json":{"title":"Selecci\u00f3n Colombia Sub 20 confirm\u00f3 amistosos ante M\u00e9xico y Paraguay -","robots":{"index":"index","follow":"follow","max-snippet":"max-snippet:-1","max-image-preview":"max-image-preview:large","max-video-preview":"max-video-preview:-1"},"canonical":"https:\/\/futbolhoy.co\/index.php\/2025\/09\/13\/seleccion-colombia-sub-20-confirmo-amistosos-ante-mexico-y-paraguay\/","og_locale":"es_ES","og_type":"article","og_title":"Selecci\u00f3n Colombia Sub 20 confirm\u00f3 amistosos ante M\u00e9xico y Paraguay -","og_description":"El combinado nacional, dirigido por el t\u00e9cnico C\u00e9sar Torres, viajar\u00e1 este s\u00e1bado 13 de septiembre a Paraguay para completar su preparaci\u00f3n antes del debut en la Copa del Mundo. Este certamen comenzar\u00e1 el 27 de septiembre y finalizar\u00e1 el 19 de octubre de 2025. De esta manera, la Selecci\u00f3n Colombia Masculina Sub-20 disputar\u00e1 dos encuentros [&hellip;]","og_url":"https:\/\/futbolhoy.co\/index.php\/2025\/09\/13\/seleccion-colombia-sub-20-confirmo-amistosos-ante-mexico-y-paraguay\/","article_publisher":"https:\/\/www.facebook.com\/FutbolHoyCol\/","article_published_time":"2025-09-13T13:24:18+00:00","article_modified_time":"2025-09-13T22:45:03+00:00","og_image":[{"width":551,"height":297,"url":"https:\/\/futbolhoy.co\/wp-content\/uploads\/2025\/09\/WhatsApp-Image-2025-09-13-at-8.21.39-AM.jpeg","type":"image\/jpeg"}],"author":"contenido","twitter_card":"summary_large_image","twitter_creator":"@FutbolHoyCol","twitter_site":"@FutbolHoyCol","twitter_misc":{"Escrito por":"contenido","Tiempo de lectura":"1 minuto"},"schema":{"@context":"https:\/\/schema.org","@graph":[{"@type":"Article","@id":"https:\/\/futbolhoy.co\/index.php\/2025\/09\/13\/seleccion-colombia-sub-20-confirmo-amistosos-ante-mexico-y-paraguay\/#article","isPartOf":{"@id":"https:\/\/futbolhoy.co\/index.php\/2025\/09\/13\/seleccion-colombia-sub-20-confirmo-amistosos-ante-mexico-y-paraguay\/"},"author":{"name":"contenido","@id":"https:\/\/futbolhoy.co\/#\/schema\/person\/1721b69355b6623eaff15ac7b92d4cc3"},"headline":"Selecci\u00f3n Colombia Sub 20 confirm\u00f3 amistosos ante M\u00e9xico y Paraguay","datePublished":"2025-09-13T13:24:18+00:00","dateModified":"2025-09-13T22:45:03+00:00","mainEntityOfPage":{"@id":"https:\/\/futbolhoy.co\/index.php\/2025\/09\/13\/seleccion-colombia-sub-20-confirmo-amistosos-ante-mexico-y-paraguay\/"},"wordCount":143,"commentCount":0,"publisher":{"@id":"https:\/\/futbolhoy.co\/#organization"},"image":{"@id":"https:\/\/futbolhoy.co\/index.php\/2025\/09\/13\/seleccion-colombia-sub-20-confirmo-amistosos-ante-mexico-y-paraguay\/#primaryimage"},"thumbnailUrl":"https:\/\/futbolhoy.co\/wp-content\/uploads\/2025\/09\/WhatsApp-Image-2025-09-13-at-8.21.39-AM.jpeg","articleSection":["Selecci\u00f3n Colombia"],"inLanguage":"es","potentialAction":[{"@type":"CommentAction","name":"Comment","target":["https:\/\/futbolhoy.co\/index.php\/2025\/09\/13\/seleccion-colombia-sub-20-confirmo-amistosos-ante-mexico-y-paraguay\/#respond"]}]},{"@type":"WebPage","@id":"https:\/\/futbolhoy.co\/index.php\/2025\/09\/13\/seleccion-colombia-sub-20-confirmo-amistosos-ante-mexico-y-paraguay\/","url":"https:\/\/futbolhoy.co\/index.php\/2025\/09\/13\/seleccion-colombia-sub-20-confirmo-amistosos-ante-mexico-y-paraguay\/","name":"Selecci\u00f3n Colombia Sub 20 confirm\u00f3 amistosos ante M\u00e9xico y Paraguay -","isPartOf":{"@id":"https:\/\/futbolhoy.co\/#website"},"primaryImageOfPage":{"@id":"https:\/\/futbolhoy.co\/index.php\/2025\/09\/13\/seleccion-colombia-sub-20-confirmo-amistosos-ante-mexico-y-paraguay\/#primaryimage"},"image":{"@id":"https:\/\/futbolhoy.co\/index.php\/2025\/09\/13\/seleccion-colombia-sub-20-confirmo-amistosos-ante-mexico-y-paraguay\/#primaryimage"},"thumbnailUrl":"https:\/\/futbolhoy.co\/wp-content\/uploads\/2025\/09\/WhatsApp-Image-2025-09-13-at-8.21.39-AM.jpeg","datePublished":"2025-09-13T13:24:18+00:00","dateModified":"2025-09-13T22:45:03+00:00","breadcrumb":{"@id":"https:\/\/futbolhoy.co\/index.php\/2025\/09\/13\/seleccion-colombia-sub-20-confirmo-amistosos-ante-mexico-y-paraguay\/#breadcrumb"},"inLanguage":"es","potentialAction":[{"@type":"ReadAction","target":["https:\/\/futbolhoy.co\/index.php\/2025\/09\/13\/seleccion-colombia-sub-20-confirmo-amistosos-ante-mexico-y-paraguay\/"]}]},{"@type":"ImageObject","inLanguage":"es","@id":"https:\/\/futbolhoy.co\/index.php\/2025\/09\/13\/seleccion-colombia-sub-20-confirmo-amistosos-ante-mexico-y-paraguay\/#primaryimage","url":"https:\/\/futbolhoy.co\/wp-content\/uploads\/2025\/09\/WhatsApp-Image-2025-09-13-at-8.21.39-AM.jpeg","contentUrl":"https:\/\/futbolhoy.co\/wp-content\/uploads\/2025\/09\/WhatsApp-Image-2025-09-13-at-8.21.39-AM.jpeg","width":551,"height":297},{"@type":"BreadcrumbList","@id":"https:\/\/futbolhoy.co\/index.php\/2025\/09\/13\/seleccion-colombia-sub-20-confirmo-amistosos-ante-mexico-y-paraguay\/#breadcrumb","itemListElement":[{"@type":"ListItem","position":1,"name":"Portada","item":"https:\/\/futbolhoy.co\/"},{"@type":"ListItem","position":2,"name":"Selecci\u00f3n Colombia Sub 20 confirm\u00f3 amistosos ante M\u00e9xico y Paraguay"}]},{"@type":"WebSite","@id":"https:\/\/futbolhoy.co\/#website","url":"https:\/\/futbolhoy.co\/","name":"FutbolHoy","description":"","publisher":{"@id":"https:\/\/futbolhoy.co\/#organization"},"potentialAction":[{"@type":"SearchAction","target":{"@type":"EntryPoint","urlTemplate":"https:\/\/futbolhoy.co\/?s={search_term_string}"},"query-input":{"@type":"PropertyValueSpecification","valueRequired":true,"valueName":"search_term_string"}}],"inLanguage":"es"},{"@type":"Organization","@id":"https:\/\/futbolhoy.co\/#organization","name":"Futbolhoy.co","url":"https:\/\/futbolhoy.co\/","logo":{"@type":"ImageObject","inLanguage":"es","@id":"https:\/\/futbolhoy.co\/#\/schema\/logo\/image\/","url":"https:\/\/futbolhoy.co\/wp-content\/uploads\/2018\/08\/17426380_1906371736249227_6326180412931521141_n.jpg","contentUrl":"https:\/\/futbolhoy.co\/wp-content\/uploads\/2018\/08\/17426380_1906371736249227_6326180412931521141_n.jpg","width":960,"height":960,"caption":"Futbolhoy.co"},"image":{"@id":"https:\/\/futbolhoy.co\/#\/schema\/logo\/image\/"},"sameAs":["https:\/\/www.facebook.com\/FutbolHoyCol\/","https:\/\/x.com\/FutbolHoyCol","https:\/\/www.instagram.com\/futbolhoycol\/"]},{"@type":"Person","@id":"https:\/\/futbolhoy.co\/#\/schema\/person\/1721b69355b6623eaff15ac7b92d4cc3","name":"contenido","image":{"@type":"ImageObject","inLanguage":"es","@id":"https:\/\/futbolhoy.co\/#\/schema\/person\/image\/","url":"https:\/\/secure.gravatar.com\/avatar\/4f656d3256f5134f466206e7c3941518?s=96&d=mm&r=g","contentUrl":"https:\/\/secure.gravatar.com\/avatar\/4f656d3256f5134f466206e7c3941518?s=96&d=mm&r=g","caption":"contenido"}}]}},"publishpress_future_action":{"enabled":false,"date":"2026-05-03 02:38:41","action":"change-status","newStatus":"draft","terms":[],"taxonomy":"category","extraData":[]},"publishpress_future_workflow_manual_trigger":{"enabledWorkflows":[]},"_links":{"self":[{"href":"https:\/\/futbolhoy.co\/index.php\/wp-json\/wp\/v2\/posts\/123154","targetHints":{"allow":["GET"]}}],"collection":[{"href":"https:\/\/futbolhoy.co\/index.php\/wp-json\/wp\/v2\/posts"}],"about":[{"href":"https:\/\/futbolhoy.co\/index.php\/wp-json\/wp\/v2\/types\/post"}],"author":[{"embeddable":true,"href":"https:\/\/futbolhoy.co\/index.php\/wp-json\/wp\/v2\/users\/4"}],"replies":[{"embeddable":true,"href":"https:\/\/futbolhoy.co\/index.php\/wp-json\/wp\/v2\/comments?post=123154"}],"version-history":[{"count":2,"href":"https:\/\/futbolhoy.co\/index.php\/wp-json\/wp\/v2\/posts\/123154\/revisions"}],"predecessor-version":[{"id":123157,"href":"https:\/\/futbolhoy.co\/index.php\/wp-json\/wp\/v2\/posts\/123154\/revisions\/123157"}],"wp:featuredmedia":[{"embeddable":true,"href":"https:\/\/futbolhoy.co\/index.php\/wp-json\/wp\/v2\/media\/123155"}],"wp:attachment":[{"href":"https:\/\/futbolhoy.co\/index.php\/wp-json\/wp\/v2\/media?parent=123154"}],"wp:term":[{"taxonomy":"category","embeddable":true,"href":"https:\/\/futbolhoy.co\/index.php\/wp-json\/wp\/v2\/categories?post=123154"},{"taxonomy":"post_tag","embeddable":true,"href":"https:\/\/futbolhoy.co\/index.php\/wp-json\/wp\/v2\/tags?post=123154"}],"curies":[{"name":"wp","href":"https:\/\/api.w.org\/{rel}","templated":true}]}}