{"id":123158,"date":"2025-09-13T10:58:33","date_gmt":"2025-09-13T15:58:33","guid":{"rendered":"https:\/\/futbolhoy.co\/?p=123158"},"modified":"2025-09-13T18:01:32","modified_gmt":"2025-09-13T23:01:32","slug":"yerry-mina-anoto-gol-del-triunfo-de-cagliari-en-serie-a-cuantos-lleva-en-su-carrera","status":"publish","type":"post","link":"https:\/\/futbolhoy.co\/index.php\/2025\/09\/13\/yerry-mina-anoto-gol-del-triunfo-de-cagliari-en-serie-a-cuantos-lleva-en-su-carrera\/","title":{"rendered":"Yerry Mina anot\u00f3 gol en el triunfo de Cagliari en Serie A: \u00bfCu\u00e1ntos lleva en su carrera?"},"content":{"rendered":"<p style=\"text-align: justify;\"><span style=\"font-family: helvetica, arial, sans-serif;\">El colombiano <strong>Yerry Mina<\/strong> anot\u00f3 este s\u00e1bado un gol fundamental para el Cagliari, ganador por vez primera en la temporada, en una victoria trabajada ante Parma (2-0) del espa\u00f1ol <strong>Carlos Cuesta<\/strong>.<\/span><\/p>\n<p style=\"text-align: justify;\"><span style=\"font-family: helvetica, arial, sans-serif;\">Con este resultado, Cagliari suma 4 puntos de 9 posibles en las primeras tres jornadas de <strong>Serie A<\/strong>.<\/span><\/p>\n<p style=\"text-align: justify;\"><span style=\"font-family: helvetica, arial, sans-serif;\">A sus 30 a\u00f1os, el ex defensor de <strong>Barcelona<\/strong> aplac\u00f3 el buen juego del Parma con su gran especialidad, el bal\u00f3n parado, superior en el \u00e1rea peque\u00f1a y mejor colocado que nadie.<\/span><\/p>\n<p style=\"text-align: justify;\"><span style=\"font-family: helvetica, arial, sans-serif;\">Mina caz\u00f3 un rebote del portero para colocar encaminar la victoria desde el minuto 33.<\/span><\/p>\n<h3 style=\"text-align: justify;\"><span style=\"font-family: helvetica, arial, sans-serif;\">Gol de Yerry Mina ante Parma<\/span><\/h3>\n<blockquote class=\"twitter-tweet\" data-media-max-width=\"560\">\n<p dir=\"ltr\" lang=\"es\">\u00a1BAILA YERRY! Mina caz\u00f3 el rebote y con un cabezazo marc\u00f3 el 1-0 de Cagliari vs. Parma.<\/p>\n<p>\ud83d\udcfa Mir\u00e1 la <a href=\"https:\/\/twitter.com\/hashtag\/SerieA?src=hash&amp;ref_src=twsrc%5Etfw\">#SerieA<\/a> por <a href=\"https:\/\/twitter.com\/hashtag\/DisneyPlus?src=hash&amp;ref_src=twsrc%5Etfw\">#DisneyPlus<\/a> Plan Premium <a href=\"https:\/\/t.co\/gepCZ1rTge\">pic.twitter.com\/gepCZ1rTge<\/a><\/p>\n<p>\u2014 SportsCenter (@SC_ESPN) <a href=\"https:\/\/twitter.com\/SC_ESPN\/status\/1966868404930765186?ref_src=twsrc%5Etfw\">September 13, 2025<\/a><\/p><\/blockquote>\n<p style=\"text-align: justify;\"><script async src=\"https:\/\/platform.twitter.com\/widgets.js\" charset=\"utf-8\"><\/script><span style=\"font-family: helvetica, arial, sans-serif;\">Con este gol, Yerry lleg\u00f3 a su anotaci\u00f3n n\u00famero 4 con Cagliari, y al<strong> 41 en su carrera<\/strong> deportiva.<\/span><\/p>\n<p style=\"text-align: justify;\"><span style=\"font-family: helvetica, arial, sans-serif;\">A pesar de los esfuerzos del Parma (que a\u00fan no ha ganado bajo la direcci\u00f3n del DT Carlos Cuesta, el segundo m\u00e1s joven en la historia de la Serie A con el formato actual), <strong>Cagliari<\/strong> logr\u00f3 definir el partido en la segunda mitad con un gol de Mattia Felici al 77'.<\/span><\/p>\n<p style=\"text-align: justify;\"><span style=\"font-family: helvetica, arial, sans-serif;\">Mina, que marc\u00f3 tambi\u00e9n el pasado 10 de septiembre con la Selecci\u00f3n de Colombia, fue nombrado <strong>mejor jugador de un partido<\/strong>.<\/span><\/p>\n<blockquote class=\"twitter-tweet\">\n<p dir=\"ltr\" lang=\"en\">Yerry Mina is the Panini Player of the Match! \ud83c\udfc6<a href=\"https:\/\/twitter.com\/hashtag\/CagliariParma?src=hash&amp;ref_src=twsrc%5Etfw\">#CagliariParma<\/a> <a href=\"https:\/\/t.co\/dkuxYpV7Qc\">pic.twitter.com\/dkuxYpV7Qc<\/a><\/p>\n<p>\u2014 Lega Serie A (@SerieA_EN) <a href=\"https:\/\/twitter.com\/SerieA_EN\/status\/1966883317829058986?ref_src=twsrc%5Etfw\">September 13, 2025<\/a><\/p><\/blockquote>\n<p style=\"text-align: justify;\"><script async src=\"https:\/\/platform.twitter.com\/widgets.js\" charset=\"utf-8\"><\/script><span style=\"font-family: helvetica, arial, sans-serif;\">Cagliari qued\u00f3 ubicado en la parte alta de la tabla, en la sexta casilla y Parma, con solo un punto, est\u00e1 en zona de descenso.<\/span><\/p>\n","protected":false},"excerpt":{"rendered":"<p>El colombiano Yerry Mina anot\u00f3 este s\u00e1bado un gol fundamental para el Cagliari, ganador por vez primera en la temporada, en una victoria trabajada ante Parma (2-0) del espa\u00f1ol Carlos Cuesta. Con este resultado, Cagliari suma 4 puntos de 9 posibles en las primeras tres jornadas de Serie A. A sus 30 a\u00f1os, el ex [&hellip;]<\/p>\n","protected":false},"author":4,"featured_media":123159,"comment_status":"open","ping_status":"open","sticky":false,"template":"","format":"standard","meta":{"_acf_changed":false,"footnotes":""},"categories":[153],"tags":[],"class_list":{"0":"post-123158","1":"post","2":"type-post","3":"status-publish","4":"format-standard","5":"has-post-thumbnail","7":"category-selecion-colombia"},"acf":[],"yoast_head":"<!-- This site is optimized with the Yoast SEO plugin v26.8 - https:\/\/yoast.com\/product\/yoast-seo-wordpress\/ -->\n<title>Yerry Mina anot\u00f3 gol en el triunfo de Cagliari en Serie A: \u00bfCu\u00e1ntos lleva en su carrera? -<\/title>\n<meta name=\"robots\" content=\"index, follow, max-snippet:-1, max-image-preview:large, max-video-preview:-1\" \/>\n<link rel=\"canonical\" href=\"https:\/\/futbolhoy.co\/index.php\/2025\/09\/13\/yerry-mina-anoto-gol-del-triunfo-de-cagliari-en-serie-a-cuantos-lleva-en-su-carrera\/\" \/>\n<meta property=\"og:locale\" content=\"es_ES\" \/>\n<meta property=\"og:type\" content=\"article\" \/>\n<meta property=\"og:title\" content=\"Yerry Mina anot\u00f3 gol en el triunfo de Cagliari en Serie A: \u00bfCu\u00e1ntos lleva en su carrera? -\" \/>\n<meta property=\"og:description\" content=\"El colombiano Yerry Mina anot\u00f3 este s\u00e1bado un gol fundamental para el Cagliari, ganador por vez primera en la temporada, en una victoria trabajada ante Parma (2-0) del espa\u00f1ol Carlos Cuesta. Con este resultado, Cagliari suma 4 puntos de 9 posibles en las primeras tres jornadas de Serie A. A sus 30 a\u00f1os, el ex [&hellip;]\" \/>\n<meta property=\"og:url\" content=\"https:\/\/futbolhoy.co\/index.php\/2025\/09\/13\/yerry-mina-anoto-gol-del-triunfo-de-cagliari-en-serie-a-cuantos-lleva-en-su-carrera\/\" \/>\n<meta property=\"article:publisher\" content=\"https:\/\/www.facebook.com\/FutbolHoyCol\/\" \/>\n<meta property=\"article:published_time\" content=\"2025-09-13T15:58:33+00:00\" \/>\n<meta property=\"article:modified_time\" content=\"2025-09-13T23:01:32+00:00\" \/>\n<meta property=\"og:image\" content=\"https:\/\/futbolhoy.co\/wp-content\/uploads\/2025\/09\/WhatsApp-Image-2025-09-13-at-10.56.59-AM.jpeg\" \/>\n\t<meta property=\"og:image:width\" content=\"659\" \/>\n\t<meta property=\"og:image:height\" content=\"419\" \/>\n\t<meta property=\"og:image:type\" content=\"image\/jpeg\" \/>\n<meta name=\"author\" content=\"contenido\" \/>\n<meta name=\"twitter:card\" content=\"summary_large_image\" \/>\n<meta name=\"twitter:creator\" content=\"@FutbolHoyCol\" \/>\n<meta name=\"twitter:site\" content=\"@FutbolHoyCol\" \/>\n<meta name=\"twitter:label1\" content=\"Escrito por\" \/>\n\t<meta name=\"twitter:data1\" content=\"contenido\" \/>\n\t<meta name=\"twitter:label2\" content=\"Tiempo de lectura\" \/>\n\t<meta name=\"twitter:data2\" content=\"1 minuto\" \/>\n<script type=\"application\/ld+json\" class=\"yoast-schema-graph\">{\"@context\":\"https:\/\/schema.org\",\"@graph\":[{\"@type\":\"Article\",\"@id\":\"https:\/\/futbolhoy.co\/index.php\/2025\/09\/13\/yerry-mina-anoto-gol-del-triunfo-de-cagliari-en-serie-a-cuantos-lleva-en-su-carrera\/#article\",\"isPartOf\":{\"@id\":\"https:\/\/futbolhoy.co\/index.php\/2025\/09\/13\/yerry-mina-anoto-gol-del-triunfo-de-cagliari-en-serie-a-cuantos-lleva-en-su-carrera\/\"},\"author\":{\"name\":\"contenido\",\"@id\":\"https:\/\/futbolhoy.co\/#\/schema\/person\/1721b69355b6623eaff15ac7b92d4cc3\"},\"headline\":\"Yerry Mina anot\u00f3 gol en el triunfo de Cagliari en Serie A: \u00bfCu\u00e1ntos lleva en su carrera?\",\"datePublished\":\"2025-09-13T15:58:33+00:00\",\"dateModified\":\"2025-09-13T23:01:32+00:00\",\"mainEntityOfPage\":{\"@id\":\"https:\/\/futbolhoy.co\/index.php\/2025\/09\/13\/yerry-mina-anoto-gol-del-triunfo-de-cagliari-en-serie-a-cuantos-lleva-en-su-carrera\/\"},\"wordCount\":295,\"commentCount\":0,\"publisher\":{\"@id\":\"https:\/\/futbolhoy.co\/#organization\"},\"image\":{\"@id\":\"https:\/\/futbolhoy.co\/index.php\/2025\/09\/13\/yerry-mina-anoto-gol-del-triunfo-de-cagliari-en-serie-a-cuantos-lleva-en-su-carrera\/#primaryimage\"},\"thumbnailUrl\":\"https:\/\/futbolhoy.co\/wp-content\/uploads\/2025\/09\/WhatsApp-Image-2025-09-13-at-10.56.59-AM.jpeg\",\"articleSection\":[\"Selecci\u00f3n Colombia\"],\"inLanguage\":\"es\",\"potentialAction\":[{\"@type\":\"CommentAction\",\"name\":\"Comment\",\"target\":[\"https:\/\/futbolhoy.co\/index.php\/2025\/09\/13\/yerry-mina-anoto-gol-del-triunfo-de-cagliari-en-serie-a-cuantos-lleva-en-su-carrera\/#respond\"]}]},{\"@type\":\"WebPage\",\"@id\":\"https:\/\/futbolhoy.co\/index.php\/2025\/09\/13\/yerry-mina-anoto-gol-del-triunfo-de-cagliari-en-serie-a-cuantos-lleva-en-su-carrera\/\",\"url\":\"https:\/\/futbolhoy.co\/index.php\/2025\/09\/13\/yerry-mina-anoto-gol-del-triunfo-de-cagliari-en-serie-a-cuantos-lleva-en-su-carrera\/\",\"name\":\"Yerry Mina anot\u00f3 gol en el triunfo de Cagliari en Serie A: \u00bfCu\u00e1ntos lleva en su carrera? -\",\"isPartOf\":{\"@id\":\"https:\/\/futbolhoy.co\/#website\"},\"primaryImageOfPage\":{\"@id\":\"https:\/\/futbolhoy.co\/index.php\/2025\/09\/13\/yerry-mina-anoto-gol-del-triunfo-de-cagliari-en-serie-a-cuantos-lleva-en-su-carrera\/#primaryimage\"},\"image\":{\"@id\":\"https:\/\/futbolhoy.co\/index.php\/2025\/09\/13\/yerry-mina-anoto-gol-del-triunfo-de-cagliari-en-serie-a-cuantos-lleva-en-su-carrera\/#primaryimage\"},\"thumbnailUrl\":\"https:\/\/futbolhoy.co\/wp-content\/uploads\/2025\/09\/WhatsApp-Image-2025-09-13-at-10.56.59-AM.jpeg\",\"datePublished\":\"2025-09-13T15:58:33+00:00\",\"dateModified\":\"2025-09-13T23:01:32+00:00\",\"breadcrumb\":{\"@id\":\"https:\/\/futbolhoy.co\/index.php\/2025\/09\/13\/yerry-mina-anoto-gol-del-triunfo-de-cagliari-en-serie-a-cuantos-lleva-en-su-carrera\/#breadcrumb\"},\"inLanguage\":\"es\",\"potentialAction\":[{\"@type\":\"ReadAction\",\"target\":[\"https:\/\/futbolhoy.co\/index.php\/2025\/09\/13\/yerry-mina-anoto-gol-del-triunfo-de-cagliari-en-serie-a-cuantos-lleva-en-su-carrera\/\"]}]},{\"@type\":\"ImageObject\",\"inLanguage\":\"es\",\"@id\":\"https:\/\/futbolhoy.co\/index.php\/2025\/09\/13\/yerry-mina-anoto-gol-del-triunfo-de-cagliari-en-serie-a-cuantos-lleva-en-su-carrera\/#primaryimage\",\"url\":\"https:\/\/futbolhoy.co\/wp-content\/uploads\/2025\/09\/WhatsApp-Image-2025-09-13-at-10.56.59-AM.jpeg\",\"contentUrl\":\"https:\/\/futbolhoy.co\/wp-content\/uploads\/2025\/09\/WhatsApp-Image-2025-09-13-at-10.56.59-AM.jpeg\",\"width\":659,\"height\":419},{\"@type\":\"BreadcrumbList\",\"@id\":\"https:\/\/futbolhoy.co\/index.php\/2025\/09\/13\/yerry-mina-anoto-gol-del-triunfo-de-cagliari-en-serie-a-cuantos-lleva-en-su-carrera\/#breadcrumb\",\"itemListElement\":[{\"@type\":\"ListItem\",\"position\":1,\"name\":\"Portada\",\"item\":\"https:\/\/futbolhoy.co\/\"},{\"@type\":\"ListItem\",\"position\":2,\"name\":\"Yerry Mina anot\u00f3 gol en el triunfo de Cagliari en Serie A: \u00bfCu\u00e1ntos lleva en su carrera?\"}]},{\"@type\":\"WebSite\",\"@id\":\"https:\/\/futbolhoy.co\/#website\",\"url\":\"https:\/\/futbolhoy.co\/\",\"name\":\"FutbolHoy\",\"description\":\"\",\"publisher\":{\"@id\":\"https:\/\/futbolhoy.co\/#organization\"},\"potentialAction\":[{\"@type\":\"SearchAction\",\"target\":{\"@type\":\"EntryPoint\",\"urlTemplate\":\"https:\/\/futbolhoy.co\/?s={search_term_string}\"},\"query-input\":{\"@type\":\"PropertyValueSpecification\",\"valueRequired\":true,\"valueName\":\"search_term_string\"}}],\"inLanguage\":\"es\"},{\"@type\":\"Organization\",\"@id\":\"https:\/\/futbolhoy.co\/#organization\",\"name\":\"Futbolhoy.co\",\"url\":\"https:\/\/futbolhoy.co\/\",\"logo\":{\"@type\":\"ImageObject\",\"inLanguage\":\"es\",\"@id\":\"https:\/\/futbolhoy.co\/#\/schema\/logo\/image\/\",\"url\":\"https:\/\/futbolhoy.co\/wp-content\/uploads\/2018\/08\/17426380_1906371736249227_6326180412931521141_n.jpg\",\"contentUrl\":\"https:\/\/futbolhoy.co\/wp-content\/uploads\/2018\/08\/17426380_1906371736249227_6326180412931521141_n.jpg\",\"width\":960,\"height\":960,\"caption\":\"Futbolhoy.co\"},\"image\":{\"@id\":\"https:\/\/futbolhoy.co\/#\/schema\/logo\/image\/\"},\"sameAs\":[\"https:\/\/www.facebook.com\/FutbolHoyCol\/\",\"https:\/\/x.com\/FutbolHoyCol\",\"https:\/\/www.instagram.com\/futbolhoycol\/\"]},{\"@type\":\"Person\",\"@id\":\"https:\/\/futbolhoy.co\/#\/schema\/person\/1721b69355b6623eaff15ac7b92d4cc3\",\"name\":\"contenido\",\"image\":{\"@type\":\"ImageObject\",\"inLanguage\":\"es\",\"@id\":\"https:\/\/futbolhoy.co\/#\/schema\/person\/image\/\",\"url\":\"https:\/\/secure.gravatar.com\/avatar\/4f656d3256f5134f466206e7c3941518?s=96&d=mm&r=g\",\"contentUrl\":\"https:\/\/secure.gravatar.com\/avatar\/4f656d3256f5134f466206e7c3941518?s=96&d=mm&r=g\",\"caption\":\"contenido\"}}]}<\/script>\n<!-- \/ Yoast SEO plugin. -->","yoast_head_json":{"title":"Yerry Mina anot\u00f3 gol en el triunfo de Cagliari en Serie A: \u00bfCu\u00e1ntos lleva en su carrera? -","robots":{"index":"index","follow":"follow","max-snippet":"max-snippet:-1","max-image-preview":"max-image-preview:large","max-video-preview":"max-video-preview:-1"},"canonical":"https:\/\/futbolhoy.co\/index.php\/2025\/09\/13\/yerry-mina-anoto-gol-del-triunfo-de-cagliari-en-serie-a-cuantos-lleva-en-su-carrera\/","og_locale":"es_ES","og_type":"article","og_title":"Yerry Mina anot\u00f3 gol en el triunfo de Cagliari en Serie A: \u00bfCu\u00e1ntos lleva en su carrera? -","og_description":"El colombiano Yerry Mina anot\u00f3 este s\u00e1bado un gol fundamental para el Cagliari, ganador por vez primera en la temporada, en una victoria trabajada ante Parma (2-0) del espa\u00f1ol Carlos Cuesta. Con este resultado, Cagliari suma 4 puntos de 9 posibles en las primeras tres jornadas de Serie A. A sus 30 a\u00f1os, el ex [&hellip;]","og_url":"https:\/\/futbolhoy.co\/index.php\/2025\/09\/13\/yerry-mina-anoto-gol-del-triunfo-de-cagliari-en-serie-a-cuantos-lleva-en-su-carrera\/","article_publisher":"https:\/\/www.facebook.com\/FutbolHoyCol\/","article_published_time":"2025-09-13T15:58:33+00:00","article_modified_time":"2025-09-13T23:01:32+00:00","og_image":[{"width":659,"height":419,"url":"https:\/\/futbolhoy.co\/wp-content\/uploads\/2025\/09\/WhatsApp-Image-2025-09-13-at-10.56.59-AM.jpeg","type":"image\/jpeg"}],"author":"contenido","twitter_card":"summary_large_image","twitter_creator":"@FutbolHoyCol","twitter_site":"@FutbolHoyCol","twitter_misc":{"Escrito por":"contenido","Tiempo de lectura":"1 minuto"},"schema":{"@context":"https:\/\/schema.org","@graph":[{"@type":"Article","@id":"https:\/\/futbolhoy.co\/index.php\/2025\/09\/13\/yerry-mina-anoto-gol-del-triunfo-de-cagliari-en-serie-a-cuantos-lleva-en-su-carrera\/#article","isPartOf":{"@id":"https:\/\/futbolhoy.co\/index.php\/2025\/09\/13\/yerry-mina-anoto-gol-del-triunfo-de-cagliari-en-serie-a-cuantos-lleva-en-su-carrera\/"},"author":{"name":"contenido","@id":"https:\/\/futbolhoy.co\/#\/schema\/person\/1721b69355b6623eaff15ac7b92d4cc3"},"headline":"Yerry Mina anot\u00f3 gol en el triunfo de Cagliari en Serie A: \u00bfCu\u00e1ntos lleva en su carrera?","datePublished":"2025-09-13T15:58:33+00:00","dateModified":"2025-09-13T23:01:32+00:00","mainEntityOfPage":{"@id":"https:\/\/futbolhoy.co\/index.php\/2025\/09\/13\/yerry-mina-anoto-gol-del-triunfo-de-cagliari-en-serie-a-cuantos-lleva-en-su-carrera\/"},"wordCount":295,"commentCount":0,"publisher":{"@id":"https:\/\/futbolhoy.co\/#organization"},"image":{"@id":"https:\/\/futbolhoy.co\/index.php\/2025\/09\/13\/yerry-mina-anoto-gol-del-triunfo-de-cagliari-en-serie-a-cuantos-lleva-en-su-carrera\/#primaryimage"},"thumbnailUrl":"https:\/\/futbolhoy.co\/wp-content\/uploads\/2025\/09\/WhatsApp-Image-2025-09-13-at-10.56.59-AM.jpeg","articleSection":["Selecci\u00f3n Colombia"],"inLanguage":"es","potentialAction":[{"@type":"CommentAction","name":"Comment","target":["https:\/\/futbolhoy.co\/index.php\/2025\/09\/13\/yerry-mina-anoto-gol-del-triunfo-de-cagliari-en-serie-a-cuantos-lleva-en-su-carrera\/#respond"]}]},{"@type":"WebPage","@id":"https:\/\/futbolhoy.co\/index.php\/2025\/09\/13\/yerry-mina-anoto-gol-del-triunfo-de-cagliari-en-serie-a-cuantos-lleva-en-su-carrera\/","url":"https:\/\/futbolhoy.co\/index.php\/2025\/09\/13\/yerry-mina-anoto-gol-del-triunfo-de-cagliari-en-serie-a-cuantos-lleva-en-su-carrera\/","name":"Yerry Mina anot\u00f3 gol en el triunfo de Cagliari en Serie A: \u00bfCu\u00e1ntos lleva en su carrera? -","isPartOf":{"@id":"https:\/\/futbolhoy.co\/#website"},"primaryImageOfPage":{"@id":"https:\/\/futbolhoy.co\/index.php\/2025\/09\/13\/yerry-mina-anoto-gol-del-triunfo-de-cagliari-en-serie-a-cuantos-lleva-en-su-carrera\/#primaryimage"},"image":{"@id":"https:\/\/futbolhoy.co\/index.php\/2025\/09\/13\/yerry-mina-anoto-gol-del-triunfo-de-cagliari-en-serie-a-cuantos-lleva-en-su-carrera\/#primaryimage"},"thumbnailUrl":"https:\/\/futbolhoy.co\/wp-content\/uploads\/2025\/09\/WhatsApp-Image-2025-09-13-at-10.56.59-AM.jpeg","datePublished":"2025-09-13T15:58:33+00:00","dateModified":"2025-09-13T23:01:32+00:00","breadcrumb":{"@id":"https:\/\/futbolhoy.co\/index.php\/2025\/09\/13\/yerry-mina-anoto-gol-del-triunfo-de-cagliari-en-serie-a-cuantos-lleva-en-su-carrera\/#breadcrumb"},"inLanguage":"es","potentialAction":[{"@type":"ReadAction","target":["https:\/\/futbolhoy.co\/index.php\/2025\/09\/13\/yerry-mina-anoto-gol-del-triunfo-de-cagliari-en-serie-a-cuantos-lleva-en-su-carrera\/"]}]},{"@type":"ImageObject","inLanguage":"es","@id":"https:\/\/futbolhoy.co\/index.php\/2025\/09\/13\/yerry-mina-anoto-gol-del-triunfo-de-cagliari-en-serie-a-cuantos-lleva-en-su-carrera\/#primaryimage","url":"https:\/\/futbolhoy.co\/wp-content\/uploads\/2025\/09\/WhatsApp-Image-2025-09-13-at-10.56.59-AM.jpeg","contentUrl":"https:\/\/futbolhoy.co\/wp-content\/uploads\/2025\/09\/WhatsApp-Image-2025-09-13-at-10.56.59-AM.jpeg","width":659,"height":419},{"@type":"BreadcrumbList","@id":"https:\/\/futbolhoy.co\/index.php\/2025\/09\/13\/yerry-mina-anoto-gol-del-triunfo-de-cagliari-en-serie-a-cuantos-lleva-en-su-carrera\/#breadcrumb","itemListElement":[{"@type":"ListItem","position":1,"name":"Portada","item":"https:\/\/futbolhoy.co\/"},{"@type":"ListItem","position":2,"name":"Yerry Mina anot\u00f3 gol en el triunfo de Cagliari en Serie A: \u00bfCu\u00e1ntos lleva en su carrera?"}]},{"@type":"WebSite","@id":"https:\/\/futbolhoy.co\/#website","url":"https:\/\/futbolhoy.co\/","name":"FutbolHoy","description":"","publisher":{"@id":"https:\/\/futbolhoy.co\/#organization"},"potentialAction":[{"@type":"SearchAction","target":{"@type":"EntryPoint","urlTemplate":"https:\/\/futbolhoy.co\/?s={search_term_string}"},"query-input":{"@type":"PropertyValueSpecification","valueRequired":true,"valueName":"search_term_string"}}],"inLanguage":"es"},{"@type":"Organization","@id":"https:\/\/futbolhoy.co\/#organization","name":"Futbolhoy.co","url":"https:\/\/futbolhoy.co\/","logo":{"@type":"ImageObject","inLanguage":"es","@id":"https:\/\/futbolhoy.co\/#\/schema\/logo\/image\/","url":"https:\/\/futbolhoy.co\/wp-content\/uploads\/2018\/08\/17426380_1906371736249227_6326180412931521141_n.jpg","contentUrl":"https:\/\/futbolhoy.co\/wp-content\/uploads\/2018\/08\/17426380_1906371736249227_6326180412931521141_n.jpg","width":960,"height":960,"caption":"Futbolhoy.co"},"image":{"@id":"https:\/\/futbolhoy.co\/#\/schema\/logo\/image\/"},"sameAs":["https:\/\/www.facebook.com\/FutbolHoyCol\/","https:\/\/x.com\/FutbolHoyCol","https:\/\/www.instagram.com\/futbolhoycol\/"]},{"@type":"Person","@id":"https:\/\/futbolhoy.co\/#\/schema\/person\/1721b69355b6623eaff15ac7b92d4cc3","name":"contenido","image":{"@type":"ImageObject","inLanguage":"es","@id":"https:\/\/futbolhoy.co\/#\/schema\/person\/image\/","url":"https:\/\/secure.gravatar.com\/avatar\/4f656d3256f5134f466206e7c3941518?s=96&d=mm&r=g","contentUrl":"https:\/\/secure.gravatar.com\/avatar\/4f656d3256f5134f466206e7c3941518?s=96&d=mm&r=g","caption":"contenido"}}]}},"publishpress_future_action":{"enabled":false,"date":"2026-05-03 01:10:24","action":"change-status","newStatus":"draft","terms":[],"taxonomy":"category","extraData":[]},"publishpress_future_workflow_manual_trigger":{"enabledWorkflows":[]},"_links":{"self":[{"href":"https:\/\/futbolhoy.co\/index.php\/wp-json\/wp\/v2\/posts\/123158","targetHints":{"allow":["GET"]}}],"collection":[{"href":"https:\/\/futbolhoy.co\/index.php\/wp-json\/wp\/v2\/posts"}],"about":[{"href":"https:\/\/futbolhoy.co\/index.php\/wp-json\/wp\/v2\/types\/post"}],"author":[{"embeddable":true,"href":"https:\/\/futbolhoy.co\/index.php\/wp-json\/wp\/v2\/users\/4"}],"replies":[{"embeddable":true,"href":"https:\/\/futbolhoy.co\/index.php\/wp-json\/wp\/v2\/comments?post=123158"}],"version-history":[{"count":4,"href":"https:\/\/futbolhoy.co\/index.php\/wp-json\/wp\/v2\/posts\/123158\/revisions"}],"predecessor-version":[{"id":123163,"href":"https:\/\/futbolhoy.co\/index.php\/wp-json\/wp\/v2\/posts\/123158\/revisions\/123163"}],"wp:featuredmedia":[{"embeddable":true,"href":"https:\/\/futbolhoy.co\/index.php\/wp-json\/wp\/v2\/media\/123159"}],"wp:attachment":[{"href":"https:\/\/futbolhoy.co\/index.php\/wp-json\/wp\/v2\/media?parent=123158"}],"wp:term":[{"taxonomy":"category","embeddable":true,"href":"https:\/\/futbolhoy.co\/index.php\/wp-json\/wp\/v2\/categories?post=123158"},{"taxonomy":"post_tag","embeddable":true,"href":"https:\/\/futbolhoy.co\/index.php\/wp-json\/wp\/v2\/tags?post=123158"}],"curies":[{"name":"wp","href":"https:\/\/api.w.org\/{rel}","templated":true}]}}