{"id":123164,"date":"2025-09-13T11:54:41","date_gmt":"2025-09-13T16:54:41","guid":{"rendered":"https:\/\/futbolhoy.co\/?p=123164"},"modified":"2025-09-13T21:41:19","modified_gmt":"2025-09-14T02:41:19","slug":"flick-y-su-molestia-con-espana-por-lesion-de-yamal-eso-no-es-cuidar-al-jugador","status":"publish","type":"post","link":"https:\/\/futbolhoy.co\/index.php\/2025\/09\/13\/flick-y-su-molestia-con-espana-por-lesion-de-yamal-eso-no-es-cuidar-al-jugador\/","title":{"rendered":"Flick, y su molestia con Espa\u00f1a por lesi\u00f3n de Yamal: \"Eso no es cuidar al jugador\""},"content":{"rendered":"<p style=\"text-align: justify;\"><span style=\"font-family: helvetica, arial, sans-serif;\">Durante el \u00faltimo par\u00f3n FIFA, la <strong>Selecci\u00f3n de Espa\u00f1a<\/strong> disput\u00f3 sus compromisos v\u00e1lidos por las Eliminatorias Europeas ante Bulgaria (3-0) y Turqu\u00eda (0-6), donde obtuvo dos victorias contundentes.<\/span><\/p>\n<p style=\"text-align: justify;\"><span style=\"font-family: helvetica, arial, sans-serif;\">El t\u00e9cnico Luis de la Fuente decidi\u00f3 colocar a<strong> Lamine Yamal<\/strong> 79' minutos en el primer duelo, y 73' en el segundo.<\/span><\/p>\n<p style=\"text-align: justify;\"><span style=\"font-family: helvetica, arial, sans-serif;\">En la previa del duelo entre<strong> Barcelona y Valencia<\/strong> por Liga, programado para el domingo 14 de septiembre, el conjunto catal\u00e1n comunic\u00f3 la lesi\u00f3n del extremo a trav\u00e9s del siguiente comunicado:<\/span><\/p>\n<blockquote class=\"twitter-tweet\">\n<p dir=\"ltr\" lang=\"es\">\ud835\udc02\ud835\udc0e\ud835\udc0c\ud835\udc14\ud835\udc0d\ud835\udc08\ud835\udc02\ud835\udc00\ud835\udc03\ud835\udc0e \ud835\udc0c\ud835\udc04\u0301\ud835\udc03\ud835\udc08\ud835\udc02\ud835\udc0e<\/p>\n<p>El jugador \ud835\udc0b\ud835\udc1a\ud835\udc26\ud835\udc22\ud835\udc27\ud835\udc1e \ud835\udc18\ud835\udc1a\ud835\udc26\ud835\udc1a\ud835\udc25 presenta molestias en el pubis que le impiden entrenar y jugar a d\u00eda de hoy.<\/p>\n<p>Su evoluci\u00f3n marcar\u00e1 su disponibilidad para la vuelta a los entrenamientos. <a href=\"https:\/\/t.co\/3tbEdOtDIA\">pic.twitter.com\/3tbEdOtDIA<\/a><\/p>\n<p>\u2014 FC Barcelona (@FCBarcelona_es) <a href=\"https:\/\/twitter.com\/FCBarcelona_es\/status\/1966834821294161922?ref_src=twsrc%5Etfw\">September 13, 2025<\/a><\/p><\/blockquote>\n<p style=\"text-align: justify;\"><script async src=\"https:\/\/platform.twitter.com\/widgets.js\" charset=\"utf-8\"><\/script><span style=\"font-family: helvetica, arial, sans-serif;\">En rueda de prensa, el entrenador Hansi Flick reflej\u00f3 su molestia con algunas decisiones del cuerpo t\u00e9cnico espa\u00f1ol, y expres\u00f3:<\/span><\/p>\n<p style=\"text-align: justify;\"><span style=\"font-family: helvetica, arial, sans-serif;\">\"Lamine Yamal no estar\u00e1 disponible\", expres\u00f3. \"Se fue de la selecci\u00f3n con dolor y no entren\u00f3. <strong>Le dieron analg\u00e9sicos para jugar<\/strong>\", sentenci\u00f3 el t\u00e9cnico alem\u00e1n.<\/span><\/p>\n<p style=\"text-align: justify;\"><span style=\"font-family: helvetica, arial, sans-serif;\">\"Ten\u00edan como m\u00ednimo tres goles de ventaja en cada partido y jug\u00f3 73 minutos y 79, y entre los partidos no pudo entrenar. <strong>Eso no es cuidar al jugador<\/strong>. Estoy muy triste con esto.\u201d<\/span><\/p>\n<blockquote class=\"twitter-tweet\">\n<p dir=\"ltr\" lang=\"es\">\u201cLamine Yamal no estar\u00e1 disponible. Se fue con la selecci\u00f3n con dolor y no entren\u00f3. Le dieron analg\u00e9sicos para jugar. Ten\u00edan como m\u00ednimo tres goles de ventaja en cada partido y jug\u00f3 73 minutos y 79, y entre los partidos no pudo entrenar. Eso no es cuidar al jugador. Estoy muy\u2026 <a href=\"https:\/\/t.co\/Jd20G0tbpR\">pic.twitter.com\/Jd20G0tbpR<\/a><\/p>\n<p>\u2014 FC Barcelona (@FCBarcelona_es) <a href=\"https:\/\/twitter.com\/FCBarcelona_es\/status\/1966822071830212900?ref_src=twsrc%5Etfw\">September 13, 2025<\/a><\/p><\/blockquote>\n<p><script async src=\"https:\/\/platform.twitter.com\/widgets.js\" charset=\"utf-8\"><\/script><\/p>\n","protected":false},"excerpt":{"rendered":"<p>Durante el \u00faltimo par\u00f3n FIFA, la Selecci\u00f3n de Espa\u00f1a disput\u00f3 sus compromisos v\u00e1lidos por las Eliminatorias Europeas ante Bulgaria (3-0) y Turqu\u00eda (0-6), donde obtuvo dos victorias contundentes. El t\u00e9cnico Luis de la Fuente decidi\u00f3 colocar a Lamine Yamal 79' minutos en el primer duelo, y 73' en el segundo. En la previa del duelo [&hellip;]<\/p>\n","protected":false},"author":4,"featured_media":123165,"comment_status":"open","ping_status":"open","sticky":false,"template":"","format":"standard","meta":{"_acf_changed":false,"footnotes":""},"categories":[152],"tags":[],"class_list":{"0":"post-123164","1":"post","2":"type-post","3":"status-publish","4":"format-standard","5":"has-post-thumbnail","7":"category-mundo-futbol"},"acf":[],"yoast_head":"<!-- This site is optimized with the Yoast SEO plugin v26.8 - https:\/\/yoast.com\/product\/yoast-seo-wordpress\/ -->\n<title>Flick, y su molestia con Espa\u00f1a por lesi\u00f3n de Yamal: &quot;Eso no es cuidar al jugador&quot; -<\/title>\n<meta name=\"robots\" content=\"index, follow, max-snippet:-1, max-image-preview:large, max-video-preview:-1\" \/>\n<link rel=\"canonical\" href=\"https:\/\/futbolhoy.co\/index.php\/2025\/09\/13\/flick-y-su-molestia-con-espana-por-lesion-de-yamal-eso-no-es-cuidar-al-jugador\/\" \/>\n<meta property=\"og:locale\" content=\"es_ES\" \/>\n<meta property=\"og:type\" content=\"article\" \/>\n<meta property=\"og:title\" content=\"Flick, y su molestia con Espa\u00f1a por lesi\u00f3n de Yamal: &quot;Eso no es cuidar al jugador&quot; -\" \/>\n<meta property=\"og:description\" content=\"Durante el \u00faltimo par\u00f3n FIFA, la Selecci\u00f3n de Espa\u00f1a disput\u00f3 sus compromisos v\u00e1lidos por las Eliminatorias Europeas ante Bulgaria (3-0) y Turqu\u00eda (0-6), donde obtuvo dos victorias contundentes. El t\u00e9cnico Luis de la Fuente decidi\u00f3 colocar a Lamine Yamal 79&#039; minutos en el primer duelo, y 73&#039; en el segundo. En la previa del duelo [&hellip;]\" \/>\n<meta property=\"og:url\" content=\"https:\/\/futbolhoy.co\/index.php\/2025\/09\/13\/flick-y-su-molestia-con-espana-por-lesion-de-yamal-eso-no-es-cuidar-al-jugador\/\" \/>\n<meta property=\"article:publisher\" content=\"https:\/\/www.facebook.com\/FutbolHoyCol\/\" \/>\n<meta property=\"article:published_time\" content=\"2025-09-13T16:54:41+00:00\" \/>\n<meta property=\"article:modified_time\" content=\"2025-09-14T02:41:19+00:00\" \/>\n<meta property=\"og:image\" content=\"https:\/\/futbolhoy.co\/wp-content\/uploads\/2025\/09\/WhatsApp-Image-2025-09-13-at-11.53.26-AM.jpeg\" \/>\n\t<meta property=\"og:image:width\" content=\"724\" \/>\n\t<meta property=\"og:image:height\" content=\"557\" \/>\n\t<meta property=\"og:image:type\" content=\"image\/jpeg\" \/>\n<meta name=\"author\" content=\"contenido\" \/>\n<meta name=\"twitter:card\" content=\"summary_large_image\" \/>\n<meta name=\"twitter:creator\" content=\"@FutbolHoyCol\" \/>\n<meta name=\"twitter:site\" content=\"@FutbolHoyCol\" \/>\n<meta name=\"twitter:label1\" content=\"Escrito por\" \/>\n\t<meta name=\"twitter:data1\" content=\"contenido\" \/>\n\t<meta name=\"twitter:label2\" content=\"Tiempo de lectura\" \/>\n\t<meta name=\"twitter:data2\" content=\"1 minuto\" \/>\n<script type=\"application\/ld+json\" class=\"yoast-schema-graph\">{\"@context\":\"https:\/\/schema.org\",\"@graph\":[{\"@type\":\"Article\",\"@id\":\"https:\/\/futbolhoy.co\/index.php\/2025\/09\/13\/flick-y-su-molestia-con-espana-por-lesion-de-yamal-eso-no-es-cuidar-al-jugador\/#article\",\"isPartOf\":{\"@id\":\"https:\/\/futbolhoy.co\/index.php\/2025\/09\/13\/flick-y-su-molestia-con-espana-por-lesion-de-yamal-eso-no-es-cuidar-al-jugador\/\"},\"author\":{\"name\":\"contenido\",\"@id\":\"https:\/\/futbolhoy.co\/#\/schema\/person\/1721b69355b6623eaff15ac7b92d4cc3\"},\"headline\":\"Flick, y su molestia con Espa\u00f1a por lesi\u00f3n de Yamal: \\\"Eso no es cuidar al jugador\\\"\",\"datePublished\":\"2025-09-13T16:54:41+00:00\",\"dateModified\":\"2025-09-14T02:41:19+00:00\",\"mainEntityOfPage\":{\"@id\":\"https:\/\/futbolhoy.co\/index.php\/2025\/09\/13\/flick-y-su-molestia-con-espana-por-lesion-de-yamal-eso-no-es-cuidar-al-jugador\/\"},\"wordCount\":295,\"commentCount\":0,\"publisher\":{\"@id\":\"https:\/\/futbolhoy.co\/#organization\"},\"image\":{\"@id\":\"https:\/\/futbolhoy.co\/index.php\/2025\/09\/13\/flick-y-su-molestia-con-espana-por-lesion-de-yamal-eso-no-es-cuidar-al-jugador\/#primaryimage\"},\"thumbnailUrl\":\"https:\/\/futbolhoy.co\/wp-content\/uploads\/2025\/09\/WhatsApp-Image-2025-09-13-at-11.53.26-AM.jpeg\",\"articleSection\":[\"Mundo Futbol\"],\"inLanguage\":\"es\",\"potentialAction\":[{\"@type\":\"CommentAction\",\"name\":\"Comment\",\"target\":[\"https:\/\/futbolhoy.co\/index.php\/2025\/09\/13\/flick-y-su-molestia-con-espana-por-lesion-de-yamal-eso-no-es-cuidar-al-jugador\/#respond\"]}]},{\"@type\":\"WebPage\",\"@id\":\"https:\/\/futbolhoy.co\/index.php\/2025\/09\/13\/flick-y-su-molestia-con-espana-por-lesion-de-yamal-eso-no-es-cuidar-al-jugador\/\",\"url\":\"https:\/\/futbolhoy.co\/index.php\/2025\/09\/13\/flick-y-su-molestia-con-espana-por-lesion-de-yamal-eso-no-es-cuidar-al-jugador\/\",\"name\":\"Flick, y su molestia con Espa\u00f1a por lesi\u00f3n de Yamal: \\\"Eso no es cuidar al jugador\\\" -\",\"isPartOf\":{\"@id\":\"https:\/\/futbolhoy.co\/#website\"},\"primaryImageOfPage\":{\"@id\":\"https:\/\/futbolhoy.co\/index.php\/2025\/09\/13\/flick-y-su-molestia-con-espana-por-lesion-de-yamal-eso-no-es-cuidar-al-jugador\/#primaryimage\"},\"image\":{\"@id\":\"https:\/\/futbolhoy.co\/index.php\/2025\/09\/13\/flick-y-su-molestia-con-espana-por-lesion-de-yamal-eso-no-es-cuidar-al-jugador\/#primaryimage\"},\"thumbnailUrl\":\"https:\/\/futbolhoy.co\/wp-content\/uploads\/2025\/09\/WhatsApp-Image-2025-09-13-at-11.53.26-AM.jpeg\",\"datePublished\":\"2025-09-13T16:54:41+00:00\",\"dateModified\":\"2025-09-14T02:41:19+00:00\",\"breadcrumb\":{\"@id\":\"https:\/\/futbolhoy.co\/index.php\/2025\/09\/13\/flick-y-su-molestia-con-espana-por-lesion-de-yamal-eso-no-es-cuidar-al-jugador\/#breadcrumb\"},\"inLanguage\":\"es\",\"potentialAction\":[{\"@type\":\"ReadAction\",\"target\":[\"https:\/\/futbolhoy.co\/index.php\/2025\/09\/13\/flick-y-su-molestia-con-espana-por-lesion-de-yamal-eso-no-es-cuidar-al-jugador\/\"]}]},{\"@type\":\"ImageObject\",\"inLanguage\":\"es\",\"@id\":\"https:\/\/futbolhoy.co\/index.php\/2025\/09\/13\/flick-y-su-molestia-con-espana-por-lesion-de-yamal-eso-no-es-cuidar-al-jugador\/#primaryimage\",\"url\":\"https:\/\/futbolhoy.co\/wp-content\/uploads\/2025\/09\/WhatsApp-Image-2025-09-13-at-11.53.26-AM.jpeg\",\"contentUrl\":\"https:\/\/futbolhoy.co\/wp-content\/uploads\/2025\/09\/WhatsApp-Image-2025-09-13-at-11.53.26-AM.jpeg\",\"width\":724,\"height\":557},{\"@type\":\"BreadcrumbList\",\"@id\":\"https:\/\/futbolhoy.co\/index.php\/2025\/09\/13\/flick-y-su-molestia-con-espana-por-lesion-de-yamal-eso-no-es-cuidar-al-jugador\/#breadcrumb\",\"itemListElement\":[{\"@type\":\"ListItem\",\"position\":1,\"name\":\"Portada\",\"item\":\"https:\/\/futbolhoy.co\/\"},{\"@type\":\"ListItem\",\"position\":2,\"name\":\"Flick, y su molestia con Espa\u00f1a por lesi\u00f3n de Yamal: \\\"Eso no es cuidar al jugador\\\"\"}]},{\"@type\":\"WebSite\",\"@id\":\"https:\/\/futbolhoy.co\/#website\",\"url\":\"https:\/\/futbolhoy.co\/\",\"name\":\"FutbolHoy\",\"description\":\"\",\"publisher\":{\"@id\":\"https:\/\/futbolhoy.co\/#organization\"},\"potentialAction\":[{\"@type\":\"SearchAction\",\"target\":{\"@type\":\"EntryPoint\",\"urlTemplate\":\"https:\/\/futbolhoy.co\/?s={search_term_string}\"},\"query-input\":{\"@type\":\"PropertyValueSpecification\",\"valueRequired\":true,\"valueName\":\"search_term_string\"}}],\"inLanguage\":\"es\"},{\"@type\":\"Organization\",\"@id\":\"https:\/\/futbolhoy.co\/#organization\",\"name\":\"Futbolhoy.co\",\"url\":\"https:\/\/futbolhoy.co\/\",\"logo\":{\"@type\":\"ImageObject\",\"inLanguage\":\"es\",\"@id\":\"https:\/\/futbolhoy.co\/#\/schema\/logo\/image\/\",\"url\":\"https:\/\/futbolhoy.co\/wp-content\/uploads\/2018\/08\/17426380_1906371736249227_6326180412931521141_n.jpg\",\"contentUrl\":\"https:\/\/futbolhoy.co\/wp-content\/uploads\/2018\/08\/17426380_1906371736249227_6326180412931521141_n.jpg\",\"width\":960,\"height\":960,\"caption\":\"Futbolhoy.co\"},\"image\":{\"@id\":\"https:\/\/futbolhoy.co\/#\/schema\/logo\/image\/\"},\"sameAs\":[\"https:\/\/www.facebook.com\/FutbolHoyCol\/\",\"https:\/\/x.com\/FutbolHoyCol\",\"https:\/\/www.instagram.com\/futbolhoycol\/\"]},{\"@type\":\"Person\",\"@id\":\"https:\/\/futbolhoy.co\/#\/schema\/person\/1721b69355b6623eaff15ac7b92d4cc3\",\"name\":\"contenido\",\"image\":{\"@type\":\"ImageObject\",\"inLanguage\":\"es\",\"@id\":\"https:\/\/futbolhoy.co\/#\/schema\/person\/image\/\",\"url\":\"https:\/\/secure.gravatar.com\/avatar\/4f656d3256f5134f466206e7c3941518?s=96&d=mm&r=g\",\"contentUrl\":\"https:\/\/secure.gravatar.com\/avatar\/4f656d3256f5134f466206e7c3941518?s=96&d=mm&r=g\",\"caption\":\"contenido\"}}]}<\/script>\n<!-- \/ Yoast SEO plugin. -->","yoast_head_json":{"title":"Flick, y su molestia con Espa\u00f1a por lesi\u00f3n de Yamal: \"Eso no es cuidar al jugador\" -","robots":{"index":"index","follow":"follow","max-snippet":"max-snippet:-1","max-image-preview":"max-image-preview:large","max-video-preview":"max-video-preview:-1"},"canonical":"https:\/\/futbolhoy.co\/index.php\/2025\/09\/13\/flick-y-su-molestia-con-espana-por-lesion-de-yamal-eso-no-es-cuidar-al-jugador\/","og_locale":"es_ES","og_type":"article","og_title":"Flick, y su molestia con Espa\u00f1a por lesi\u00f3n de Yamal: \"Eso no es cuidar al jugador\" -","og_description":"Durante el \u00faltimo par\u00f3n FIFA, la Selecci\u00f3n de Espa\u00f1a disput\u00f3 sus compromisos v\u00e1lidos por las Eliminatorias Europeas ante Bulgaria (3-0) y Turqu\u00eda (0-6), donde obtuvo dos victorias contundentes. El t\u00e9cnico Luis de la Fuente decidi\u00f3 colocar a Lamine Yamal 79' minutos en el primer duelo, y 73' en el segundo. En la previa del duelo [&hellip;]","og_url":"https:\/\/futbolhoy.co\/index.php\/2025\/09\/13\/flick-y-su-molestia-con-espana-por-lesion-de-yamal-eso-no-es-cuidar-al-jugador\/","article_publisher":"https:\/\/www.facebook.com\/FutbolHoyCol\/","article_published_time":"2025-09-13T16:54:41+00:00","article_modified_time":"2025-09-14T02:41:19+00:00","og_image":[{"width":724,"height":557,"url":"https:\/\/futbolhoy.co\/wp-content\/uploads\/2025\/09\/WhatsApp-Image-2025-09-13-at-11.53.26-AM.jpeg","type":"image\/jpeg"}],"author":"contenido","twitter_card":"summary_large_image","twitter_creator":"@FutbolHoyCol","twitter_site":"@FutbolHoyCol","twitter_misc":{"Escrito por":"contenido","Tiempo de lectura":"1 minuto"},"schema":{"@context":"https:\/\/schema.org","@graph":[{"@type":"Article","@id":"https:\/\/futbolhoy.co\/index.php\/2025\/09\/13\/flick-y-su-molestia-con-espana-por-lesion-de-yamal-eso-no-es-cuidar-al-jugador\/#article","isPartOf":{"@id":"https:\/\/futbolhoy.co\/index.php\/2025\/09\/13\/flick-y-su-molestia-con-espana-por-lesion-de-yamal-eso-no-es-cuidar-al-jugador\/"},"author":{"name":"contenido","@id":"https:\/\/futbolhoy.co\/#\/schema\/person\/1721b69355b6623eaff15ac7b92d4cc3"},"headline":"Flick, y su molestia con Espa\u00f1a por lesi\u00f3n de Yamal: \"Eso no es cuidar al jugador\"","datePublished":"2025-09-13T16:54:41+00:00","dateModified":"2025-09-14T02:41:19+00:00","mainEntityOfPage":{"@id":"https:\/\/futbolhoy.co\/index.php\/2025\/09\/13\/flick-y-su-molestia-con-espana-por-lesion-de-yamal-eso-no-es-cuidar-al-jugador\/"},"wordCount":295,"commentCount":0,"publisher":{"@id":"https:\/\/futbolhoy.co\/#organization"},"image":{"@id":"https:\/\/futbolhoy.co\/index.php\/2025\/09\/13\/flick-y-su-molestia-con-espana-por-lesion-de-yamal-eso-no-es-cuidar-al-jugador\/#primaryimage"},"thumbnailUrl":"https:\/\/futbolhoy.co\/wp-content\/uploads\/2025\/09\/WhatsApp-Image-2025-09-13-at-11.53.26-AM.jpeg","articleSection":["Mundo Futbol"],"inLanguage":"es","potentialAction":[{"@type":"CommentAction","name":"Comment","target":["https:\/\/futbolhoy.co\/index.php\/2025\/09\/13\/flick-y-su-molestia-con-espana-por-lesion-de-yamal-eso-no-es-cuidar-al-jugador\/#respond"]}]},{"@type":"WebPage","@id":"https:\/\/futbolhoy.co\/index.php\/2025\/09\/13\/flick-y-su-molestia-con-espana-por-lesion-de-yamal-eso-no-es-cuidar-al-jugador\/","url":"https:\/\/futbolhoy.co\/index.php\/2025\/09\/13\/flick-y-su-molestia-con-espana-por-lesion-de-yamal-eso-no-es-cuidar-al-jugador\/","name":"Flick, y su molestia con Espa\u00f1a por lesi\u00f3n de Yamal: \"Eso no es cuidar al jugador\" -","isPartOf":{"@id":"https:\/\/futbolhoy.co\/#website"},"primaryImageOfPage":{"@id":"https:\/\/futbolhoy.co\/index.php\/2025\/09\/13\/flick-y-su-molestia-con-espana-por-lesion-de-yamal-eso-no-es-cuidar-al-jugador\/#primaryimage"},"image":{"@id":"https:\/\/futbolhoy.co\/index.php\/2025\/09\/13\/flick-y-su-molestia-con-espana-por-lesion-de-yamal-eso-no-es-cuidar-al-jugador\/#primaryimage"},"thumbnailUrl":"https:\/\/futbolhoy.co\/wp-content\/uploads\/2025\/09\/WhatsApp-Image-2025-09-13-at-11.53.26-AM.jpeg","datePublished":"2025-09-13T16:54:41+00:00","dateModified":"2025-09-14T02:41:19+00:00","breadcrumb":{"@id":"https:\/\/futbolhoy.co\/index.php\/2025\/09\/13\/flick-y-su-molestia-con-espana-por-lesion-de-yamal-eso-no-es-cuidar-al-jugador\/#breadcrumb"},"inLanguage":"es","potentialAction":[{"@type":"ReadAction","target":["https:\/\/futbolhoy.co\/index.php\/2025\/09\/13\/flick-y-su-molestia-con-espana-por-lesion-de-yamal-eso-no-es-cuidar-al-jugador\/"]}]},{"@type":"ImageObject","inLanguage":"es","@id":"https:\/\/futbolhoy.co\/index.php\/2025\/09\/13\/flick-y-su-molestia-con-espana-por-lesion-de-yamal-eso-no-es-cuidar-al-jugador\/#primaryimage","url":"https:\/\/futbolhoy.co\/wp-content\/uploads\/2025\/09\/WhatsApp-Image-2025-09-13-at-11.53.26-AM.jpeg","contentUrl":"https:\/\/futbolhoy.co\/wp-content\/uploads\/2025\/09\/WhatsApp-Image-2025-09-13-at-11.53.26-AM.jpeg","width":724,"height":557},{"@type":"BreadcrumbList","@id":"https:\/\/futbolhoy.co\/index.php\/2025\/09\/13\/flick-y-su-molestia-con-espana-por-lesion-de-yamal-eso-no-es-cuidar-al-jugador\/#breadcrumb","itemListElement":[{"@type":"ListItem","position":1,"name":"Portada","item":"https:\/\/futbolhoy.co\/"},{"@type":"ListItem","position":2,"name":"Flick, y su molestia con Espa\u00f1a por lesi\u00f3n de Yamal: \"Eso no es cuidar al jugador\""}]},{"@type":"WebSite","@id":"https:\/\/futbolhoy.co\/#website","url":"https:\/\/futbolhoy.co\/","name":"FutbolHoy","description":"","publisher":{"@id":"https:\/\/futbolhoy.co\/#organization"},"potentialAction":[{"@type":"SearchAction","target":{"@type":"EntryPoint","urlTemplate":"https:\/\/futbolhoy.co\/?s={search_term_string}"},"query-input":{"@type":"PropertyValueSpecification","valueRequired":true,"valueName":"search_term_string"}}],"inLanguage":"es"},{"@type":"Organization","@id":"https:\/\/futbolhoy.co\/#organization","name":"Futbolhoy.co","url":"https:\/\/futbolhoy.co\/","logo":{"@type":"ImageObject","inLanguage":"es","@id":"https:\/\/futbolhoy.co\/#\/schema\/logo\/image\/","url":"https:\/\/futbolhoy.co\/wp-content\/uploads\/2018\/08\/17426380_1906371736249227_6326180412931521141_n.jpg","contentUrl":"https:\/\/futbolhoy.co\/wp-content\/uploads\/2018\/08\/17426380_1906371736249227_6326180412931521141_n.jpg","width":960,"height":960,"caption":"Futbolhoy.co"},"image":{"@id":"https:\/\/futbolhoy.co\/#\/schema\/logo\/image\/"},"sameAs":["https:\/\/www.facebook.com\/FutbolHoyCol\/","https:\/\/x.com\/FutbolHoyCol","https:\/\/www.instagram.com\/futbolhoycol\/"]},{"@type":"Person","@id":"https:\/\/futbolhoy.co\/#\/schema\/person\/1721b69355b6623eaff15ac7b92d4cc3","name":"contenido","image":{"@type":"ImageObject","inLanguage":"es","@id":"https:\/\/futbolhoy.co\/#\/schema\/person\/image\/","url":"https:\/\/secure.gravatar.com\/avatar\/4f656d3256f5134f466206e7c3941518?s=96&d=mm&r=g","contentUrl":"https:\/\/secure.gravatar.com\/avatar\/4f656d3256f5134f466206e7c3941518?s=96&d=mm&r=g","caption":"contenido"}}]}},"publishpress_future_action":{"enabled":false,"date":"2026-05-02 23:56:03","action":"change-status","newStatus":"draft","terms":[],"taxonomy":"category","extraData":[]},"publishpress_future_workflow_manual_trigger":{"enabledWorkflows":[]},"_links":{"self":[{"href":"https:\/\/futbolhoy.co\/index.php\/wp-json\/wp\/v2\/posts\/123164","targetHints":{"allow":["GET"]}}],"collection":[{"href":"https:\/\/futbolhoy.co\/index.php\/wp-json\/wp\/v2\/posts"}],"about":[{"href":"https:\/\/futbolhoy.co\/index.php\/wp-json\/wp\/v2\/types\/post"}],"author":[{"embeddable":true,"href":"https:\/\/futbolhoy.co\/index.php\/wp-json\/wp\/v2\/users\/4"}],"replies":[{"embeddable":true,"href":"https:\/\/futbolhoy.co\/index.php\/wp-json\/wp\/v2\/comments?post=123164"}],"version-history":[{"count":1,"href":"https:\/\/futbolhoy.co\/index.php\/wp-json\/wp\/v2\/posts\/123164\/revisions"}],"predecessor-version":[{"id":123166,"href":"https:\/\/futbolhoy.co\/index.php\/wp-json\/wp\/v2\/posts\/123164\/revisions\/123166"}],"wp:featuredmedia":[{"embeddable":true,"href":"https:\/\/futbolhoy.co\/index.php\/wp-json\/wp\/v2\/media\/123165"}],"wp:attachment":[{"href":"https:\/\/futbolhoy.co\/index.php\/wp-json\/wp\/v2\/media?parent=123164"}],"wp:term":[{"taxonomy":"category","embeddable":true,"href":"https:\/\/futbolhoy.co\/index.php\/wp-json\/wp\/v2\/categories?post=123164"},{"taxonomy":"post_tag","embeddable":true,"href":"https:\/\/futbolhoy.co\/index.php\/wp-json\/wp\/v2\/tags?post=123164"}],"curies":[{"name":"wp","href":"https:\/\/api.w.org\/{rel}","templated":true}]}}