{"id":123204,"date":"2025-09-13T22:36:54","date_gmt":"2025-09-14T03:36:54","guid":{"rendered":"https:\/\/futbolhoy.co\/?p=123204"},"modified":"2025-09-15T08:08:41","modified_gmt":"2025-09-15T13:08:41","slug":"bucaramanga-supero-a-nacional-en-medellin-con-diez-jugadores","status":"publish","type":"post","link":"https:\/\/futbolhoy.co\/index.php\/2025\/09\/13\/bucaramanga-supero-a-nacional-en-medellin-con-diez-jugadores\/","title":{"rendered":"Bucaramanga super\u00f3 a Nacional en Medell\u00edn con diez jugadores"},"content":{"rendered":"<p style=\"text-align: justify;\"><span style=\"font-family: helvetica, arial, sans-serif;\">Atl\u00e9tico Bucaramanga derrot\u00f3 0-1 a <strong>Atl\u00e9tico Nacional<\/strong> en el transcurso de la jornada 11 de la <strong>Liga BetPlay<\/strong>, en el Estadio Atanasio Girardot.<\/span><\/p>\n<p style=\"text-align: justify;\"><span style=\"font-family: helvetica, arial, sans-serif;\">\u2018El Leopardo\u2019 se puso por delante en el marcador al 13\u2019, en una jugada de tiro de esquina que ejecut\u00f3 Fabi\u00e1n Sambueza y <strong>Carlos Henao<\/strong> envi\u00f3 al fondo de la red.<\/span><\/p>\n<p style=\"text-align: justify;\"><span style=\"font-family: helvetica, arial, sans-serif;\">Seis minutos m\u00e1s tarde, Henao le cometi\u00f3 una infracci\u00f3n a <strong>Alfredo Morelos<\/strong> dentro del \u00e1rea, y el \u00e1rbitro, Luis Matorel, decret\u00f3 penalti a favor del conjunto antioque\u00f1o. Morelos se encarg\u00f3 del cobro, pero <strong>Aldair Quintana<\/strong> ataj\u00f3 sin dar rebote.<\/span><\/p>\n<p style=\"text-align: justify;\"><span style=\"font-family: helvetica, arial, sans-serif;\">En la \u00faltima jugada del primer tiempo, el juez le mostr\u00f3 la segunda tarjeta amarilla a<strong> F\u00e9lix Charrup\u00ed<\/strong>, y Bucaramanga jug\u00f3 el segundo tiempo con diez jugadores en campo.<\/span><\/p>\n<p style=\"text-align: justify;\"><span style=\"font-family: helvetica, arial, sans-serif;\">Sin embargo, los dirigidos por el t\u00e9cnico <strong>Leonel \u00c1lvarez<\/strong> lograron mantener la ventaja en la segunda parte, pese a los ingresos de Edwin Cardona, Facundo Batista, Billy Arce y Andr\u00e9s Salazar.<\/span><\/p>\n<p style=\"text-align: justify;\"><span style=\"font-family: helvetica, arial, sans-serif;\">Aunque el 'Rey de Copas' sum\u00f3 su <strong>sexto partido<\/strong> consecutivo ante Bucaramanga sin vencerlo, considerando los dos compromisos por Superliga y tres por Liga BetPlay; ambos equipos permanecen en zona parcial de clasificaci\u00f3n.\u00a0<\/span><\/p>\n<h3 style=\"text-align: justify;\"><span style=\"font-family: helvetica, arial, sans-serif;\">Tabla de posiciones de la Liga\u00a0<\/span><\/h3>\n<p><img fetchpriority=\"high\" decoding=\"async\" class=\"alignnone size-full wp-image-123205\" src=\"https:\/\/futbolhoy.co\/wp-content\/uploads\/2025\/09\/WhatsApp-Image-2025-09-13-at-10.25.50-PM.jpeg\" alt=\"\" width=\"742\" height=\"1064\" srcset=\"https:\/\/futbolhoy.co\/wp-content\/uploads\/2025\/09\/WhatsApp-Image-2025-09-13-at-10.25.50-PM.jpeg 742w, https:\/\/futbolhoy.co\/wp-content\/uploads\/2025\/09\/WhatsApp-Image-2025-09-13-at-10.25.50-PM-209x300.jpeg 209w, https:\/\/futbolhoy.co\/wp-content\/uploads\/2025\/09\/WhatsApp-Image-2025-09-13-at-10.25.50-PM-714x1024.jpeg 714w, https:\/\/futbolhoy.co\/wp-content\/uploads\/2025\/09\/WhatsApp-Image-2025-09-13-at-10.25.50-PM-696x998.jpeg 696w, https:\/\/futbolhoy.co\/wp-content\/uploads\/2025\/09\/WhatsApp-Image-2025-09-13-at-10.25.50-PM-89x128.jpeg 89w, https:\/\/futbolhoy.co\/wp-content\/uploads\/2025\/09\/WhatsApp-Image-2025-09-13-at-10.25.50-PM-22x32.jpeg 22w\" sizes=\"(max-width: 742px) 100vw, 742px\" \/><\/p>\n<h3 style=\"text-align: justify;\"><span style=\"font-family: helvetica, arial, sans-serif;\">Pr\u00f3ximos partidos de Nacional y Bucaramanga en Liga BetPlay<\/span><\/h3>\n<h4 style=\"text-align: justify;\"><span style=\"font-family: helvetica, arial, sans-serif;\">Fecha 2<\/span><\/h4>\n<p style=\"text-align: justify;\"><span style=\"font-family: helvetica, arial, sans-serif;\">Martes 16 de septiembre:<\/span><\/p>\n<ul>\n<li style=\"text-align: justify;\"><span style=\"font-family: helvetica, arial, sans-serif;\">6:00 pm \u2013 Am\u00e9rica de Cali vs. Atl\u00e9tico Bucaramanga<\/span><\/li>\n<\/ul>\n<p style=\"text-align: justify;\"><span style=\"font-family: helvetica, arial, sans-serif;\">Estadio Pascual Guerrero.<\/span><\/p>\n<h4 style=\"text-align: justify;\"><span style=\"font-family: helvetica, arial, sans-serif;\">Fecha 12<\/span><\/h4>\n<p style=\"text-align: justify;\"><span style=\"font-family: helvetica, arial, sans-serif;\">Viernes 19 de septiembre:<\/span><\/p>\n<ul>\n<li style=\"text-align: justify;\"><span style=\"font-family: helvetica, arial, sans-serif;\">6:00 pm \u2013 Atl\u00e9tico Bucaramanga vs. Deportes Tolima<\/span><\/li>\n<\/ul>\n<p style=\"text-align: justify;\"><span style=\"font-family: helvetica, arial, sans-serif;\">Estadio Am\u00e9rico Montanini.<\/span><\/p>\n<p style=\"text-align: justify;\"><span style=\"font-family: helvetica, arial, sans-serif;\">Domingo 21 de septiembre:<\/span><\/p>\n<ul>\n<li style=\"text-align: justify;\"><span style=\"font-family: helvetica, arial, sans-serif;\">4:10 pm \u2013 Uni\u00f3n Magdalena vs. Atl\u00e9tico Nacional<\/span><\/li>\n<\/ul>\n<p style=\"text-align: justify;\"><span style=\"font-family: helvetica, arial, sans-serif;\">Estadio Sierra Nevada.<\/span><\/p>\n","protected":false},"excerpt":{"rendered":"<p>Atl\u00e9tico Bucaramanga derrot\u00f3 0-1 a Atl\u00e9tico Nacional en el transcurso de la jornada 11 de la Liga BetPlay, en el Estadio Atanasio Girardot. \u2018El Leopardo\u2019 se puso por delante en el marcador al 13\u2019, en una jugada de tiro de esquina que ejecut\u00f3 Fabi\u00e1n Sambueza y Carlos Henao envi\u00f3 al fondo de la red. Seis [&hellip;]<\/p>\n","protected":false},"author":4,"featured_media":123206,"comment_status":"open","ping_status":"open","sticky":false,"template":"","format":"standard","meta":{"_acf_changed":false,"footnotes":""},"categories":[7],"tags":[],"class_list":{"0":"post-123204","1":"post","2":"type-post","3":"status-publish","4":"format-standard","5":"has-post-thumbnail","7":"category-liga-betplay"},"acf":[],"yoast_head":"<!-- This site is optimized with the Yoast SEO plugin v26.8 - https:\/\/yoast.com\/product\/yoast-seo-wordpress\/ -->\n<title>Bucaramanga super\u00f3 a Nacional en Medell\u00edn con diez jugadores -<\/title>\n<meta name=\"robots\" content=\"index, follow, max-snippet:-1, max-image-preview:large, max-video-preview:-1\" \/>\n<link rel=\"canonical\" href=\"https:\/\/futbolhoy.co\/index.php\/2025\/09\/13\/bucaramanga-supero-a-nacional-en-medellin-con-diez-jugadores\/\" \/>\n<meta property=\"og:locale\" content=\"es_ES\" \/>\n<meta property=\"og:type\" content=\"article\" \/>\n<meta property=\"og:title\" content=\"Bucaramanga super\u00f3 a Nacional en Medell\u00edn con diez jugadores -\" \/>\n<meta property=\"og:description\" content=\"Atl\u00e9tico Bucaramanga derrot\u00f3 0-1 a Atl\u00e9tico Nacional en el transcurso de la jornada 11 de la Liga BetPlay, en el Estadio Atanasio Girardot. \u2018El Leopardo\u2019 se puso por delante en el marcador al 13\u2019, en una jugada de tiro de esquina que ejecut\u00f3 Fabi\u00e1n Sambueza y Carlos Henao envi\u00f3 al fondo de la red. Seis [&hellip;]\" \/>\n<meta property=\"og:url\" content=\"https:\/\/futbolhoy.co\/index.php\/2025\/09\/13\/bucaramanga-supero-a-nacional-en-medellin-con-diez-jugadores\/\" \/>\n<meta property=\"article:publisher\" content=\"https:\/\/www.facebook.com\/FutbolHoyCol\/\" \/>\n<meta property=\"article:published_time\" content=\"2025-09-14T03:36:54+00:00\" \/>\n<meta property=\"article:modified_time\" content=\"2025-09-15T13:08:41+00:00\" \/>\n<meta property=\"og:image\" content=\"https:\/\/futbolhoy.co\/wp-content\/uploads\/2025\/09\/WhatsApp-Image-2025-09-13-at-10.34.51-PM.jpeg\" \/>\n\t<meta property=\"og:image:width\" content=\"696\" \/>\n\t<meta property=\"og:image:height\" content=\"465\" \/>\n\t<meta property=\"og:image:type\" content=\"image\/jpeg\" \/>\n<meta name=\"author\" content=\"contenido\" \/>\n<meta name=\"twitter:card\" content=\"summary_large_image\" \/>\n<meta name=\"twitter:creator\" content=\"@FutbolHoyCol\" \/>\n<meta name=\"twitter:site\" content=\"@FutbolHoyCol\" \/>\n<meta name=\"twitter:label1\" content=\"Escrito por\" \/>\n\t<meta name=\"twitter:data1\" content=\"contenido\" \/>\n\t<meta name=\"twitter:label2\" content=\"Tiempo de lectura\" \/>\n\t<meta name=\"twitter:data2\" content=\"1 minuto\" \/>\n<script type=\"application\/ld+json\" class=\"yoast-schema-graph\">{\"@context\":\"https:\/\/schema.org\",\"@graph\":[{\"@type\":\"Article\",\"@id\":\"https:\/\/futbolhoy.co\/index.php\/2025\/09\/13\/bucaramanga-supero-a-nacional-en-medellin-con-diez-jugadores\/#article\",\"isPartOf\":{\"@id\":\"https:\/\/futbolhoy.co\/index.php\/2025\/09\/13\/bucaramanga-supero-a-nacional-en-medellin-con-diez-jugadores\/\"},\"author\":{\"name\":\"contenido\",\"@id\":\"https:\/\/futbolhoy.co\/#\/schema\/person\/1721b69355b6623eaff15ac7b92d4cc3\"},\"headline\":\"Bucaramanga super\u00f3 a Nacional en Medell\u00edn con diez jugadores\",\"datePublished\":\"2025-09-14T03:36:54+00:00\",\"dateModified\":\"2025-09-15T13:08:41+00:00\",\"mainEntityOfPage\":{\"@id\":\"https:\/\/futbolhoy.co\/index.php\/2025\/09\/13\/bucaramanga-supero-a-nacional-en-medellin-con-diez-jugadores\/\"},\"wordCount\":265,\"commentCount\":0,\"publisher\":{\"@id\":\"https:\/\/futbolhoy.co\/#organization\"},\"image\":{\"@id\":\"https:\/\/futbolhoy.co\/index.php\/2025\/09\/13\/bucaramanga-supero-a-nacional-en-medellin-con-diez-jugadores\/#primaryimage\"},\"thumbnailUrl\":\"https:\/\/futbolhoy.co\/wp-content\/uploads\/2025\/09\/WhatsApp-Image-2025-09-13-at-10.34.51-PM.jpeg\",\"articleSection\":[\"Liga BetPlay\"],\"inLanguage\":\"es\",\"potentialAction\":[{\"@type\":\"CommentAction\",\"name\":\"Comment\",\"target\":[\"https:\/\/futbolhoy.co\/index.php\/2025\/09\/13\/bucaramanga-supero-a-nacional-en-medellin-con-diez-jugadores\/#respond\"]}]},{\"@type\":\"WebPage\",\"@id\":\"https:\/\/futbolhoy.co\/index.php\/2025\/09\/13\/bucaramanga-supero-a-nacional-en-medellin-con-diez-jugadores\/\",\"url\":\"https:\/\/futbolhoy.co\/index.php\/2025\/09\/13\/bucaramanga-supero-a-nacional-en-medellin-con-diez-jugadores\/\",\"name\":\"Bucaramanga super\u00f3 a Nacional en Medell\u00edn con diez jugadores -\",\"isPartOf\":{\"@id\":\"https:\/\/futbolhoy.co\/#website\"},\"primaryImageOfPage\":{\"@id\":\"https:\/\/futbolhoy.co\/index.php\/2025\/09\/13\/bucaramanga-supero-a-nacional-en-medellin-con-diez-jugadores\/#primaryimage\"},\"image\":{\"@id\":\"https:\/\/futbolhoy.co\/index.php\/2025\/09\/13\/bucaramanga-supero-a-nacional-en-medellin-con-diez-jugadores\/#primaryimage\"},\"thumbnailUrl\":\"https:\/\/futbolhoy.co\/wp-content\/uploads\/2025\/09\/WhatsApp-Image-2025-09-13-at-10.34.51-PM.jpeg\",\"datePublished\":\"2025-09-14T03:36:54+00:00\",\"dateModified\":\"2025-09-15T13:08:41+00:00\",\"breadcrumb\":{\"@id\":\"https:\/\/futbolhoy.co\/index.php\/2025\/09\/13\/bucaramanga-supero-a-nacional-en-medellin-con-diez-jugadores\/#breadcrumb\"},\"inLanguage\":\"es\",\"potentialAction\":[{\"@type\":\"ReadAction\",\"target\":[\"https:\/\/futbolhoy.co\/index.php\/2025\/09\/13\/bucaramanga-supero-a-nacional-en-medellin-con-diez-jugadores\/\"]}]},{\"@type\":\"ImageObject\",\"inLanguage\":\"es\",\"@id\":\"https:\/\/futbolhoy.co\/index.php\/2025\/09\/13\/bucaramanga-supero-a-nacional-en-medellin-con-diez-jugadores\/#primaryimage\",\"url\":\"https:\/\/futbolhoy.co\/wp-content\/uploads\/2025\/09\/WhatsApp-Image-2025-09-13-at-10.34.51-PM.jpeg\",\"contentUrl\":\"https:\/\/futbolhoy.co\/wp-content\/uploads\/2025\/09\/WhatsApp-Image-2025-09-13-at-10.34.51-PM.jpeg\",\"width\":696,\"height\":465},{\"@type\":\"BreadcrumbList\",\"@id\":\"https:\/\/futbolhoy.co\/index.php\/2025\/09\/13\/bucaramanga-supero-a-nacional-en-medellin-con-diez-jugadores\/#breadcrumb\",\"itemListElement\":[{\"@type\":\"ListItem\",\"position\":1,\"name\":\"Portada\",\"item\":\"https:\/\/futbolhoy.co\/\"},{\"@type\":\"ListItem\",\"position\":2,\"name\":\"Bucaramanga super\u00f3 a Nacional en Medell\u00edn con diez jugadores\"}]},{\"@type\":\"WebSite\",\"@id\":\"https:\/\/futbolhoy.co\/#website\",\"url\":\"https:\/\/futbolhoy.co\/\",\"name\":\"FutbolHoy\",\"description\":\"\",\"publisher\":{\"@id\":\"https:\/\/futbolhoy.co\/#organization\"},\"potentialAction\":[{\"@type\":\"SearchAction\",\"target\":{\"@type\":\"EntryPoint\",\"urlTemplate\":\"https:\/\/futbolhoy.co\/?s={search_term_string}\"},\"query-input\":{\"@type\":\"PropertyValueSpecification\",\"valueRequired\":true,\"valueName\":\"search_term_string\"}}],\"inLanguage\":\"es\"},{\"@type\":\"Organization\",\"@id\":\"https:\/\/futbolhoy.co\/#organization\",\"name\":\"Futbolhoy.co\",\"url\":\"https:\/\/futbolhoy.co\/\",\"logo\":{\"@type\":\"ImageObject\",\"inLanguage\":\"es\",\"@id\":\"https:\/\/futbolhoy.co\/#\/schema\/logo\/image\/\",\"url\":\"https:\/\/futbolhoy.co\/wp-content\/uploads\/2018\/08\/17426380_1906371736249227_6326180412931521141_n.jpg\",\"contentUrl\":\"https:\/\/futbolhoy.co\/wp-content\/uploads\/2018\/08\/17426380_1906371736249227_6326180412931521141_n.jpg\",\"width\":960,\"height\":960,\"caption\":\"Futbolhoy.co\"},\"image\":{\"@id\":\"https:\/\/futbolhoy.co\/#\/schema\/logo\/image\/\"},\"sameAs\":[\"https:\/\/www.facebook.com\/FutbolHoyCol\/\",\"https:\/\/x.com\/FutbolHoyCol\",\"https:\/\/www.instagram.com\/futbolhoycol\/\"]},{\"@type\":\"Person\",\"@id\":\"https:\/\/futbolhoy.co\/#\/schema\/person\/1721b69355b6623eaff15ac7b92d4cc3\",\"name\":\"contenido\",\"image\":{\"@type\":\"ImageObject\",\"inLanguage\":\"es\",\"@id\":\"https:\/\/futbolhoy.co\/#\/schema\/person\/image\/\",\"url\":\"https:\/\/secure.gravatar.com\/avatar\/4f656d3256f5134f466206e7c3941518?s=96&d=mm&r=g\",\"contentUrl\":\"https:\/\/secure.gravatar.com\/avatar\/4f656d3256f5134f466206e7c3941518?s=96&d=mm&r=g\",\"caption\":\"contenido\"}}]}<\/script>\n<!-- \/ Yoast SEO plugin. -->","yoast_head_json":{"title":"Bucaramanga super\u00f3 a Nacional en Medell\u00edn con diez jugadores -","robots":{"index":"index","follow":"follow","max-snippet":"max-snippet:-1","max-image-preview":"max-image-preview:large","max-video-preview":"max-video-preview:-1"},"canonical":"https:\/\/futbolhoy.co\/index.php\/2025\/09\/13\/bucaramanga-supero-a-nacional-en-medellin-con-diez-jugadores\/","og_locale":"es_ES","og_type":"article","og_title":"Bucaramanga super\u00f3 a Nacional en Medell\u00edn con diez jugadores -","og_description":"Atl\u00e9tico Bucaramanga derrot\u00f3 0-1 a Atl\u00e9tico Nacional en el transcurso de la jornada 11 de la Liga BetPlay, en el Estadio Atanasio Girardot. \u2018El Leopardo\u2019 se puso por delante en el marcador al 13\u2019, en una jugada de tiro de esquina que ejecut\u00f3 Fabi\u00e1n Sambueza y Carlos Henao envi\u00f3 al fondo de la red. Seis [&hellip;]","og_url":"https:\/\/futbolhoy.co\/index.php\/2025\/09\/13\/bucaramanga-supero-a-nacional-en-medellin-con-diez-jugadores\/","article_publisher":"https:\/\/www.facebook.com\/FutbolHoyCol\/","article_published_time":"2025-09-14T03:36:54+00:00","article_modified_time":"2025-09-15T13:08:41+00:00","og_image":[{"width":696,"height":465,"url":"https:\/\/futbolhoy.co\/wp-content\/uploads\/2025\/09\/WhatsApp-Image-2025-09-13-at-10.34.51-PM.jpeg","type":"image\/jpeg"}],"author":"contenido","twitter_card":"summary_large_image","twitter_creator":"@FutbolHoyCol","twitter_site":"@FutbolHoyCol","twitter_misc":{"Escrito por":"contenido","Tiempo de lectura":"1 minuto"},"schema":{"@context":"https:\/\/schema.org","@graph":[{"@type":"Article","@id":"https:\/\/futbolhoy.co\/index.php\/2025\/09\/13\/bucaramanga-supero-a-nacional-en-medellin-con-diez-jugadores\/#article","isPartOf":{"@id":"https:\/\/futbolhoy.co\/index.php\/2025\/09\/13\/bucaramanga-supero-a-nacional-en-medellin-con-diez-jugadores\/"},"author":{"name":"contenido","@id":"https:\/\/futbolhoy.co\/#\/schema\/person\/1721b69355b6623eaff15ac7b92d4cc3"},"headline":"Bucaramanga super\u00f3 a Nacional en Medell\u00edn con diez jugadores","datePublished":"2025-09-14T03:36:54+00:00","dateModified":"2025-09-15T13:08:41+00:00","mainEntityOfPage":{"@id":"https:\/\/futbolhoy.co\/index.php\/2025\/09\/13\/bucaramanga-supero-a-nacional-en-medellin-con-diez-jugadores\/"},"wordCount":265,"commentCount":0,"publisher":{"@id":"https:\/\/futbolhoy.co\/#organization"},"image":{"@id":"https:\/\/futbolhoy.co\/index.php\/2025\/09\/13\/bucaramanga-supero-a-nacional-en-medellin-con-diez-jugadores\/#primaryimage"},"thumbnailUrl":"https:\/\/futbolhoy.co\/wp-content\/uploads\/2025\/09\/WhatsApp-Image-2025-09-13-at-10.34.51-PM.jpeg","articleSection":["Liga BetPlay"],"inLanguage":"es","potentialAction":[{"@type":"CommentAction","name":"Comment","target":["https:\/\/futbolhoy.co\/index.php\/2025\/09\/13\/bucaramanga-supero-a-nacional-en-medellin-con-diez-jugadores\/#respond"]}]},{"@type":"WebPage","@id":"https:\/\/futbolhoy.co\/index.php\/2025\/09\/13\/bucaramanga-supero-a-nacional-en-medellin-con-diez-jugadores\/","url":"https:\/\/futbolhoy.co\/index.php\/2025\/09\/13\/bucaramanga-supero-a-nacional-en-medellin-con-diez-jugadores\/","name":"Bucaramanga super\u00f3 a Nacional en Medell\u00edn con diez jugadores -","isPartOf":{"@id":"https:\/\/futbolhoy.co\/#website"},"primaryImageOfPage":{"@id":"https:\/\/futbolhoy.co\/index.php\/2025\/09\/13\/bucaramanga-supero-a-nacional-en-medellin-con-diez-jugadores\/#primaryimage"},"image":{"@id":"https:\/\/futbolhoy.co\/index.php\/2025\/09\/13\/bucaramanga-supero-a-nacional-en-medellin-con-diez-jugadores\/#primaryimage"},"thumbnailUrl":"https:\/\/futbolhoy.co\/wp-content\/uploads\/2025\/09\/WhatsApp-Image-2025-09-13-at-10.34.51-PM.jpeg","datePublished":"2025-09-14T03:36:54+00:00","dateModified":"2025-09-15T13:08:41+00:00","breadcrumb":{"@id":"https:\/\/futbolhoy.co\/index.php\/2025\/09\/13\/bucaramanga-supero-a-nacional-en-medellin-con-diez-jugadores\/#breadcrumb"},"inLanguage":"es","potentialAction":[{"@type":"ReadAction","target":["https:\/\/futbolhoy.co\/index.php\/2025\/09\/13\/bucaramanga-supero-a-nacional-en-medellin-con-diez-jugadores\/"]}]},{"@type":"ImageObject","inLanguage":"es","@id":"https:\/\/futbolhoy.co\/index.php\/2025\/09\/13\/bucaramanga-supero-a-nacional-en-medellin-con-diez-jugadores\/#primaryimage","url":"https:\/\/futbolhoy.co\/wp-content\/uploads\/2025\/09\/WhatsApp-Image-2025-09-13-at-10.34.51-PM.jpeg","contentUrl":"https:\/\/futbolhoy.co\/wp-content\/uploads\/2025\/09\/WhatsApp-Image-2025-09-13-at-10.34.51-PM.jpeg","width":696,"height":465},{"@type":"BreadcrumbList","@id":"https:\/\/futbolhoy.co\/index.php\/2025\/09\/13\/bucaramanga-supero-a-nacional-en-medellin-con-diez-jugadores\/#breadcrumb","itemListElement":[{"@type":"ListItem","position":1,"name":"Portada","item":"https:\/\/futbolhoy.co\/"},{"@type":"ListItem","position":2,"name":"Bucaramanga super\u00f3 a Nacional en Medell\u00edn con diez jugadores"}]},{"@type":"WebSite","@id":"https:\/\/futbolhoy.co\/#website","url":"https:\/\/futbolhoy.co\/","name":"FutbolHoy","description":"","publisher":{"@id":"https:\/\/futbolhoy.co\/#organization"},"potentialAction":[{"@type":"SearchAction","target":{"@type":"EntryPoint","urlTemplate":"https:\/\/futbolhoy.co\/?s={search_term_string}"},"query-input":{"@type":"PropertyValueSpecification","valueRequired":true,"valueName":"search_term_string"}}],"inLanguage":"es"},{"@type":"Organization","@id":"https:\/\/futbolhoy.co\/#organization","name":"Futbolhoy.co","url":"https:\/\/futbolhoy.co\/","logo":{"@type":"ImageObject","inLanguage":"es","@id":"https:\/\/futbolhoy.co\/#\/schema\/logo\/image\/","url":"https:\/\/futbolhoy.co\/wp-content\/uploads\/2018\/08\/17426380_1906371736249227_6326180412931521141_n.jpg","contentUrl":"https:\/\/futbolhoy.co\/wp-content\/uploads\/2018\/08\/17426380_1906371736249227_6326180412931521141_n.jpg","width":960,"height":960,"caption":"Futbolhoy.co"},"image":{"@id":"https:\/\/futbolhoy.co\/#\/schema\/logo\/image\/"},"sameAs":["https:\/\/www.facebook.com\/FutbolHoyCol\/","https:\/\/x.com\/FutbolHoyCol","https:\/\/www.instagram.com\/futbolhoycol\/"]},{"@type":"Person","@id":"https:\/\/futbolhoy.co\/#\/schema\/person\/1721b69355b6623eaff15ac7b92d4cc3","name":"contenido","image":{"@type":"ImageObject","inLanguage":"es","@id":"https:\/\/futbolhoy.co\/#\/schema\/person\/image\/","url":"https:\/\/secure.gravatar.com\/avatar\/4f656d3256f5134f466206e7c3941518?s=96&d=mm&r=g","contentUrl":"https:\/\/secure.gravatar.com\/avatar\/4f656d3256f5134f466206e7c3941518?s=96&d=mm&r=g","caption":"contenido"}}]}},"publishpress_future_action":{"enabled":false,"date":"2026-05-02 23:56:23","action":"change-status","newStatus":"draft","terms":[],"taxonomy":"category","extraData":[]},"publishpress_future_workflow_manual_trigger":{"enabledWorkflows":[]},"_links":{"self":[{"href":"https:\/\/futbolhoy.co\/index.php\/wp-json\/wp\/v2\/posts\/123204","targetHints":{"allow":["GET"]}}],"collection":[{"href":"https:\/\/futbolhoy.co\/index.php\/wp-json\/wp\/v2\/posts"}],"about":[{"href":"https:\/\/futbolhoy.co\/index.php\/wp-json\/wp\/v2\/types\/post"}],"author":[{"embeddable":true,"href":"https:\/\/futbolhoy.co\/index.php\/wp-json\/wp\/v2\/users\/4"}],"replies":[{"embeddable":true,"href":"https:\/\/futbolhoy.co\/index.php\/wp-json\/wp\/v2\/comments?post=123204"}],"version-history":[{"count":1,"href":"https:\/\/futbolhoy.co\/index.php\/wp-json\/wp\/v2\/posts\/123204\/revisions"}],"predecessor-version":[{"id":123207,"href":"https:\/\/futbolhoy.co\/index.php\/wp-json\/wp\/v2\/posts\/123204\/revisions\/123207"}],"wp:featuredmedia":[{"embeddable":true,"href":"https:\/\/futbolhoy.co\/index.php\/wp-json\/wp\/v2\/media\/123206"}],"wp:attachment":[{"href":"https:\/\/futbolhoy.co\/index.php\/wp-json\/wp\/v2\/media?parent=123204"}],"wp:term":[{"taxonomy":"category","embeddable":true,"href":"https:\/\/futbolhoy.co\/index.php\/wp-json\/wp\/v2\/categories?post=123204"},{"taxonomy":"post_tag","embeddable":true,"href":"https:\/\/futbolhoy.co\/index.php\/wp-json\/wp\/v2\/tags?post=123204"}],"curies":[{"name":"wp","href":"https:\/\/api.w.org\/{rel}","templated":true}]}}